{"id":8538,"date":"2020-03-04T11:42:36","date_gmt":"2020-03-04T11:42:36","guid":{"rendered":"https:\/\/www.santagostino.it\/magazine-psiche\/?p=8538"},"modified":"2025-10-22T14:00:48","modified_gmt":"2025-10-22T14:00:48","slug":"identita-di-genere-disforia","status":"publish","type":"post","link":"https:\/\/www.santagostino.it\/magazine-psiche\/identita-di-genere-disforia\/","title":{"rendered":"Identit\u00e0 di genere: dalla varianza alla disforia, facciamo chiarezza"},"content":{"rendered":"<p><span style=\"font-weight: 400;\">L\u2019identit\u00e0 di genere si configura come una delle dimensioni che compongono l\u2019identita? personale. La varianza di genere invece riguarda le specifiche declinazioni dell\u2019identita? di genere.<\/span><\/p>\n<p><span style=\"font-weight: 400;\">Per affacciarsi al concetto tanto complesso quanto instabile di identit\u00e0 di genere possiamo partire dalla domanda: <\/span><i><span style=\"font-weight: 400;\">chi sono io? <\/span><\/i><span style=\"font-weight: 400;\">Ebbene,<\/span> <span style=\"font-weight: 400;\">le risposte sono le pi\u00f9 varie e abbracciano pi\u00f9 dimensioni connesse tra loro, in una complessit\u00e0 non riducibile.<\/span><\/p>\n<p><a class=\"content-cta\" href=\"https:\/\/www.santagostino.it\/it\/psico\/percorso-identita-di-genere-orientamento-sessuale?utm_source=Psiche&amp;utm_medium=direct&amp;utm_campaign=CTA_Psiche_identita_di_genere_disforia\">Scopri il percorso identit\u00e0 di genere e orientamento sessuale<\/a><\/p>\n<p><span style=\"font-weight: 400;\">Da un punto di vista psicologico, l\u2019<\/span><b>identit\u00e0<\/b><span style=\"font-weight: 400;\"> \u00e8 un insieme di elementi collegati, sempre fluttuante tra stati diversi e sempre in trasformazione. Allo stesso tempo, essa mantiene una sua continuit\u00e0 nella memoria e nella percezione di ognuno. Le persone infatti sperimentano un senso di s\u00e9 e del proprio posto nel mondo relativamente stabile, nonostante i continui cambiamenti che la vita comporta.<\/span><\/p>\n<h2><b>L\u2019identit\u00e0 di genere<\/b><\/h2>\n<p><span style=\"font-weight: 400;\">Come altri aspetti dell\u2019identit\u00e0, lo <\/span><span style=\"font-weight: 400;\">sviluppo dell\u2019<\/span><b>identit\u00e0 di genere<\/b><span style=\"font-weight: 400;\"> per ognuno di noi \u00e8 regolato da variabili biologiche, psicologiche e socioculturali<\/span><i><span style=\"font-weight: 400;\">. Queste si riferiscono al sentimento che la persona ha rispetto al proprio genere, ovvero all&#8217;essere\u00a0maschio, femmina, o una qualsiasi combinazione di queste due possibilit\u00e0.<\/span><\/i><\/p>\n<p><span style=\"font-weight: 400;\">Possiamo immaginare l\u2019identit\u00e0 di genere come un <strong>continuum<\/strong>, ai cui estremi ci sono il maschile e il femminile e tra questi poli una molteplicit\u00e0 di forme che possiamo definire<\/span><b> varianza di genere<\/b><span style=\"font-weight: 400;\">. Per varianza di genere si intende, quindi, la non conformita? rispetto alle norme culturali che impongono una certa espressione, un certo ruolo e\/o una certa identita? di genere al maschio e alla femmina. Un grande contenitore in cui sono presenti molte classificazioni diverse.<\/span><\/p>\n<h2><b>Proviamo a orientarci\u2026\u00a0<\/b><\/h2>\n<p><span style=\"font-weight: 400;\">Esistono <\/span><b>due modalit\u00e0 per pensare all&#8217;identit\u00e0\u00a0di genere<\/b><span style=\"font-weight: 400;\">: una binaria e una non binaria.<\/span><\/p>\n<p><span style=\"font-weight: 400;\">Nell&#8217;ottica binaria le persone tendono ad identificarsi come:<\/span><\/p>\n<ul>\n<li style=\"font-weight: 400;\"><b>Cisgender <\/b><span style=\"font-weight: 400;\">(concordanza tra l\u2019identit\u00e0 di genere del singolo e il ruolo considerato appropriato al sesso con il quale \u00e8 nato);<\/span><\/li>\n<li style=\"font-weight: 400;\"><b>Transgender <\/b><span style=\"font-weight: 400;\">(<\/span><span style=\"font-weight: 400;\">persone che non sentono di rientrare nei modelli socioculturali rigidamente imposti di mascolinita? e femminilita?).<\/span><\/li>\n<\/ul>\n<p><span style=\"font-weight: 400;\">Il termine Transgender in ottica binaria oggi viene anche utilizzato per riferirsi a tutte quelle condizioni di non-congruenza tra il genere e il sesso (transessuali, <\/span><i><span style=\"font-weight: 400;\">cross-dresser<\/span><\/i><span style=\"font-weight: 400;\"> o <\/span><i><span style=\"font-weight: 400;\">drag-queen<\/span><\/i><span style=\"font-weight: 400;\">, <\/span><i><span style=\"font-weight: 400;\">drag-king<\/span><\/i><span style=\"font-weight: 400;\">, ecc.)<\/span><\/p>\n<p><span style=\"font-weight: 400;\">In ottica non binaria (<\/span><i><span style=\"font-weight: 400;\">non binary<\/span><\/i><span style=\"font-weight: 400;\">) le persone transgender possono, invece, riconoscersi in altri punti di un ideale continuum.\u00a0 Per alcune persone l\u2019identit\u00e0 di genere pu\u00f2 essere vissuta come <\/span><b>fluida<\/b><span style=\"font-weight: 400;\">, in evoluzione, muovendosi tra i generi, <\/span><b>oppure <\/b><span style=\"font-weight: 400;\">consolidarsi in <\/span><b>categorie <\/b><b>pi\u00f9 stabili<\/b><span style=\"font-weight: 400;\"> nel tempo quali:<\/span><\/p>\n<ul>\n<li style=\"font-weight: 400;\"><span style=\"font-weight: 400;\">nessun genere (gender queer posizione anche politica);<\/span><\/li>\n<li style=\"font-weight: 400;\"><span style=\"font-weight: 400;\">entrambi i generi;<\/span><\/li>\n<li style=\"font-weight: 400;\"><span style=\"font-weight: 400;\">altro genere (<\/span><i><span style=\"font-weight: 400;\">demigender<\/span><\/i><span style=\"font-weight: 400;\">, <\/span><i><span style=\"font-weight: 400;\">demigirl<\/span><\/i><span style=\"font-weight: 400;\">, <\/span><i><span style=\"font-weight: 400;\">demiboy<\/span><\/i><span style=\"font-weight: 400;\">, identit\u00e0 di genere non binarie che riflettono una parziale connessione a un altro genere<\/span><span style=\"font-weight: 400;\">).<\/span><\/li>\n<\/ul>\n<h2><b>Una realt\u00e0 complessa<\/b><\/h2>\n<p><span style=\"font-weight: 400;\">La semplificazione precedente non tiene conto comunque della <\/span><b>estrema variabilit\u00e0<\/b><span style=\"font-weight: 400;\"> umana. Uscire dal pensiero dicotomico aiuta a comprendere come il solo dato biologico (nascere maschio o femmina) e gli stereotipi sociali appresi (ci\u00f2 che si aspetta facciano maschi e femmine), da soli non siano sufficienti per spiegare l\u2019identit\u00e0 di genere.<\/span><\/p>\n<p><span style=\"font-weight: 400;\">La <\/span><b>consapevolezza <\/b><span style=\"font-weight: 400;\">di appartenere a una categoria di genere <\/span><b>\u00e8 pi\u00f9 come un processo<\/b><span style=\"font-weight: 400;\">. Ad esempio, anche se in alcuni studi \u00e8 emerso che <\/span><a href=\"https:\/\/flore.unifi.it\/handle\/2158\/1017451#.Xk0ebo7YpoM\" target=\"_blank\" rel=\"noopener\"><span style=\"font-weight: 400;\">all\u2019eta? di 3 anni<\/span><\/a><span style=\"font-weight: 400;\"> la maggior parte dei bambini sa definirsi \u201cmaschietto\u201d o \u201cfemminuccia\u201d,<\/span><span style=\"font-weight: 400;\">\u00a0le persone che si collocano in una delle categorie della varianza di genere potrebbero non averne consapevolezza fin da subito. Questa consapevolezza infatti pu\u00f2 manifestarsi anche molto pi\u00f9 tardi nel tempo. Ci\u00f2 avviene perch\u00e9 i modelli sociali in cui identificarsi non sono sempre accessibili, oppure sono molto problematici, e l\u2019identit\u00e0, per strutturarsi, ha bisogno del confronto continuo con gli altri.\u00a0<\/span><\/p>\n<h2><b>Cosa intendiamo con disforia di genere?<\/b><\/h2>\n<p><span style=\"font-weight: 400;\">Nel grande insieme della varianza di genere pu\u00f2 accadere che la persona viva un\u2019<\/span><b>incongruenza<\/b><span style=\"font-weight: 400;\"> tra il genere assegnato alla nascita a partire dai genitali e quello in cui invece si identifica. In altre parole, la persona sviluppa la consapevolezza che il proprio genere non corrisponde (non a pieno almeno) al genere che gli \u00e8 stato attribuito.<\/span><\/p>\n<p><span style=\"font-weight: 400;\">Quando tale incongruenza \u00e8 vissuta con un <\/span><b>disagio <\/b><span style=\"font-weight: 400;\">significativo, allora si parla di\u00a0<\/span><b>disforia di genere<\/b><span style=\"font-weight: 400;\">.<\/span><\/p>\n<h2><b>La disforia di genere \u00e8 un disturbo mentale?<\/b><\/h2>\n<p><span style=\"font-weight: 400;\">Quella di disforia di genere \u00e8 una categoria diagnostica entrata in vigore dal 2013 con la pubblicazione del <\/span><a href=\"https:\/\/www.psychiatry.org\/psychiatrists\/practice\/dsm\" target=\"_blank\" rel=\"noopener\"><span style=\"font-weight: 400;\">DSM 5<\/span><\/a><span style=\"font-weight: 400;\"> ovvero la quinta edizione del Manuale Diagnostico e Statistico dei Disturbi Mentali, uno dei sistemi nosografici piu? utilizzato al mondo. <\/span><\/p>\n<p><span style=\"font-weight: 400;\">Il termine indica il disagio e la sofferenza causati dalla discrepanza tra l\u2019identita? di genere percepita e il genere assegnato alla nascita. Il disagio sperimentato pu\u00f2 anche riguardare il ruolo di genere associato e\/o le caratteristiche sessuali primarie e secondarie.<\/span><\/p>\n<p><span style=\"font-weight: 400;\">Criteri diagnostici comuni e principali sono la presenza di una marcata incongruenza tra genere esperito ed espresso e il sesso assegnato alla nascita, che genera sofferenza clinicamente significativa e tale condizione si deve presentare per almeno sei mesi, compromettendo il funzionamento della persona.\u00a0<\/span><\/p>\n<p><span style=\"font-weight: 400;\">Con il termine \u201cdisforia\u201d si pone particolare attenzione alla sofferenza conseguente alla incongruenza di genere.<\/span><\/p>\n<p><strong>Leggi anche:\u00a0<\/strong><a href=\"https:\/\/www.santagostino.it\/magazine-psiche\/2018\/06\/13\/disforia-di-genere\/\" target=\"_blank\" rel=\"noopener\">Disforia di genere, passi avanti nei manuali diagnostici<\/a><\/p>\n<h2><b>Il disagio nella disforia di genere<\/b><\/h2>\n<p><span style=\"font-weight: 400;\">Lo <\/span><b>stress<\/b><span style=\"font-weight: 400;\">\u00a0individuale in chi sperimenta disforia di genere, molto spesso \u00e8 la conseguenza di disapprovazione sociale e stigma.<\/span> <span style=\"font-weight: 400;\">La disforia pu\u00f2 essere associata, per esempio, a una &#8220;<\/span><span style=\"font-weight: 400;\">transfobia interiorizzata&#8221;<\/span><span style=\"font-weight: 400;\">. Con questo termine si definisce il <\/span><b>profondo disagio<\/b><span style=\"font-weight: 400;\"> derivante dall&#8217;aver interiorizzato norme sociali riguardanti il genere, che porta gli individui a<\/span><b> nascondere i propri vissuti <\/b><span style=\"font-weight: 400;\">e la propria identita? o addirittura a conformarsi al binarismo di genere per <\/span><b>evitare di essere discriminati<\/b><span style=\"font-weight: 400;\">.<\/span><\/p>\n<p><span style=\"font-weight: 400;\">Il termine <\/span><i><span style=\"font-weight: 400;\">disforia di genere<\/span><\/i><span style=\"font-weight: 400;\"> ha sostituito la vecchia dizione di <\/span><i><span style=\"font-weight: 400;\">Disturbo dell\u2019identita? di genere<\/span><\/i><span style=\"font-weight: 400;\">, in uso nella quarta edizione revisionata del DSM.\u00a0<\/span><span style=\"font-weight: 400;\">In questa versione si assumeva che il disagio risiedesse nell&#8217;identit\u00e0.\u00a0<\/span><span style=\"font-weight: 400;\">Il <\/span><span style=\"font-weight: 400;\">DSM 5 fa un <\/span><span style=\"font-weight: 400;\">grande passo avanti, e <\/span><span style=\"font-weight: 400;\">non considera pi\u00f9 il genere come una condizione binaria (maschio o femmina) bens\u00ec un genere alternativo rispetto a quello assegnato, che contempla diverse varianti lungo un continuum.\u00a0<\/span><span style=\"font-weight: 400;\">Ci\u00f2 chiarisce che il <\/span><span style=\"font-weight: 400;\">disagio non \u00e8 in nessun modo associato all&#8217;identit\u00e0 ma solo ed unicamente alla disforia, qualora presente.\u00a0<\/span><\/p>\n<p><span style=\"font-weight: 400;\">In conclusione, solo alcune persone transgender esperiscono una disforia di genere.\u00a0<\/span><span style=\"font-weight: 400;\">In assenza di altri elementi che facciano supporre che ci sia un disagio, tutte le variabili identitarie possono essere vissute come totalmente funzionali e accettabili dalla persona.<\/span><\/p>\n<p>[Se stai sperimentando una situazione di disagio legata all&#8217;identit\u00e0 di genere, parlane con qualcuno. A <a href=\"https:\/\/www.cmsantagostino.it\/it\/specialita\/psicologia-psicoterapia-e-psichiatria\" target=\"_blank\" rel=\"noopener\">questo link<\/a> puoi prenotare un consulto psicologico (anche online) con uno dei nostri specialisti].<\/p>\n","protected":false},"excerpt":{"rendered":"<p>Quante possibili varianti esistono nell&#8217;identit\u00e0 di genere?<\/p>\n","protected":false},"author":7,"featured_media":8539,"comment_status":"closed","ping_status":"open","sticky":false,"template":"","format":"standard","meta":{"_se_main_payload":"","_se_review":"","_se_options":"","_se_confidence_fields":"","_se_evidence":"","_se_main_type":"","_se_template_id":"","_se_main_name":"","_se_main_code":"","_se_confidence_global":"","_se_review_enabled":"0","_gst_type":"","_gst_payload":"","_gst_conditions":"","footnotes":""},"categories":[1],"tags":[],"temi":[],"typology":[3],"class_list":["post-8538","post","type-post","status-publish","format-standard","has-post-thumbnail","hentry","category-psichiatria","percorsi-genere-e-orientamento","typology-text"],"yoast_head":"<!-- This site is optimized with the Yoast SEO Premium plugin v25.9 (Yoast SEO v25.9) - https:\/\/yoast.com\/wordpress\/plugins\/seo\/ -->\n<title>Identit\u00e0 di genere: dalla varianza alla disforia, facciamo chiarezza<\/title>\n<meta name=\"description\" content=\"Identit\u00e0 di genere, varianza di genere, disforia di genere. Cosa vogliono dire questi termini?\" \/>\n<meta name=\"robots\" content=\"index, follow, max-snippet:-1, max-image-preview:large, max-video-preview:-1\" \/>\n<link rel=\"canonical\" href=\"https:\/\/www.santagostino.it\/magazine-psiche\/identita-di-genere-disforia\/\" \/>\n<meta name=\"twitter:label1\" content=\"Scritto da\" \/>\n\t<meta name=\"twitter:data1\" content=\"Riccardo Germani\" \/>\n\t<meta name=\"twitter:label2\" content=\"Tempo di lettura stimato\" \/>\n\t<meta name=\"twitter:data2\" content=\"6 minuti\" \/>\n<script type=\"application\/ld+json\" class=\"yoast-schema-graph\">{\"@context\":\"https:\/\/schema.org\",\"@graph\":[{\"@type\":\"Article\",\"@id\":\"https:\/\/www.santagostino.it\/magazine-psiche\/identita-di-genere-disforia\/#article\",\"isPartOf\":{\"@id\":\"https:\/\/www.santagostino.it\/magazine-psiche\/identita-di-genere-disforia\/\"},\"author\":{\"name\":\"Riccardo Germani\",\"@id\":\"https:\/\/psiche.santagostino.it\/#\/schema\/person\/11d0e21d4a44a741e53f1208e0ae3d15\"},\"headline\":\"Identit\u00e0 di genere: dalla varianza alla disforia, facciamo chiarezza\",\"datePublished\":\"2020-03-04T11:42:36+00:00\",\"dateModified\":\"2025-10-22T14:00:48+00:00\",\"mainEntityOfPage\":{\"@id\":\"https:\/\/www.santagostino.it\/magazine-psiche\/identita-di-genere-disforia\/\"},\"wordCount\":1060,\"publisher\":{\"@id\":\"https:\/\/psiche.santagostino.it\/#organization\"},\"image\":{\"@id\":\"https:\/\/www.santagostino.it\/magazine-psiche\/identita-di-genere-disforia\/#primaryimage\"},\"thumbnailUrl\":\"https:\/\/www.santagostino.it\/magazine-psiche\/wp-content\/uploads\/2020\/03\/isi-parente-TN8dZ893ue0-unsplash-e1583316715173.jpg\",\"articleSection\":[\"Psichiatria\"],\"inLanguage\":\"it-IT\"},{\"@type\":\"WebPage\",\"@id\":\"https:\/\/www.santagostino.it\/magazine-psiche\/identita-di-genere-disforia\/\",\"url\":\"https:\/\/www.santagostino.it\/magazine-psiche\/identita-di-genere-disforia\/\",\"name\":\"Identit\u00e0 di genere: dalla varianza alla disforia, facciamo chiarezza\",\"isPartOf\":{\"@id\":\"https:\/\/psiche.santagostino.it\/#website\"},\"primaryImageOfPage\":{\"@id\":\"https:\/\/www.santagostino.it\/magazine-psiche\/identita-di-genere-disforia\/#primaryimage\"},\"image\":{\"@id\":\"https:\/\/www.santagostino.it\/magazine-psiche\/identita-di-genere-disforia\/#primaryimage\"},\"thumbnailUrl\":\"https:\/\/www.santagostino.it\/magazine-psiche\/wp-content\/uploads\/2020\/03\/isi-parente-TN8dZ893ue0-unsplash-e1583316715173.jpg\",\"datePublished\":\"2020-03-04T11:42:36+00:00\",\"dateModified\":\"2025-10-22T14:00:48+00:00\",\"description\":\"Identit\u00e0 di genere, varianza di genere, disforia di genere. Cosa vogliono dire questi termini?\",\"breadcrumb\":{\"@id\":\"https:\/\/www.santagostino.it\/magazine-psiche\/identita-di-genere-disforia\/#breadcrumb\"},\"inLanguage\":\"it-IT\",\"potentialAction\":[{\"@type\":\"ReadAction\",\"target\":[\"https:\/\/www.santagostino.it\/magazine-psiche\/identita-di-genere-disforia\/\"]}]},{\"@type\":\"ImageObject\",\"inLanguage\":\"it-IT\",\"@id\":\"https:\/\/www.santagostino.it\/magazine-psiche\/identita-di-genere-disforia\/#primaryimage\",\"url\":\"https:\/\/www.santagostino.it\/magazine-psiche\/wp-content\/uploads\/2020\/03\/isi-parente-TN8dZ893ue0-unsplash-e1583316715173.jpg\",\"contentUrl\":\"https:\/\/www.santagostino.it\/magazine-psiche\/wp-content\/uploads\/2020\/03\/isi-parente-TN8dZ893ue0-unsplash-e1583316715173.jpg\",\"width\":700,\"height\":448,\"caption\":\"Cos'\u00e8 l'identit\u00e0 di genere? E la disforia di genere \u00e8 una malattia?\"},{\"@type\":\"BreadcrumbList\",\"@id\":\"https:\/\/www.santagostino.it\/magazine-psiche\/identita-di-genere-disforia\/#breadcrumb\",\"itemListElement\":[{\"@type\":\"ListItem\",\"position\":1,\"name\":\"Home\",\"item\":\"https:\/\/psiche.santagostino.it\/\"},{\"@type\":\"ListItem\",\"position\":2,\"name\":\"Identit\u00e0 di genere: dalla varianza alla disforia, facciamo chiarezza\"}]},{\"@type\":\"WebSite\",\"@id\":\"https:\/\/psiche.santagostino.it\/#website\",\"url\":\"https:\/\/psiche.santagostino.it\/\",\"name\":\"https:\/\/www.santagostino.it\/magazine-psiche\",\"description\":\"La finestra sulla mente\",\"publisher\":{\"@id\":\"https:\/\/psiche.santagostino.it\/#organization\"},\"alternateName\":\"Psiche Santagostino\",\"potentialAction\":[{\"@type\":\"SearchAction\",\"target\":{\"@type\":\"EntryPoint\",\"urlTemplate\":\"https:\/\/psiche.santagostino.it\/?s={search_term_string}\"},\"query-input\":{\"@type\":\"PropertyValueSpecification\",\"valueRequired\":true,\"valueName\":\"search_term_string\"}}],\"inLanguage\":\"it-IT\"},{\"@type\":\"Organization\",\"@id\":\"https:\/\/psiche.santagostino.it\/#organization\",\"name\":\"https:\/\/www.santagostino.it\/magazine-psiche\",\"url\":\"https:\/\/psiche.santagostino.it\/\",\"logo\":{\"@type\":\"ImageObject\",\"inLanguage\":\"it-IT\",\"@id\":\"https:\/\/psiche.santagostino.it\/#\/schema\/logo\/image\/\",\"url\":\"https:\/\/www.santagostino.it\/magazine-psiche\/wp-content\/uploads\/2023\/07\/Santagostino-psiche-logo.png\",\"contentUrl\":\"https:\/\/www.santagostino.it\/magazine-psiche\/wp-content\/uploads\/2023\/07\/Santagostino-psiche-logo.png\",\"width\":430,\"height\":71,\"caption\":\"https:\/\/www.santagostino.it\/magazine-psiche\"},\"image\":{\"@id\":\"https:\/\/psiche.santagostino.it\/#\/schema\/logo\/image\/\"},\"sameAs\":[\"https:\/\/www.facebook.com\/santagostinopsiche\/\"]},{\"@type\":\"Person\",\"@id\":\"https:\/\/psiche.santagostino.it\/#\/schema\/person\/11d0e21d4a44a741e53f1208e0ae3d15\",\"name\":\"Riccardo Germani\",\"image\":{\"@type\":\"ImageObject\",\"inLanguage\":\"it-IT\",\"@id\":\"https:\/\/psiche.santagostino.it\/#\/schema\/person\/image\/\",\"url\":\"https:\/\/secure.gravatar.com\/avatar\/4c781152ccb660bc20684d6183ab2af5?s=96&d=mm&r=g\",\"contentUrl\":\"https:\/\/secure.gravatar.com\/avatar\/4c781152ccb660bc20684d6183ab2af5?s=96&d=mm&r=g\",\"caption\":\"Riccardo Germani\"},\"url\":\"https:\/\/www.santagostino.it\/magazine-psiche\/author\/riccardogermani\/\"}]}<\/script>\n<!-- \/ Yoast SEO Premium plugin. -->","yoast_head_json":{"title":"Identit\u00e0 di genere: dalla varianza alla disforia, facciamo chiarezza","description":"Identit\u00e0 di genere, varianza di genere, disforia di genere. Cosa vogliono dire questi termini?","robots":{"index":"index","follow":"follow","max-snippet":"max-snippet:-1","max-image-preview":"max-image-preview:large","max-video-preview":"max-video-preview:-1"},"canonical":"https:\/\/www.santagostino.it\/magazine-psiche\/identita-di-genere-disforia\/","twitter_misc":{"Scritto da":"Riccardo Germani","Tempo di lettura stimato":"6 minuti"},"schema":{"@context":"https:\/\/schema.org","@graph":[{"@type":"Article","@id":"https:\/\/www.santagostino.it\/magazine-psiche\/identita-di-genere-disforia\/#article","isPartOf":{"@id":"https:\/\/www.santagostino.it\/magazine-psiche\/identita-di-genere-disforia\/"},"author":{"name":"Riccardo Germani","@id":"https:\/\/psiche.santagostino.it\/#\/schema\/person\/11d0e21d4a44a741e53f1208e0ae3d15"},"headline":"Identit\u00e0 di genere: dalla varianza alla disforia, facciamo chiarezza","datePublished":"2020-03-04T11:42:36+00:00","dateModified":"2025-10-22T14:00:48+00:00","mainEntityOfPage":{"@id":"https:\/\/www.santagostino.it\/magazine-psiche\/identita-di-genere-disforia\/"},"wordCount":1060,"publisher":{"@id":"https:\/\/psiche.santagostino.it\/#organization"},"image":{"@id":"https:\/\/www.santagostino.it\/magazine-psiche\/identita-di-genere-disforia\/#primaryimage"},"thumbnailUrl":"https:\/\/www.santagostino.it\/magazine-psiche\/wp-content\/uploads\/2020\/03\/isi-parente-TN8dZ893ue0-unsplash-e1583316715173.jpg","articleSection":["Psichiatria"],"inLanguage":"it-IT"},{"@type":"WebPage","@id":"https:\/\/www.santagostino.it\/magazine-psiche\/identita-di-genere-disforia\/","url":"https:\/\/www.santagostino.it\/magazine-psiche\/identita-di-genere-disforia\/","name":"Identit\u00e0 di genere: dalla varianza alla disforia, facciamo chiarezza","isPartOf":{"@id":"https:\/\/psiche.santagostino.it\/#website"},"primaryImageOfPage":{"@id":"https:\/\/www.santagostino.it\/magazine-psiche\/identita-di-genere-disforia\/#primaryimage"},"image":{"@id":"https:\/\/www.santagostino.it\/magazine-psiche\/identita-di-genere-disforia\/#primaryimage"},"thumbnailUrl":"https:\/\/www.santagostino.it\/magazine-psiche\/wp-content\/uploads\/2020\/03\/isi-parente-TN8dZ893ue0-unsplash-e1583316715173.jpg","datePublished":"2020-03-04T11:42:36+00:00","dateModified":"2025-10-22T14:00:48+00:00","description":"Identit\u00e0 di genere, varianza di genere, disforia di genere. Cosa vogliono dire questi termini?","breadcrumb":{"@id":"https:\/\/www.santagostino.it\/magazine-psiche\/identita-di-genere-disforia\/#breadcrumb"},"inLanguage":"it-IT","potentialAction":[{"@type":"ReadAction","target":["https:\/\/www.santagostino.it\/magazine-psiche\/identita-di-genere-disforia\/"]}]},{"@type":"ImageObject","inLanguage":"it-IT","@id":"https:\/\/www.santagostino.it\/magazine-psiche\/identita-di-genere-disforia\/#primaryimage","url":"https:\/\/www.santagostino.it\/magazine-psiche\/wp-content\/uploads\/2020\/03\/isi-parente-TN8dZ893ue0-unsplash-e1583316715173.jpg","contentUrl":"https:\/\/www.santagostino.it\/magazine-psiche\/wp-content\/uploads\/2020\/03\/isi-parente-TN8dZ893ue0-unsplash-e1583316715173.jpg","width":700,"height":448,"caption":"Cos'\u00e8 l'identit\u00e0 di genere? E la disforia di genere \u00e8 una malattia?"},{"@type":"BreadcrumbList","@id":"https:\/\/www.santagostino.it\/magazine-psiche\/identita-di-genere-disforia\/#breadcrumb","itemListElement":[{"@type":"ListItem","position":1,"name":"Home","item":"https:\/\/psiche.santagostino.it\/"},{"@type":"ListItem","position":2,"name":"Identit\u00e0 di genere: dalla varianza alla disforia, facciamo chiarezza"}]},{"@type":"WebSite","@id":"https:\/\/psiche.santagostino.it\/#website","url":"https:\/\/psiche.santagostino.it\/","name":"https:\/\/www.santagostino.it\/magazine-psiche","description":"La finestra sulla mente","publisher":{"@id":"https:\/\/psiche.santagostino.it\/#organization"},"alternateName":"Psiche Santagostino","potentialAction":[{"@type":"SearchAction","target":{"@type":"EntryPoint","urlTemplate":"https:\/\/psiche.santagostino.it\/?s={search_term_string}"},"query-input":{"@type":"PropertyValueSpecification","valueRequired":true,"valueName":"search_term_string"}}],"inLanguage":"it-IT"},{"@type":"Organization","@id":"https:\/\/psiche.santagostino.it\/#organization","name":"https:\/\/www.santagostino.it\/magazine-psiche","url":"https:\/\/psiche.santagostino.it\/","logo":{"@type":"ImageObject","inLanguage":"it-IT","@id":"https:\/\/psiche.santagostino.it\/#\/schema\/logo\/image\/","url":"https:\/\/www.santagostino.it\/magazine-psiche\/wp-content\/uploads\/2023\/07\/Santagostino-psiche-logo.png","contentUrl":"https:\/\/www.santagostino.it\/magazine-psiche\/wp-content\/uploads\/2023\/07\/Santagostino-psiche-logo.png","width":430,"height":71,"caption":"https:\/\/www.santagostino.it\/magazine-psiche"},"image":{"@id":"https:\/\/psiche.santagostino.it\/#\/schema\/logo\/image\/"},"sameAs":["https:\/\/www.facebook.com\/santagostinopsiche\/"]},{"@type":"Person","@id":"https:\/\/psiche.santagostino.it\/#\/schema\/person\/11d0e21d4a44a741e53f1208e0ae3d15","name":"Riccardo Germani","image":{"@type":"ImageObject","inLanguage":"it-IT","@id":"https:\/\/psiche.santagostino.it\/#\/schema\/person\/image\/","url":"https:\/\/secure.gravatar.com\/avatar\/4c781152ccb660bc20684d6183ab2af5?s=96&d=mm&r=g","contentUrl":"https:\/\/secure.gravatar.com\/avatar\/4c781152ccb660bc20684d6183ab2af5?s=96&d=mm&r=g","caption":"Riccardo Germani"},"url":"https:\/\/www.santagostino.it\/magazine-psiche\/author\/riccardogermani\/"}]}},"_links":{"self":[{"href":"https:\/\/www.santagostino.it\/magazine-psiche\/wp-json\/wp\/v2\/posts\/8538","targetHints":{"allow":["GET"]}}],"collection":[{"href":"https:\/\/www.santagostino.it\/magazine-psiche\/wp-json\/wp\/v2\/posts"}],"about":[{"href":"https:\/\/www.santagostino.it\/magazine-psiche\/wp-json\/wp\/v2\/types\/post"}],"author":[{"embeddable":true,"href":"https:\/\/www.santagostino.it\/magazine-psiche\/wp-json\/wp\/v2\/users\/7"}],"replies":[{"embeddable":true,"href":"https:\/\/www.santagostino.it\/magazine-psiche\/wp-json\/wp\/v2\/comments?post=8538"}],"version-history":[{"count":7,"href":"https:\/\/www.santagostino.it\/magazine-psiche\/wp-json\/wp\/v2\/posts\/8538\/revisions"}],"predecessor-version":[{"id":28771,"href":"https:\/\/www.santagostino.it\/magazine-psiche\/wp-json\/wp\/v2\/posts\/8538\/revisions\/28771"}],"wp:featuredmedia":[{"embeddable":true,"href":"https:\/\/www.santagostino.it\/magazine-psiche\/wp-json\/wp\/v2\/media\/8539"}],"wp:attachment":[{"href":"https:\/\/www.santagostino.it\/magazine-psiche\/wp-json\/wp\/v2\/media?parent=8538"}],"wp:term":[{"taxonomy":"category","embeddable":true,"href":"https:\/\/www.santagostino.it\/magazine-psiche\/wp-json\/wp\/v2\/categories?post=8538"},{"taxonomy":"post_tag","embeddable":true,"href":"https:\/\/www.santagostino.it\/magazine-psiche\/wp-json\/wp\/v2\/tags?post=8538"},{"taxonomy":"temi","embeddable":true,"href":"https:\/\/www.santagostino.it\/magazine-psiche\/wp-json\/wp\/v2\/temi?post=8538"},{"taxonomy":"typology","embeddable":true,"href":"https:\/\/www.santagostino.it\/magazine-psiche\/wp-json\/wp\/v2\/typology?post=8538"}],"curies":[{"name":"wp","href":"https:\/\/api.w.org\/{rel}","templated":true}]}}