{"id":7978,"date":"2019-10-09T10:04:49","date_gmt":"2019-10-09T10:04:49","guid":{"rendered":"https:\/\/www.santagostino.it\/magazine-psiche\/?p=7978"},"modified":"2025-10-17T13:28:09","modified_gmt":"2025-10-17T13:28:09","slug":"trauma-perche-tutti-ne-parlano-janet","status":"publish","type":"post","link":"https:\/\/www.santagostino.it\/magazine-psiche\/trauma-perche-tutti-ne-parlano-janet\/","title":{"rendered":"Trauma: perch\u00e9 tutti ne parlano?"},"content":{"rendered":"<p><span style=\"font-weight: 400;\">Se nel secolo scorso la psicopatologia metteva al centro la sessualit\u00e0 e l\u2019inconscio, in questo secolo si parla soprattutto di \u201ctrauma\u201d. Perch\u00e9? Alla base di questa importante evoluzione c&#8217;\u00e8 la riscoperta di Pierre Janet (psicologo contemporaneo di Freud che fu il primo a studiare i fenomeni dissociativi) e il superamento del dualismo mente-corpo.<\/span><\/p>\n<p><a class=\"content-cta\" href=\"https:\/\/www.santagostino.it\/it\/psico\/percorso-psicotraumatologia?utm_source=Psiche&amp;utm_medium=direct&amp;utm_campaign=CTA_Psiche_ereditarieta_trauma_perche_tutti_ne_parlano_janet\">Scopri il percorso psicotraumatologia<\/a><\/p>\n<p><span style=\"font-weight: 400;\">Perch\u00e9 la letteratura e la ricerca nell\u2019ambito del trauma sembra essere esplosa negli ultimi 10 anni? Per rispondere dobbiamo fare un passo indietro nel tempo. E andare alla prima volta in cui la teoria del trauma venne esposta, all\u2019inizio del secolo scorso.\u00a0<\/span><\/p>\n<h2><b>Pierre Janet, il pioniere<\/b><\/h2>\n<p><span style=\"font-weight: 400;\">Nel corso del Congresso medico internazionale tenutosi a Londra nel 1913, lo psicologo e filosofo francese <\/span><a href=\"https:\/\/it.wikipedia.org\/wiki\/Pierre_Janet\"><span style=\"font-weight: 400;\">Pierre Janet<\/span><\/a><span style=\"font-weight: 400;\"> aveva profetizzato che il futuro della psicologia clinica sarebbe appartenuto alla <\/span><b>psicotraumatologia<\/b><span style=\"font-weight: 400;\">, ovvero allo studio delle ripercussioni che un trauma (singolo o \u201ccumulativo\u201d, cio\u00e8 protratto e ripetuto nel tempo) produce sulla psiche di una persona nel corso del suo sviluppo. Profezia precocissima, che al tempo fu presa poco in considerazione da parte della Societ\u00e0 Psicoanalitica, egemonizzata allora dalle teorie di Sigmund Freud.<\/span><span style=\"font-weight: 400;\"><br \/>\n<\/span><span style=\"font-weight: 400;\">La teoria di Janet si basava su questi punti:<\/span><span style=\"font-weight: 400;\"><br \/>\n<\/span><span style=\"font-weight: 400;\">&#8211; <\/span><b>la mente ha un funzionamento gerarchico<\/b><span style=\"font-weight: 400;\">: alcune parti del cervello servono a tenere insieme o frenare le altre, operando un&#8217;azione di sintesi e di elaborazione di informazioni provenienti dalle zone pi\u00f9 \u201cbasiche\u201d e dalle spinte istintive e impulsive generate dall&#8217;individuo;<\/span><span style=\"font-weight: 400;\"><br \/>\n<\/span><span style=\"font-weight: 400;\">&#8211; parlare di trauma significa parlare di qualcosa che corrompe questa capacit\u00e0 di sintesi della mente, producendo quello che Janet stesso chiamava <\/span><b><i>dis-aggregation<\/i><\/b><span style=\"font-weight: 400;\">;<\/span> <i><span style=\"font-weight: 400;\"><br \/>\n<\/span><\/i><span style=\"font-weight: 400;\">&#8211;\u00a0 la \u201cdisaggregazione\u201d (concetto che oggi chiamiamo <\/span><b>dissociazione<\/b><span style=\"font-weight: 400;\">), al tempo accostata anche al concetto di dissoluzione, era descritta da Janet come un processo di progressiva de-strutturazione della mente nei suoi meccanismi e parti costituenti: alcuni traumi, sosteneva Janet, sembravano avere il potere di avviare un processo di dis-aggregazione;<\/span><span style=\"font-weight: 400;\"><br \/>\n<\/span><span style=\"font-weight: 400;\">&#8211; per trauma Janet intendeva <\/span><b>un evento in grado di impiantarsi nella storia del soggetto, creando uno spartiacque tra il prima e dopo<\/b><span style=\"font-weight: 400;\">, in grado di mettere a repentaglio il senso di incolumit\u00e0 e sicurezza\/stabilit\u00e0 dell&#8217;individuo sia a livello fisico che psichico.<\/span><span style=\"font-weight: 400;\"><br \/>\n<\/span><span style=\"font-weight: 400;\">Queste teorie, per una serie di ragioni storiche, furono poco sviluppate dalla psicologia del \u2018900. Sigmund Freud ne riprese alcuni tratti (con alcuni aspetti di fondo per\u00f2 differenti) ma fin\u00ec per dare molto pi\u00f9 spazio ad aspetti inerenti la sessualit\u00e0.<\/span><\/p>\n<blockquote><p><a href=\"https:\/\/www.santagostino.it\/magazine-psiche\/2019\/05\/21\/ptsd-cose-come-si-cura\/\" target=\"_blank\" rel=\"noopener noreferrer\">Cos&#8217;\u00e8 e come sicura il Distrubo da Stress Post-Traumatico (PTSD)?<\/a><\/p><\/blockquote>\n<h2><b>Il trauma oggi<\/b><span style=\"font-weight: 400;\"><br \/>\n<\/span><\/h2>\n<p><span style=\"font-weight: 400;\">La ricerca attuale ha riscoperto il trauma e rispolverato le teorie di Janet. A contribuire a questa rivalutazione degli studi dello psicologo francese sono stati:<\/span><span style=\"font-weight: 400;\"><br \/>\n<\/span><span style=\"font-weight: 400;\">&#8211; la <\/span><b>lettura evoluzionistica<\/b><span style=\"font-weight: 400;\"> della conformazione del cervello e dei suoi meccanismi, osservata nell&#8217;uomo in quanto animale dotato di potenti spinte istintuali alla sopravvivenza (si vedano, per esempio, le ricerche del neuroscienziato estone <\/span><a href=\"https:\/\/it.wikipedia.org\/wiki\/Jaak_Panksepp\" target=\"_blank\" rel=\"noopener noreferrer\"><span style=\"font-weight: 400;\">Jaak Panksepp<\/span><\/a><span style=\"font-weight: 400;\">);<\/span><span style=\"font-weight: 400;\"><br \/>\n<\/span><span style=\"font-weight: 400;\">&#8211; la <\/span><b>teoria dell&#8217;attaccamento<\/b><span style=\"font-weight: 400;\"> come paradigma dominante nell\u2019ambito della psicologia evolutiva, per cui lo \u201cstile di attaccamento\u201d con le figure primarie (i genitori) \u00e8 il primo luogo di potenziale trauma e di creazione delle risorse e della debolezze psicologiche <\/span> <span style=\"font-weight: 400;\">dell&#8217;individuo;<\/span><span style=\"font-weight: 400;\"><br \/>\n<\/span><span style=\"font-weight: 400;\">&#8211; la direzione attuale della <\/span><b>ricerca scientifica <\/b><span style=\"font-weight: 400;\">in psicologia, che parte dall\u2019osservazione del dato naturale a scapito di simbologia e interpretazione; <\/span><span style=\"font-weight: 400;\"><br \/>\n<\/span><span style=\"font-weight: 400;\">&#8211; il <\/span><b>superamento dell\u2019 \u201cerrore di Cartesio\u201d<\/b><span style=\"font-weight: 400;\">, cio\u00e8 la divisione tra mente e corpo: il trauma, infatti, \u00e8 profondamente, definitivamente incarnato, \u00e8 una dimensione umana che accade, in primo luogo, nel corpo.<\/span><span style=\"font-weight: 400;\"><br \/>\n<\/span><span style=\"font-weight: 400;\">\u00c8 forse soprattutto quest\u2019ultimo aspetto ad aver portato a riscoprire progressivamente le teorie di Janet. Chiunque abbia vissuto un forte trauma lo sa bene: il primo teatro in cui esso si presenter\u00e0 \u00e8 il corpo con i suoi sintomi da &#8220;allarme protratto&#8221;, da disregolazione post-traumatica. Il corpo &#8220;accusa il colpo\u201d, o meglio &#8220;tiene il punteggio&#8221;, per citare un famoso testo di psicotraumatologia di <\/span><a href=\"https:\/\/en.wikipedia.org\/wiki\/Bessel_van_der_Kolk\" target=\"_blank\" rel=\"noopener noreferrer\"><span style=\"font-weight: 400;\">Bessel Van Der Kolk<\/span><\/a><span style=\"font-weight: 400;\">. <\/span><\/p>\n<h2><b>Conclusioni<\/b><\/h2>\n<p><span style=\"font-weight: 400;\">Le teorie del trauma sono oggi sempre pi\u00f9 diffuse anche perch\u00e9 stanno facendo convergere filoni di ricerca che sempre avevano mantenuto un&#8217;indipendenza concettuale, in particolare quando si distinguevano chiaramente le ricerche sul corpo e quelle sulla mente. In altre parole, la psicotraumatologia \u00e8 coerente con le ricerche nell\u2019ambito della <\/span><b>psicosomatica<\/b><span style=\"font-weight: 400;\"> e della <\/span><b>psiconeuroendocrinoimmunologia<\/b><span style=\"font-weight: 400;\">, e con la recente <\/span><a href=\"https:\/\/www.santagostino.it\/magazine-psiche\/2019\/04\/18\/la-teoria-polivagale-quando-il-trauma-resta-nel-corpo\/\" target=\"_blank\" rel=\"noopener noreferrer\"><span style=\"font-weight: 400;\">teoria polivagale di Porges<\/span><\/a><span style=\"font-weight: 400;\">, che chiama in causa il ruolo chiave del <\/span><b>sistema nervoso autonomo<\/b><span style=\"font-weight: 400;\"> nella genesi di tanti disturbi \u201cdi confine\u201d tra la medicina e la psicologia. Queste teorie trovano, tra l\u2019altro, un ampio riscontro nella clinica, dove si stanno sempre pi\u00f9 affermando approcci che integrano aspetti cognitivi, emotivi e corporei, quali l\u2019<\/span><a href=\"https:\/\/www.santagostino.it\/magazine-psiche\/2019\/10\/09\/emdr-funziona\/\" target=\"_blank\" rel=\"noopener noreferrer\"><b>emdr<\/b><\/a><span style=\"font-weight: 400;\">, la <\/span><a href=\"https:\/\/www.santagostino.it\/magazine-psiche\/2016\/12\/20\/meditazione-mindfulness\/\" target=\"_blank\" rel=\"noopener noreferrer\"><b>mindfulness<\/b><\/a><span style=\"font-weight: 400;\">, il <\/span><b>biofeedback<\/b><span style=\"font-weight: 400;\"> e la <\/span><b>psicoterapia sensomotoria<\/b><span style=\"font-weight: 400;\">. <\/span><span style=\"font-weight: 400;\"><br \/>\n<\/span><span style=\"font-weight: 400;\">Si aggiunga che questo modo di intendere la psicopatologia come prodotta da eventi traumatici singoli o ripetuti riconsegna all&#8217;individuo la sua potenziale salute psichica &#8220;dall\u2019inizio&#8221;, ripulendo il campo da ombre moralizzanti che in passato era possibile rintracciare in alcuni approcci psicodinamici classici (per cui sembrava che la persona fosse, almeno in parte, responsabile attiva dei suoi disturbi psichici). La teoria del trauma racconta di un essere umano sano alla nascita, e in seguito, in conseguenza di una serie di eventi di natura relazionale o ambientale, &#8220;intaccato&#8221; nella sua unitariet\u00e0 iniziale.<\/span><span style=\"font-weight: 400;\"><br \/>\n<\/span><span style=\"font-weight: 400;\">Infine, \u00e8 opportuno sottolineare quanto spesso i pazienti siano disposti a sottoscrivere le teoria inerenti il trauma: sembra cio\u00e8, quella psicotraumatologica, una teoria facilmente condivisibile da un grande numero di persone, in parte anche grazie alla sua grande attenzione a tutto quello che ha a che fare con il corpo.<\/span><\/p>\n","protected":false},"excerpt":{"rendered":"<p>La riscoperta del ruolo chiave del trauma all\u2019origine di molte psicopatologie<\/p>\n","protected":false},"author":7,"featured_media":7983,"comment_status":"closed","ping_status":"open","sticky":false,"template":"","format":"standard","meta":{"_se_main_payload":"","_se_review":"","_se_options":"","_se_confidence_fields":"","_se_evidence":"","_se_main_type":"","_se_template_id":"","_se_main_name":"","_se_main_code":"","_se_confidence_global":"","_se_review_enabled":"0","_gst_type":"","_gst_payload":"","_gst_conditions":"","footnotes":""},"categories":[1],"tags":[],"temi":[],"typology":[3],"class_list":["post-7978","post","type-post","status-publish","format-standard","has-post-thumbnail","hentry","category-psichiatria","percorsi-psicotraumatologia","typology-text"],"yoast_head":"<!-- This site is optimized with the Yoast SEO Premium plugin v25.9 (Yoast SEO v25.9) - https:\/\/yoast.com\/wordpress\/plugins\/seo\/ -->\n<title>Trauma: Definizione, Perch\u00e8 Tutti ne Parlano e Storia | Santagostino Psiche<\/title>\n<meta name=\"description\" content=\"Se nel secolo scorso la psicopatologia metteva al centro la sessualit\u00e0 e l\u2019inconscio, in questo secolo si parla soprattutto di \u201ctrauma\u201d. Perch\u00e9?\" \/>\n<meta name=\"robots\" content=\"index, follow, max-snippet:-1, max-image-preview:large, max-video-preview:-1\" \/>\n<link rel=\"canonical\" href=\"https:\/\/www.santagostino.it\/magazine-psiche\/trauma-perche-tutti-ne-parlano-janet\/\" \/>\n<meta name=\"twitter:label1\" content=\"Scritto da\" \/>\n\t<meta name=\"twitter:data1\" content=\"Riccardo Germani\" \/>\n\t<meta name=\"twitter:label2\" content=\"Tempo di lettura stimato\" \/>\n\t<meta name=\"twitter:data2\" content=\"5 minuti\" \/>\n<script type=\"application\/ld+json\" class=\"yoast-schema-graph\">{\"@context\":\"https:\/\/schema.org\",\"@graph\":[{\"@type\":\"Article\",\"@id\":\"https:\/\/www.santagostino.it\/magazine-psiche\/trauma-perche-tutti-ne-parlano-janet\/#article\",\"isPartOf\":{\"@id\":\"https:\/\/www.santagostino.it\/magazine-psiche\/trauma-perche-tutti-ne-parlano-janet\/\"},\"author\":{\"name\":\"Riccardo Germani\",\"@id\":\"https:\/\/psiche.santagostino.it\/#\/schema\/person\/11d0e21d4a44a741e53f1208e0ae3d15\"},\"headline\":\"Trauma: perch\u00e9 tutti ne parlano?\",\"datePublished\":\"2019-10-09T10:04:49+00:00\",\"dateModified\":\"2025-10-17T13:28:09+00:00\",\"mainEntityOfPage\":{\"@id\":\"https:\/\/www.santagostino.it\/magazine-psiche\/trauma-perche-tutti-ne-parlano-janet\/\"},\"wordCount\":893,\"publisher\":{\"@id\":\"https:\/\/psiche.santagostino.it\/#organization\"},\"image\":{\"@id\":\"https:\/\/www.santagostino.it\/magazine-psiche\/trauma-perche-tutti-ne-parlano-janet\/#primaryimage\"},\"thumbnailUrl\":\"https:\/\/www.santagostino.it\/magazine-psiche\/wp-content\/uploads\/2019\/10\/brunel-johnson-5i8l46zW8do-unsplash-e1570615223521.jpg\",\"articleSection\":[\"Psichiatria\"],\"inLanguage\":\"it-IT\"},{\"@type\":\"WebPage\",\"@id\":\"https:\/\/www.santagostino.it\/magazine-psiche\/trauma-perche-tutti-ne-parlano-janet\/\",\"url\":\"https:\/\/www.santagostino.it\/magazine-psiche\/trauma-perche-tutti-ne-parlano-janet\/\",\"name\":\"Trauma: Definizione, Perch\u00e8 Tutti ne Parlano e Storia | Santagostino Psiche\",\"isPartOf\":{\"@id\":\"https:\/\/psiche.santagostino.it\/#website\"},\"primaryImageOfPage\":{\"@id\":\"https:\/\/www.santagostino.it\/magazine-psiche\/trauma-perche-tutti-ne-parlano-janet\/#primaryimage\"},\"image\":{\"@id\":\"https:\/\/www.santagostino.it\/magazine-psiche\/trauma-perche-tutti-ne-parlano-janet\/#primaryimage\"},\"thumbnailUrl\":\"https:\/\/www.santagostino.it\/magazine-psiche\/wp-content\/uploads\/2019\/10\/brunel-johnson-5i8l46zW8do-unsplash-e1570615223521.jpg\",\"datePublished\":\"2019-10-09T10:04:49+00:00\",\"dateModified\":\"2025-10-17T13:28:09+00:00\",\"description\":\"Se nel secolo scorso la psicopatologia metteva al centro la sessualit\u00e0 e l\u2019inconscio, in questo secolo si parla soprattutto di \u201ctrauma\u201d. Perch\u00e9?\",\"breadcrumb\":{\"@id\":\"https:\/\/www.santagostino.it\/magazine-psiche\/trauma-perche-tutti-ne-parlano-janet\/#breadcrumb\"},\"inLanguage\":\"it-IT\",\"potentialAction\":[{\"@type\":\"ReadAction\",\"target\":[\"https:\/\/www.santagostino.it\/magazine-psiche\/trauma-perche-tutti-ne-parlano-janet\/\"]}]},{\"@type\":\"ImageObject\",\"inLanguage\":\"it-IT\",\"@id\":\"https:\/\/www.santagostino.it\/magazine-psiche\/trauma-perche-tutti-ne-parlano-janet\/#primaryimage\",\"url\":\"https:\/\/www.santagostino.it\/magazine-psiche\/wp-content\/uploads\/2019\/10\/brunel-johnson-5i8l46zW8do-unsplash-e1570615223521.jpg\",\"contentUrl\":\"https:\/\/www.santagostino.it\/magazine-psiche\/wp-content\/uploads\/2019\/10\/brunel-johnson-5i8l46zW8do-unsplash-e1570615223521.jpg\",\"width\":700,\"height\":467,\"caption\":\"Riscopriamo Janet e la sua importanza nelle teorie sul trauma\"},{\"@type\":\"BreadcrumbList\",\"@id\":\"https:\/\/www.santagostino.it\/magazine-psiche\/trauma-perche-tutti-ne-parlano-janet\/#breadcrumb\",\"itemListElement\":[{\"@type\":\"ListItem\",\"position\":1,\"name\":\"Home\",\"item\":\"https:\/\/psiche.santagostino.it\/\"},{\"@type\":\"ListItem\",\"position\":2,\"name\":\"Trauma: perch\u00e9 tutti ne parlano?\"}]},{\"@type\":\"WebSite\",\"@id\":\"https:\/\/psiche.santagostino.it\/#website\",\"url\":\"https:\/\/psiche.santagostino.it\/\",\"name\":\"https:\/\/www.santagostino.it\/magazine-psiche\",\"description\":\"La finestra sulla mente\",\"publisher\":{\"@id\":\"https:\/\/psiche.santagostino.it\/#organization\"},\"alternateName\":\"Psiche Santagostino\",\"potentialAction\":[{\"@type\":\"SearchAction\",\"target\":{\"@type\":\"EntryPoint\",\"urlTemplate\":\"https:\/\/psiche.santagostino.it\/?s={search_term_string}\"},\"query-input\":{\"@type\":\"PropertyValueSpecification\",\"valueRequired\":true,\"valueName\":\"search_term_string\"}}],\"inLanguage\":\"it-IT\"},{\"@type\":\"Organization\",\"@id\":\"https:\/\/psiche.santagostino.it\/#organization\",\"name\":\"https:\/\/www.santagostino.it\/magazine-psiche\",\"url\":\"https:\/\/psiche.santagostino.it\/\",\"logo\":{\"@type\":\"ImageObject\",\"inLanguage\":\"it-IT\",\"@id\":\"https:\/\/psiche.santagostino.it\/#\/schema\/logo\/image\/\",\"url\":\"https:\/\/www.santagostino.it\/magazine-psiche\/wp-content\/uploads\/2023\/07\/Santagostino-psiche-logo.png\",\"contentUrl\":\"https:\/\/www.santagostino.it\/magazine-psiche\/wp-content\/uploads\/2023\/07\/Santagostino-psiche-logo.png\",\"width\":430,\"height\":71,\"caption\":\"https:\/\/www.santagostino.it\/magazine-psiche\"},\"image\":{\"@id\":\"https:\/\/psiche.santagostino.it\/#\/schema\/logo\/image\/\"},\"sameAs\":[\"https:\/\/www.facebook.com\/santagostinopsiche\/\"]},{\"@type\":\"Person\",\"@id\":\"https:\/\/psiche.santagostino.it\/#\/schema\/person\/11d0e21d4a44a741e53f1208e0ae3d15\",\"name\":\"Riccardo Germani\",\"image\":{\"@type\":\"ImageObject\",\"inLanguage\":\"it-IT\",\"@id\":\"https:\/\/psiche.santagostino.it\/#\/schema\/person\/image\/\",\"url\":\"https:\/\/secure.gravatar.com\/avatar\/4c781152ccb660bc20684d6183ab2af5?s=96&d=mm&r=g\",\"contentUrl\":\"https:\/\/secure.gravatar.com\/avatar\/4c781152ccb660bc20684d6183ab2af5?s=96&d=mm&r=g\",\"caption\":\"Riccardo Germani\"},\"url\":\"https:\/\/www.santagostino.it\/magazine-psiche\/author\/riccardogermani\/\"}]}<\/script>\n<!-- \/ Yoast SEO Premium plugin. -->","yoast_head_json":{"title":"Trauma: Definizione, Perch\u00e8 Tutti ne Parlano e Storia | Santagostino Psiche","description":"Se nel secolo scorso la psicopatologia metteva al centro la sessualit\u00e0 e l\u2019inconscio, in questo secolo si parla soprattutto di \u201ctrauma\u201d. Perch\u00e9?","robots":{"index":"index","follow":"follow","max-snippet":"max-snippet:-1","max-image-preview":"max-image-preview:large","max-video-preview":"max-video-preview:-1"},"canonical":"https:\/\/www.santagostino.it\/magazine-psiche\/trauma-perche-tutti-ne-parlano-janet\/","twitter_misc":{"Scritto da":"Riccardo Germani","Tempo di lettura stimato":"5 minuti"},"schema":{"@context":"https:\/\/schema.org","@graph":[{"@type":"Article","@id":"https:\/\/www.santagostino.it\/magazine-psiche\/trauma-perche-tutti-ne-parlano-janet\/#article","isPartOf":{"@id":"https:\/\/www.santagostino.it\/magazine-psiche\/trauma-perche-tutti-ne-parlano-janet\/"},"author":{"name":"Riccardo Germani","@id":"https:\/\/psiche.santagostino.it\/#\/schema\/person\/11d0e21d4a44a741e53f1208e0ae3d15"},"headline":"Trauma: perch\u00e9 tutti ne parlano?","datePublished":"2019-10-09T10:04:49+00:00","dateModified":"2025-10-17T13:28:09+00:00","mainEntityOfPage":{"@id":"https:\/\/www.santagostino.it\/magazine-psiche\/trauma-perche-tutti-ne-parlano-janet\/"},"wordCount":893,"publisher":{"@id":"https:\/\/psiche.santagostino.it\/#organization"},"image":{"@id":"https:\/\/www.santagostino.it\/magazine-psiche\/trauma-perche-tutti-ne-parlano-janet\/#primaryimage"},"thumbnailUrl":"https:\/\/www.santagostino.it\/magazine-psiche\/wp-content\/uploads\/2019\/10\/brunel-johnson-5i8l46zW8do-unsplash-e1570615223521.jpg","articleSection":["Psichiatria"],"inLanguage":"it-IT"},{"@type":"WebPage","@id":"https:\/\/www.santagostino.it\/magazine-psiche\/trauma-perche-tutti-ne-parlano-janet\/","url":"https:\/\/www.santagostino.it\/magazine-psiche\/trauma-perche-tutti-ne-parlano-janet\/","name":"Trauma: Definizione, Perch\u00e8 Tutti ne Parlano e Storia | Santagostino Psiche","isPartOf":{"@id":"https:\/\/psiche.santagostino.it\/#website"},"primaryImageOfPage":{"@id":"https:\/\/www.santagostino.it\/magazine-psiche\/trauma-perche-tutti-ne-parlano-janet\/#primaryimage"},"image":{"@id":"https:\/\/www.santagostino.it\/magazine-psiche\/trauma-perche-tutti-ne-parlano-janet\/#primaryimage"},"thumbnailUrl":"https:\/\/www.santagostino.it\/magazine-psiche\/wp-content\/uploads\/2019\/10\/brunel-johnson-5i8l46zW8do-unsplash-e1570615223521.jpg","datePublished":"2019-10-09T10:04:49+00:00","dateModified":"2025-10-17T13:28:09+00:00","description":"Se nel secolo scorso la psicopatologia metteva al centro la sessualit\u00e0 e l\u2019inconscio, in questo secolo si parla soprattutto di \u201ctrauma\u201d. Perch\u00e9?","breadcrumb":{"@id":"https:\/\/www.santagostino.it\/magazine-psiche\/trauma-perche-tutti-ne-parlano-janet\/#breadcrumb"},"inLanguage":"it-IT","potentialAction":[{"@type":"ReadAction","target":["https:\/\/www.santagostino.it\/magazine-psiche\/trauma-perche-tutti-ne-parlano-janet\/"]}]},{"@type":"ImageObject","inLanguage":"it-IT","@id":"https:\/\/www.santagostino.it\/magazine-psiche\/trauma-perche-tutti-ne-parlano-janet\/#primaryimage","url":"https:\/\/www.santagostino.it\/magazine-psiche\/wp-content\/uploads\/2019\/10\/brunel-johnson-5i8l46zW8do-unsplash-e1570615223521.jpg","contentUrl":"https:\/\/www.santagostino.it\/magazine-psiche\/wp-content\/uploads\/2019\/10\/brunel-johnson-5i8l46zW8do-unsplash-e1570615223521.jpg","width":700,"height":467,"caption":"Riscopriamo Janet e la sua importanza nelle teorie sul trauma"},{"@type":"BreadcrumbList","@id":"https:\/\/www.santagostino.it\/magazine-psiche\/trauma-perche-tutti-ne-parlano-janet\/#breadcrumb","itemListElement":[{"@type":"ListItem","position":1,"name":"Home","item":"https:\/\/psiche.santagostino.it\/"},{"@type":"ListItem","position":2,"name":"Trauma: perch\u00e9 tutti ne parlano?"}]},{"@type":"WebSite","@id":"https:\/\/psiche.santagostino.it\/#website","url":"https:\/\/psiche.santagostino.it\/","name":"https:\/\/www.santagostino.it\/magazine-psiche","description":"La finestra sulla mente","publisher":{"@id":"https:\/\/psiche.santagostino.it\/#organization"},"alternateName":"Psiche Santagostino","potentialAction":[{"@type":"SearchAction","target":{"@type":"EntryPoint","urlTemplate":"https:\/\/psiche.santagostino.it\/?s={search_term_string}"},"query-input":{"@type":"PropertyValueSpecification","valueRequired":true,"valueName":"search_term_string"}}],"inLanguage":"it-IT"},{"@type":"Organization","@id":"https:\/\/psiche.santagostino.it\/#organization","name":"https:\/\/www.santagostino.it\/magazine-psiche","url":"https:\/\/psiche.santagostino.it\/","logo":{"@type":"ImageObject","inLanguage":"it-IT","@id":"https:\/\/psiche.santagostino.it\/#\/schema\/logo\/image\/","url":"https:\/\/www.santagostino.it\/magazine-psiche\/wp-content\/uploads\/2023\/07\/Santagostino-psiche-logo.png","contentUrl":"https:\/\/www.santagostino.it\/magazine-psiche\/wp-content\/uploads\/2023\/07\/Santagostino-psiche-logo.png","width":430,"height":71,"caption":"https:\/\/www.santagostino.it\/magazine-psiche"},"image":{"@id":"https:\/\/psiche.santagostino.it\/#\/schema\/logo\/image\/"},"sameAs":["https:\/\/www.facebook.com\/santagostinopsiche\/"]},{"@type":"Person","@id":"https:\/\/psiche.santagostino.it\/#\/schema\/person\/11d0e21d4a44a741e53f1208e0ae3d15","name":"Riccardo Germani","image":{"@type":"ImageObject","inLanguage":"it-IT","@id":"https:\/\/psiche.santagostino.it\/#\/schema\/person\/image\/","url":"https:\/\/secure.gravatar.com\/avatar\/4c781152ccb660bc20684d6183ab2af5?s=96&d=mm&r=g","contentUrl":"https:\/\/secure.gravatar.com\/avatar\/4c781152ccb660bc20684d6183ab2af5?s=96&d=mm&r=g","caption":"Riccardo Germani"},"url":"https:\/\/www.santagostino.it\/magazine-psiche\/author\/riccardogermani\/"}]}},"_links":{"self":[{"href":"https:\/\/www.santagostino.it\/magazine-psiche\/wp-json\/wp\/v2\/posts\/7978","targetHints":{"allow":["GET"]}}],"collection":[{"href":"https:\/\/www.santagostino.it\/magazine-psiche\/wp-json\/wp\/v2\/posts"}],"about":[{"href":"https:\/\/www.santagostino.it\/magazine-psiche\/wp-json\/wp\/v2\/types\/post"}],"author":[{"embeddable":true,"href":"https:\/\/www.santagostino.it\/magazine-psiche\/wp-json\/wp\/v2\/users\/7"}],"replies":[{"embeddable":true,"href":"https:\/\/www.santagostino.it\/magazine-psiche\/wp-json\/wp\/v2\/comments?post=7978"}],"version-history":[{"count":13,"href":"https:\/\/www.santagostino.it\/magazine-psiche\/wp-json\/wp\/v2\/posts\/7978\/revisions"}],"predecessor-version":[{"id":28743,"href":"https:\/\/www.santagostino.it\/magazine-psiche\/wp-json\/wp\/v2\/posts\/7978\/revisions\/28743"}],"wp:featuredmedia":[{"embeddable":true,"href":"https:\/\/www.santagostino.it\/magazine-psiche\/wp-json\/wp\/v2\/media\/7983"}],"wp:attachment":[{"href":"https:\/\/www.santagostino.it\/magazine-psiche\/wp-json\/wp\/v2\/media?parent=7978"}],"wp:term":[{"taxonomy":"category","embeddable":true,"href":"https:\/\/www.santagostino.it\/magazine-psiche\/wp-json\/wp\/v2\/categories?post=7978"},{"taxonomy":"post_tag","embeddable":true,"href":"https:\/\/www.santagostino.it\/magazine-psiche\/wp-json\/wp\/v2\/tags?post=7978"},{"taxonomy":"temi","embeddable":true,"href":"https:\/\/www.santagostino.it\/magazine-psiche\/wp-json\/wp\/v2\/temi?post=7978"},{"taxonomy":"typology","embeddable":true,"href":"https:\/\/www.santagostino.it\/magazine-psiche\/wp-json\/wp\/v2\/typology?post=7978"}],"curies":[{"name":"wp","href":"https:\/\/api.w.org\/{rel}","templated":true}]}}