{"id":6489,"date":"2025-04-14T09:40:21","date_gmt":"2025-04-14T09:40:21","guid":{"rendered":"https:\/\/www.santagostino.it\/magazine-psiche\/?p=6489"},"modified":"2025-07-17T15:00:04","modified_gmt":"2025-07-17T15:00:04","slug":"decadimento-cognitivo-anziani","status":"publish","type":"post","link":"https:\/\/www.santagostino.it\/magazine-psiche\/decadimento-cognitivo-anziani\/","title":{"rendered":"Il decadimento cognitivo o declino cognitivo"},"content":{"rendered":"<p><b>L\u2019invecchiamento \u00e8 un processo naturale<\/b><span style=\"font-weight: 400;\">, influenzato dal patrimonio genetico e dalla storia personale.<\/span><b> Con l&#8217;avanzare dell&#8217;et\u00e0 <\/b><span style=\"font-weight: 400;\">nel cervello si verificano<\/span><b> cambiamenti <\/b><span style=\"font-weight: 400;\">lievi che possono alterare alcune<\/span><b> funzioni cognitive, comportamentali ed emotive<\/b><span style=\"font-weight: 400;\">. <\/span><\/p>\n<p><span style=\"font-weight: 400;\">Se il quadro di personalit\u00e0 resta stabile, ci\u00f2 che tende a ridursi \u00e8 l\u2019efficienza di attenzione, <\/span><a href=\"https:\/\/www.santagostino.it\/it\/ambulatori\/memoria\"><span style=\"font-weight: 400;\">memoria<\/span><\/a><span style=\"font-weight: 400;\">, percezione e velocit\u00e0 di elaborazione, con ripercussioni sulla vita quotidiana.<\/span><\/p>\n<p><span style=\"font-weight: 400;\">In particolare, risulta pi\u00f9 difficile apprendere nuove informazioni e ricordare eventi recenti, mentre il linguaggio, il ragionamento e le abilit\u00e0 visuo-spaziali tendono a restare integri. Quando per\u00f2 i cambiamenti cerebrali compromettono la personalit\u00e0 e l\u2019autonomia, si parla di <\/span><b>invecchiamento patologico<\/b><span style=\"font-weight: 400;\">. Quali sono le differenze e come gestire il decadimento cognitivo.<\/span><\/p>\n<style> .psiche-banner-desktop, .psiche-banner-mobile{ width:100%; height:auto; } .psiche-banner-mobile{ display:none; } @media (max-width: 720px) { .psiche-banner-desktop{ display:none; } .psiche-banner-mobile{ display:block; } } <\/style><a class=\"psiche-banner\" data-banner-id=\"25044\" href=\"https:\/\/www.santagostino.it\/it\/psico\/percorso-psicoterapia-adulti?utm_source=blog&#038;utm_medium=banner&#038;utm_campaign=Psiche_blog_banner_percorso_adulti\"><img width=\"1512\" height=\"578\" src=\"https:\/\/www.santagostino.it\/magazine-psiche\/wp-content\/uploads\/2024\/07\/banner_adulti-1.png\" class=\"psiche-banner-desktop\" alt=\"Prenota una seduta\" loading=\"lazy\" decoding=\"async\" style=\"width:100%;height:auto;\" \/><img width=\"700\" height=\"1000\" src=\"https:\/\/www.santagostino.it\/magazine-psiche\/wp-content\/uploads\/2024\/07\/banner_adulti_mobile.png\" class=\"psiche-banner-mobile\" alt=\"Prenota una seduta\" loading=\"lazy\" decoding=\"async\" style=\"width:100%;height:auto;\" \/><\/a>\n<h2>Quando inizia il declino cognitivo?<\/h2>\n<p><span style=\"font-weight: 400;\">Il <\/span><b>declino cognitivo<\/b><span style=\"font-weight: 400;\"> \u00e8 un processo naturale dell&#8217;<a href=\"https:\/\/www.santagostino.it\/magazine\/invecchiamento\/\">invecchiamento<\/a> e pu\u00f2 iniziare a manifestarsi negli adulti dopo i <\/span><b>65 anni.<\/b><span style=\"font-weight: 400;\"> \u00c8 per\u00f2 importante ricordare che si tratta di un <\/span><b>processo eterogeneo<\/b><span style=\"font-weight: 400;\"> che pu\u00f2 variare significativamente da persona a persona.<\/span><\/p>\n<p><span style=\"font-weight: 400;\">Alcuni individui possono infatti sperimentare un declino cognitivo pi\u00f9 precoce o pi\u00f9 pronunciato a causa di <\/span><b>fattori genetici, <a href=\"https:\/\/www.santagostino.it\/magazine\/stile-di-vita\/\">stile di vita<\/a>, malattie croniche<\/b><span style=\"font-weight: 400;\"> o altre condizioni mediche. Il decadimento cognitivo improvviso o a rapida progressione pu\u00f2 essere provocato, ad esempio, da <a href=\"https:\/\/www.santagostino.it\/magazine\/ictus\/\"><strong>ictus<\/strong><\/a> o da <\/span><b>infezioni del sistema nervoso centrale <\/b>quali<span style=\"font-weight: 400;\"><a href=\"https:\/\/www.santagostino.it\/magazine\/meningite-e-vaccini\/\"> meningite<\/a> o <a href=\"https:\/\/www.santagostino.it\/magazine\/encefalite\/\">encefalite<\/a> batterica.<\/span><\/p>\n<p><span style=\"font-weight: 400;\">Al contrario, alcune persone possono mantenere una funzione cognitiva relativamente buona anche in et\u00e0 avanzata.<\/span><\/p>\n<p><span style=\"font-weight: 400;\">Il<\/span><b> declino cognitivo<\/b><span style=\"font-weight: 400;\">, in particolare negli anziani dopo i 65 anni, \u00e8 un segnale da non trascurare, soprattutto se accompagnato da altri sintomi come i<\/span><a href=\"https:\/\/www.santagostino.it\/it\/ambulatori\/disturbi-del-sonno\"> <b>disturbi del sonno<\/b><\/a><span style=\"font-weight: 400;\">. Anche un deterioramento lieve delle funzioni cognitive e comportamentali pu\u00f2 infatti evolvere nel tempo e diventare severo.<\/span><\/p>\n<h2><b>Cosa vuol dire decadimento cognitivo?<\/b><\/h2>\n<p><span style=\"font-weight: 400;\">Secondo la definizione fornita dall&#8217;<\/span><b>Associazione Americana degli Psicologi<\/b><span style=\"font-weight: 400;\"> (APA) nel 1987, \u201cla<\/span><a href=\"https:\/\/www.santagostino.it\/it\/santagostinopedia\/demenza\"> <b>demenza<\/b><\/a><span style=\"font-weight: 400;\">, o decadimento cognitivo cronico-progressivo, \u00e8 una malattia del cervello che comporta la <\/span><b>compromissione delle funzioni cognitive<\/b><span style=\"font-weight: 400;\"> tale da pregiudicare la possibilit\u00e0 di una vita in autonomia. Ai sintomi cognitivi si associano quasi sempre <\/span><b>alterazioni della personalit\u00e0 e del comportamento<\/b><span style=\"font-weight: 400;\"> che variano come entit\u00e0 da individuo a individuo. Inoltre, \u00e8 presente una <\/span><b>progressiva alterazione dello stato funzionale<\/b><span style=\"font-weight: 400;\">\u201d.<\/span><\/p>\n<h2><b>Quali sono i sintomi del decadimento cognitivo?<\/b><\/h2>\n<p><span style=\"font-weight: 400;\">I sintomi cognitivi sono diversi. Variano <\/span><b>in base alla diagnosi<\/b><span style=\"font-weight: 400;\"> e alla porzione del <\/span><b>tessuto cerebrale e delle cellule nervose interessate<\/b><span style=\"font-weight: 400;\">.\u00a0<\/span><\/p>\n<p><span style=\"font-weight: 400;\">In una <\/span><b>demenza fronto-temporale<\/b><span style=\"font-weight: 400;\"> i primi segnali di declino possono riguardare il linguaggio, oppure l\u2019alterazione del comportamento. Possono accadere dei <\/span><b>comportamenti impulsivi<\/b><span style=\"font-weight: 400;\"> non contemplati dalle regole sociali, e pu\u00f2 anche verificarsi una <\/span><b>totale disinibizione verbale e del comportamento<\/b><span style=\"font-weight: 400;\">.<\/span><\/p>\n<table style=\"width: 100%; border-collapse: collapse; border: 1px solid black;\">\n<tbody>\n<tr>\n<td style=\"background-color: #0879ab; color: white; font-size: 16px; vertical-align: top; padding: 15px; border: 1px solid black; width: 25%; text-align: center;\">&nbsp;<\/p>\n<p>&nbsp;<\/p>\n<p>&nbsp;<\/p>\n<p><strong>I sintomi cognitivi<\/strong><\/td>\n<td style=\"font-size: 16px; text-align: left; vertical-align: top; padding: 15px; border: 1px solid black; width: 75%;\">\n<ul style=\"margin: 0; padding-left: 20px;\">\n<li><strong>Decadimento della memoria<\/strong>: sono compromesse la capacit\u00e0 di apprendere, conservare e utilizzare informazioni e conoscenza (spesso presente in chi soffre della <a href=\"https:\/\/www.santagostino.it\/it\/santagostinopedia\/l-alzheimer\">malattia di Alzheimer<\/a>).<\/li>\n<li><strong>Difficolt\u00e0 nel linguaggio<\/strong>: diventa complicato interagire e comprendere ci\u00f2 che gli altri dicono.<\/li>\n<li><strong>Riduzione dell\u2019attenzione<\/strong>: si fatica a focalizzare l\u2019energia verso uno stimolo e <a href=\"https:\/\/www.santagostino.it\/magazine-psiche\/multitasking-stress\/\">gestire diversi compiti allo stesso tempo<\/a>.<\/li>\n<li><strong>Rallentamento del ragionamento logico<\/strong>.<\/li>\n<li><strong>Riduzione delle abilit\u00e0 percettive<\/strong>: difficolt\u00e0 nel riconoscere, identificare e usare oggetti in modo efficace.<\/li>\n<li><strong>Riduzione delle abilit\u00e0 di movimento<\/strong>: difficolt\u00e0 nel compiere sequenze motorie complesse (come fare il caff\u00e8 o vestirsi).<\/li>\n<\/ul>\n<\/td>\n<\/tr>\n<tr>\n<td style=\"background-color: #0879ab; color: white; font-size: 16px; vertical-align: top; padding: 15px; border: 1px solid black; width: 25%; text-align: center;\">&nbsp;<\/p>\n<p><strong><br \/>\nI sintomi comportamentali e della personalit\u00e0<\/strong><\/td>\n<td style=\"font-size: 16px; text-align: left; vertical-align: top; padding: 15px; border: 1px solid black; width: 75%;\">\n<ul style=\"margin: 0; padding-left: 20px;\">\n<li><strong><a href=\"https:\/\/www.santagostino.it\/it\/santagostinopedia\/la-depressione\">Depressione<\/a> e <a href=\"https:\/\/www.santagostino.it\/magazine-psiche\/2020\/06\/15\/aggressivita-gestire-la-propria-quella-degli-altri\/\">aggressivit\u00e0<\/a><\/strong>: fisica e verbale, diretta all\u2019altro o verso se stessi.<\/li>\n<li><strong><a href=\"https:\/\/www.santagostino.it\/magazine-psiche\/delirio\/\">Deliri<\/a> e <a href=\"https:\/\/www.santagostino.it\/magazine-psiche\/allucinazione\">allucinazioni<\/a><\/strong>: percezioni visive o acustiche di elementi assenti nell\u2019ambiente circostante.<\/li>\n<li><strong>Irritabilit\u00e0 o <a href=\"https:\/\/www.santagostino.it\/magazine-psiche\/apatia\">apatia<\/a><\/strong>: mancanza di motivazione nel fare le cose o nel sentire le emozioni.<\/li>\n<li><strong>Affaccendamento motorio aberrante<\/strong>: sequenze motorie consecutive e ripetitive senza alcuno scopo.<\/li>\n<li><strong>Labilit\u00e0 emotiva<\/strong>: facilit\u00e0 a deprimersi, irritarsi, ridere o essere apprensivi.<\/li>\n<\/ul>\n<\/td>\n<\/tr>\n<\/tbody>\n<\/table>\n<h2><b>Decadimento cognitivo: come comportarsi?<\/b><\/h2>\n<p><span style=\"font-weight: 400;\">La valutazione del decadimento cognitivo richiede un\u2019<\/span><b>\u00e9quipe multidisciplinare<\/b><span style=\"font-weight: 400;\"> composta da <\/span><b>neurologo<\/b><span style=\"font-weight: 400;\">, <\/span><b>geriatra<\/b><span style=\"font-weight: 400;\"> e uno <\/span><b>psicologo<\/b><span style=\"font-weight: 400;\"> con formazione neuropsicologica, in grado di rilevare i profili cognitivi e comportamentali e di somministrare i test utili alla diagnosi.<\/span><\/p>\n<p><span style=\"font-weight: 400;\">Questo gruppo di lavoro effettua, attraverso <\/span><b>visite cliniche<\/b><span style=\"font-weight: 400;\"> e diversi <\/span><b>esami<\/b><span style=\"font-weight: 400;\"> (<\/span><a href=\"https:\/\/www.santagostino.it\/it\/specialita\/tac\"><b>TAC<\/b><\/a><span style=\"font-weight: 400;\">,<\/span><a href=\"https:\/\/www.santagostino.it\/it\/specialita\/risonanza-magnetica\"> <b>risonanza magnetica<\/b><\/a><span style=\"font-weight: 400;\">,<\/span><a href=\"https:\/\/magazine.santagostino.it\/esami-del-sangue\/\"> <b>esame del sangue<\/b><\/a><span style=\"font-weight: 400;\">, test neuropsicologici), una <\/span><b>diagnosi precisa del paziente<\/b><span style=\"font-weight: 400;\">, in modo da <\/span><b>prescrivere la<\/b> <b>terapia pi\u00f9 adatta<\/b><span style=\"font-weight: 400;\">.\u00a0<\/span><\/p>\n<h3><b>L\u2019importanza del caregiver e della famiglia<\/b><\/h3>\n<p><span style=\"font-weight: 400;\">I professionisti sono un elemento chiave per codificare il disagio del paziente, ma diventano imprescindibili anche per il<\/span><a href=\"https:\/\/www.santagostino.it\/magazine-psiche\/2018\/07\/12\/burden-familiare-malato-2\/\"> <b><i>caregiver<\/i><\/b><\/a><span style=\"font-weight: 400;\">, o il <\/span><b>familiare di riferimento<\/b><span style=\"font-weight: 400;\">. Gli interventi rivolti ai familiari hanno molteplici scopi:<\/span><\/p>\n<ul>\n<li style=\"font-weight: 400;\" aria-level=\"1\"><span style=\"font-weight: 400;\">aiutano nella <\/span><b>comprensione<\/b><span style=\"font-weight: 400;\"> di ci\u00f2 che accade al proprio caro<\/span><\/li>\n<li style=\"font-weight: 400;\" aria-level=\"1\"><span style=\"font-weight: 400;\">migliorano le <\/span><b>strategie per fronteggiare lo<\/b><a href=\"https:\/\/www.santagostino.it\/it\/santagostinopedia\/lo-stress\"> <b>stress<\/b><\/a><span style=\"font-weight: 400;\"> che la gestione di un malato con demenza implica<\/span><\/li>\n<li style=\"font-weight: 400;\" aria-level=\"1\"><span style=\"font-weight: 400;\">valutano nel corso del tempo lo <\/span><b>stato emotivo del<\/b> <b><i>caregiver<\/i><\/b><span style=\"font-weight: 400;\"> per stabilire una eventuale presa in carico.<\/span><\/li>\n<\/ul>\n<h2>Come si cura il decadimento cognitivo?<\/h2>\n<p><span style=\"font-weight: 400;\">Il trattamento e la cura del <\/span><b>decadimento cognitivo<\/b><span style=\"font-weight: 400;\"> dipendono dalla causa sottostante della condizione, ma si concentrano principalmente sulla gestione dei sintomi, soprattutto in caso di <\/span><b>demenza o altre malattie neurologiche,<\/b><span style=\"font-weight: 400;\"> e sul rallentamento della progressione del disturbo.<\/span><\/p>\n<p><span style=\"font-weight: 400;\">Alcuni approcci utili per gestire il decadimento cognitivo e migliorare la qualit\u00e0 della vita includono:<\/span><\/p>\n<ul>\n<li style=\"font-weight: 400;\" aria-level=\"1\"><b>Terapie cognitive: la <a href=\"https:\/\/www.santagostino.it\/magazine-psiche\/terapia-cognitivo-comportamentale\/\">terapia cognitivo-comportamentale<\/a> (TCC)<\/b><span style=\"font-weight: 400;\"> pu\u00f2 essere utile nel migliorare la gestione delle difficolt\u00e0 cognitive e nell&#8217;affrontare le<\/span><a href=\"https:\/\/www.santagostino.it\/magazine-psiche\/emozioni\/\"> <span style=\"font-weight: 400;\">emozioni<\/span><\/a><span style=\"font-weight: 400;\"> correlate alla malattia.<\/span><\/li>\n<li style=\"font-weight: 400;\" aria-level=\"1\"><b>Terapie di supporto <\/b><span style=\"font-weight: 400;\">come la <\/span><b>terapia occupazionale<\/b><span style=\"font-weight: 400;\"> e la <\/span><b>terapia del linguaggio <\/b><span style=\"font-weight: 400;\">possono aiutare a mantenere e migliorare le abilit\u00e0 cognitive e funzionali.<\/span><\/li>\n<li style=\"font-weight: 400;\" aria-level=\"1\"><b>Modifiche dello stile di vita:<\/b><span style=\"font-weight: 400;\"> seguire una dieta equilibrata, praticare attivit\u00e0 fisica regolare, dormire a sufficienza e mantenere la mente attiva con stimoli cognitivi.<\/span><\/li>\n<li style=\"font-weight: 400;\" aria-level=\"1\"><b>Supporto sociale ed emotivo <\/b><span style=\"font-weight: 400;\">da parte di familiari, amici e professionisti.<\/span><\/li>\n<li style=\"font-weight: 400;\" aria-level=\"1\"><b>Gestione delle condizioni mediche sottostanti<\/b><\/li>\n<\/ul>\n<style> .psiche-banner-desktop, .psiche-banner-mobile{ width:100%; height:auto; } .psiche-banner-mobile{ display:none; } @media (max-width: 720px) { .psiche-banner-desktop{ display:none; } .psiche-banner-mobile{ display:block; } } <\/style><a class=\"psiche-banner\" data-banner-id=\"25044\" href=\"https:\/\/www.santagostino.it\/it\/psico\/percorso-psicoterapia-adulti?utm_source=blog&#038;utm_medium=banner&#038;utm_campaign=Psiche_blog_banner_percorso_adulti\"><img width=\"1512\" height=\"578\" src=\"https:\/\/www.santagostino.it\/magazine-psiche\/wp-content\/uploads\/2024\/07\/banner_adulti-1.png\" class=\"psiche-banner-desktop\" alt=\"Prenota una seduta\" loading=\"lazy\" decoding=\"async\" style=\"width:100%;height:auto;\" \/><img width=\"700\" height=\"1000\" src=\"https:\/\/www.santagostino.it\/magazine-psiche\/wp-content\/uploads\/2024\/07\/banner_adulti_mobile.png\" class=\"psiche-banner-mobile\" alt=\"Prenota una seduta\" loading=\"lazy\" decoding=\"async\" style=\"width:100%;height:auto;\" \/><\/a>\n<h2>Quali sono i farmaci per la demenza?<\/h2>\n<p><span style=\"font-weight: 400;\">I <\/span><b>farmaci<\/b><span style=\"font-weight: 400;\"> per la demenza aiutano a gestirne i sintomi: <\/span><b>possono migliorare temporaneamente la funzione cognitiva<\/b><span style=\"font-weight: 400;\">, rallentare il declino o alleviare i disturbi comportamentali.\u00a0<\/span><\/p>\n<p><span style=\"font-weight: 400;\">I principali farmaci si dividono in due categorie:<\/span><\/p>\n<ol>\n<li style=\"font-weight: 400;\" aria-level=\"1\"><b>Inibitori dell&#8217;acetilcolinesterasi:<\/b><span style=\"font-weight: 400;\"> aumentano i livelli di <\/span><b>acetilcolina<\/b><span style=\"font-weight: 400;\">, un <a href=\"https:\/\/www.santagostino.it\/magazine-psiche\/neurotrasmettitori\/\">neurotrasmettitore<\/a> coinvolto nei processi cognitivi. Possono migliorare temporaneamente memoria, attenzione e autonomia nelle attivit\u00e0 quotidiane. Esempi: donepezil, rivastigmina, galantamina.<\/span><\/li>\n<li style=\"font-weight: 400;\" aria-level=\"1\"><b>Memantina:<\/b><span style=\"font-weight: 400;\"> regola il <\/span><b>glutammato<\/b><span style=\"font-weight: 400;\">, un neurotrasmettitore legato a memoria e apprendimento. La memantina \u00e8 indicata per le forme di demenza moderata o grave, da sola o in associazione agli inibitori dell\u2019acetilcolinesterasi.<\/span><\/li>\n<\/ol>\n<p><span style=\"font-weight: 400;\">Tuttavia, i farmaci, cos\u00ec come gli interventi proposti dai professionisti, mirano solo a preservare il pi\u00f9 a lungo possibile le capacit\u00e0 residue, <strong>senza poter arrestare il decadimento cognitivo<\/strong>, che resta una condizione irreversibile. Al momento, non esistono cure in grado di fermare o invertire la malattia.<\/span><\/p>\n","protected":false},"excerpt":{"rendered":"<p>Questo processo degenerativo e irreversibile comporta una compromissione delle funzioni cognitive e della possibilit\u00e0 di avere una vita in autonomia. Ecco come affrontarlo<\/p>\n","protected":false},"author":3,"featured_media":19094,"comment_status":"closed","ping_status":"open","sticky":false,"template":"","format":"standard","meta":{"footnotes":""},"categories":[279],"tags":[],"temi":[1110],"typology":[3],"class_list":["post-6489","post","type-post","status-publish","format-standard","has-post-thumbnail","hentry","category-adulti","percorsi-psicoterapia-adulti","temi-patologie-e-disturbi","typology-text"],"yoast_head":"<!-- This site is optimized with the Yoast SEO Premium plugin v25.3.1 (Yoast SEO v25.3.1) - https:\/\/yoast.com\/wordpress\/plugins\/seo\/ -->\n<title>Decadimento cognitivo e anziani: cosa fare - Santagostino Psiche<\/title>\n<meta name=\"description\" content=\"Con l\u2019avanzare dell\u2019et\u00e0 si pu\u00f2 verificare un decadimento cognitivo, comunemente definito demenza senile. Scopriamo cos&#039;\u00e8 e come affrontarlo.\" \/>\n<meta name=\"robots\" content=\"index, follow, max-snippet:-1, max-image-preview:large, max-video-preview:-1\" \/>\n<link rel=\"canonical\" href=\"https:\/\/www.santagostino.it\/magazine-psiche\/decadimento-cognitivo-anziani\/\" \/>\n<meta name=\"twitter:label1\" content=\"Scritto da\" \/>\n\t<meta name=\"twitter:data1\" content=\"Marta Impedovo\" \/>\n\t<meta name=\"twitter:label2\" content=\"Tempo di lettura stimato\" \/>\n\t<meta name=\"twitter:data2\" content=\"6 minuti\" \/>\n<script type=\"application\/ld+json\" class=\"yoast-schema-graph\">{\"@context\":\"https:\/\/schema.org\",\"@graph\":[{\"@type\":\"Article\",\"@id\":\"https:\/\/www.santagostino.it\/magazine-psiche\/decadimento-cognitivo-anziani\/#article\",\"isPartOf\":{\"@id\":\"https:\/\/www.santagostino.it\/magazine-psiche\/decadimento-cognitivo-anziani\/\"},\"author\":{\"name\":\"Marta Impedovo\",\"@id\":\"https:\/\/psiche.santagostino.it\/#\/schema\/person\/23b0142a416b5834345e58d799eaf66b\"},\"headline\":\"Il decadimento cognitivo o declino cognitivo\",\"datePublished\":\"2025-04-14T09:40:21+00:00\",\"dateModified\":\"2025-07-17T15:00:04+00:00\",\"mainEntityOfPage\":{\"@id\":\"https:\/\/www.santagostino.it\/magazine-psiche\/decadimento-cognitivo-anziani\/\"},\"wordCount\":1021,\"publisher\":{\"@id\":\"https:\/\/psiche.santagostino.it\/#organization\"},\"image\":{\"@id\":\"https:\/\/www.santagostino.it\/magazine-psiche\/decadimento-cognitivo-anziani\/#primaryimage\"},\"thumbnailUrl\":\"https:\/\/www.santagostino.it\/magazine-psiche\/wp-content\/uploads\/2019\/02\/decadimento-cognitivo-anziani.jpg\",\"articleSection\":[\"Adulti\"],\"inLanguage\":\"it-IT\"},{\"@type\":\"WebPage\",\"@id\":\"https:\/\/www.santagostino.it\/magazine-psiche\/decadimento-cognitivo-anziani\/\",\"url\":\"https:\/\/www.santagostino.it\/magazine-psiche\/decadimento-cognitivo-anziani\/\",\"name\":\"Decadimento cognitivo e anziani: cosa fare - Santagostino Psiche\",\"isPartOf\":{\"@id\":\"https:\/\/psiche.santagostino.it\/#website\"},\"primaryImageOfPage\":{\"@id\":\"https:\/\/www.santagostino.it\/magazine-psiche\/decadimento-cognitivo-anziani\/#primaryimage\"},\"image\":{\"@id\":\"https:\/\/www.santagostino.it\/magazine-psiche\/decadimento-cognitivo-anziani\/#primaryimage\"},\"thumbnailUrl\":\"https:\/\/www.santagostino.it\/magazine-psiche\/wp-content\/uploads\/2019\/02\/decadimento-cognitivo-anziani.jpg\",\"datePublished\":\"2025-04-14T09:40:21+00:00\",\"dateModified\":\"2025-07-17T15:00:04+00:00\",\"description\":\"Con l\u2019avanzare dell\u2019et\u00e0 si pu\u00f2 verificare un decadimento cognitivo, comunemente definito demenza senile. Scopriamo cos'\u00e8 e come affrontarlo.\",\"breadcrumb\":{\"@id\":\"https:\/\/www.santagostino.it\/magazine-psiche\/decadimento-cognitivo-anziani\/#breadcrumb\"},\"inLanguage\":\"it-IT\",\"potentialAction\":[{\"@type\":\"ReadAction\",\"target\":[\"https:\/\/www.santagostino.it\/magazine-psiche\/decadimento-cognitivo-anziani\/\"]}]},{\"@type\":\"ImageObject\",\"inLanguage\":\"it-IT\",\"@id\":\"https:\/\/www.santagostino.it\/magazine-psiche\/decadimento-cognitivo-anziani\/#primaryimage\",\"url\":\"https:\/\/www.santagostino.it\/magazine-psiche\/wp-content\/uploads\/2019\/02\/decadimento-cognitivo-anziani.jpg\",\"contentUrl\":\"https:\/\/www.santagostino.it\/magazine-psiche\/wp-content\/uploads\/2019\/02\/decadimento-cognitivo-anziani.jpg\",\"width\":1200,\"height\":580,\"caption\":\"decadimento cognitivo anziani\"},{\"@type\":\"BreadcrumbList\",\"@id\":\"https:\/\/www.santagostino.it\/magazine-psiche\/decadimento-cognitivo-anziani\/#breadcrumb\",\"itemListElement\":[{\"@type\":\"ListItem\",\"position\":1,\"name\":\"Home\",\"item\":\"https:\/\/psiche.santagostino.it\/\"},{\"@type\":\"ListItem\",\"position\":2,\"name\":\"Il decadimento cognitivo o declino cognitivo\"}]},{\"@type\":\"WebSite\",\"@id\":\"https:\/\/psiche.santagostino.it\/#website\",\"url\":\"https:\/\/psiche.santagostino.it\/\",\"name\":\"https:\/\/www.santagostino.it\/magazine-psiche\",\"description\":\"La finestra sulla mente\",\"publisher\":{\"@id\":\"https:\/\/psiche.santagostino.it\/#organization\"},\"alternateName\":\"Psiche Santagostino\",\"potentialAction\":[{\"@type\":\"SearchAction\",\"target\":{\"@type\":\"EntryPoint\",\"urlTemplate\":\"https:\/\/psiche.santagostino.it\/?s={search_term_string}\"},\"query-input\":{\"@type\":\"PropertyValueSpecification\",\"valueRequired\":true,\"valueName\":\"search_term_string\"}}],\"inLanguage\":\"it-IT\"},{\"@type\":\"Organization\",\"@id\":\"https:\/\/psiche.santagostino.it\/#organization\",\"name\":\"https:\/\/www.santagostino.it\/magazine-psiche\",\"url\":\"https:\/\/psiche.santagostino.it\/\",\"logo\":{\"@type\":\"ImageObject\",\"inLanguage\":\"it-IT\",\"@id\":\"https:\/\/psiche.santagostino.it\/#\/schema\/logo\/image\/\",\"url\":\"https:\/\/www.santagostino.it\/magazine-psiche\/wp-content\/uploads\/2023\/07\/Santagostino-psiche-logo.png\",\"contentUrl\":\"https:\/\/www.santagostino.it\/magazine-psiche\/wp-content\/uploads\/2023\/07\/Santagostino-psiche-logo.png\",\"width\":430,\"height\":71,\"caption\":\"https:\/\/www.santagostino.it\/magazine-psiche\"},\"image\":{\"@id\":\"https:\/\/psiche.santagostino.it\/#\/schema\/logo\/image\/\"},\"sameAs\":[\"https:\/\/www.facebook.com\/santagostinopsiche\/\"]},{\"@type\":\"Person\",\"@id\":\"https:\/\/psiche.santagostino.it\/#\/schema\/person\/23b0142a416b5834345e58d799eaf66b\",\"name\":\"Marta Impedovo\",\"image\":{\"@type\":\"ImageObject\",\"inLanguage\":\"it-IT\",\"@id\":\"https:\/\/psiche.santagostino.it\/#\/schema\/person\/image\/\",\"url\":\"https:\/\/secure.gravatar.com\/avatar\/ceb9f6d416dbeecadd450e94200431d3?s=96&d=mm&r=g\",\"contentUrl\":\"https:\/\/secure.gravatar.com\/avatar\/ceb9f6d416dbeecadd450e94200431d3?s=96&d=mm&r=g\",\"caption\":\"Marta Impedovo\"},\"url\":\"https:\/\/www.santagostino.it\/magazine-psiche\/author\/martaimpedovo\/\"}]}<\/script>\n<!-- \/ Yoast SEO Premium plugin. -->","yoast_head_json":{"title":"Decadimento cognitivo e anziani: cosa fare - Santagostino Psiche","description":"Con l\u2019avanzare dell\u2019et\u00e0 si pu\u00f2 verificare un decadimento cognitivo, comunemente definito demenza senile. Scopriamo cos'\u00e8 e come affrontarlo.","robots":{"index":"index","follow":"follow","max-snippet":"max-snippet:-1","max-image-preview":"max-image-preview:large","max-video-preview":"max-video-preview:-1"},"canonical":"https:\/\/www.santagostino.it\/magazine-psiche\/decadimento-cognitivo-anziani\/","twitter_misc":{"Scritto da":"Marta Impedovo","Tempo di lettura stimato":"6 minuti"},"schema":{"@context":"https:\/\/schema.org","@graph":[{"@type":"Article","@id":"https:\/\/www.santagostino.it\/magazine-psiche\/decadimento-cognitivo-anziani\/#article","isPartOf":{"@id":"https:\/\/www.santagostino.it\/magazine-psiche\/decadimento-cognitivo-anziani\/"},"author":{"name":"Marta Impedovo","@id":"https:\/\/psiche.santagostino.it\/#\/schema\/person\/23b0142a416b5834345e58d799eaf66b"},"headline":"Il decadimento cognitivo o declino cognitivo","datePublished":"2025-04-14T09:40:21+00:00","dateModified":"2025-07-17T15:00:04+00:00","mainEntityOfPage":{"@id":"https:\/\/www.santagostino.it\/magazine-psiche\/decadimento-cognitivo-anziani\/"},"wordCount":1021,"publisher":{"@id":"https:\/\/psiche.santagostino.it\/#organization"},"image":{"@id":"https:\/\/www.santagostino.it\/magazine-psiche\/decadimento-cognitivo-anziani\/#primaryimage"},"thumbnailUrl":"https:\/\/www.santagostino.it\/magazine-psiche\/wp-content\/uploads\/2019\/02\/decadimento-cognitivo-anziani.jpg","articleSection":["Adulti"],"inLanguage":"it-IT"},{"@type":"WebPage","@id":"https:\/\/www.santagostino.it\/magazine-psiche\/decadimento-cognitivo-anziani\/","url":"https:\/\/www.santagostino.it\/magazine-psiche\/decadimento-cognitivo-anziani\/","name":"Decadimento cognitivo e anziani: cosa fare - Santagostino Psiche","isPartOf":{"@id":"https:\/\/psiche.santagostino.it\/#website"},"primaryImageOfPage":{"@id":"https:\/\/www.santagostino.it\/magazine-psiche\/decadimento-cognitivo-anziani\/#primaryimage"},"image":{"@id":"https:\/\/www.santagostino.it\/magazine-psiche\/decadimento-cognitivo-anziani\/#primaryimage"},"thumbnailUrl":"https:\/\/www.santagostino.it\/magazine-psiche\/wp-content\/uploads\/2019\/02\/decadimento-cognitivo-anziani.jpg","datePublished":"2025-04-14T09:40:21+00:00","dateModified":"2025-07-17T15:00:04+00:00","description":"Con l\u2019avanzare dell\u2019et\u00e0 si pu\u00f2 verificare un decadimento cognitivo, comunemente definito demenza senile. Scopriamo cos'\u00e8 e come affrontarlo.","breadcrumb":{"@id":"https:\/\/www.santagostino.it\/magazine-psiche\/decadimento-cognitivo-anziani\/#breadcrumb"},"inLanguage":"it-IT","potentialAction":[{"@type":"ReadAction","target":["https:\/\/www.santagostino.it\/magazine-psiche\/decadimento-cognitivo-anziani\/"]}]},{"@type":"ImageObject","inLanguage":"it-IT","@id":"https:\/\/www.santagostino.it\/magazine-psiche\/decadimento-cognitivo-anziani\/#primaryimage","url":"https:\/\/www.santagostino.it\/magazine-psiche\/wp-content\/uploads\/2019\/02\/decadimento-cognitivo-anziani.jpg","contentUrl":"https:\/\/www.santagostino.it\/magazine-psiche\/wp-content\/uploads\/2019\/02\/decadimento-cognitivo-anziani.jpg","width":1200,"height":580,"caption":"decadimento cognitivo anziani"},{"@type":"BreadcrumbList","@id":"https:\/\/www.santagostino.it\/magazine-psiche\/decadimento-cognitivo-anziani\/#breadcrumb","itemListElement":[{"@type":"ListItem","position":1,"name":"Home","item":"https:\/\/psiche.santagostino.it\/"},{"@type":"ListItem","position":2,"name":"Il decadimento cognitivo o declino cognitivo"}]},{"@type":"WebSite","@id":"https:\/\/psiche.santagostino.it\/#website","url":"https:\/\/psiche.santagostino.it\/","name":"https:\/\/www.santagostino.it\/magazine-psiche","description":"La finestra sulla mente","publisher":{"@id":"https:\/\/psiche.santagostino.it\/#organization"},"alternateName":"Psiche Santagostino","potentialAction":[{"@type":"SearchAction","target":{"@type":"EntryPoint","urlTemplate":"https:\/\/psiche.santagostino.it\/?s={search_term_string}"},"query-input":{"@type":"PropertyValueSpecification","valueRequired":true,"valueName":"search_term_string"}}],"inLanguage":"it-IT"},{"@type":"Organization","@id":"https:\/\/psiche.santagostino.it\/#organization","name":"https:\/\/www.santagostino.it\/magazine-psiche","url":"https:\/\/psiche.santagostino.it\/","logo":{"@type":"ImageObject","inLanguage":"it-IT","@id":"https:\/\/psiche.santagostino.it\/#\/schema\/logo\/image\/","url":"https:\/\/www.santagostino.it\/magazine-psiche\/wp-content\/uploads\/2023\/07\/Santagostino-psiche-logo.png","contentUrl":"https:\/\/www.santagostino.it\/magazine-psiche\/wp-content\/uploads\/2023\/07\/Santagostino-psiche-logo.png","width":430,"height":71,"caption":"https:\/\/www.santagostino.it\/magazine-psiche"},"image":{"@id":"https:\/\/psiche.santagostino.it\/#\/schema\/logo\/image\/"},"sameAs":["https:\/\/www.facebook.com\/santagostinopsiche\/"]},{"@type":"Person","@id":"https:\/\/psiche.santagostino.it\/#\/schema\/person\/23b0142a416b5834345e58d799eaf66b","name":"Marta Impedovo","image":{"@type":"ImageObject","inLanguage":"it-IT","@id":"https:\/\/psiche.santagostino.it\/#\/schema\/person\/image\/","url":"https:\/\/secure.gravatar.com\/avatar\/ceb9f6d416dbeecadd450e94200431d3?s=96&d=mm&r=g","contentUrl":"https:\/\/secure.gravatar.com\/avatar\/ceb9f6d416dbeecadd450e94200431d3?s=96&d=mm&r=g","caption":"Marta Impedovo"},"url":"https:\/\/www.santagostino.it\/magazine-psiche\/author\/martaimpedovo\/"}]}},"_links":{"self":[{"href":"https:\/\/www.santagostino.it\/magazine-psiche\/wp-json\/wp\/v2\/posts\/6489","targetHints":{"allow":["GET"]}}],"collection":[{"href":"https:\/\/www.santagostino.it\/magazine-psiche\/wp-json\/wp\/v2\/posts"}],"about":[{"href":"https:\/\/www.santagostino.it\/magazine-psiche\/wp-json\/wp\/v2\/types\/post"}],"author":[{"embeddable":true,"href":"https:\/\/www.santagostino.it\/magazine-psiche\/wp-json\/wp\/v2\/users\/3"}],"replies":[{"embeddable":true,"href":"https:\/\/www.santagostino.it\/magazine-psiche\/wp-json\/wp\/v2\/comments?post=6489"}],"version-history":[{"count":45,"href":"https:\/\/www.santagostino.it\/magazine-psiche\/wp-json\/wp\/v2\/posts\/6489\/revisions"}],"predecessor-version":[{"id":28414,"href":"https:\/\/www.santagostino.it\/magazine-psiche\/wp-json\/wp\/v2\/posts\/6489\/revisions\/28414"}],"wp:featuredmedia":[{"embeddable":true,"href":"https:\/\/www.santagostino.it\/magazine-psiche\/wp-json\/wp\/v2\/media\/19094"}],"wp:attachment":[{"href":"https:\/\/www.santagostino.it\/magazine-psiche\/wp-json\/wp\/v2\/media?parent=6489"}],"wp:term":[{"taxonomy":"category","embeddable":true,"href":"https:\/\/www.santagostino.it\/magazine-psiche\/wp-json\/wp\/v2\/categories?post=6489"},{"taxonomy":"post_tag","embeddable":true,"href":"https:\/\/www.santagostino.it\/magazine-psiche\/wp-json\/wp\/v2\/tags?post=6489"},{"taxonomy":"temi","embeddable":true,"href":"https:\/\/www.santagostino.it\/magazine-psiche\/wp-json\/wp\/v2\/temi?post=6489"},{"taxonomy":"typology","embeddable":true,"href":"https:\/\/www.santagostino.it\/magazine-psiche\/wp-json\/wp\/v2\/typology?post=6489"}],"curies":[{"name":"wp","href":"https:\/\/api.w.org\/{rel}","templated":true}]}}