{"id":5867,"date":"2018-05-14T09:10:29","date_gmt":"2018-05-14T09:10:29","guid":{"rendered":"https:\/\/www.santagostino.it\/magazine-psiche\/?p=5867"},"modified":"2025-10-12T19:34:51","modified_gmt":"2025-10-12T19:34:51","slug":"manicomi-criminali-alle-rems","status":"publish","type":"post","link":"https:\/\/www.santagostino.it\/magazine-psiche\/manicomi-criminali-alle-rems\/","title":{"rendered":"Dai manicomi criminali alle Rems"},"content":{"rendered":"<p><span style=\"font-weight: 400;\">Mentre si celebrano i 40 anni della legge Basaglia, vediamo come sta andando una riforma pi\u00f9 recente: la legge 81 del 2014, che ha stabilito la chiusura dei \u201cmanicomi giudiziari\u201d e la loro sostituzione con strutture residenziali, le Rems.<\/span><\/p>\n<p><a class=\"content-cta\" href=\"https:\/\/www.santagostino.it\/it\/psico\/percorso-psichiatria?utm_source=Psiche&amp;utm_medium=direct&amp;utm_campaign=CTA_Psiche_manicomi_criminali_rems\">Prenota una seduta<\/a><\/p>\n<p><span style=\"font-weight: 400;\">La legge 81 del 2014 ha stabilito la chiusura degli Ospedali psichiatrici giudiziari (gli <strong>Opg<\/strong>, che l\u2019ex Presidente della Repubblica Giorgio Napolitano aveva definito \u201cestremo orrore\u201d): da allora ogni regione deve impegnarsi a prendersi carico dei propri pazienti psichiatrico-forensi. \u00c8 cos\u00ec \u00e8 iniziata la corsa alla costruzione delle<strong> Rems<\/strong> (Residenze per l\u2019esecuzione delle misure di sicurezza), con le fisiologiche differenze regionali in termini di tempistiche ed efficienza. Un cambiamento complesso, che ha avuto una lunga incubazione e che comporta ancora molte difficolt\u00e0 e alcuni rischi. <\/span><\/p>\n<h2>La legge Basaglia<\/h2>\n<p><span style=\"font-weight: 400;\">La riforma che ha portato alla chiusura degli Ospedali psichiatrici giudiziari ha un antecedente, ben pi\u00f9 noto, studiato ed emulato in vari paesi d\u2019Europa: una rivoluzione culturale quasi pi\u00f9 che una semplice riforma. Una sfida che ha reso la psichiatria italiana famosa nel mondo, e che rappresenta la manifestazione migliore dell\u2019avanguardismo culturale di cui ogni tanto il nostro Paese \u00e8 capace. Una legge che, per l\u2019impeto e la fretta di essere portata a compimento, ha dimenticato di considerare alcune delle conseguenze che la chiusura dei manicomi avrebbe avuto sulla vita dei pazienti e sulla societ\u00e0, ma di cui non pu\u00f2 essere messa in discussione l\u2019originalit\u00e0 e la profondit\u00e0 intellettuale che ne ha fondato le premesse. Una legge che, nonostante lui stesso ne abbia preso le distanze in alcuni momenti, ha un nome e un cognome: Franco Basaglia.<br \/>\n<\/span><span style=\"font-weight: 400;\">La <\/span><b>Legge Basaglia<\/b><span style=\"font-weight: 400;\">, o pi\u00f9 propriamente Legge 180, fu approvata in parlamento il 13 maggio 1978, in fretta e in anticipo rispetto alla complessiva legge sanitaria che istitu\u00ec il Sistema Sanitario Nazionale e che vedr\u00e0 la luce alla fine dello stesso anno. Dal punto di vista legislativo il passaggio era netto, dall\u2019obiettivo di cura-custodia della legge che risaliva al 1904 alla negazione dell\u2019equivalenza malattia mentale-pericolosit\u00e0 sociale.<\/span><\/p>\n<h2>Gli Opg? Dimenticati<\/h2>\n<p><span style=\"font-weight: 400;\">Al contrario della grande rivoluzione che riguardava i manicomi, l\u2019effetto sugli Ospedali psichiatrici giudiziari fu completamente assente. Essendo strutture controllate dal Ministero di Grazia e Giustizia e non da quello della Sanit\u00e0 come i manicomi civili &#8211; e dal momento che la riforma riguardava la sanit\u00e0, non la giustizia &#8211; furono \u201cdimenticati\u201d. Fondamentalmente si \u00e8 compiuta una scissione che \u00e8 stata definito un \u201cparadosso italiano\u201d, ovvero una situazione in cui per decenni hanno convissuto uno dei sistemi di assistenza psichiatrica territoriale tra i pi\u00f9 radicali e avanzati del panorama internazionale e un sistema psichiatrico-forense di impianto ottocentesco.<\/span><\/p>\n<h2>Misure di sicurezza e pericolosit\u00e0 sociale<\/h2>\n<p><span style=\"font-weight: 400;\">La vetta pi\u00f9 alta toccata da Basaglia (convincere il mondo che il matto non \u00e8 di per s\u00e9 anche pericoloso), era effettivamente di molto pi\u00f9 difficile riuscita nel momento in cui l\u2019oggetto del discorso diventava il \u201cmatto criminale\u201d. E infatti la pericolosit\u00e0 sociale \u00e8 a tutt\u2019oggi il perno intorno a cui ruota la perizia e quindi il destino di un autore di reato riconosciuto infermo\/seminfermo di mente. E qui sta il problema: sulla pericolosit\u00e0 sociale sono state spese tante parole, sono sorti dibattiti accesissimi, e diversi autorevoli psichiatri e illustri uomini di legge si sono impegnati per un suo superamento, senza per\u00f2 mai riuscire a proporre un\u2019alternativa soddisfacente.<\/span><\/p>\n<p><span style=\"font-weight: 400;\">Riassumendo, sono almeno due gli aspetti criticabili. Innanzitutto il fatto che la valutazione di pericolosit\u00e0 sociale \u00e8 in larga parte soggettiva e arbitraria (non \u00e8 possibile produrre dati scientificamente solidi per certificare che un soggetto in futuro commetter\u00e0 di nuovo reato). L\u2019altro tema \u00e8 la possibilit\u00e0 che si verifichi quella situazione che nel tempo \u00e8 stata definita \u201cergastolo bianco\u201d. Su questo problema hanno posto l\u2019accento tutti quei movimenti che reclamavano a gran voce la chiusura dei manicomi criminali. <\/span><\/p>\n<h2>Che cosa \u00e8 cambiato con la legge 81<\/h2>\n<p><span style=\"font-weight: 400;\">La legge 81 stabilisce che le misure di sicurezza detentive (comprese le Rems) non possono durare oltre il tempo stabilito per la pena detentiva prevista per il reato commesso. Ma di fatto, anche dopo la legge 81, \u00e8 ancora la pericolosit\u00e0 sociale a determinare il futuro dei pazienti psichiatrico-forensi, che diventano \u201cinternati\u201d quando in sede di processo il magistrato decreta che il rischio di recidiva \u00e8 consistente, che qualsiasi altra misura non \u00e8 adeguata a far fronte alla pericolosit\u00e0 del soggetto e che quindi si prevede il ricovero in Rems. Se ci\u00f2 non avviene, e non si attribuisce quindi una misura di sicurezza al reo, la persona intraprende l\u2019iter detentivo normale ed \u00e8 per questo chiamato \u201cdetenuto\u201d, senza togliere il fatto che possa comunque presentare disturbi psichiatrici. <\/span><\/p>\n<h2><b>Le Rems<\/b><\/h2>\n<p><span style=\"font-weight: 400;\">Con l\u2019attuazione della legge &#8211; circa tre anni fa &#8211; coloro che hanno una misura di sicurezza detentiva devono essere trasferiti nella Rems della Regione di competenza. A regime le Rems saranno 30, per un totale di circa 600 posti disponibili, e si tratta in tutti i casi di strutture residenziali socio-sanitarie di piccole dimensioni (l\u2019intenzione \u00e8 stata quella di curare e non di recludere o punire). Il direttore \u00e8 un medico psichiatra e l\u2019equipe di lavoro \u00e8 composta da personale sanitario e anche la costruzione e gestione delle strutture \u00e8 in mano al Sistema Sanitario Nazionale. Per ogni paziente internato \u00e8 definito, entro 45 giorni dal suo ingresso, un <\/span><b>Progetto Terapeutico-Riabilitativo Personalizzato<\/b><span style=\"font-weight: 400;\"> (Ptri) che deve essere controllato e aggiornato periodicamente. <\/span><\/p>\n<h2>I rischi<\/h2>\n<p><span style=\"font-weight: 400;\">Le intenzioni sono ottime (la legge prevede di definire tempi certi e impegni precisi per la dimissione di tutte le persone internate per le quali l\u2019autorit\u00e0 giudiziaria escluda la sussistenza della pericolosit\u00e0 sociale). Il problema \u00e8 che la normativa non ha individuato specifiche risorse per il potenziamento dei Dipartimenti di Salute mentale, sui quali ricade la maggior parte dell\u2019onere di superamento degli Ospedali Psichiatrici Giudiziari. Inoltre un nuovo decreto legge stabilisce che nelle Rems andranno anche coloro per i quali l\u2019infermit\u00e0 sia sopraggiunta in carcere e quelli in osservazione. In altre parole, il rischio \u00e8 che le Rems diventino rapidamente sovraffollate e ingestibili. <\/span><span style=\"font-weight: 400;\"><br \/>\n<\/span><span style=\"font-weight: 400;\">Un altro, non certo irrilevante, problema \u00e8 che di nuovo, a quarant\u2019anni dall\u2019esperienza della legge Basaglia, si \u00e8 commesso lo stesso errore, ovvero fare una legge e una riforma che migliora la vita di molti ma ne dimentica altri. Per coloro i quali la riforma \u00e8 prevista, per chi quindi andr\u00e0 nelle Rems, \u00e8 innegabile che un passo avanti sia stato compiuto; ma non sono tutti, e le carceri rimangono piene di persone con disagi psichici anche piuttosto marcati; e oltre a essere evidente che non \u00e8 il carcere il luogo adatto a guarire da tali disagi, si aggiungono difficolt\u00e0 a un sistema, quello penitenziario, che non si pu\u00f2 certo definire in ottima forma.<\/span><\/p>\n<p>&nbsp;<\/p>\n<p>&nbsp;<\/p>\n","protected":false},"excerpt":{"rendered":"<p>Gli ospedali psichiatrici giudiziari sono stati oggi sostituiti da strutture residenziali, le Rems<\/p>\n","protected":false},"author":3,"featured_media":5872,"comment_status":"closed","ping_status":"open","sticky":false,"template":"","format":"standard","meta":{"_se_main_payload":"","_se_review":"","_se_options":"","_se_confidence_fields":"","_se_evidence":"","_se_main_type":"","_se_template_id":"","_se_main_name":"","_se_main_code":"","_se_confidence_global":"","_se_review_enabled":"0","_gst_type":"","_gst_payload":"","_gst_conditions":"","footnotes":""},"categories":[1],"tags":[],"temi":[1111],"typology":[3],"class_list":["post-5867","post","type-post","status-publish","format-standard","has-post-thumbnail","hentry","category-psichiatria","percorsi-psichiatria","temi-attualita","typology-text"],"yoast_head":"<!-- This site is optimized with the Yoast SEO Premium plugin v25.9 (Yoast SEO v25.9) - https:\/\/yoast.com\/wordpress\/plugins\/seo\/ -->\n<title>Dai manicomi criminali alle Rems, che cosa \u00e8 cambiato?<\/title>\n<meta name=\"description\" content=\"A 40 anni dalla legge Basaglia, la legge 81\/2014: chiusi i manicomi giudiziari, sostituiti dalle Rems, strutture residenziali per la cura\" \/>\n<meta name=\"robots\" content=\"index, follow, max-snippet:-1, max-image-preview:large, max-video-preview:-1\" \/>\n<link rel=\"canonical\" href=\"https:\/\/www.santagostino.it\/magazine-psiche\/manicomi-criminali-alle-rems\/\" \/>\n<meta name=\"twitter:label1\" content=\"Scritto da\" \/>\n\t<meta name=\"twitter:data1\" content=\"Marta Impedovo\" \/>\n\t<meta name=\"twitter:label2\" content=\"Tempo di lettura stimato\" \/>\n\t<meta name=\"twitter:data2\" content=\"7 minuti\" \/>\n<script type=\"application\/ld+json\" class=\"yoast-schema-graph\">{\"@context\":\"https:\/\/schema.org\",\"@graph\":[{\"@type\":\"Article\",\"@id\":\"https:\/\/www.santagostino.it\/magazine-psiche\/manicomi-criminali-alle-rems\/#article\",\"isPartOf\":{\"@id\":\"https:\/\/www.santagostino.it\/magazine-psiche\/manicomi-criminali-alle-rems\/\"},\"author\":{\"name\":\"Marta Impedovo\",\"@id\":\"https:\/\/psiche.santagostino.it\/#\/schema\/person\/23b0142a416b5834345e58d799eaf66b\"},\"headline\":\"Dai manicomi criminali alle Rems\",\"datePublished\":\"2018-05-14T09:10:29+00:00\",\"dateModified\":\"2025-10-12T19:34:51+00:00\",\"mainEntityOfPage\":{\"@id\":\"https:\/\/www.santagostino.it\/magazine-psiche\/manicomi-criminali-alle-rems\/\"},\"wordCount\":1090,\"publisher\":{\"@id\":\"https:\/\/psiche.santagostino.it\/#organization\"},\"image\":{\"@id\":\"https:\/\/www.santagostino.it\/magazine-psiche\/manicomi-criminali-alle-rems\/#primaryimage\"},\"thumbnailUrl\":\"https:\/\/www.santagostino.it\/magazine-psiche\/wp-content\/uploads\/2018\/05\/manicomio-1.jpg\",\"articleSection\":[\"Psichiatria\"],\"inLanguage\":\"it-IT\"},{\"@type\":\"WebPage\",\"@id\":\"https:\/\/www.santagostino.it\/magazine-psiche\/manicomi-criminali-alle-rems\/\",\"url\":\"https:\/\/www.santagostino.it\/magazine-psiche\/manicomi-criminali-alle-rems\/\",\"name\":\"Dai manicomi criminali alle Rems, che cosa \u00e8 cambiato?\",\"isPartOf\":{\"@id\":\"https:\/\/psiche.santagostino.it\/#website\"},\"primaryImageOfPage\":{\"@id\":\"https:\/\/www.santagostino.it\/magazine-psiche\/manicomi-criminali-alle-rems\/#primaryimage\"},\"image\":{\"@id\":\"https:\/\/www.santagostino.it\/magazine-psiche\/manicomi-criminali-alle-rems\/#primaryimage\"},\"thumbnailUrl\":\"https:\/\/www.santagostino.it\/magazine-psiche\/wp-content\/uploads\/2018\/05\/manicomio-1.jpg\",\"datePublished\":\"2018-05-14T09:10:29+00:00\",\"dateModified\":\"2025-10-12T19:34:51+00:00\",\"description\":\"A 40 anni dalla legge Basaglia, la legge 81\/2014: chiusi i manicomi giudiziari, sostituiti dalle Rems, strutture residenziali per la cura\",\"breadcrumb\":{\"@id\":\"https:\/\/www.santagostino.it\/magazine-psiche\/manicomi-criminali-alle-rems\/#breadcrumb\"},\"inLanguage\":\"it-IT\",\"potentialAction\":[{\"@type\":\"ReadAction\",\"target\":[\"https:\/\/www.santagostino.it\/magazine-psiche\/manicomi-criminali-alle-rems\/\"]}]},{\"@type\":\"ImageObject\",\"inLanguage\":\"it-IT\",\"@id\":\"https:\/\/www.santagostino.it\/magazine-psiche\/manicomi-criminali-alle-rems\/#primaryimage\",\"url\":\"https:\/\/www.santagostino.it\/magazine-psiche\/wp-content\/uploads\/2018\/05\/manicomio-1.jpg\",\"contentUrl\":\"https:\/\/www.santagostino.it\/magazine-psiche\/wp-content\/uploads\/2018\/05\/manicomio-1.jpg\",\"width\":951,\"height\":402},{\"@type\":\"BreadcrumbList\",\"@id\":\"https:\/\/www.santagostino.it\/magazine-psiche\/manicomi-criminali-alle-rems\/#breadcrumb\",\"itemListElement\":[{\"@type\":\"ListItem\",\"position\":1,\"name\":\"Home\",\"item\":\"https:\/\/psiche.santagostino.it\/\"},{\"@type\":\"ListItem\",\"position\":2,\"name\":\"Dai manicomi criminali alle Rems\"}]},{\"@type\":\"WebSite\",\"@id\":\"https:\/\/psiche.santagostino.it\/#website\",\"url\":\"https:\/\/psiche.santagostino.it\/\",\"name\":\"https:\/\/www.santagostino.it\/magazine-psiche\",\"description\":\"La finestra sulla mente\",\"publisher\":{\"@id\":\"https:\/\/psiche.santagostino.it\/#organization\"},\"alternateName\":\"Psiche Santagostino\",\"potentialAction\":[{\"@type\":\"SearchAction\",\"target\":{\"@type\":\"EntryPoint\",\"urlTemplate\":\"https:\/\/psiche.santagostino.it\/?s={search_term_string}\"},\"query-input\":{\"@type\":\"PropertyValueSpecification\",\"valueRequired\":true,\"valueName\":\"search_term_string\"}}],\"inLanguage\":\"it-IT\"},{\"@type\":\"Organization\",\"@id\":\"https:\/\/psiche.santagostino.it\/#organization\",\"name\":\"https:\/\/www.santagostino.it\/magazine-psiche\",\"url\":\"https:\/\/psiche.santagostino.it\/\",\"logo\":{\"@type\":\"ImageObject\",\"inLanguage\":\"it-IT\",\"@id\":\"https:\/\/psiche.santagostino.it\/#\/schema\/logo\/image\/\",\"url\":\"https:\/\/www.santagostino.it\/magazine-psiche\/wp-content\/uploads\/2023\/07\/Santagostino-psiche-logo.png\",\"contentUrl\":\"https:\/\/www.santagostino.it\/magazine-psiche\/wp-content\/uploads\/2023\/07\/Santagostino-psiche-logo.png\",\"width\":430,\"height\":71,\"caption\":\"https:\/\/www.santagostino.it\/magazine-psiche\"},\"image\":{\"@id\":\"https:\/\/psiche.santagostino.it\/#\/schema\/logo\/image\/\"},\"sameAs\":[\"https:\/\/www.facebook.com\/santagostinopsiche\/\"]},{\"@type\":\"Person\",\"@id\":\"https:\/\/psiche.santagostino.it\/#\/schema\/person\/23b0142a416b5834345e58d799eaf66b\",\"name\":\"Marta Impedovo\",\"image\":{\"@type\":\"ImageObject\",\"inLanguage\":\"it-IT\",\"@id\":\"https:\/\/psiche.santagostino.it\/#\/schema\/person\/image\/\",\"url\":\"https:\/\/secure.gravatar.com\/avatar\/ceb9f6d416dbeecadd450e94200431d3?s=96&d=mm&r=g\",\"contentUrl\":\"https:\/\/secure.gravatar.com\/avatar\/ceb9f6d416dbeecadd450e94200431d3?s=96&d=mm&r=g\",\"caption\":\"Marta Impedovo\"},\"url\":\"https:\/\/www.santagostino.it\/magazine-psiche\/author\/martaimpedovo\/\"}]}<\/script>\n<!-- \/ Yoast SEO Premium plugin. -->","yoast_head_json":{"title":"Dai manicomi criminali alle Rems, che cosa \u00e8 cambiato?","description":"A 40 anni dalla legge Basaglia, la legge 81\/2014: chiusi i manicomi giudiziari, sostituiti dalle Rems, strutture residenziali per la cura","robots":{"index":"index","follow":"follow","max-snippet":"max-snippet:-1","max-image-preview":"max-image-preview:large","max-video-preview":"max-video-preview:-1"},"canonical":"https:\/\/www.santagostino.it\/magazine-psiche\/manicomi-criminali-alle-rems\/","twitter_misc":{"Scritto da":"Marta Impedovo","Tempo di lettura stimato":"7 minuti"},"schema":{"@context":"https:\/\/schema.org","@graph":[{"@type":"Article","@id":"https:\/\/www.santagostino.it\/magazine-psiche\/manicomi-criminali-alle-rems\/#article","isPartOf":{"@id":"https:\/\/www.santagostino.it\/magazine-psiche\/manicomi-criminali-alle-rems\/"},"author":{"name":"Marta Impedovo","@id":"https:\/\/psiche.santagostino.it\/#\/schema\/person\/23b0142a416b5834345e58d799eaf66b"},"headline":"Dai manicomi criminali alle Rems","datePublished":"2018-05-14T09:10:29+00:00","dateModified":"2025-10-12T19:34:51+00:00","mainEntityOfPage":{"@id":"https:\/\/www.santagostino.it\/magazine-psiche\/manicomi-criminali-alle-rems\/"},"wordCount":1090,"publisher":{"@id":"https:\/\/psiche.santagostino.it\/#organization"},"image":{"@id":"https:\/\/www.santagostino.it\/magazine-psiche\/manicomi-criminali-alle-rems\/#primaryimage"},"thumbnailUrl":"https:\/\/www.santagostino.it\/magazine-psiche\/wp-content\/uploads\/2018\/05\/manicomio-1.jpg","articleSection":["Psichiatria"],"inLanguage":"it-IT"},{"@type":"WebPage","@id":"https:\/\/www.santagostino.it\/magazine-psiche\/manicomi-criminali-alle-rems\/","url":"https:\/\/www.santagostino.it\/magazine-psiche\/manicomi-criminali-alle-rems\/","name":"Dai manicomi criminali alle Rems, che cosa \u00e8 cambiato?","isPartOf":{"@id":"https:\/\/psiche.santagostino.it\/#website"},"primaryImageOfPage":{"@id":"https:\/\/www.santagostino.it\/magazine-psiche\/manicomi-criminali-alle-rems\/#primaryimage"},"image":{"@id":"https:\/\/www.santagostino.it\/magazine-psiche\/manicomi-criminali-alle-rems\/#primaryimage"},"thumbnailUrl":"https:\/\/www.santagostino.it\/magazine-psiche\/wp-content\/uploads\/2018\/05\/manicomio-1.jpg","datePublished":"2018-05-14T09:10:29+00:00","dateModified":"2025-10-12T19:34:51+00:00","description":"A 40 anni dalla legge Basaglia, la legge 81\/2014: chiusi i manicomi giudiziari, sostituiti dalle Rems, strutture residenziali per la cura","breadcrumb":{"@id":"https:\/\/www.santagostino.it\/magazine-psiche\/manicomi-criminali-alle-rems\/#breadcrumb"},"inLanguage":"it-IT","potentialAction":[{"@type":"ReadAction","target":["https:\/\/www.santagostino.it\/magazine-psiche\/manicomi-criminali-alle-rems\/"]}]},{"@type":"ImageObject","inLanguage":"it-IT","@id":"https:\/\/www.santagostino.it\/magazine-psiche\/manicomi-criminali-alle-rems\/#primaryimage","url":"https:\/\/www.santagostino.it\/magazine-psiche\/wp-content\/uploads\/2018\/05\/manicomio-1.jpg","contentUrl":"https:\/\/www.santagostino.it\/magazine-psiche\/wp-content\/uploads\/2018\/05\/manicomio-1.jpg","width":951,"height":402},{"@type":"BreadcrumbList","@id":"https:\/\/www.santagostino.it\/magazine-psiche\/manicomi-criminali-alle-rems\/#breadcrumb","itemListElement":[{"@type":"ListItem","position":1,"name":"Home","item":"https:\/\/psiche.santagostino.it\/"},{"@type":"ListItem","position":2,"name":"Dai manicomi criminali alle Rems"}]},{"@type":"WebSite","@id":"https:\/\/psiche.santagostino.it\/#website","url":"https:\/\/psiche.santagostino.it\/","name":"https:\/\/www.santagostino.it\/magazine-psiche","description":"La finestra sulla mente","publisher":{"@id":"https:\/\/psiche.santagostino.it\/#organization"},"alternateName":"Psiche Santagostino","potentialAction":[{"@type":"SearchAction","target":{"@type":"EntryPoint","urlTemplate":"https:\/\/psiche.santagostino.it\/?s={search_term_string}"},"query-input":{"@type":"PropertyValueSpecification","valueRequired":true,"valueName":"search_term_string"}}],"inLanguage":"it-IT"},{"@type":"Organization","@id":"https:\/\/psiche.santagostino.it\/#organization","name":"https:\/\/www.santagostino.it\/magazine-psiche","url":"https:\/\/psiche.santagostino.it\/","logo":{"@type":"ImageObject","inLanguage":"it-IT","@id":"https:\/\/psiche.santagostino.it\/#\/schema\/logo\/image\/","url":"https:\/\/www.santagostino.it\/magazine-psiche\/wp-content\/uploads\/2023\/07\/Santagostino-psiche-logo.png","contentUrl":"https:\/\/www.santagostino.it\/magazine-psiche\/wp-content\/uploads\/2023\/07\/Santagostino-psiche-logo.png","width":430,"height":71,"caption":"https:\/\/www.santagostino.it\/magazine-psiche"},"image":{"@id":"https:\/\/psiche.santagostino.it\/#\/schema\/logo\/image\/"},"sameAs":["https:\/\/www.facebook.com\/santagostinopsiche\/"]},{"@type":"Person","@id":"https:\/\/psiche.santagostino.it\/#\/schema\/person\/23b0142a416b5834345e58d799eaf66b","name":"Marta Impedovo","image":{"@type":"ImageObject","inLanguage":"it-IT","@id":"https:\/\/psiche.santagostino.it\/#\/schema\/person\/image\/","url":"https:\/\/secure.gravatar.com\/avatar\/ceb9f6d416dbeecadd450e94200431d3?s=96&d=mm&r=g","contentUrl":"https:\/\/secure.gravatar.com\/avatar\/ceb9f6d416dbeecadd450e94200431d3?s=96&d=mm&r=g","caption":"Marta Impedovo"},"url":"https:\/\/www.santagostino.it\/magazine-psiche\/author\/martaimpedovo\/"}]}},"_links":{"self":[{"href":"https:\/\/www.santagostino.it\/magazine-psiche\/wp-json\/wp\/v2\/posts\/5867","targetHints":{"allow":["GET"]}}],"collection":[{"href":"https:\/\/www.santagostino.it\/magazine-psiche\/wp-json\/wp\/v2\/posts"}],"about":[{"href":"https:\/\/www.santagostino.it\/magazine-psiche\/wp-json\/wp\/v2\/types\/post"}],"author":[{"embeddable":true,"href":"https:\/\/www.santagostino.it\/magazine-psiche\/wp-json\/wp\/v2\/users\/3"}],"replies":[{"embeddable":true,"href":"https:\/\/www.santagostino.it\/magazine-psiche\/wp-json\/wp\/v2\/comments?post=5867"}],"version-history":[{"count":4,"href":"https:\/\/www.santagostino.it\/magazine-psiche\/wp-json\/wp\/v2\/posts\/5867\/revisions"}],"predecessor-version":[{"id":28669,"href":"https:\/\/www.santagostino.it\/magazine-psiche\/wp-json\/wp\/v2\/posts\/5867\/revisions\/28669"}],"wp:featuredmedia":[{"embeddable":true,"href":"https:\/\/www.santagostino.it\/magazine-psiche\/wp-json\/wp\/v2\/media\/5872"}],"wp:attachment":[{"href":"https:\/\/www.santagostino.it\/magazine-psiche\/wp-json\/wp\/v2\/media?parent=5867"}],"wp:term":[{"taxonomy":"category","embeddable":true,"href":"https:\/\/www.santagostino.it\/magazine-psiche\/wp-json\/wp\/v2\/categories?post=5867"},{"taxonomy":"post_tag","embeddable":true,"href":"https:\/\/www.santagostino.it\/magazine-psiche\/wp-json\/wp\/v2\/tags?post=5867"},{"taxonomy":"temi","embeddable":true,"href":"https:\/\/www.santagostino.it\/magazine-psiche\/wp-json\/wp\/v2\/temi?post=5867"},{"taxonomy":"typology","embeddable":true,"href":"https:\/\/www.santagostino.it\/magazine-psiche\/wp-json\/wp\/v2\/typology?post=5867"}],"curies":[{"name":"wp","href":"https:\/\/api.w.org\/{rel}","templated":true}]}}