{"id":3306,"date":"2016-11-17T15:32:01","date_gmt":"2016-11-17T15:32:01","guid":{"rendered":"https:\/\/blog.cmsantagostino.it\/?p=3306"},"modified":"2023-09-28T17:34:45","modified_gmt":"2023-09-28T17:34:45","slug":"stigma-malattia-mentale","status":"publish","type":"post","link":"https:\/\/www.santagostino.it\/magazine-psiche\/stigma-malattia-mentale\/","title":{"rendered":"Lo stigma della malattia mentale, come affrontarlo?"},"content":{"rendered":"<p>Si parla di stigma della malattia mentale quando persone con disturbi psichiatrici sono allontanate e rifiutate dalla comunit\u00e0, senza che si abbia nemmeno la volont\u00e0 di comprendere tale condizione.<\/p>\n<p>Eppure, <strong>a soffrire di problemi di salute mentale in Italia sono circa <a href=\"https:\/\/lespresso.it\/c\/attualita\/2022\/9\/26\/in-italia-piu-di-4-milioni-di-persone-soffrono-di-disturbi-mentali\/12871\">4 milioni di persone<\/a><\/strong>. <strong>Ridurre lo stigma e la discriminazione dovrebbero essere obiettivi non solo dell\u2019individuo ma anche della comunit\u00e0<\/strong>, cos\u00ec da migliorare la comprensione dei disturbi psichici, o delle <a href=\"https:\/\/www.santagostino.it\/magazine-psiche\/malattia-mentale-semerari\/\">malattie mentali<\/a>, e favorire una pi\u00f9 opportuna integrazione.<\/p>\n<p>Cosa fare, quindi, per <strong>superare lo stigma della malattia mentale?<\/strong><\/p>\n<p><a class=\"content-cta\" href=\"https:\/\/salute.santagostino.it\/terapia-psico\/?utm_source=Pedia&amp;utm_medium=direct&amp;utm_campaign=CTA_Psiche_Ansia_Sintomi\"> <img decoding=\"async\" class=\"visible-md\" src=\"\/wp-content\/uploads\/2024\/06\/Rev_04_SanAgostino_banner_desktop_low.gif\" \/><img decoding=\"async\" class=\"hidden-md\" src=\"\/wp-content\/uploads\/2024\/06\/Rev_04_SanAgostino_banner_mobile_low.gif\" \/><\/a><\/p>\n<h2>Che cos\u2019\u00e8 lo stigma in psichiatria?<\/h2>\n<p>La parola <strong>stigma<\/strong> arriva a noi dal greco antico e il suo significato \u00e8 <strong>marchio<\/strong>, il marchio che nell\u2019antichit\u00e0 serviva a distinguere i padroni dagli schiavi. Oggi questo termine indica un\u00a0<strong>tratto socialmente disapprovato<\/strong>, che declassa a individuo di serie B. <strong>Le patologie mentali, in questo senso, sono oggetto di stigma<\/strong>.<\/p>\n<p>Ma perch\u00e9 si tende a stigmatizzare la malattia mentale? Le cause non sono identificabili in modo univoco. Si parla piuttosto di un\u00a0<strong>mix di diversi fattori all\u2019origine del marchio<\/strong>\u00a0<strong>applicato a chi soffre di disturbi mentali<\/strong>.<\/p>\n<h2>Quali sono le cause dello stigma?<\/h2>\n<p>Possono essere indicati tre fattori, che interagiscono tra loro:<\/p>\n<ul>\n<li><strong>mancanza di conoscenza<\/strong>, perch\u00e9 nonostante gli investimenti nella ricerca, come ad esempio la\u00a0<a href=\"https:\/\/braininitiative.nih.gov\/about\/overview\" target=\"_blank\" rel=\"noopener\"><em>Brain Initiative<\/em><\/a>\u00a0di Barack Obama,\u00a0non esistono marcatori biologici\u00a0che permettano di individuare una malattia mentale. Si parla infatti di\u00a0sindromi, e spesso la differenza tra\u00a0<a href=\"https:\/\/www.santagostino.it\/magazine-psiche\/nevrosi\/\">nevrosi<\/a>\u00a0e\u00a0psicosi\u00a0non \u00e8 mai cos\u00ec netta, e alcuni disturbi vengono definiti borderline<\/li>\n<li><strong>pregiudizi<\/strong>, spesso alimentati dai mezzi di informazione. Si pensi all\u2019associazione aberrante tra fatti di cronaca nera e malattie mentali. Un secondo pregiudizio deriva dall\u2019incurabilit\u00e0 delle patologie psichiatriche, ad esempio. Anche se incurabilit\u00e0 non implica automaticamente possibili ricadute in episodi patologici<\/li>\n<li><strong>emarginazione dei malati<\/strong> spesso isolati socialmente. La legislazione italiana, grazie alla legge Basaglia del 1978, ha stabilito definitivamente la\u00a0chiusura dei manicomi\u00a0a favore della\u00a0creazione di centri ambulatoriali. Eppure spesso le famiglie si trovano sole nell\u2019affrontare la malattia mentale, a volte adiuvate soltanto dall\u2019ausilio di\u00a0<a href=\"https:\/\/www.santagostino.it\/magazine-psiche\/2020\/04\/06\/psicofarmaci-domande-risposte\/\">psicofarmaci<\/a>.<\/li>\n<\/ul>\n<h2>Quale conseguenza pu\u00f2 avere per una persona lo stigma in salute mentale?<\/h2>\n<p>La <strong>principale conseguenza <\/strong>patita da chi \u00e8 oggetto di stigma risiede nella <strong>discriminazione, <\/strong>nell\u2019<strong>allontanamento <\/strong>e nell\u2019<strong>alienazione<\/strong>. Si parla di vera e propria <strong>marginalizzazione<\/strong>, che di fatto comporta anche la perdita, per la persona, del diritto fondamentale al benessere psichico.<\/p>\n<p>Le persone con diagnosi di malattia mentale devono quindi <strong>affrontare sia la malattia, sia l\u2019esclusione da parte del contesto sociale<\/strong>. In simili circostanze risulta particolarmente complesso, se non estremamente arduo, essere in grado di gestire in modo funzionale la malattia.<\/p>\n<p><a class=\"content-cta\" href=\"https:\/\/salute.santagostino.it\/terapia-psico\/?utm_source=Pedia&amp;utm_medium=direct&amp;utm_campaign=CTA_Psiche_Ansia_Sintomi\"> <img decoding=\"async\" class=\"visible-md\" src=\"\/wp-content\/uploads\/2024\/06\/Rev_04_SanAgostino_banner_desktop_low.gif\" \/><img decoding=\"async\" class=\"hidden-md\" src=\"\/wp-content\/uploads\/2024\/06\/Rev_04_SanAgostino_banner_mobile_low.gif\" \/><\/a><\/p>\n<h2>Come superare questo stigma?<\/h2>\n<p>\u00c8 fondamentale\u00a0<strong>parlare liberamente<\/strong>\u00a0della propria malattia. La psichiatra\u00a0<strong>Kay Redfield Jamison<\/strong>, esperta del disturbo bipolare, e affetta da questa patologia, afferma: \u201c<strong>I malati dovrebbero smettere di nascondersi<\/strong>, in particolare chi occupa una posizione tale da influenzare le opinioni altrui\u201d.<\/p>\n<p>Il <strong>contatto sociale<\/strong> \u00e8, da questo punto di vista, uno <strong>strumento essenziale<\/strong> per avvicinare persone non conoscono la realt\u00e0 delle malattie mentale e chi, invece, ne \u00e8 afflitto. Il contesto in cui far avvenire questo contatto pu\u00f2 essere dato dal teatro, dal cinema, da convegni e discussioni svolte anche online.<\/p>\n<p>Bisogna poi\u00a0<strong>riconoscere le risorse<\/strong>\u00a0insite in queste patologie. Lo psicologo\u00a0<strong>Peter Chadwick<\/strong>, affetto da\u00a0<a href=\"https:\/\/www.santagostino.it\/magazine-psiche\/schizofrenia\/\"><strong>schizofrenia<\/strong><\/a>, considera questa sindrome, e pi\u00f9 in generale le\u00a0<strong>psicosi<\/strong>, come\u00a0<strong>uno strumento che amplifica la creativit\u00e0, la sensibilit\u00e0 sociale e l\u2019<\/strong><a href=\"https:\/\/www.santagostino.it\/magazine-psiche\/2018\/05\/24\/empatia-parlare-chi-soffre\/\"><strong>empatia<\/strong><\/a>. E per terzo aspetto, bisogna imparare a\u00a0<strong>cambiare le parole<\/strong>. Dal 2002, in Giappone, la parola schizofrenia \u00e8 stata ufficialmente sostituita dall\u2019espressione: \u201cdisturbo dell\u2019integrazione\u201d.<\/p>\n<p>Un quarto aspetto riguarda <strong>l\u2019ambiente lavorativo<\/strong>. Nel Piano d\u2019azione globale per la salute mentale dell\u2019OMS, all\u2019obiettivo 3 sono previste azioni di promozione, da parte dei datori di lavoro, per la formazione e per il rientro al lavoro da parte di persone che hanno problemi di salute mentale.<\/p>\n<p>In conclusione bisogna guardare la\u00a0<strong>malattia mentale<\/strong>\u00a0per quello che \u00e8:\u00a0<strong>una malattia tra le altre<\/strong>. In questo modo ne beneficer\u00e0 anche la prognosi.<\/p>\n","protected":false},"excerpt":{"rendered":"<p>Lo stigma \u00e8 il pregiudizio, negativo e di rigetto, nei confronti di chi soffre di un disturbo psichico. Un pregiudizio che rifiuta anche la comprensione dei disturbi mentali.<\/p>\n","protected":false},"author":1,"featured_media":4293,"comment_status":"open","ping_status":"closed","sticky":false,"template":"","format":"standard","meta":{"footnotes":""},"categories":[1],"tags":[],"temi":[],"typology":[3],"class_list":["post-3306","post","type-post","status-publish","format-standard","has-post-thumbnail","hentry","category-psichiatria","typology-text"],"yoast_head":"<!-- This site is optimized with the Yoast SEO Premium plugin v25.3.1 (Yoast SEO v25.3.1) - https:\/\/yoast.com\/wordpress\/plugins\/seo\/ -->\n<title>Stigma e pregiudizi: perch\u00e9 la malattia mentale ci fa paura?<\/title>\n<meta name=\"description\" content=\"Lo stigma della malattia mentale danneggia e isola soffre di un disturbo psichico. Superare questa barriera aiuterebbe sia il paziente che la societ\u00e0.\" \/>\n<meta name=\"robots\" content=\"index, follow, max-snippet:-1, max-image-preview:large, max-video-preview:-1\" \/>\n<link rel=\"canonical\" href=\"https:\/\/psiche.santagostino.it\/stigma-malattia-mentale\/\" \/>\n<meta name=\"twitter:label1\" content=\"Scritto da\" \/>\n\t<meta name=\"twitter:data1\" content=\"bertonc\" \/>\n\t<meta name=\"twitter:label2\" content=\"Tempo di lettura stimato\" \/>\n\t<meta name=\"twitter:data2\" content=\"5 minuti\" \/>\n<script type=\"application\/ld+json\" class=\"yoast-schema-graph\">{\"@context\":\"https:\/\/schema.org\",\"@graph\":[{\"@type\":\"Article\",\"@id\":\"https:\/\/psiche.santagostino.it\/stigma-malattia-mentale\/#article\",\"isPartOf\":{\"@id\":\"https:\/\/psiche.santagostino.it\/stigma-malattia-mentale\/\"},\"author\":{\"name\":\"bertonc\",\"@id\":\"https:\/\/psiche.santagostino.it\/#\/schema\/person\/1c8f05649da5894385ac5385fd0f4d87\"},\"headline\":\"Lo stigma della malattia mentale, come affrontarlo?\",\"datePublished\":\"2016-11-17T15:32:01+00:00\",\"dateModified\":\"2023-09-28T17:34:45+00:00\",\"mainEntityOfPage\":{\"@id\":\"https:\/\/psiche.santagostino.it\/stigma-malattia-mentale\/\"},\"wordCount\":666,\"commentCount\":0,\"publisher\":{\"@id\":\"https:\/\/psiche.santagostino.it\/#organization\"},\"image\":{\"@id\":\"https:\/\/psiche.santagostino.it\/stigma-malattia-mentale\/#primaryimage\"},\"thumbnailUrl\":\"https:\/\/www.santagostino.it\/magazine-psiche\/wp-content\/uploads\/2016\/11\/van-gogh-433546.jpg\",\"articleSection\":[\"Psichiatria\"],\"inLanguage\":\"it-IT\",\"potentialAction\":[{\"@type\":\"CommentAction\",\"name\":\"Comment\",\"target\":[\"https:\/\/psiche.santagostino.it\/stigma-malattia-mentale\/#respond\"]}]},{\"@type\":\"WebPage\",\"@id\":\"https:\/\/psiche.santagostino.it\/stigma-malattia-mentale\/\",\"url\":\"https:\/\/psiche.santagostino.it\/stigma-malattia-mentale\/\",\"name\":\"Stigma e pregiudizi: perch\u00e9 la malattia mentale ci fa paura?\",\"isPartOf\":{\"@id\":\"https:\/\/psiche.santagostino.it\/#website\"},\"primaryImageOfPage\":{\"@id\":\"https:\/\/psiche.santagostino.it\/stigma-malattia-mentale\/#primaryimage\"},\"image\":{\"@id\":\"https:\/\/psiche.santagostino.it\/stigma-malattia-mentale\/#primaryimage\"},\"thumbnailUrl\":\"https:\/\/www.santagostino.it\/magazine-psiche\/wp-content\/uploads\/2016\/11\/van-gogh-433546.jpg\",\"datePublished\":\"2016-11-17T15:32:01+00:00\",\"dateModified\":\"2023-09-28T17:34:45+00:00\",\"description\":\"Lo stigma della malattia mentale danneggia e isola soffre di un disturbo psichico. Superare questa barriera aiuterebbe sia il paziente che la societ\u00e0.\",\"breadcrumb\":{\"@id\":\"https:\/\/psiche.santagostino.it\/stigma-malattia-mentale\/#breadcrumb\"},\"inLanguage\":\"it-IT\",\"potentialAction\":[{\"@type\":\"ReadAction\",\"target\":[\"https:\/\/psiche.santagostino.it\/stigma-malattia-mentale\/\"]}]},{\"@type\":\"ImageObject\",\"inLanguage\":\"it-IT\",\"@id\":\"https:\/\/psiche.santagostino.it\/stigma-malattia-mentale\/#primaryimage\",\"url\":\"https:\/\/www.santagostino.it\/magazine-psiche\/wp-content\/uploads\/2016\/11\/van-gogh-433546.jpg\",\"contentUrl\":\"https:\/\/www.santagostino.it\/magazine-psiche\/wp-content\/uploads\/2016\/11\/van-gogh-433546.jpg\",\"width\":4200,\"height\":1800,\"caption\":\"stigma della malattia mentale come affrontarlo\"},{\"@type\":\"BreadcrumbList\",\"@id\":\"https:\/\/psiche.santagostino.it\/stigma-malattia-mentale\/#breadcrumb\",\"itemListElement\":[{\"@type\":\"ListItem\",\"position\":1,\"name\":\"Home\",\"item\":\"https:\/\/psiche.santagostino.it\/\"},{\"@type\":\"ListItem\",\"position\":2,\"name\":\"Lo stigma della malattia mentale, come affrontarlo?\"}]},{\"@type\":\"WebSite\",\"@id\":\"https:\/\/psiche.santagostino.it\/#website\",\"url\":\"https:\/\/psiche.santagostino.it\/\",\"name\":\"https:\/\/www.santagostino.it\/magazine-psiche\",\"description\":\"La finestra sulla mente\",\"publisher\":{\"@id\":\"https:\/\/psiche.santagostino.it\/#organization\"},\"alternateName\":\"Psiche Santagostino\",\"potentialAction\":[{\"@type\":\"SearchAction\",\"target\":{\"@type\":\"EntryPoint\",\"urlTemplate\":\"https:\/\/psiche.santagostino.it\/?s={search_term_string}\"},\"query-input\":{\"@type\":\"PropertyValueSpecification\",\"valueRequired\":true,\"valueName\":\"search_term_string\"}}],\"inLanguage\":\"it-IT\"},{\"@type\":\"Organization\",\"@id\":\"https:\/\/psiche.santagostino.it\/#organization\",\"name\":\"https:\/\/www.santagostino.it\/magazine-psiche\",\"url\":\"https:\/\/psiche.santagostino.it\/\",\"logo\":{\"@type\":\"ImageObject\",\"inLanguage\":\"it-IT\",\"@id\":\"https:\/\/psiche.santagostino.it\/#\/schema\/logo\/image\/\",\"url\":\"https:\/\/www.santagostino.it\/magazine-psiche\/wp-content\/uploads\/2023\/07\/Santagostino-psiche-logo.png\",\"contentUrl\":\"https:\/\/www.santagostino.it\/magazine-psiche\/wp-content\/uploads\/2023\/07\/Santagostino-psiche-logo.png\",\"width\":430,\"height\":71,\"caption\":\"https:\/\/www.santagostino.it\/magazine-psiche\"},\"image\":{\"@id\":\"https:\/\/psiche.santagostino.it\/#\/schema\/logo\/image\/\"},\"sameAs\":[\"https:\/\/www.facebook.com\/santagostinopsiche\/\"]},{\"@type\":\"Person\",\"@id\":\"https:\/\/psiche.santagostino.it\/#\/schema\/person\/1c8f05649da5894385ac5385fd0f4d87\",\"name\":\"bertonc\",\"image\":{\"@type\":\"ImageObject\",\"inLanguage\":\"it-IT\",\"@id\":\"https:\/\/psiche.santagostino.it\/#\/schema\/person\/image\/\",\"url\":\"https:\/\/secure.gravatar.com\/avatar\/8e8a81a92e1a46bbf9e5eb803c7f8ab8?s=96&d=mm&r=g\",\"contentUrl\":\"https:\/\/secure.gravatar.com\/avatar\/8e8a81a92e1a46bbf9e5eb803c7f8ab8?s=96&d=mm&r=g\",\"caption\":\"bertonc\"},\"url\":\"https:\/\/www.santagostino.it\/magazine-psiche\/author\/bertonc\/\"}]}<\/script>\n<!-- \/ Yoast SEO Premium plugin. -->","yoast_head_json":{"title":"Stigma e pregiudizi: perch\u00e9 la malattia mentale ci fa paura?","description":"Lo stigma della malattia mentale danneggia e isola soffre di un disturbo psichico. Superare questa barriera aiuterebbe sia il paziente che la societ\u00e0.","robots":{"index":"index","follow":"follow","max-snippet":"max-snippet:-1","max-image-preview":"max-image-preview:large","max-video-preview":"max-video-preview:-1"},"canonical":"https:\/\/psiche.santagostino.it\/stigma-malattia-mentale\/","twitter_misc":{"Scritto da":"bertonc","Tempo di lettura stimato":"5 minuti"},"schema":{"@context":"https:\/\/schema.org","@graph":[{"@type":"Article","@id":"https:\/\/psiche.santagostino.it\/stigma-malattia-mentale\/#article","isPartOf":{"@id":"https:\/\/psiche.santagostino.it\/stigma-malattia-mentale\/"},"author":{"name":"bertonc","@id":"https:\/\/psiche.santagostino.it\/#\/schema\/person\/1c8f05649da5894385ac5385fd0f4d87"},"headline":"Lo stigma della malattia mentale, come affrontarlo?","datePublished":"2016-11-17T15:32:01+00:00","dateModified":"2023-09-28T17:34:45+00:00","mainEntityOfPage":{"@id":"https:\/\/psiche.santagostino.it\/stigma-malattia-mentale\/"},"wordCount":666,"commentCount":0,"publisher":{"@id":"https:\/\/psiche.santagostino.it\/#organization"},"image":{"@id":"https:\/\/psiche.santagostino.it\/stigma-malattia-mentale\/#primaryimage"},"thumbnailUrl":"https:\/\/www.santagostino.it\/magazine-psiche\/wp-content\/uploads\/2016\/11\/van-gogh-433546.jpg","articleSection":["Psichiatria"],"inLanguage":"it-IT","potentialAction":[{"@type":"CommentAction","name":"Comment","target":["https:\/\/psiche.santagostino.it\/stigma-malattia-mentale\/#respond"]}]},{"@type":"WebPage","@id":"https:\/\/psiche.santagostino.it\/stigma-malattia-mentale\/","url":"https:\/\/psiche.santagostino.it\/stigma-malattia-mentale\/","name":"Stigma e pregiudizi: perch\u00e9 la malattia mentale ci fa paura?","isPartOf":{"@id":"https:\/\/psiche.santagostino.it\/#website"},"primaryImageOfPage":{"@id":"https:\/\/psiche.santagostino.it\/stigma-malattia-mentale\/#primaryimage"},"image":{"@id":"https:\/\/psiche.santagostino.it\/stigma-malattia-mentale\/#primaryimage"},"thumbnailUrl":"https:\/\/www.santagostino.it\/magazine-psiche\/wp-content\/uploads\/2016\/11\/van-gogh-433546.jpg","datePublished":"2016-11-17T15:32:01+00:00","dateModified":"2023-09-28T17:34:45+00:00","description":"Lo stigma della malattia mentale danneggia e isola soffre di un disturbo psichico. Superare questa barriera aiuterebbe sia il paziente che la societ\u00e0.","breadcrumb":{"@id":"https:\/\/psiche.santagostino.it\/stigma-malattia-mentale\/#breadcrumb"},"inLanguage":"it-IT","potentialAction":[{"@type":"ReadAction","target":["https:\/\/psiche.santagostino.it\/stigma-malattia-mentale\/"]}]},{"@type":"ImageObject","inLanguage":"it-IT","@id":"https:\/\/psiche.santagostino.it\/stigma-malattia-mentale\/#primaryimage","url":"https:\/\/www.santagostino.it\/magazine-psiche\/wp-content\/uploads\/2016\/11\/van-gogh-433546.jpg","contentUrl":"https:\/\/www.santagostino.it\/magazine-psiche\/wp-content\/uploads\/2016\/11\/van-gogh-433546.jpg","width":4200,"height":1800,"caption":"stigma della malattia mentale come affrontarlo"},{"@type":"BreadcrumbList","@id":"https:\/\/psiche.santagostino.it\/stigma-malattia-mentale\/#breadcrumb","itemListElement":[{"@type":"ListItem","position":1,"name":"Home","item":"https:\/\/psiche.santagostino.it\/"},{"@type":"ListItem","position":2,"name":"Lo stigma della malattia mentale, come affrontarlo?"}]},{"@type":"WebSite","@id":"https:\/\/psiche.santagostino.it\/#website","url":"https:\/\/psiche.santagostino.it\/","name":"https:\/\/www.santagostino.it\/magazine-psiche","description":"La finestra sulla mente","publisher":{"@id":"https:\/\/psiche.santagostino.it\/#organization"},"alternateName":"Psiche Santagostino","potentialAction":[{"@type":"SearchAction","target":{"@type":"EntryPoint","urlTemplate":"https:\/\/psiche.santagostino.it\/?s={search_term_string}"},"query-input":{"@type":"PropertyValueSpecification","valueRequired":true,"valueName":"search_term_string"}}],"inLanguage":"it-IT"},{"@type":"Organization","@id":"https:\/\/psiche.santagostino.it\/#organization","name":"https:\/\/www.santagostino.it\/magazine-psiche","url":"https:\/\/psiche.santagostino.it\/","logo":{"@type":"ImageObject","inLanguage":"it-IT","@id":"https:\/\/psiche.santagostino.it\/#\/schema\/logo\/image\/","url":"https:\/\/www.santagostino.it\/magazine-psiche\/wp-content\/uploads\/2023\/07\/Santagostino-psiche-logo.png","contentUrl":"https:\/\/www.santagostino.it\/magazine-psiche\/wp-content\/uploads\/2023\/07\/Santagostino-psiche-logo.png","width":430,"height":71,"caption":"https:\/\/www.santagostino.it\/magazine-psiche"},"image":{"@id":"https:\/\/psiche.santagostino.it\/#\/schema\/logo\/image\/"},"sameAs":["https:\/\/www.facebook.com\/santagostinopsiche\/"]},{"@type":"Person","@id":"https:\/\/psiche.santagostino.it\/#\/schema\/person\/1c8f05649da5894385ac5385fd0f4d87","name":"bertonc","image":{"@type":"ImageObject","inLanguage":"it-IT","@id":"https:\/\/psiche.santagostino.it\/#\/schema\/person\/image\/","url":"https:\/\/secure.gravatar.com\/avatar\/8e8a81a92e1a46bbf9e5eb803c7f8ab8?s=96&d=mm&r=g","contentUrl":"https:\/\/secure.gravatar.com\/avatar\/8e8a81a92e1a46bbf9e5eb803c7f8ab8?s=96&d=mm&r=g","caption":"bertonc"},"url":"https:\/\/www.santagostino.it\/magazine-psiche\/author\/bertonc\/"}]}},"_links":{"self":[{"href":"https:\/\/www.santagostino.it\/magazine-psiche\/wp-json\/wp\/v2\/posts\/3306","targetHints":{"allow":["GET"]}}],"collection":[{"href":"https:\/\/www.santagostino.it\/magazine-psiche\/wp-json\/wp\/v2\/posts"}],"about":[{"href":"https:\/\/www.santagostino.it\/magazine-psiche\/wp-json\/wp\/v2\/types\/post"}],"author":[{"embeddable":true,"href":"https:\/\/www.santagostino.it\/magazine-psiche\/wp-json\/wp\/v2\/users\/1"}],"replies":[{"embeddable":true,"href":"https:\/\/www.santagostino.it\/magazine-psiche\/wp-json\/wp\/v2\/comments?post=3306"}],"version-history":[{"count":22,"href":"https:\/\/www.santagostino.it\/magazine-psiche\/wp-json\/wp\/v2\/posts\/3306\/revisions"}],"predecessor-version":[{"id":20342,"href":"https:\/\/www.santagostino.it\/magazine-psiche\/wp-json\/wp\/v2\/posts\/3306\/revisions\/20342"}],"wp:featuredmedia":[{"embeddable":true,"href":"https:\/\/www.santagostino.it\/magazine-psiche\/wp-json\/wp\/v2\/media\/4293"}],"wp:attachment":[{"href":"https:\/\/www.santagostino.it\/magazine-psiche\/wp-json\/wp\/v2\/media?parent=3306"}],"wp:term":[{"taxonomy":"category","embeddable":true,"href":"https:\/\/www.santagostino.it\/magazine-psiche\/wp-json\/wp\/v2\/categories?post=3306"},{"taxonomy":"post_tag","embeddable":true,"href":"https:\/\/www.santagostino.it\/magazine-psiche\/wp-json\/wp\/v2\/tags?post=3306"},{"taxonomy":"temi","embeddable":true,"href":"https:\/\/www.santagostino.it\/magazine-psiche\/wp-json\/wp\/v2\/temi?post=3306"},{"taxonomy":"typology","embeddable":true,"href":"https:\/\/www.santagostino.it\/magazine-psiche\/wp-json\/wp\/v2\/typology?post=3306"}],"curies":[{"name":"wp","href":"https:\/\/api.w.org\/{rel}","templated":true}]}}