{"id":28382,"date":"2025-07-30T12:21:20","date_gmt":"2025-07-30T12:21:20","guid":{"rendered":"https:\/\/www.santagostino.it\/magazine-psiche\/?p=28382"},"modified":"2025-07-30T12:21:20","modified_gmt":"2025-07-30T12:21:20","slug":"demenza-frontotemporale","status":"publish","type":"post","link":"https:\/\/www.santagostino.it\/magazine-psiche\/demenza-frontotemporale\/","title":{"rendered":"La demenza frontotemporale o malattia di Pick"},"content":{"rendered":"<div class=\"h-screen flex flex-col overflow-hidden\">\n<div class=\"relative h-full flex-1 flex overflow-x-hidden overflow-y-scroll pt-6\">\n<div class=\"relative mx-auto flex h-full w-full max-w-3xl flex-1 flex-col md:px-2\">\n<div class=\"flex-1 flex flex-col gap-3 px-4 max-w-3xl mx-auto w-full pt-1\">\n<div data-test-render-count=\"1\">\n<div class=\"group relative -tracking-[0.015em] pb-3\" data-is-streaming=\"false\">\n<div class=\"font-claude-message relative leading-[1.65rem] [&amp;_pre&gt;div]:bg-bg-000\/50 [&amp;_pre&gt;div]:border-0.5 [&amp;_pre&gt;div]:border-border-400 [&amp;_.ignore-pre-bg&gt;div]:bg-transparent [&amp;&gt;div&gt;div&gt;:is(p,blockquote,h1,h2,h3,h4,h5,h6)]:pl-2 [&amp;&gt;div&gt;div&gt;:is(p,blockquote,ul,ol,h1,h2,h3,h4,h5,h6)]:pr-8\">\n<div class=\"grid-cols-1 grid gap-2.5 [&amp;_&gt;_*]:min-w-0\">\n<p class=\"whitespace-normal break-words\">La demenza frontotemporale (FTD) \u00e8 un gruppo eterogeneo di disturbi neurodegenerativi che colpiscono principalmente i lobi frontali e temporali del cervello.<\/p>\n<p class=\"whitespace-normal break-words\">A differenza dell&#8217;<a class=\"underline\" href=\"https:\/\/www.santagostino.it\/magazine\/alzheimer-cause\">Alzheimer<\/a>, questa condizione si manifesta tipicamente in et\u00e0 pi\u00f9 giovane, tra i 45 e i 65 anni, ed \u00e8 caratterizzata da alterazioni comportamentali, del linguaggio e delle funzioni esecutive piuttosto che da problemi di <a class=\"underline\" href=\"https:\/\/www.santagostino.it\/magazine-psiche\/memoria\">memoria<\/a> nelle fasi iniziali.<\/p>\n<p class=\"whitespace-normal break-words\">La malattia prende il nome dal neurologo Arnold Pick, che per primo la descrisse nel 1892. Oggi sappiamo che rappresenta la seconda causa pi\u00f9 comune di <a href=\"https:\/\/www.santagostino.it\/magazine\/demenza\/\"><strong>demenza<\/strong><\/a> nelle persone sotto i 65 anni, dopo l&#8217;alzheimer, e colpisce uomini e donne in egual misura.<\/p>\n<style> .psiche-banner-desktop, .psiche-banner-mobile{ width:100%; height:auto; } .psiche-banner-mobile{ display:none; } @media (max-width: 720px) { .psiche-banner-desktop{ display:none; } .psiche-banner-mobile{ display:block; } } <\/style><a class=\"psiche-banner\" data-banner-id=\"25044\" href=\"https:\/\/www.santagostino.it\/it\/psico\/percorso-psicoterapia-adulti?utm_source=blog&#038;utm_medium=banner&#038;utm_campaign=Psiche_blog_banner_percorso_adulti\"><img width=\"1512\" height=\"578\" src=\"https:\/\/www.santagostino.it\/magazine-psiche\/wp-content\/uploads\/2024\/07\/banner_adulti-1.png\" class=\"psiche-banner-desktop\" alt=\"Prenota una seduta\" loading=\"lazy\" decoding=\"async\" style=\"width:100%;height:auto;\" \/><img width=\"700\" height=\"1000\" src=\"https:\/\/www.santagostino.it\/magazine-psiche\/wp-content\/uploads\/2024\/07\/banner_adulti_mobile.png\" class=\"psiche-banner-mobile\" alt=\"Prenota una seduta\" loading=\"lazy\" decoding=\"async\" style=\"width:100%;height:auto;\" \/><\/a>\n<h2 class=\"whitespace-normal break-words\"><strong>Sintomi e manifestazioni della demenza frontotemporale<\/strong><\/h2>\n<h3 class=\"whitespace-normal break-words\"><strong>Variante comportamentale (bvFTD)<\/strong><\/h3>\n<p class=\"whitespace-normal break-words\">La variante comportamentale \u00e8 la forma pi\u00f9 comune e si presenta con cambiamenti drammatici della personalit\u00e0 e del comportamento sociale. I pazienti possono diventare inappropriati socialmente, perdere l&#8217;<a class=\"underline\" href=\"https:\/\/www.santagostino.it\/magazine-psiche\/empatia\">empatia<\/a> e mostrare <a class=\"underline\" href=\"https:\/\/www.santagostino.it\/magazine-psiche\/impulsivita-psicologia\">comportamenti impulsivi<\/a> o <a class=\"underline\" href=\"https:\/\/www.santagostino.it\/magazine\/le-compulsioni\/\">compulsivi<\/a>.<\/p>\n<p class=\"whitespace-normal break-words\">Altri segni caratteristici includono:<\/p>\n<ul class=\"[&amp;:not(:last-child)_ul]:pb-1 [&amp;:not(:last-child)_ol]:pb-1 list-disc space-y-1.5 pl-7\">\n<li class=\"whitespace-normal break-words\">Perdita di inibizione sociale<\/li>\n<li class=\"whitespace-normal break-words\"><a class=\"underline\" href=\"https:\/\/www.santagostino.it\/magazine-psiche\/apatia\">Apatia<\/a> e perdita di <a class=\"underline\" href=\"https:\/\/www.santagostino.it\/magazine-psiche\/motivazione\">motivazione<\/a><\/li>\n<li class=\"whitespace-normal break-words\"><a class=\"underline\" href=\"https:\/\/www.santagostino.it\/magazine-psiche\/stereotipia\">Comportamenti ripetitivi<\/a> o stereotipati<\/li>\n<li class=\"whitespace-normal break-words\">Cambiamenti nelle abitudini alimentari (preferenze eccessive per dolci)<\/li>\n<li class=\"whitespace-normal break-words\">Perdita di insight sulla propria condizione<\/li>\n<\/ul>\n<h3 class=\"whitespace-normal break-words\"><strong>Afasia progressiva primaria<\/strong><\/h3>\n<p class=\"whitespace-normal break-words\">L&#8217;<a class=\"underline\" href=\"https:\/\/www.santagostino.it\/magazine\/afasia\">afasia<\/a> progressiva primaria si manifesta con difficolt\u00e0 progressive del linguaggio, mentre le altre funzioni cognitive rimangono inizialmente preservate. Esistono tre sottotipi principali:<\/p>\n<p class=\"whitespace-normal break-words\"><strong>Variante semantica<\/strong>: i pazienti perdono gradualmente la comprensione del significato delle parole, pur mantenendo la fluidit\u00e0 del discorso. Possono descrivere un oggetto senza riuscire a nominarlo.<\/p>\n<p class=\"whitespace-normal break-words\"><strong>Variante non fluente<\/strong>: caratterizzata da difficolt\u00e0 nell&#8217;articolazione e nella produzione del linguaggio, con frasi telegrafiche ed errori grammaticali, mentre la comprensione rimane relativamente preservata.<\/p>\n<p class=\"whitespace-normal break-words\"><strong>Variante logopenica<\/strong>: presenta difficolt\u00e0 nel trovare le parole e nel ripetere frasi, con frequenti pause nel discorso alla ricerca del termine appropriato.<\/p>\n<h3 class=\"whitespace-normal break-words\"><strong>Sintomi motori<\/strong><\/h3>\n<p class=\"whitespace-normal break-words\">Alcune forme di demenza frontotemporale si associano a sintomi motori, sviluppando quadri simili alla <a class=\"underline\" href=\"https:\/\/www.santagostino.it\/magazine\/sclerosi-laterale-amiotrofica-sla\">sclerosi laterale amiotrofica<\/a> (SLA) o al <a class=\"underline\" href=\"https:\/\/www.santagostino.it\/magazine\/il-parkinson\">parkinson<\/a>. Questi pazienti possono presentare <a class=\"underline\" href=\"https:\/\/www.santagostino.it\/magazine\/debolezza-muscolare\/\">debolezza muscolare<\/a>, rigidit\u00e0 e difficolt\u00e0 motorie progressive.<\/p>\n<h2 class=\"whitespace-normal break-words\"><strong>Cause della demenza frontotemporale<\/strong><\/h2>\n<h3 class=\"whitespace-normal break-words\"><strong>Basi genetiche<\/strong><\/h3>\n<p class=\"whitespace-normal break-words\">Circa il 40% dei casi ha una componente familiare, con mutazioni identificate in diversi geni. Le mutazioni pi\u00f9 comuni coinvolgono i geni MAPT (che codifica per la proteina tau), GRN (progranulina) e C9orf72.<\/p>\n<p class=\"whitespace-normal break-words\">La proteina tau gioca un ruolo cruciale nella stabilizzazione dei microtubuli neuronali. Quando mutata, pu\u00f2 aggregarsi formando inclusioni tossiche che danneggiano le cellule nervose.<\/p>\n<h3 class=\"whitespace-normal break-words\"><strong>Accumuli proteici<\/strong><\/h3>\n<p class=\"whitespace-normal break-words\">A livello microscopico, la demenza frontotemporale \u00e8 caratterizzata dall&#8217;accumulo anomalo di proteine nelle cellule nervose. Oltre alla tau, possono accumularsi la proteina TDP-43 e, meno frequentemente, la proteina FUS.<\/p>\n<p class=\"whitespace-normal break-words\">Questi accumuli proteici causano disfunzione e morte neuronale progressive, particolarmente nelle aree frontali e temporali del cervello responsabili del comportamento, del linguaggio e delle <a class=\"underline\" href=\"https:\/\/www.santagostino.it\/magazine-psiche\/funzioni-esecutive\">funzioni esecutive<\/a>.<\/p>\n<h2 class=\"whitespace-normal break-words\"><strong>Fattori di rischio<\/strong><\/h2>\n<p class=\"whitespace-normal break-words\">Oltre alla predisposizione genetica, alcuni fattori ambientali potrebbero contribuire allo sviluppo della malattia, anche se la ricerca \u00e8 ancora in corso. L&#8217;et\u00e0 rimane il principale fattore di rischio non modificabile.<\/p>\n<h2 class=\"whitespace-normal break-words\"><strong>Diagnosi della demenza frontotemporale<\/strong><\/h2>\n<p class=\"whitespace-normal break-words\">La diagnosi di demenza frontotemporale richiede una valutazione multidisciplinare che coinvolge neurologo, neuropsicologo e spesso psichiatra. \u00c8 fondamentale una raccolta accurata della storia clinica, includendo informazioni dettagliate sui cambiamenti comportamentali osservati dai familiari.<\/p>\n<p class=\"whitespace-normal break-words\">I test neuropsicologici sono essenziali per valutare le diverse funzioni cognitive e identificare il pattern specifico di deficit. A differenza dell&#8217;Alzheimer, i test di memoria sono spesso normali nelle fasi iniziali.<\/p>\n<h3 class=\"whitespace-normal break-words\"><strong>Neuroimaging<\/strong><\/h3>\n<p class=\"whitespace-normal break-words\">La <a class=\"underline\" href=\"https:\/\/www.santagostino.it\/magazine\/radiografia-risonanza-o-tac\">risonanza magnetica<\/a> cerebrale mostra tipicamente atrofia asimmetrica dei lobi frontali e\/o temporali. Questa atrofia pu\u00f2 essere pi\u00f9 evidente in specifiche regioni a seconda della variante clinica.<\/p>\n<p class=\"whitespace-normal break-words\">La PET cerebrale pu\u00f2 rivelare ipometabolismo nelle aree frontali e temporali, fornendo informazioni aggiuntive sulla funzionalit\u00e0 delle diverse regioni cerebrali.<\/p>\n<h3 class=\"whitespace-normal break-words\"><strong>Test genetici<\/strong><\/h3>\n<p class=\"whitespace-normal break-words\">Quando esiste una storia familiare suggestiva, i test genetici possono identificare mutazioni specifiche. Questa informazione \u00e8 importante non solo per la diagnosi, ma anche per la consulenza genetica dei familiari.<\/p>\n<h3 class=\"whitespace-normal break-words\"><strong>Biomarker<\/strong><\/h3>\n<p class=\"whitespace-normal break-words\">La ricerca sui biomarker nel liquido cerebrospinale e nel sangue \u00e8 in rapida evoluzione. Alcuni marker possono aiutare a distinguere la demenza frontotemporale dall&#8217;Alzheimer e da altre forme di demenza.<\/p>\n<h2 class=\"whitespace-normal break-words\"><strong>Trattamento <\/strong><\/h2>\n<h3 class=\"whitespace-normal break-words\"><strong>Approccio sintomatico<\/strong><\/h3>\n<p class=\"whitespace-normal break-words\">Attualmente non esistono terapie specifiche per rallentare o arrestare la progressione della demenza frontotemporale. Il trattamento si concentra sulla gestione dei sintomi e sul miglioramento della qualit\u00e0 della vita.<\/p>\n<p class=\"whitespace-normal break-words\">Gli <a class=\"underline\" href=\"https:\/\/www.santagostino.it\/magazine-psiche\/antidepressivi\">antidepressivi<\/a> <a class=\"underline\" href=\"https:\/\/www.santagostino.it\/magazine-psiche\/ssri\">SSRI<\/a> possono essere utili per controllare i comportamenti compulsivi e l&#8217;irritabilit\u00e0. Tuttavia, \u00e8 importante un uso cauto dei farmaci, poich\u00e9 i pazienti possono essere pi\u00f9 sensibili agli effetti collaterali.<\/p>\n<h3 class=\"whitespace-normal break-words\"><strong>Interventi comportamentali<\/strong><\/h3>\n<p class=\"whitespace-normal break-words\">La terapia comportamentale e la strutturazione dell&#8217;ambiente sono fondamentali. Routine stabili, ambiente familiare e strategie di comunicazione adeguate possono ridurre l&#8217;agitazione e migliorare il funzionamento quotidiano.<\/p>\n<p class=\"whitespace-normal break-words\">La logopedia \u00e8 particolarmente importante nelle forme con afasia progressiva primaria, aiutando a mantenere le capacit\u00e0 comunicative il pi\u00f9 a lungo possibile attraverso strategie alternative.<\/p>\n<h3 class=\"whitespace-normal break-words\"><strong>Supporto familiare<\/strong><\/h3>\n<p class=\"whitespace-normal break-words\">Il supporto alla famiglia \u00e8 cruciale, poich\u00e9 i cambiamenti comportamentali possono essere particolarmente difficili da gestire. Gruppi di supporto, <a class=\"underline\" href=\"https:\/\/www.santagostino.it\/magazine-psiche\/psicoterapia\">consulenza psicologica<\/a> e programmi educativi aiutano i caregiver ad affrontare le sfide quotidiane.<\/p>\n<h2 class=\"whitespace-normal break-words\"><strong>Differenze con l&#8217;Alzheimer<\/strong><\/h2>\n<h3 class=\"whitespace-normal break-words\"><strong>Et\u00e0 di insorgenza<\/strong><\/h3>\n<p class=\"whitespace-normal break-words\">La demenza frontotemporale tipicamente esordisce pi\u00f9 precocemente rispetto all&#8217;Alzheimer, spesso tra i 45 e i 65 anni, mentre l&#8217;Alzheimer \u00e8 pi\u00f9 comune dopo i 65 anni.<\/p>\n<h3 class=\"whitespace-normal break-words\"><strong>Pattern di sintomi<\/strong><\/h3>\n<p class=\"whitespace-normal break-words\">Nell&#8217;Alzheimer, i primi sintomi riguardano la memoria, mentre nella demenza frontotemporale sono predominanti i cambiamenti comportamentali e del linguaggio, con la memoria inizialmente preservata.<\/p>\n<h3 class=\"whitespace-normal break-words\"><strong>Localizzazione cerebrale<\/strong><\/h3>\n<p class=\"whitespace-normal break-words\">L&#8217;Alzheimer colpisce inizialmente l&#8217;ippocampo e le aree parietali, mentre la demenza frontotemporale interessa prevalentemente i lobi frontali e temporali anteriori.<\/p>\n<h3 class=\"whitespace-normal break-words\"><strong>Biomarker<\/strong><\/h3>\n<p class=\"whitespace-normal break-words\">I biomarker dell&#8217;Alzheimer (amiloide e tau nel liquido cerebrospinale) sono tipicamente normali nella demenza frontotemporale, aiutando nella diagnosi differenziale.<\/p>\n<h2 class=\"whitespace-normal break-words\"><strong>Prognosi e aspettativa di vita<\/strong><\/h2>\n<h3 class=\"whitespace-normal break-words\"><strong>Decorso della malattia<\/strong><\/h3>\n<p class=\"whitespace-normal break-words\">La progressione della demenza frontotemporale \u00e8 generalmente pi\u00f9 rapida rispetto all&#8217;Alzheimer. Il decorso pu\u00f2 variare significativamente tra i diversi sottotipi e tra i singoli pazienti.<\/p>\n<h3 class=\"whitespace-normal break-words\"><strong>Aspettativa di vita<\/strong><\/h3>\n<p class=\"whitespace-normal break-words\">L&#8217;aspettativa di vita dalla diagnosi varia tipicamente tra 6 e 8 anni, anche se alcuni pazienti possono vivere pi\u00f9 a lungo. I fattori che influenzano la prognosi includono l&#8217;et\u00e0 di insorgenza, il sottotipo specifico e la presenza di sintomi motori.<\/p>\n<p class=\"whitespace-normal break-words\">Le complicazioni che possono influenzare la sopravvivenza includono difficolt\u00e0 di <a class=\"underline\" href=\"https:\/\/www.santagostino.it\/magazine\/la-disfagia\">deglutizione<\/a>, infezioni respiratorie e immobilizzazione progressiva.<\/p>\n<h2 class=\"whitespace-normal break-words\"><strong>Ricerca e prospettive future<\/strong><\/h2>\n<h3 class=\"whitespace-normal break-words\"><strong>Studi clinici<\/strong><\/h3>\n<p class=\"whitespace-normal break-words\">Sono in corso numerosi studi clinici per testare farmaci potenzialmente efficaci nella demenza frontotemporale. Alcuni si concentrano sui meccanismi della proteina tau, altri su approcci neuroinfiammatori.<\/p>\n<h3 class=\"whitespace-normal break-words\"><strong>Medicina personalizzata<\/strong><\/h3>\n<p class=\"whitespace-normal break-words\">L&#8217;identificazione di sottotipi genetici specifici apre la strada a terapie personalizzate basate sui meccanismi molecolari sottostanti. Questo approccio potrebbe essere particolarmente promettente nelle forme familiari.<\/p>\n<h2 class=\"whitespace-normal break-words\"><strong>Importanza della sensibilizzazione<\/strong><\/h2>\n<h3 class=\"whitespace-normal break-words\"><strong>Riconoscimento precoce<\/strong><\/h3>\n<p class=\"whitespace-normal break-words\">La sensibilizzazione su questa forma di demenza \u00e8 fondamentale per favorire il riconoscimento precoce. Spesso i sintomi iniziali vengono attribuiti a <a class=\"underline\" href=\"https:\/\/www.santagostino.it\/magazine-psiche\/stress\">stress<\/a>, <a class=\"underline\" href=\"https:\/\/www.santagostino.it\/magazine-psiche\/depressione\">depressione<\/a> o problemi relazionali, ritardando la diagnosi.<\/p>\n<h3 class=\"whitespace-normal break-words\"><strong>Impatto sociale<\/strong><\/h3>\n<p class=\"whitespace-normal break-words\">La demenza frontotemporale ha un impatto sociale significativo a causa dell&#8217;et\u00e0 relativamente giovane dei pazienti, che spesso sono ancora lavorativamente attivi e hanno responsabilit\u00e0 familiari importanti.<\/p>\n<\/div>\n<\/div>\n<\/div>\n<\/div>\n<\/div>\n<\/div>\n<\/div>\n<\/div>\n","protected":false},"excerpt":{"rendered":"<p>Forma di demenza che interessa principalmente i lobi frontali e temporali, causando alterazioni comportamentali e linguistiche progressive<\/p>\n","protected":false},"author":13,"featured_media":28383,"comment_status":"closed","ping_status":"closed","sticky":false,"template":"","format":"standard","meta":{"footnotes":""},"categories":[279],"tags":[],"temi":[1103,1110],"typology":[3],"class_list":["post-28382","post","type-post","status-publish","format-standard","has-post-thumbnail","hentry","category-adulti","percorsi-psicoterapia-adulti","temi-mente","temi-patologie-e-disturbi","typology-text"],"yoast_head":"<!-- This site is optimized with the Yoast SEO Premium plugin v25.3.1 (Yoast SEO v25.3.1) - https:\/\/yoast.com\/wordpress\/plugins\/seo\/ -->\n<title>La demenza frontotemporale o malattia di Pick - Santagostino Psiche<\/title>\n<meta name=\"description\" content=\"La demenza frontotemporale colpisce comportamento e linguaggio. Scopri sintomi, cause, diagnosi e differenze con l&#039;Alzheimer\" \/>\n<meta name=\"robots\" content=\"index, follow, max-snippet:-1, max-image-preview:large, max-video-preview:-1\" \/>\n<link rel=\"canonical\" href=\"https:\/\/www.santagostino.it\/magazine-psiche\/demenza-frontotemporale\/\" \/>\n<meta name=\"twitter:label1\" content=\"Scritto da\" \/>\n\t<meta name=\"twitter:data1\" content=\"massimiliano.decesare\" \/>\n\t<meta name=\"twitter:label2\" content=\"Tempo di lettura stimato\" \/>\n\t<meta name=\"twitter:data2\" content=\"7 minuti\" \/>\n<script type=\"application\/ld+json\" class=\"yoast-schema-graph\">{\"@context\":\"https:\/\/schema.org\",\"@graph\":[{\"@type\":\"Article\",\"@id\":\"https:\/\/www.santagostino.it\/magazine-psiche\/demenza-frontotemporale\/#article\",\"isPartOf\":{\"@id\":\"https:\/\/www.santagostino.it\/magazine-psiche\/demenza-frontotemporale\/\"},\"author\":{\"name\":\"massimiliano.decesare\",\"@id\":\"https:\/\/psiche.santagostino.it\/#\/schema\/person\/fabaf2d1a036856b2a70bf7d211fa293\"},\"headline\":\"La demenza frontotemporale o malattia di Pick\",\"datePublished\":\"2025-07-30T12:21:20+00:00\",\"mainEntityOfPage\":{\"@id\":\"https:\/\/www.santagostino.it\/magazine-psiche\/demenza-frontotemporale\/\"},\"wordCount\":1115,\"publisher\":{\"@id\":\"https:\/\/psiche.santagostino.it\/#organization\"},\"image\":{\"@id\":\"https:\/\/www.santagostino.it\/magazine-psiche\/demenza-frontotemporale\/#primaryimage\"},\"thumbnailUrl\":\"https:\/\/www.santagostino.it\/magazine-psiche\/wp-content\/uploads\/2025\/07\/demenza-frontotemporale.jpg\",\"articleSection\":[\"Adulti\"],\"inLanguage\":\"it-IT\"},{\"@type\":\"WebPage\",\"@id\":\"https:\/\/www.santagostino.it\/magazine-psiche\/demenza-frontotemporale\/\",\"url\":\"https:\/\/www.santagostino.it\/magazine-psiche\/demenza-frontotemporale\/\",\"name\":\"La demenza frontotemporale o malattia di Pick - Santagostino Psiche\",\"isPartOf\":{\"@id\":\"https:\/\/psiche.santagostino.it\/#website\"},\"primaryImageOfPage\":{\"@id\":\"https:\/\/www.santagostino.it\/magazine-psiche\/demenza-frontotemporale\/#primaryimage\"},\"image\":{\"@id\":\"https:\/\/www.santagostino.it\/magazine-psiche\/demenza-frontotemporale\/#primaryimage\"},\"thumbnailUrl\":\"https:\/\/www.santagostino.it\/magazine-psiche\/wp-content\/uploads\/2025\/07\/demenza-frontotemporale.jpg\",\"datePublished\":\"2025-07-30T12:21:20+00:00\",\"description\":\"La demenza frontotemporale colpisce comportamento e linguaggio. Scopri sintomi, cause, diagnosi e differenze con l'Alzheimer\",\"breadcrumb\":{\"@id\":\"https:\/\/www.santagostino.it\/magazine-psiche\/demenza-frontotemporale\/#breadcrumb\"},\"inLanguage\":\"it-IT\",\"potentialAction\":[{\"@type\":\"ReadAction\",\"target\":[\"https:\/\/www.santagostino.it\/magazine-psiche\/demenza-frontotemporale\/\"]}]},{\"@type\":\"ImageObject\",\"inLanguage\":\"it-IT\",\"@id\":\"https:\/\/www.santagostino.it\/magazine-psiche\/demenza-frontotemporale\/#primaryimage\",\"url\":\"https:\/\/www.santagostino.it\/magazine-psiche\/wp-content\/uploads\/2025\/07\/demenza-frontotemporale.jpg\",\"contentUrl\":\"https:\/\/www.santagostino.it\/magazine-psiche\/wp-content\/uploads\/2025\/07\/demenza-frontotemporale.jpg\",\"width\":1200,\"height\":580,\"caption\":\"demenza frontotemporale\"},{\"@type\":\"BreadcrumbList\",\"@id\":\"https:\/\/www.santagostino.it\/magazine-psiche\/demenza-frontotemporale\/#breadcrumb\",\"itemListElement\":[{\"@type\":\"ListItem\",\"position\":1,\"name\":\"Home\",\"item\":\"https:\/\/psiche.santagostino.it\/\"},{\"@type\":\"ListItem\",\"position\":2,\"name\":\"La demenza frontotemporale o malattia di Pick\"}]},{\"@type\":\"WebSite\",\"@id\":\"https:\/\/psiche.santagostino.it\/#website\",\"url\":\"https:\/\/psiche.santagostino.it\/\",\"name\":\"https:\/\/www.santagostino.it\/magazine-psiche\",\"description\":\"La finestra sulla mente\",\"publisher\":{\"@id\":\"https:\/\/psiche.santagostino.it\/#organization\"},\"alternateName\":\"Psiche Santagostino\",\"potentialAction\":[{\"@type\":\"SearchAction\",\"target\":{\"@type\":\"EntryPoint\",\"urlTemplate\":\"https:\/\/psiche.santagostino.it\/?s={search_term_string}\"},\"query-input\":{\"@type\":\"PropertyValueSpecification\",\"valueRequired\":true,\"valueName\":\"search_term_string\"}}],\"inLanguage\":\"it-IT\"},{\"@type\":\"Organization\",\"@id\":\"https:\/\/psiche.santagostino.it\/#organization\",\"name\":\"https:\/\/www.santagostino.it\/magazine-psiche\",\"url\":\"https:\/\/psiche.santagostino.it\/\",\"logo\":{\"@type\":\"ImageObject\",\"inLanguage\":\"it-IT\",\"@id\":\"https:\/\/psiche.santagostino.it\/#\/schema\/logo\/image\/\",\"url\":\"https:\/\/www.santagostino.it\/magazine-psiche\/wp-content\/uploads\/2023\/07\/Santagostino-psiche-logo.png\",\"contentUrl\":\"https:\/\/www.santagostino.it\/magazine-psiche\/wp-content\/uploads\/2023\/07\/Santagostino-psiche-logo.png\",\"width\":430,\"height\":71,\"caption\":\"https:\/\/www.santagostino.it\/magazine-psiche\"},\"image\":{\"@id\":\"https:\/\/psiche.santagostino.it\/#\/schema\/logo\/image\/\"},\"sameAs\":[\"https:\/\/www.facebook.com\/santagostinopsiche\/\"]},{\"@type\":\"Person\",\"@id\":\"https:\/\/psiche.santagostino.it\/#\/schema\/person\/fabaf2d1a036856b2a70bf7d211fa293\",\"name\":\"massimiliano.decesare\",\"image\":{\"@type\":\"ImageObject\",\"inLanguage\":\"it-IT\",\"@id\":\"https:\/\/psiche.santagostino.it\/#\/schema\/person\/image\/\",\"url\":\"https:\/\/secure.gravatar.com\/avatar\/60ca167434e25b02e9f5c48d72cc03a6?s=96&d=mm&r=g\",\"contentUrl\":\"https:\/\/secure.gravatar.com\/avatar\/60ca167434e25b02e9f5c48d72cc03a6?s=96&d=mm&r=g\",\"caption\":\"massimiliano.decesare\"},\"url\":\"https:\/\/www.santagostino.it\/magazine-psiche\/author\/massimiliano-decesare\/\"}]}<\/script>\n<!-- \/ Yoast SEO Premium plugin. -->","yoast_head_json":{"title":"La demenza frontotemporale o malattia di Pick - Santagostino Psiche","description":"La demenza frontotemporale colpisce comportamento e linguaggio. Scopri sintomi, cause, diagnosi e differenze con l'Alzheimer","robots":{"index":"index","follow":"follow","max-snippet":"max-snippet:-1","max-image-preview":"max-image-preview:large","max-video-preview":"max-video-preview:-1"},"canonical":"https:\/\/www.santagostino.it\/magazine-psiche\/demenza-frontotemporale\/","twitter_misc":{"Scritto da":"massimiliano.decesare","Tempo di lettura stimato":"7 minuti"},"schema":{"@context":"https:\/\/schema.org","@graph":[{"@type":"Article","@id":"https:\/\/www.santagostino.it\/magazine-psiche\/demenza-frontotemporale\/#article","isPartOf":{"@id":"https:\/\/www.santagostino.it\/magazine-psiche\/demenza-frontotemporale\/"},"author":{"name":"massimiliano.decesare","@id":"https:\/\/psiche.santagostino.it\/#\/schema\/person\/fabaf2d1a036856b2a70bf7d211fa293"},"headline":"La demenza frontotemporale o malattia di Pick","datePublished":"2025-07-30T12:21:20+00:00","mainEntityOfPage":{"@id":"https:\/\/www.santagostino.it\/magazine-psiche\/demenza-frontotemporale\/"},"wordCount":1115,"publisher":{"@id":"https:\/\/psiche.santagostino.it\/#organization"},"image":{"@id":"https:\/\/www.santagostino.it\/magazine-psiche\/demenza-frontotemporale\/#primaryimage"},"thumbnailUrl":"https:\/\/www.santagostino.it\/magazine-psiche\/wp-content\/uploads\/2025\/07\/demenza-frontotemporale.jpg","articleSection":["Adulti"],"inLanguage":"it-IT"},{"@type":"WebPage","@id":"https:\/\/www.santagostino.it\/magazine-psiche\/demenza-frontotemporale\/","url":"https:\/\/www.santagostino.it\/magazine-psiche\/demenza-frontotemporale\/","name":"La demenza frontotemporale o malattia di Pick - Santagostino Psiche","isPartOf":{"@id":"https:\/\/psiche.santagostino.it\/#website"},"primaryImageOfPage":{"@id":"https:\/\/www.santagostino.it\/magazine-psiche\/demenza-frontotemporale\/#primaryimage"},"image":{"@id":"https:\/\/www.santagostino.it\/magazine-psiche\/demenza-frontotemporale\/#primaryimage"},"thumbnailUrl":"https:\/\/www.santagostino.it\/magazine-psiche\/wp-content\/uploads\/2025\/07\/demenza-frontotemporale.jpg","datePublished":"2025-07-30T12:21:20+00:00","description":"La demenza frontotemporale colpisce comportamento e linguaggio. Scopri sintomi, cause, diagnosi e differenze con l'Alzheimer","breadcrumb":{"@id":"https:\/\/www.santagostino.it\/magazine-psiche\/demenza-frontotemporale\/#breadcrumb"},"inLanguage":"it-IT","potentialAction":[{"@type":"ReadAction","target":["https:\/\/www.santagostino.it\/magazine-psiche\/demenza-frontotemporale\/"]}]},{"@type":"ImageObject","inLanguage":"it-IT","@id":"https:\/\/www.santagostino.it\/magazine-psiche\/demenza-frontotemporale\/#primaryimage","url":"https:\/\/www.santagostino.it\/magazine-psiche\/wp-content\/uploads\/2025\/07\/demenza-frontotemporale.jpg","contentUrl":"https:\/\/www.santagostino.it\/magazine-psiche\/wp-content\/uploads\/2025\/07\/demenza-frontotemporale.jpg","width":1200,"height":580,"caption":"demenza frontotemporale"},{"@type":"BreadcrumbList","@id":"https:\/\/www.santagostino.it\/magazine-psiche\/demenza-frontotemporale\/#breadcrumb","itemListElement":[{"@type":"ListItem","position":1,"name":"Home","item":"https:\/\/psiche.santagostino.it\/"},{"@type":"ListItem","position":2,"name":"La demenza frontotemporale o malattia di Pick"}]},{"@type":"WebSite","@id":"https:\/\/psiche.santagostino.it\/#website","url":"https:\/\/psiche.santagostino.it\/","name":"https:\/\/www.santagostino.it\/magazine-psiche","description":"La finestra sulla mente","publisher":{"@id":"https:\/\/psiche.santagostino.it\/#organization"},"alternateName":"Psiche Santagostino","potentialAction":[{"@type":"SearchAction","target":{"@type":"EntryPoint","urlTemplate":"https:\/\/psiche.santagostino.it\/?s={search_term_string}"},"query-input":{"@type":"PropertyValueSpecification","valueRequired":true,"valueName":"search_term_string"}}],"inLanguage":"it-IT"},{"@type":"Organization","@id":"https:\/\/psiche.santagostino.it\/#organization","name":"https:\/\/www.santagostino.it\/magazine-psiche","url":"https:\/\/psiche.santagostino.it\/","logo":{"@type":"ImageObject","inLanguage":"it-IT","@id":"https:\/\/psiche.santagostino.it\/#\/schema\/logo\/image\/","url":"https:\/\/www.santagostino.it\/magazine-psiche\/wp-content\/uploads\/2023\/07\/Santagostino-psiche-logo.png","contentUrl":"https:\/\/www.santagostino.it\/magazine-psiche\/wp-content\/uploads\/2023\/07\/Santagostino-psiche-logo.png","width":430,"height":71,"caption":"https:\/\/www.santagostino.it\/magazine-psiche"},"image":{"@id":"https:\/\/psiche.santagostino.it\/#\/schema\/logo\/image\/"},"sameAs":["https:\/\/www.facebook.com\/santagostinopsiche\/"]},{"@type":"Person","@id":"https:\/\/psiche.santagostino.it\/#\/schema\/person\/fabaf2d1a036856b2a70bf7d211fa293","name":"massimiliano.decesare","image":{"@type":"ImageObject","inLanguage":"it-IT","@id":"https:\/\/psiche.santagostino.it\/#\/schema\/person\/image\/","url":"https:\/\/secure.gravatar.com\/avatar\/60ca167434e25b02e9f5c48d72cc03a6?s=96&d=mm&r=g","contentUrl":"https:\/\/secure.gravatar.com\/avatar\/60ca167434e25b02e9f5c48d72cc03a6?s=96&d=mm&r=g","caption":"massimiliano.decesare"},"url":"https:\/\/www.santagostino.it\/magazine-psiche\/author\/massimiliano-decesare\/"}]}},"_links":{"self":[{"href":"https:\/\/www.santagostino.it\/magazine-psiche\/wp-json\/wp\/v2\/posts\/28382","targetHints":{"allow":["GET"]}}],"collection":[{"href":"https:\/\/www.santagostino.it\/magazine-psiche\/wp-json\/wp\/v2\/posts"}],"about":[{"href":"https:\/\/www.santagostino.it\/magazine-psiche\/wp-json\/wp\/v2\/types\/post"}],"author":[{"embeddable":true,"href":"https:\/\/www.santagostino.it\/magazine-psiche\/wp-json\/wp\/v2\/users\/13"}],"replies":[{"embeddable":true,"href":"https:\/\/www.santagostino.it\/magazine-psiche\/wp-json\/wp\/v2\/comments?post=28382"}],"version-history":[{"count":4,"href":"https:\/\/www.santagostino.it\/magazine-psiche\/wp-json\/wp\/v2\/posts\/28382\/revisions"}],"predecessor-version":[{"id":28387,"href":"https:\/\/www.santagostino.it\/magazine-psiche\/wp-json\/wp\/v2\/posts\/28382\/revisions\/28387"}],"wp:featuredmedia":[{"embeddable":true,"href":"https:\/\/www.santagostino.it\/magazine-psiche\/wp-json\/wp\/v2\/media\/28383"}],"wp:attachment":[{"href":"https:\/\/www.santagostino.it\/magazine-psiche\/wp-json\/wp\/v2\/media?parent=28382"}],"wp:term":[{"taxonomy":"category","embeddable":true,"href":"https:\/\/www.santagostino.it\/magazine-psiche\/wp-json\/wp\/v2\/categories?post=28382"},{"taxonomy":"post_tag","embeddable":true,"href":"https:\/\/www.santagostino.it\/magazine-psiche\/wp-json\/wp\/v2\/tags?post=28382"},{"taxonomy":"temi","embeddable":true,"href":"https:\/\/www.santagostino.it\/magazine-psiche\/wp-json\/wp\/v2\/temi?post=28382"},{"taxonomy":"typology","embeddable":true,"href":"https:\/\/www.santagostino.it\/magazine-psiche\/wp-json\/wp\/v2\/typology?post=28382"}],"curies":[{"name":"wp","href":"https:\/\/api.w.org\/{rel}","templated":true}]}}