{"id":28071,"date":"2025-05-08T08:25:04","date_gmt":"2025-05-08T08:25:04","guid":{"rendered":"https:\/\/www.santagostino.it\/magazine-psiche\/?p=28071"},"modified":"2025-11-01T15:35:42","modified_gmt":"2025-11-01T15:35:42","slug":"santagostino-psiche-entra-nelle-scuole-con-i-laboratori-esperienziali","status":"publish","type":"post","link":"https:\/\/www.santagostino.it\/magazine-psiche\/santagostino-psiche-entra-nelle-scuole-con-i-laboratori-esperienziali\/","title":{"rendered":"Santagostino Psiche entra nelle Scuole con i laboratori esperienziali"},"content":{"rendered":"<p><b>\u00a0a cura di Dott.sa Alessia Bajoni e Dott.sa Simona Solimando<\/b><\/p>\n<p><i><span style=\"font-weight: 400;\">Coordinatrici del Servizio specialistico per adolescenti<\/span><\/i><\/p>\n<p><span style=\"font-weight: 400;\">La scuola rappresenta per gli adolescenti non solo uno strumento per la formazione ma anche il luogo in cui poter esprimere e manifestare il proprio disagio e le proprie emozioni, lo spazio in cui poter prendere le misure per \u201cdiventare grandi\u201d.<\/span><\/p>\n<p><a class=\"content-cta\" href=\"https:\/\/www.santagostino.it\/it\/psico\/percorso-psicoterapia-adolescenti?utm_source=Psiche&amp;utm_medium=direct&amp;utm_campaign=CTA_Psiche_psicologo_depessione\">Prenota una seduta<\/a><\/p>\n<p><span style=\"font-weight: 400;\">Lavorare\u00a0in rete con\u00a0la scuola rappresenta per i professionisti del Servizio specialistico per adolescenti del Santagostino un\u2019opportunit\u00e0 per contribuire allo sviluppo di un\u00a0pensiero<\/span> <span style=\"font-weight: 400;\">e<\/span> <span style=\"font-weight: 400;\">un<\/span> <span style=\"font-weight: 400;\">agire<\/span><b><i>\u00a0<\/i><\/b><span style=\"font-weight: 400;\">a pi\u00f9 livelli: <\/span><span style=\"font-weight: 400;\">collaborare con la scuola significa soprattutto\u00a0\u201ccostruire ponti\u201d\u00a0con il territorio e indirizzare i ragazzi verso una progettualit\u00e0 futura, costituita da speranza e fiducia in se stessi.<\/span><span style=\"font-weight: 400;\">\u00a0<\/span><\/p>\n<p><span style=\"font-weight: 400;\">L\u2019intervento psicologico a scuola si configura pertanto come un\u00a0intervento<\/span> <span style=\"font-weight: 400;\">complesso\u00a0che necessita di mettere in campo un insieme di conoscenze e competenze che vanno al di l\u00e0 dell\u2019idea di una psicologia \u201cche cura\u201d ma che si fondino su una psicologia che \u201cdialoga e costruisce\u201d sistemi di lettura con e tra gli attori coinvolti: alunni, docenti, dirigenti, specialisti e figure che fanno parte della comunit\u00e0 educante.<\/span><\/p>\n<p><span style=\"font-weight: 400;\">Lavorare con i ragazzi nelle scuole su temi che hanno un valore e una pregnanza emotiva per loro vuol dire anche poter costruire \u2018una cultura psicologica e di attenzione a un disagio emotivo\u2019, che possa fornire un linguaggio ai ragazzi a emozioni complesse, di cui fanno fatica a parlare e dunque anche <\/span><b>prevenire lo sviluppo di condizioni psicopatologiche caratterizzate da gravit\u00e0, urgenza all\u2019interno del contesto scolastico.<\/b><\/p>\n<h2><b>I primi passi verso una collaborazione con il Liceo artistico Brera<\/b><\/h2>\n<p><span style=\"font-weight: 400;\">Il lavoro dell\u2019Equipe Adolescenti del Santagostino prevede confronti con le famiglie, con la scuola e tutti i Servizi territoriali, ospedalieri coinvolti.\u00a0<\/span><\/p>\n<p><span style=\"font-weight: 400;\">In questi anni ci siamo ritrovati a dialogare con diversi Istituti scolastici superiori della citt\u00e0 di Milano: spesso sono stati proprio i docenti e i dirigenti a chiederci delle indicazioni su come poter intervenire con i nostri giovani pazienti e cosa fare quando stanno male.<\/span><\/p>\n<p><span style=\"font-weight: 400;\">L\u2019incontro con il Liceo Artistico Brera di Milano \u00e8 iniziato proprio attraverso questo lavoro di rete: abbiamo avuto il piacere di incontrare la Dirigente Scolastica che ci ha accolti presso il suo istituto e ha condiviso con noi la storia della scuola ma anche il malessere che \u00e8 esploso nei ragazzi dopo la pandemia, la confusione e la vulnerabilit\u00e0 che manifestano in classe.<\/span><\/p>\n<p><span style=\"font-weight: 400;\">Abbiamo accolto la domanda di aiuto da parte della Scuola rispondendo con la costruzione, all\u2019interno dell\u2019\u00e8quipe Adolescenti del Santagostino, di un Progetto di\u00a0 Laboratori esperienziali di supporto su temi come l\u2019ansia scolastica, le dipendenze e la consapevolezza affettiva e sessuale.<\/span><\/p>\n<p><span style=\"font-weight: 400;\">Il Progetto si chiama \u2018<\/span><b>Psychology Talk e Teen Talk\u2019 <\/b><span style=\"font-weight: 400;\">ed \u00e8 <\/span><span style=\"font-weight: 400;\">pensato come un evento della durata di 2 ore, organizzato attraverso gruppi tematici in modo tale da consentire ai ragazzi di fare domande (dubbi e curiosit\u00e0) ai Professionisti Psicoterapeuti, esperti di adolescenti, su temi \u2018caldi\u2019 che gli stessi giovani portano nelle sedute di terapia.<\/span><\/p>\n<p><span style=\"font-weight: 400;\">Rivolto alle classi V \u00e8 stato poi proposto, a conclusione dei laboratori, un <\/span><b>Teen Talk<\/b><span style=\"font-weight: 400;\">\u00a0ovvero un\u2019intervista tra pari sui temi trattati durante i laboratori esperienziali.\u00a0<\/span><\/p>\n<p><span style=\"font-weight: 400;\">Il Teen Talk \u00e8 uno spazio pensato e gestito dai ragazzi, spazio in cui possono prendere parola e anche essere loro gli intervistatori, essere un po\u2019 pi\u00f9 \u2018grandi\u2019.<\/span><\/p>\n<p><span style=\"font-weight: 400;\">Durante i lavori di gruppo abbiamo concordato con i ragazzi di individuare tra loro dei \u201crappresentanti\u201d per partecipare all\u2019intervista, con il supporto della Social Media Manager del Santagostino, sviluppando un dialogo in diretta sui temi che sono stati oggetto di lavoro.<\/span><\/p>\n<h2><b>I laboratori esperienziali Psychology Talk<\/b><\/h2>\n<p><span style=\"font-weight: 400;\">Il termine laboratorio contiene gi\u00e0 in s\u00e8 l\u2019idea dell\u2019esperimento, dello sperimentarsi in un contesto diverso, cos\u00ec sia gli Psicoterapeuti del Servizio adolescenti che gli studenti si sono ritrovati in un contesto nuovo, in <\/span><b>cerchio<\/b><span style=\"font-weight: 400;\">, gli Psicoterapeuti a scuola, a confrontarsi e a creare un dialogo su temi \u2018non scolastici\u2019 come l\u2019ansia, le dipendenze (affettive, da internet, da sostanze), la consapevolezza affettiva e sessuale.<\/span><\/p>\n<p><span style=\"font-weight: 400;\">Il gruppo di Professionisti ha cercato di trovare un equilibrio in interventi One Shot (ovvero con un unico incontro) tra il dare delle informazioni che possano orientare la bussola dei ragazzi in un territorio emotivo e creare situazioni che consentano di sperimentare nel qui e ora \u2018vertici emotivi\u2019 di osservazione e riflessione dei temi proposti.<\/span><\/p>\n<p><span style=\"font-weight: 400;\">Il <\/span><b>Laboratorio sull\u2019ansia scolastica<\/b><span style=\"font-weight: 400;\"> \u00e8 stato co-condotto da due Professionisti dell\u2019\u00e8quipe adolescenti con formazione EMDR, in cui si propone una psicoeducazione sull\u2019ansia scolastica e vengono condivise delle tecniche di stabilizzazione attraverso esercizi di respirazione e grounding, per favorire il radicamento e la riconnessione con se stessi.<\/span><\/p>\n<p><span style=\"font-weight: 400;\">Si installa il \u201cposto al sicuro\u201d in gruppo, con le stimolazioni bilaterali EMDR (abbraccio della farfalla), in modo che i ragazzi possano imparare ad usarlo quando si sentono sopraffatti da emozioni e sensazioni soverchianti. Attraverso l\u2019installazione di questa risorsa i ragazzi possono distogliere l\u2019attenzione dalle reazioni iper-attivanti, dalle sensazioni di blocco e paura e orientarsi meglio nel presente attraverso una gestione pi\u00f9 consapevole delle emozioni e del proprio corpo.<\/span><\/p>\n<p><b>Il Laboratorio sulle dipendenze <\/b><span style=\"font-weight: 400;\">\u00e8 stato co-condotto da due Professionisti dell\u2019\u00e8quipe adolescenti con l\u2019obiettivo di portare una riflessione sulla dipendenza, in maniera trasversale alla tipologia di dipendenza e all\u2019oggetto da cui si sviluppa, che possa orientare i ragazzi sui comportamenti a rischio che loro stessi o loro amici possano sviluppare. E\u2019 stato poi utilizzato una modalit\u00e0 di gioco \u2018al buio\u2019 che potesse essere una esperienza concreta e fisica dei limiti e della cecit\u00e0 che pu\u00f2 creare vivere una dipendenza totalizzante da una sostanza, da qualcuno o da internet stesso. Il cerchio del gruppo ha consentito la condivisione di vissuti, pensieri e consapevolezze, alle volte faticose da verbalizzare.<\/span><\/p>\n<p><b>Il Laboratorio sulla consapevolezza affettiva e sessuale <\/b><span style=\"font-weight: 400;\">\u00e8 stato co-condotto da una Professionista dell\u2019Equipe di Psicosessuologia del Santagostino e una Professionista dell\u2019Equipe adolescenti, al fine di integrare una competenza specifica con l\u2019et\u00e0 con una sulla sessualit\u00e0. Il tema del laboratorio riguardava lo sviluppo della consapevolezza all\u2019interno delle interazioni sessuali, integrando aspetti corporei, emotivi ed affettivo &#8211; relazionali.\u00a0<\/span><\/p>\n<p><span style=\"font-weight: 400;\">I ragazzi sono stati invitati a scegliere una foto (tra le proposte dalle psicoterapeute) che potesse esprimere al meglio quello che loro intendevano per \u201cinterazione sessuale\u201d, lavorando in gruppo e condividendo una definizione che potesse esprimere una connotazione integrata di tutti i punti di vista.<\/span><\/p>\n<p><span style=\"font-weight: 400;\">In brainstorming si \u00e8 poi lavorato per poter rispondere ad una domanda: \u201cCosa devo sapere prima di dire s\u00ec ad un&#8217;interazione sessuale?\u201d sollecitando una riflessione sui diversi livelli di consapevolezza del tema. Si \u00e8 poi attivato il gruppo un&#8217;esperienza corporea guidata dalla \u201cvoce\u201d delle esperte in cui i ragazzi ad occhi bendati dovevano affidarsi alla propriocezione dell\u2019attrito che sentivano nel gestire distanza e vicinanza, la presenza e il vuoto, ridefinendo le proprie risorse ed i propri limiti nel rispondere alla domanda: \u201cCosa devo sapere prima di dire no ad un\u2019interazione sessuale\u201d, imparando ad incontrare il tema del consenso e del dissenso.<\/span><\/p>\n<h2><b>Il Teen Talk<\/b><\/h2>\n<p><span style=\"font-weight: 400;\">L\u2019intervista tra pari si \u00e8 realizzata in un\u2019unica classe, come di fatto \u2018un racconto libero\u2019 sugli aspetti che avevano pi\u00f9 colpito i ragazzi dell\u2019esperienza svolta, nello specifico all\u2019interno del Laboratorio di \u2018consapevolezza affettiva e sessuale\u2019.\u00a0<\/span><\/p>\n<p><span style=\"font-weight: 400;\">Il raccontarsi di fronte a un video ha attivato delle paure e dei blocchi, connessi all\u2019essere visto e all\u2019esporsi: si \u00e8 rispettato dunque la scelta e il vissuto della singola classe, lasciandola come una possibilit\u00e0 che potevano scegliere di vivere o meno.<\/span><\/p>\n<p><span style=\"font-weight: 400;\">La diretta \u00e8 stata trasmessa su Instagram sulla Pagina Social del <\/span><b>Santagostino<\/b> <b>Psiche<\/b><span style=\"font-weight: 400;\">.<\/span><\/p>\n<p><span style=\"font-weight: 400;\">Potete trovarla qui: <a href=\"https:\/\/www.instagram.com\/reel\/DGk-d6JMuMQ\/?utm_source=ig_web_copy_link&amp;igsh=MzRlODBiNWFlZA==\">guarda la diretta.<\/a><\/span><\/p>\n<h2><b>Riflessioni conclusive<\/b><\/h2>\n<p><span style=\"font-weight: 400;\">Entrare in una classe e in una scuola vuol dire entrare in una comunit\u00e0, in un gruppo con una sua storia, un passato e un presente, con la sua struttura e le sue tensioni accumulate nel tempo. I Professionisti del Servizio adolescenti si sono ritrovati dunque nel dover modulare la distanza nella relazione con la classe, a fare i conti con silenzi e non detti, con la possibilit\u00e0 o l\u2019impossibilit\u00e0 di aprirsi su emozioni e pensieri.<\/span><\/p>\n<p><span style=\"font-weight: 400;\">Il nostro intervento ha avuto la funzione di\u00a0attivatore di pensieri, azioni, legami,<\/span> <span style=\"font-weight: 400;\">connessioni, si \u201cinterviene\u201d non per riparare ci\u00f2 che si \u00e8 rotto e non funziona, ma per\u00a0\u201cinserire\u201d un pensiero laddove qualcosa si \u00e8 inceppato\u00a0nel percorso evolutivo, e che necessita di essere supportato nel rintracciare risorse e strumenti utili per generare un nuovo possibile significato individuale e collettivo.<\/span><\/p>\n<p><span style=\"font-weight: 400;\">I ragazzi di tutte le classi si sono mostrati grati e aperti a una modalit\u00e0 diversa di stare in classe, alla possibilit\u00e0 di guardarsi e riflettere insieme: qualcuno ha raccontato parti profonde di s\u00e9, qualcuno ha solo osservato, qualcuno ha potuto imparare qualcosa di nuovo su di s\u00e9 e su come gestire le emozioni, qualcuno ha potuto dire che \u2018stava male\u2019.<\/span><\/p>\n<p><span style=\"font-weight: 400;\">Riteniamo che pur essendo un piccolo intervento, sia importante che gli Psicoterapeuti escano dalle loro stanze di terapia per andare li dove i ragazzi vivono la loro realt\u00e0 quotidiana, come riteniamo che sia fondamentale che la Scuola si apra a un dialogo emotivo con i giovani nello stesso contesto scolastico.\u00a0<\/span><\/p>\n<p><span style=\"font-weight: 400;\">Troppo spesso vi sono episodi in cui giovani stanno male a scuola (con episodi di panico, ansia, autolesionismo, uso di sostanze a scuola fino ai pi\u00f9\u00f9 gravi tentativi di suicidio), episodi estremi che portano gli adulti (insegnanti, educatori, professionisti) a riflettere su cosa fare, su cosa \u00e8 mancato e dove si \u00e8 sbagliato: come equipe adolescenti lavoriamo sul poter cogliere i segnali sul nascere e sul non aspettare che il segnale diventi sintomo, patologia o ancora peggio \u2018occasione mancata\u2019. Lavoriamo sul poter creare insieme a tutti gli adulti di riferimento \u2018possibilit\u00e0 di pensiero e di cura\u2019, in cui il dialogo e il dare nome insieme ai ragazzi a emozioni e pensieri complesse sia la base sicura da cui partire nel pensare la cura di s\u00e9.<\/span><\/p>\n<p><i><span style=\"font-weight: 400;\">Hanno collaborato ai Laboratori esperienziali condotti presso il Liceo Artistico Brera i seguenti Professionisti del Servizio specialistico per adolescenti:<\/span><\/i><\/p>\n<p><i><span style=\"font-weight: 400;\">Alessia Bajoni, Simona Solimando, Elisabetta Mangano, Rossella Bencivenga, Nicoletta Malerba, Elena Saporiti, Claudia Cortesan, Maria Romina Rotunno, Mario Venerandi, Gigliola Gigli, Martina La Greca, Eleonora Martin (dell\u2019Equipe di Psicosessuologia del Santagostino.<\/span><\/i><\/p>\n","protected":false},"excerpt":{"rendered":"<p>L\u2019Equipe Adolescenti del Santagostino porta nelle scuole laboratori su ansia, dipendenze e affettivit\u00e0 per sostenere il benessere emotivo degli adolescenti.<\/p>\n","protected":false},"author":13,"featured_media":28079,"comment_status":"closed","ping_status":"closed","sticky":false,"template":"","format":"standard","meta":{"_se_main_payload":"","_se_review":"","_se_options":"","_se_confidence_fields":"","_se_evidence":"","_se_main_type":"","_se_template_id":"","_se_main_name":"","_se_main_code":"","_se_confidence_global":"","_se_review_enabled":"0","_gst_type":"","_gst_payload":"","_gst_conditions":"","footnotes":""},"categories":[304],"tags":[],"temi":[1114],"typology":[3],"class_list":["post-28071","post","type-post","status-publish","format-standard","has-post-thumbnail","hentry","category-minori","percorsi-psicoterapia-adolescenti","temi-adolescenti","typology-text"],"yoast_head":"<!-- This site is optimized with the Yoast SEO Premium plugin v25.9 (Yoast SEO v25.9) - https:\/\/yoast.com\/wordpress\/plugins\/seo\/ -->\n<title>Santagostino Psiche entra nelle Scuole con i laboratori esperienziali - Santagostino Psiche<\/title>\n<meta name=\"robots\" content=\"index, follow, max-snippet:-1, max-image-preview:large, max-video-preview:-1\" \/>\n<link rel=\"canonical\" href=\"https:\/\/www.santagostino.it\/magazine-psiche\/santagostino-psiche-entra-nelle-scuole-con-i-laboratori-esperienziali\/\" \/>\n<meta name=\"twitter:label1\" content=\"Scritto da\" \/>\n\t<meta name=\"twitter:data1\" content=\"massimiliano.decesare\" \/>\n\t<meta name=\"twitter:label2\" content=\"Tempo di lettura stimato\" \/>\n\t<meta name=\"twitter:data2\" content=\"9 minuti\" \/>\n<script type=\"application\/ld+json\" class=\"yoast-schema-graph\">{\"@context\":\"https:\/\/schema.org\",\"@graph\":[{\"@type\":\"Article\",\"@id\":\"https:\/\/www.santagostino.it\/magazine-psiche\/santagostino-psiche-entra-nelle-scuole-con-i-laboratori-esperienziali\/#article\",\"isPartOf\":{\"@id\":\"https:\/\/www.santagostino.it\/magazine-psiche\/santagostino-psiche-entra-nelle-scuole-con-i-laboratori-esperienziali\/\"},\"author\":{\"name\":\"massimiliano.decesare\",\"@id\":\"https:\/\/psiche.santagostino.it\/#\/schema\/person\/fabaf2d1a036856b2a70bf7d211fa293\"},\"headline\":\"Santagostino Psiche entra nelle Scuole con i laboratori esperienziali\",\"datePublished\":\"2025-05-08T08:25:04+00:00\",\"dateModified\":\"2025-11-01T15:35:42+00:00\",\"mainEntityOfPage\":{\"@id\":\"https:\/\/www.santagostino.it\/magazine-psiche\/santagostino-psiche-entra-nelle-scuole-con-i-laboratori-esperienziali\/\"},\"wordCount\":1683,\"publisher\":{\"@id\":\"https:\/\/psiche.santagostino.it\/#organization\"},\"image\":{\"@id\":\"https:\/\/www.santagostino.it\/magazine-psiche\/santagostino-psiche-entra-nelle-scuole-con-i-laboratori-esperienziali\/#primaryimage\"},\"thumbnailUrl\":\"https:\/\/www.santagostino.it\/magazine-psiche\/wp-content\/uploads\/2025\/05\/IMG_5691.jpg\",\"articleSection\":[\"Minori\"],\"inLanguage\":\"it-IT\"},{\"@type\":\"WebPage\",\"@id\":\"https:\/\/www.santagostino.it\/magazine-psiche\/santagostino-psiche-entra-nelle-scuole-con-i-laboratori-esperienziali\/\",\"url\":\"https:\/\/www.santagostino.it\/magazine-psiche\/santagostino-psiche-entra-nelle-scuole-con-i-laboratori-esperienziali\/\",\"name\":\"Santagostino Psiche entra nelle Scuole con i laboratori esperienziali - Santagostino Psiche\",\"isPartOf\":{\"@id\":\"https:\/\/psiche.santagostino.it\/#website\"},\"primaryImageOfPage\":{\"@id\":\"https:\/\/www.santagostino.it\/magazine-psiche\/santagostino-psiche-entra-nelle-scuole-con-i-laboratori-esperienziali\/#primaryimage\"},\"image\":{\"@id\":\"https:\/\/www.santagostino.it\/magazine-psiche\/santagostino-psiche-entra-nelle-scuole-con-i-laboratori-esperienziali\/#primaryimage\"},\"thumbnailUrl\":\"https:\/\/www.santagostino.it\/magazine-psiche\/wp-content\/uploads\/2025\/05\/IMG_5691.jpg\",\"datePublished\":\"2025-05-08T08:25:04+00:00\",\"dateModified\":\"2025-11-01T15:35:42+00:00\",\"breadcrumb\":{\"@id\":\"https:\/\/www.santagostino.it\/magazine-psiche\/santagostino-psiche-entra-nelle-scuole-con-i-laboratori-esperienziali\/#breadcrumb\"},\"inLanguage\":\"it-IT\",\"potentialAction\":[{\"@type\":\"ReadAction\",\"target\":[\"https:\/\/www.santagostino.it\/magazine-psiche\/santagostino-psiche-entra-nelle-scuole-con-i-laboratori-esperienziali\/\"]}]},{\"@type\":\"ImageObject\",\"inLanguage\":\"it-IT\",\"@id\":\"https:\/\/www.santagostino.it\/magazine-psiche\/santagostino-psiche-entra-nelle-scuole-con-i-laboratori-esperienziali\/#primaryimage\",\"url\":\"https:\/\/www.santagostino.it\/magazine-psiche\/wp-content\/uploads\/2025\/05\/IMG_5691.jpg\",\"contentUrl\":\"https:\/\/www.santagostino.it\/magazine-psiche\/wp-content\/uploads\/2025\/05\/IMG_5691.jpg\",\"width\":4032,\"height\":3024},{\"@type\":\"BreadcrumbList\",\"@id\":\"https:\/\/www.santagostino.it\/magazine-psiche\/santagostino-psiche-entra-nelle-scuole-con-i-laboratori-esperienziali\/#breadcrumb\",\"itemListElement\":[{\"@type\":\"ListItem\",\"position\":1,\"name\":\"Home\",\"item\":\"https:\/\/psiche.santagostino.it\/\"},{\"@type\":\"ListItem\",\"position\":2,\"name\":\"Santagostino Psiche entra nelle Scuole con i laboratori esperienziali\"}]},{\"@type\":\"WebSite\",\"@id\":\"https:\/\/psiche.santagostino.it\/#website\",\"url\":\"https:\/\/psiche.santagostino.it\/\",\"name\":\"https:\/\/www.santagostino.it\/magazine-psiche\",\"description\":\"La finestra sulla mente\",\"publisher\":{\"@id\":\"https:\/\/psiche.santagostino.it\/#organization\"},\"alternateName\":\"Psiche Santagostino\",\"potentialAction\":[{\"@type\":\"SearchAction\",\"target\":{\"@type\":\"EntryPoint\",\"urlTemplate\":\"https:\/\/psiche.santagostino.it\/?s={search_term_string}\"},\"query-input\":{\"@type\":\"PropertyValueSpecification\",\"valueRequired\":true,\"valueName\":\"search_term_string\"}}],\"inLanguage\":\"it-IT\"},{\"@type\":\"Organization\",\"@id\":\"https:\/\/psiche.santagostino.it\/#organization\",\"name\":\"https:\/\/www.santagostino.it\/magazine-psiche\",\"url\":\"https:\/\/psiche.santagostino.it\/\",\"logo\":{\"@type\":\"ImageObject\",\"inLanguage\":\"it-IT\",\"@id\":\"https:\/\/psiche.santagostino.it\/#\/schema\/logo\/image\/\",\"url\":\"https:\/\/www.santagostino.it\/magazine-psiche\/wp-content\/uploads\/2023\/07\/Santagostino-psiche-logo.png\",\"contentUrl\":\"https:\/\/www.santagostino.it\/magazine-psiche\/wp-content\/uploads\/2023\/07\/Santagostino-psiche-logo.png\",\"width\":430,\"height\":71,\"caption\":\"https:\/\/www.santagostino.it\/magazine-psiche\"},\"image\":{\"@id\":\"https:\/\/psiche.santagostino.it\/#\/schema\/logo\/image\/\"},\"sameAs\":[\"https:\/\/www.facebook.com\/santagostinopsiche\/\"]},{\"@type\":\"Person\",\"@id\":\"https:\/\/psiche.santagostino.it\/#\/schema\/person\/fabaf2d1a036856b2a70bf7d211fa293\",\"name\":\"massimiliano.decesare\",\"image\":{\"@type\":\"ImageObject\",\"inLanguage\":\"it-IT\",\"@id\":\"https:\/\/psiche.santagostino.it\/#\/schema\/person\/image\/\",\"url\":\"https:\/\/secure.gravatar.com\/avatar\/60ca167434e25b02e9f5c48d72cc03a6?s=96&d=mm&r=g\",\"contentUrl\":\"https:\/\/secure.gravatar.com\/avatar\/60ca167434e25b02e9f5c48d72cc03a6?s=96&d=mm&r=g\",\"caption\":\"massimiliano.decesare\"},\"url\":\"https:\/\/www.santagostino.it\/magazine-psiche\/author\/massimiliano-decesare\/\"}]}<\/script>\n<!-- \/ Yoast SEO Premium plugin. -->","yoast_head_json":{"title":"Santagostino Psiche entra nelle Scuole con i laboratori esperienziali - Santagostino Psiche","robots":{"index":"index","follow":"follow","max-snippet":"max-snippet:-1","max-image-preview":"max-image-preview:large","max-video-preview":"max-video-preview:-1"},"canonical":"https:\/\/www.santagostino.it\/magazine-psiche\/santagostino-psiche-entra-nelle-scuole-con-i-laboratori-esperienziali\/","twitter_misc":{"Scritto da":"massimiliano.decesare","Tempo di lettura stimato":"9 minuti"},"schema":{"@context":"https:\/\/schema.org","@graph":[{"@type":"Article","@id":"https:\/\/www.santagostino.it\/magazine-psiche\/santagostino-psiche-entra-nelle-scuole-con-i-laboratori-esperienziali\/#article","isPartOf":{"@id":"https:\/\/www.santagostino.it\/magazine-psiche\/santagostino-psiche-entra-nelle-scuole-con-i-laboratori-esperienziali\/"},"author":{"name":"massimiliano.decesare","@id":"https:\/\/psiche.santagostino.it\/#\/schema\/person\/fabaf2d1a036856b2a70bf7d211fa293"},"headline":"Santagostino Psiche entra nelle Scuole con i laboratori esperienziali","datePublished":"2025-05-08T08:25:04+00:00","dateModified":"2025-11-01T15:35:42+00:00","mainEntityOfPage":{"@id":"https:\/\/www.santagostino.it\/magazine-psiche\/santagostino-psiche-entra-nelle-scuole-con-i-laboratori-esperienziali\/"},"wordCount":1683,"publisher":{"@id":"https:\/\/psiche.santagostino.it\/#organization"},"image":{"@id":"https:\/\/www.santagostino.it\/magazine-psiche\/santagostino-psiche-entra-nelle-scuole-con-i-laboratori-esperienziali\/#primaryimage"},"thumbnailUrl":"https:\/\/www.santagostino.it\/magazine-psiche\/wp-content\/uploads\/2025\/05\/IMG_5691.jpg","articleSection":["Minori"],"inLanguage":"it-IT"},{"@type":"WebPage","@id":"https:\/\/www.santagostino.it\/magazine-psiche\/santagostino-psiche-entra-nelle-scuole-con-i-laboratori-esperienziali\/","url":"https:\/\/www.santagostino.it\/magazine-psiche\/santagostino-psiche-entra-nelle-scuole-con-i-laboratori-esperienziali\/","name":"Santagostino Psiche entra nelle Scuole con i laboratori esperienziali - Santagostino Psiche","isPartOf":{"@id":"https:\/\/psiche.santagostino.it\/#website"},"primaryImageOfPage":{"@id":"https:\/\/www.santagostino.it\/magazine-psiche\/santagostino-psiche-entra-nelle-scuole-con-i-laboratori-esperienziali\/#primaryimage"},"image":{"@id":"https:\/\/www.santagostino.it\/magazine-psiche\/santagostino-psiche-entra-nelle-scuole-con-i-laboratori-esperienziali\/#primaryimage"},"thumbnailUrl":"https:\/\/www.santagostino.it\/magazine-psiche\/wp-content\/uploads\/2025\/05\/IMG_5691.jpg","datePublished":"2025-05-08T08:25:04+00:00","dateModified":"2025-11-01T15:35:42+00:00","breadcrumb":{"@id":"https:\/\/www.santagostino.it\/magazine-psiche\/santagostino-psiche-entra-nelle-scuole-con-i-laboratori-esperienziali\/#breadcrumb"},"inLanguage":"it-IT","potentialAction":[{"@type":"ReadAction","target":["https:\/\/www.santagostino.it\/magazine-psiche\/santagostino-psiche-entra-nelle-scuole-con-i-laboratori-esperienziali\/"]}]},{"@type":"ImageObject","inLanguage":"it-IT","@id":"https:\/\/www.santagostino.it\/magazine-psiche\/santagostino-psiche-entra-nelle-scuole-con-i-laboratori-esperienziali\/#primaryimage","url":"https:\/\/www.santagostino.it\/magazine-psiche\/wp-content\/uploads\/2025\/05\/IMG_5691.jpg","contentUrl":"https:\/\/www.santagostino.it\/magazine-psiche\/wp-content\/uploads\/2025\/05\/IMG_5691.jpg","width":4032,"height":3024},{"@type":"BreadcrumbList","@id":"https:\/\/www.santagostino.it\/magazine-psiche\/santagostino-psiche-entra-nelle-scuole-con-i-laboratori-esperienziali\/#breadcrumb","itemListElement":[{"@type":"ListItem","position":1,"name":"Home","item":"https:\/\/psiche.santagostino.it\/"},{"@type":"ListItem","position":2,"name":"Santagostino Psiche entra nelle Scuole con i laboratori esperienziali"}]},{"@type":"WebSite","@id":"https:\/\/psiche.santagostino.it\/#website","url":"https:\/\/psiche.santagostino.it\/","name":"https:\/\/www.santagostino.it\/magazine-psiche","description":"La finestra sulla mente","publisher":{"@id":"https:\/\/psiche.santagostino.it\/#organization"},"alternateName":"Psiche Santagostino","potentialAction":[{"@type":"SearchAction","target":{"@type":"EntryPoint","urlTemplate":"https:\/\/psiche.santagostino.it\/?s={search_term_string}"},"query-input":{"@type":"PropertyValueSpecification","valueRequired":true,"valueName":"search_term_string"}}],"inLanguage":"it-IT"},{"@type":"Organization","@id":"https:\/\/psiche.santagostino.it\/#organization","name":"https:\/\/www.santagostino.it\/magazine-psiche","url":"https:\/\/psiche.santagostino.it\/","logo":{"@type":"ImageObject","inLanguage":"it-IT","@id":"https:\/\/psiche.santagostino.it\/#\/schema\/logo\/image\/","url":"https:\/\/www.santagostino.it\/magazine-psiche\/wp-content\/uploads\/2023\/07\/Santagostino-psiche-logo.png","contentUrl":"https:\/\/www.santagostino.it\/magazine-psiche\/wp-content\/uploads\/2023\/07\/Santagostino-psiche-logo.png","width":430,"height":71,"caption":"https:\/\/www.santagostino.it\/magazine-psiche"},"image":{"@id":"https:\/\/psiche.santagostino.it\/#\/schema\/logo\/image\/"},"sameAs":["https:\/\/www.facebook.com\/santagostinopsiche\/"]},{"@type":"Person","@id":"https:\/\/psiche.santagostino.it\/#\/schema\/person\/fabaf2d1a036856b2a70bf7d211fa293","name":"massimiliano.decesare","image":{"@type":"ImageObject","inLanguage":"it-IT","@id":"https:\/\/psiche.santagostino.it\/#\/schema\/person\/image\/","url":"https:\/\/secure.gravatar.com\/avatar\/60ca167434e25b02e9f5c48d72cc03a6?s=96&d=mm&r=g","contentUrl":"https:\/\/secure.gravatar.com\/avatar\/60ca167434e25b02e9f5c48d72cc03a6?s=96&d=mm&r=g","caption":"massimiliano.decesare"},"url":"https:\/\/www.santagostino.it\/magazine-psiche\/author\/massimiliano-decesare\/"}]}},"_links":{"self":[{"href":"https:\/\/www.santagostino.it\/magazine-psiche\/wp-json\/wp\/v2\/posts\/28071","targetHints":{"allow":["GET"]}}],"collection":[{"href":"https:\/\/www.santagostino.it\/magazine-psiche\/wp-json\/wp\/v2\/posts"}],"about":[{"href":"https:\/\/www.santagostino.it\/magazine-psiche\/wp-json\/wp\/v2\/types\/post"}],"author":[{"embeddable":true,"href":"https:\/\/www.santagostino.it\/magazine-psiche\/wp-json\/wp\/v2\/users\/13"}],"replies":[{"embeddable":true,"href":"https:\/\/www.santagostino.it\/magazine-psiche\/wp-json\/wp\/v2\/comments?post=28071"}],"version-history":[{"count":5,"href":"https:\/\/www.santagostino.it\/magazine-psiche\/wp-json\/wp\/v2\/posts\/28071\/revisions"}],"predecessor-version":[{"id":28919,"href":"https:\/\/www.santagostino.it\/magazine-psiche\/wp-json\/wp\/v2\/posts\/28071\/revisions\/28919"}],"wp:featuredmedia":[{"embeddable":true,"href":"https:\/\/www.santagostino.it\/magazine-psiche\/wp-json\/wp\/v2\/media\/28079"}],"wp:attachment":[{"href":"https:\/\/www.santagostino.it\/magazine-psiche\/wp-json\/wp\/v2\/media?parent=28071"}],"wp:term":[{"taxonomy":"category","embeddable":true,"href":"https:\/\/www.santagostino.it\/magazine-psiche\/wp-json\/wp\/v2\/categories?post=28071"},{"taxonomy":"post_tag","embeddable":true,"href":"https:\/\/www.santagostino.it\/magazine-psiche\/wp-json\/wp\/v2\/tags?post=28071"},{"taxonomy":"temi","embeddable":true,"href":"https:\/\/www.santagostino.it\/magazine-psiche\/wp-json\/wp\/v2\/temi?post=28071"},{"taxonomy":"typology","embeddable":true,"href":"https:\/\/www.santagostino.it\/magazine-psiche\/wp-json\/wp\/v2\/typology?post=28071"}],"curies":[{"name":"wp","href":"https:\/\/api.w.org\/{rel}","templated":true}]}}