{"id":24069,"date":"2024-06-10T08:02:03","date_gmt":"2024-06-10T08:02:03","guid":{"rendered":"https:\/\/www.santagostino.it\/magazine-psiche\/?p=24069"},"modified":"2024-06-10T08:02:03","modified_gmt":"2024-06-10T08:02:03","slug":"complesso-inferiorita","status":"publish","type":"post","link":"https:\/\/www.santagostino.it\/magazine-psiche\/complesso-inferiorita\/","title":{"rendered":"L\u2019impatto psicologico del complesso di inferiorit\u00e0"},"content":{"rendered":"<p><span style=\"font-weight: 400;\">Il <\/span><b>complesso di inferiorit\u00e0<\/b><span style=\"font-weight: 400;\"> \u00e8 una condizione psicologica caratterizzata da una <\/span><b>mancanza di autostima<\/b><span style=\"font-weight: 400;\"> e dalla convinzione di essere inferiori agli altri.\u00a0<\/span><\/p>\n<p><span style=\"font-weight: 400;\">Il complesso di inferiorit\u00e0, pur manifestandosi con <\/span><b>sintomi<\/b><span style=\"font-weight: 400;\"> e vissuti comuni, rappresenta un&#8217;esperienza soggettiva complessa e sfaccettata.<\/span><\/p>\n<p><a class=\"content-cta\" href=\"https:\/\/www.santagostino.it\/it\/psiche?utm_source=blog&amp;utm_medium=organic&amp;utm_campaign=CTA_psiche_articoli\"><img decoding=\"async\" class=\"visible-md\" src=\"\/wp-content\/uploads\/2024\/06\/Rev_04_SanAgostino_banner_desktop_low.gif\" \/><img decoding=\"async\" class=\"hidden-md\" src=\"\/wp-content\/uploads\/2024\/06\/Rev_04_SanAgostino_banner_mobile_low.gif\" \/><\/a><\/p>\n<p><span style=\"font-weight: 400;\">In alcuni casi, la persona che ne soffre si ritira nel suo guscio, avvolta da un velo di <\/span><b>timidezza<\/b><span style=\"font-weight: 400;\"> e <\/span><b>isolamento sociale<\/b><span style=\"font-weight: 400;\">. Il mondo esterno diventa una minaccia, un palcoscenico dove esporre le proprie fragilit\u00e0 e incapacit\u00e0. In altri casi, invece, l&#8217;insicurezza si trasforma in un&#8217;esplosione di <\/span><b>aggressivit\u00e0<\/b><span style=\"font-weight: 400;\"> e <\/span><b>competitivit\u00e0<\/b><span style=\"font-weight: 400;\">. Un meccanismo di difesa per nascondere la propria debolezza agli occhi degli altri, affermando una superiorit\u00e0 che serve solo a mascherare l&#8217;inadeguatezza percepita.<\/span><\/p>\n<p><span style=\"font-weight: 400;\">C&#8217;\u00e8 chi trova rifugio nella <\/span><b>procrastinazione<\/b><span style=\"font-weight: 400;\">, rimandando all&#8217;infinito impegni e decisioni per evitare di affrontare le proprie paure. Altri si aggrappano al <\/span><b>perfezionismo<\/b><span style=\"font-weight: 400;\"> come a un salvagente, convinti che solo una prestazione impeccabile possa compensare il senso di inferiorit\u00e0. E c&#8217;\u00e8 chi annega nei <\/span><b>comportamenti di dipendenza<\/b><span style=\"font-weight: 400;\"> un anestetico per il dolore emotivo che li attanaglia.<\/span><\/p>\n<p><span style=\"font-weight: 400;\">Indipendentemente dalla sua forma, il complesso di inferiorit\u00e0 alimenta un <\/span><b>dialogo interno implacabile<\/b><span style=\"font-weight: 400;\">, un flusso costante di <\/span><b>pensieri negativi<\/b><span style=\"font-weight: 400;\"> che minano l&#8217;autostima e alimentano un senso di inadeguatezza che permea ogni aspetto della vita.<\/span><\/p>\n<p><span style=\"font-weight: 400;\">Ogni critica, ogni ostacolo, ogni confronto con gli altri diventa una conferma di questa visione distorta di s\u00e9. La persona si sente incapace, indegna di amore, <a href=\"https:\/\/www.santagostino.it\/magazine-psiche\/paura-felicita\/\">felicit\u00e0<\/a> e successo.\u00a0<\/span><\/p>\n<h2><span style=\"font-weight: 400;\">Come si manifesta il complesso di inferiorit\u00e0<\/span><\/h2>\n<p><span style=\"font-weight: 400;\">La persona con questo complesso si trova intrappolata in una spirale di pensieri negativi. Si concentra ossessivamente sui propri difetti, si paragona costantemente agli altri, vive nel terrore del fallimento e ricerca ossessivamente l&#8217;approvazione esterna. Questo pessimismo cronico si traduce in una serie di atteggiamenti e comportamenti disfunzionali che influenzano negativamente diverse aree della vita.<\/span><\/p>\n<p><span style=\"font-weight: 400;\">Le <\/span><b>relazioni interpersonali<\/b><span style=\"font-weight: 400;\"> diventano un campo minato. La persona con un complesso di inferiorit\u00e0 pu\u00f2 avere difficolt\u00e0 a fidarsi degli altri, temendo di essere giudicata o criticata. Pu\u00f2 assumere atteggiamenti passivi-aggressivi per esprimere la propria rabbia e risentimento repressi, oppure pu\u00f2 diventare eccessivamente controllante per compensare la propria insicurezza. Inoltre, pu\u00f2 provare invidia verso i successi e la felicit\u00e0 degli altri, faticando a gioire per le loro conquiste.<\/span><\/p>\n<p><span style=\"font-weight: 400;\">Anche la <\/span><b>sfera lavorativa<\/b><span style=\"font-weight: 400;\"> non \u00e8 immune a queste dinamiche. La paura di fallire pu\u00f2 bloccare le ambizioni e le critiche diventano ferite per un\u2019autostima gi\u00e0 fragile. La persona con un complesso di inferiorit\u00e0 pu\u00f2 sottovalutarsi professionalmente, non credendo nelle proprie capacit\u00e0. Pu\u00f2 evitare di prendere iniziative o di assumersi responsabilit\u00e0 per timore di non essere all&#8217;altezza. Pu\u00f2 essere ipersensibile alle critiche costruttive, percependole come attacchi personali. Inoltre, pu\u00f2 avere difficolt\u00e0 a lavorare in team, vedendo colleghe e colleghi come rivali da superare. Insomma, chi soffre di questo disturbo potrebbe sentirsi costantemente in competizione e probabilmente vorr\u00e0 cercare di dimostrare il proprio valore attraverso una ricerca ossessiva di riconoscimento e approvazione non solo <\/span><b>verso una persona <\/b><span style=\"font-weight: 400;\">specifica, come il proprio capo o la propria capa, ma verso tutte le persone attorno.<\/span><\/p>\n<p><span style=\"font-weight: 400;\">La persona con un complesso di inferiorit\u00e0 pu\u00f2 mettere in atto <\/span><b>comportamenti di evitamento<\/b><span style=\"font-weight: 400;\"> per sfuggire al dolore emotivo. Pu\u00f2 rimandare compiti e impegni per paura di fallire o di non essere all&#8217;altezza. Pu\u00f2 evitare contesti sociali per timore di essere giudicata o criticata. In alcuni casi pi\u00f9 gravi, pu\u00f2 ricorrere a <\/span><b>comportamenti autodistruttivi<\/b><span style=\"font-weight: 400;\">, come abuso di alcol, droghe o cibo, come tentativo di anestetizzare il dolore interiore. Il perfezionismo ossessivo diventa una trappola, portando a una costante insoddisfazione e frustrazione.\u00a0<\/span><\/p>\n<p><span style=\"font-weight: 400;\">I <\/span><b>sintomi<\/b><span style=\"font-weight: 400;\"> del complesso di inferiorit\u00e0 pi\u00f9 comuni includono:<\/span><\/p>\n<ul>\n<li style=\"font-weight: 400;\" aria-level=\"1\"><b>Bassa autostima:<\/b><span style=\"font-weight: 400;\"> la persona si sente <a href=\"https:\/\/www.santagostino.it\/magazine-psiche\/fiducia-in-se-stessi\/\">inadeguata<\/a> e incapace di raggiungere i propri obiettivi.<\/span><\/li>\n<li style=\"font-weight: 400;\" aria-level=\"1\"><b>Pensiero negativo:<\/b><span style=\"font-weight: 400;\"> la persona tende a concentrarsi sui propri difetti e a svalutare i propri successi.<\/span><\/li>\n<li style=\"font-weight: 400;\" aria-level=\"1\"><b>Confronto sociale:<\/b><span style=\"font-weight: 400;\"> la persona si paragona costantemente agli altri e si sente inferiore a loro.<\/span><\/li>\n<li style=\"font-weight: 400;\" aria-level=\"1\"><b>Paura del fallimento:<\/b><span style=\"font-weight: 400;\"> la persona evita di mettersi alla prova per paura di fallire.<\/span><\/li>\n<li style=\"font-weight: 400;\" aria-level=\"1\"><b>Sensibilit\u00e0 alle critiche:<\/b><span style=\"font-weight: 400;\"> la persona \u00e8 molto sensibile alle critiche e le interpreta come conferme della propria inadeguatezza.<\/span><\/li>\n<li style=\"font-weight: 400;\" aria-level=\"1\"><b>Comportamenti di evitamento:<\/b><span style=\"font-weight: 400;\"> la persona evita situazioni sociali per paura di essere giudicata.<\/span><\/li>\n<li style=\"font-weight: 400;\" aria-level=\"1\"><b>Perfezionismo:<\/b><span style=\"font-weight: 400;\"> la persona ha un bisogno ossessivo di essere perfetta e si critica aspramente per ogni errore.<\/span><\/li>\n<li style=\"font-weight: 400;\" aria-level=\"1\"><b>Compensi:<\/b><span style=\"font-weight: 400;\"> la persona pu\u00f2 cercare di compensare la propria sensazione di inferiorit\u00e0 attraverso comportamenti arroganti o aggressivi.<\/span><\/li>\n<\/ul>\n<h2><span style=\"font-weight: 400;\">Come superare il complesso di inferiorit\u00e0?<\/span><\/h2>\n<p><span style=\"font-weight: 400;\">In un&#8217;epoca in cui i social media amplificano i successi altrui e mettono in luce un&#8217;immagine filtrata e spesso irrealistica della vita, \u00e8 comune sentirsi inadeguati o inferiori. Il confronto costante con ideali inarrivabili pu\u00f2 alimentare il senso di insufficienza e minare l&#8217;autostima<\/span><\/p>\n<p><span style=\"font-weight: 400;\">Superare il complesso di inferiorit\u00e0 non \u00e8 facile, ma possiamo elencare alcuni consigli da tenere a mente:\u00a0<\/span><\/p>\n<ul>\n<li style=\"font-weight: 400;\" aria-level=\"1\"><b>Abbraccia la vulnerabilit\u00e0<\/b><span style=\"font-weight: 400;\">: la societ\u00e0 spesso esalta la perfezione, creando un terreno fertile per il complesso di inferiorit\u00e0. Per avere una relazione pi\u00f9 sana con s\u00e9 stessi e con gli altri \u00e8 bene accettare le imperfezioni, le fragilit\u00e0 e i limiti.<\/span><\/li>\n<li style=\"font-weight: 400;\" aria-level=\"1\"><b>Concentrati sui tuoi punti di forza:<\/b><span style=\"font-weight: 400;\"> ognuno ha dei punti di forza e di debolezza. \u00c8 importante saper riconoscere entrambi e cercare di dare valore ai propri punti di forza.<\/span><\/li>\n<li style=\"font-weight: 400;\" aria-level=\"1\"><b>Non paragonarti agli altri:<\/b><span style=\"font-weight: 400;\"> ogni persona \u00e8 diversa e ha il proprio percorso. Paragonarsi agli altri porta solo a sentirsi inferiori.<\/span><\/li>\n<li style=\"font-weight: 400;\" aria-level=\"1\"><b>Poniti degli obiettivi realistici:<\/b><span style=\"font-weight: 400;\"> porsi degli obiettivi realistici e raggiungibili aiuta a migliorare l&#8217;autostima.<\/span><\/li>\n<li style=\"font-weight: 400;\" aria-level=\"1\"><b>Celebra i successi:<\/b><span style=\"font-weight: 400;\"> \u00e8 importante celebrare i propri successi, anche quelli quotidiani, grandi o piccoli che siano.<\/span><\/li>\n<li style=\"font-weight: 400;\" aria-level=\"1\"><b>Impara dagli errori:<\/b><span style=\"font-weight: 400;\"> gli errori fanno parte della vita. \u00c8 importante imparare dagli errori e non vederli come fallimenti.<\/span><\/li>\n<li style=\"font-weight: 400;\" aria-level=\"1\"><b>Cerca aiuto:<\/b><span style=\"font-weight: 400;\"> quando il complesso di inferiorit\u00e0 \u00e8 molto intenso e causa problemi significativi nella vita quotidiana, chiedi aiuto a una figura professionista.<\/span><\/li>\n<\/ul>\n<p><span style=\"font-weight: 400;\">Esistono anche diversi <\/span><b>test<\/b><span style=\"font-weight: 400;\"> o strumenti psicometrici per valutare la bassa autostima. Uno dei pi\u00f9 noti \u00e8 il &#8220;Rosenberg Self-Esteem Scale&#8221; (Scala di autostima di Rosenberg), sviluppato da Morris Rosenberg nel 1965. Questo <\/span><b>test<\/b><span style=\"font-weight: 400;\"> \u00e8 ampiamente utilizzato in ambito psicologico e sociale per misurare il livello di autostima di un individuo. La scala di autostima di Rosenberg \u00e8 composta da una serie di affermazioni alle quali il soggetto deve rispondere indicando il grado di accordo o disaccordo con ciascuna affermazione su una scala a 4 o 5 punti. Le affermazioni riguardano sia la percezione di s\u00e9 stessi in generale che specifici aspetti dell&#8217;autostima. In ogni caso, \u00e8 importante notare che nessun test da solo pu\u00f2 fornire una diagnosi completa e accurata della bassa autostima, e dovrebbe essere utilizzato all&#8217;interno di una valutazione psicologica pi\u00f9 ampia condotta da professionisti e professioniste.<\/span><\/p>\n<h2><span style=\"font-weight: 400;\">Perch\u00e9 mi sento sempre cos\u00ec inferiore?<\/span><\/h2>\n<p><span style=\"font-weight: 400;\">Le origini del complesso di inferiorit\u00e0 affondano spesso nelle <\/span><b>esperienze infantili<\/b><span style=\"font-weight: 400;\">. Critiche eccessive, svalutazioni, paragoni con i coetanei, episodi di bullismo o trascuratezza emotiva possono aver minato la fragile autostima del bambino o della bambina, gettando le basi per una percezione di s\u00e9 negativa e distorta.<\/span><\/p>\n<p><span style=\"font-weight: 400;\">Anche le <\/span><b>dinamiche familiari<\/b><span style=\"font-weight: 400;\"> apparentemente positive possono generare un complesso di inferiorit\u00e0. Ad esempio, una famiglia iperprotettiva o eccessivamente esigente pu\u00f2 indurre il bambino a sentirsi inadeguato se non soddisfa le aspettative altrui, oppure a sviluppare un senso di inferiorit\u00e0 rispetto ai fratelli o alle sorelle se vengono percepiti come pi\u00f9 capaci o meritevoli.<\/span><\/p>\n<p><span style=\"font-weight: 400;\">Il complesso di inferiorit\u00e0 non si esaurisce nella semplice bassa autostima, ma implica una serie di <\/span><b>processi cognitivi ed emotivi<\/b><span style=\"font-weight: 400;\"> complessi che influenzano profondamente il modo di relazionarsi con se stessi e con il mondo.<\/span><\/p>\n<ul>\n<li style=\"font-weight: 400;\" aria-level=\"1\"><b>Distorsione del pensiero:<\/b><span style=\"font-weight: 400;\"> La persona con un complesso di inferiorit\u00e0 tende a interpretare la realt\u00e0 in modo negativo e distorto. Si concentra maggiormente sui propri difetti e sulle proprie mancanze, trascurando i propri punti di forza e i successi ottenuti.<\/span><\/li>\n<li style=\"font-weight: 400;\" aria-level=\"1\"><b>Confronto sociale incessante:<\/b><span style=\"font-weight: 400;\"> chi soffre di un complesso di inferiorit\u00e0 tende spesso a confrontarsi con gli altri, misurando la propria autostima e il proprio valore personale <\/span><b>verso una persona<\/b><span style=\"font-weight: 400;\">. Questo costante confronto pu\u00f2 portare a una percezione distorta di s\u00e9 stessi e degli altri, alimentando il senso di inferiorit\u00e0 e di insoddisfazione personale.<\/span><\/li>\n<li style=\"font-weight: 400;\" aria-level=\"1\"><b>Paura del fallimento e dell&#8217;errore:<\/b><span style=\"font-weight: 400;\"> L&#8217;insuccesso e l&#8217;errore assumono un valore catastrofico, diventando la conferma tangibile della propria inferiorit\u00e0. La paura di fallire pu\u00f2 indurre la persona ad evitare nuove esperienze o a rinunciare in anticipo di fronte alle sfide.<\/span><\/li>\n<li style=\"font-weight: 400;\" aria-level=\"1\"><b>Ricerca di approvazione esterna:<\/b><span style=\"font-weight: 400;\"> L&#8217;autostima fragile di chi soffre di un complesso di inferiorit\u00e0 dipende spesso dal giudizio e dall&#8217;approvazione degli altri. La persona ricerca costantemente la validazione esterna, basando il proprio valore sul parere altrui.<\/span><\/li>\n<li style=\"font-weight: 400;\" aria-level=\"1\"><b>Maschere e compensazioni:<\/b><span style=\"font-weight: 400;\"> In alcuni casi, il complesso di inferiorit\u00e0 pu\u00f2 manifestarsi attraverso atteggiamenti opposti a quelli descritti finora. Ad esempio, la persona pu\u00f2 assumere un comportamento arrogante o aggressivo per nascondere la propria insicurezza, oppure pu\u00f2 sviluppare un narcisismo patologico per compensare il senso di vuoto interiore. Il <\/span><b>narcisismo<\/b><span style=\"font-weight: 400;\"> e il complesso di inferiorit\u00e0 possono sembrare due condizioni diametralmente opposte, ma in realt\u00e0 presentano diverse connessioni.<\/span><\/li>\n<\/ul>\n<p><a class=\"content-cta\" href=\"https:\/\/www.santagostino.it\/it\/psiche?utm_source=blog&amp;utm_medium=organic&amp;utm_campaign=CTA_psiche_articoli\"><img decoding=\"async\" class=\"visible-md\" src=\"\/wp-content\/uploads\/2024\/06\/Rev_04_SanAgostino_banner_desktop_low.gif\" \/><img decoding=\"async\" class=\"hidden-md\" src=\"\/wp-content\/uploads\/2024\/06\/Rev_04_SanAgostino_banner_mobile_low.gif\" \/><\/a><\/p>\n<h2><span style=\"font-weight: 400;\">Come si dice quando una persona si sente inferiore agli altri?<\/span><\/h2>\n<p><span style=\"font-weight: 400;\">Ci sono diverse <\/span><b>frasi<\/b><span style=\"font-weight: 400;\"> che vengono usate quando una persona si sente inferiore agli altri, come ad esempio:<\/span><\/p>\n<ul>\n<li style=\"font-weight: 400;\" aria-level=\"1\"><span style=\"font-weight: 400;\">&#8220;Mi sento inadeguato\/a.&#8221;<\/span><\/li>\n<li style=\"font-weight: 400;\" aria-level=\"1\"><span style=\"font-weight: 400;\">&#8220;Non sono abbastanza bravo\/a.&#8221;<\/span><\/li>\n<li style=\"font-weight: 400;\" aria-level=\"1\"><span style=\"font-weight: 400;\">&#8220;Non sar\u00f2 mai all&#8217;altezza.&#8221;<\/span><\/li>\n<li style=\"font-weight: 400;\" aria-level=\"1\"><span style=\"font-weight: 400;\">&#8220;Gli altri sono migliori di me.&#8221;<\/span><\/li>\n<li style=\"font-weight: 400;\" aria-level=\"1\"><span style=\"font-weight: 400;\">&#8220;Non valgo nulla.&#8221;<\/span><\/li>\n<\/ul>\n<p><span style=\"font-weight: 400;\">\u00c8 importante ricordare che tutti si sentono inferiori di tanto in tanto, pu\u00f2 anche essere una situazione dettata da un momento specifico della vita. Ma se questi sentimenti sono persistenti e intensi, potrebbero indicare la presenza di un complesso di inferiorit\u00e0 pi\u00f9 profondo, che richiede un&#8217;attenzione particolare per essere affrontato in modo efficace.<\/span><\/p>\n","protected":false},"excerpt":{"rendered":"<p>Il complesso di inferiorit\u00e0 affonda le sue radici in esperienze negative, come critiche, paragoni sfavorevoli o trascuratezza emotiva. Vediamo qui come si manifesta e come affrontarlo.<\/p>\n","protected":false},"author":38,"featured_media":24071,"comment_status":"closed","ping_status":"closed","sticky":false,"template":"","format":"standard","meta":{"footnotes":""},"categories":[279],"tags":[],"temi":[1115,1106],"typology":[3],"class_list":["post-24069","post","type-post","status-publish","format-standard","has-post-thumbnail","hentry","category-adulti","temi-benessere","temi-emozioni","typology-text"],"yoast_head":"<!-- This site is optimized with the Yoast SEO Premium plugin v25.3.1 (Yoast SEO v25.3.1) - https:\/\/yoast.com\/wordpress\/plugins\/seo\/ -->\n<title>L\u2019impatto psicologico del complesso di inferiorit\u00e0 - Santagostino Psiche<\/title>\n<meta name=\"description\" content=\"Il complesso di inferiorit\u00e0 affonda le sue radici in esperienze negative, come critiche, paragoni sfavorevoli o trascuratezza emotiva\" \/>\n<meta name=\"robots\" content=\"index, follow, max-snippet:-1, max-image-preview:large, max-video-preview:-1\" \/>\n<link rel=\"canonical\" href=\"https:\/\/psiche.santagostino.it\/complesso-inferiorita\/\" \/>\n<meta name=\"twitter:label1\" content=\"Scritto da\" \/>\n\t<meta name=\"twitter:data1\" content=\"Elena Rebaudengo\" \/>\n\t<meta name=\"twitter:label2\" content=\"Tempo di lettura stimato\" \/>\n\t<meta name=\"twitter:data2\" content=\"10 minuti\" \/>\n<script type=\"application\/ld+json\" class=\"yoast-schema-graph\">{\"@context\":\"https:\/\/schema.org\",\"@graph\":[{\"@type\":\"Article\",\"@id\":\"https:\/\/psiche.santagostino.it\/complesso-inferiorita\/#article\",\"isPartOf\":{\"@id\":\"https:\/\/psiche.santagostino.it\/complesso-inferiorita\/\"},\"author\":{\"name\":\"Elena Rebaudengo\",\"@id\":\"https:\/\/psiche.santagostino.it\/#\/schema\/person\/9026932941393fee809f4fd4391e1152\"},\"headline\":\"L\u2019impatto psicologico del complesso di inferiorit\u00e0\",\"datePublished\":\"2024-06-10T08:02:03+00:00\",\"mainEntityOfPage\":{\"@id\":\"https:\/\/psiche.santagostino.it\/complesso-inferiorita\/\"},\"wordCount\":1569,\"publisher\":{\"@id\":\"https:\/\/psiche.santagostino.it\/#organization\"},\"image\":{\"@id\":\"https:\/\/psiche.santagostino.it\/complesso-inferiorita\/#primaryimage\"},\"thumbnailUrl\":\"https:\/\/www.santagostino.it\/magazine-psiche\/wp-content\/uploads\/2024\/05\/sir-manuel-VLVDokxeelg-unsplash.jpg\",\"articleSection\":[\"Adulti\"],\"inLanguage\":\"it-IT\"},{\"@type\":\"WebPage\",\"@id\":\"https:\/\/psiche.santagostino.it\/complesso-inferiorita\/\",\"url\":\"https:\/\/psiche.santagostino.it\/complesso-inferiorita\/\",\"name\":\"L\u2019impatto psicologico del complesso di inferiorit\u00e0 - Santagostino Psiche\",\"isPartOf\":{\"@id\":\"https:\/\/psiche.santagostino.it\/#website\"},\"primaryImageOfPage\":{\"@id\":\"https:\/\/psiche.santagostino.it\/complesso-inferiorita\/#primaryimage\"},\"image\":{\"@id\":\"https:\/\/psiche.santagostino.it\/complesso-inferiorita\/#primaryimage\"},\"thumbnailUrl\":\"https:\/\/www.santagostino.it\/magazine-psiche\/wp-content\/uploads\/2024\/05\/sir-manuel-VLVDokxeelg-unsplash.jpg\",\"datePublished\":\"2024-06-10T08:02:03+00:00\",\"description\":\"Il complesso di inferiorit\u00e0 affonda le sue radici in esperienze negative, come critiche, paragoni sfavorevoli o trascuratezza emotiva\",\"breadcrumb\":{\"@id\":\"https:\/\/psiche.santagostino.it\/complesso-inferiorita\/#breadcrumb\"},\"inLanguage\":\"it-IT\",\"potentialAction\":[{\"@type\":\"ReadAction\",\"target\":[\"https:\/\/psiche.santagostino.it\/complesso-inferiorita\/\"]}]},{\"@type\":\"ImageObject\",\"inLanguage\":\"it-IT\",\"@id\":\"https:\/\/psiche.santagostino.it\/complesso-inferiorita\/#primaryimage\",\"url\":\"https:\/\/www.santagostino.it\/magazine-psiche\/wp-content\/uploads\/2024\/05\/sir-manuel-VLVDokxeelg-unsplash.jpg\",\"contentUrl\":\"https:\/\/www.santagostino.it\/magazine-psiche\/wp-content\/uploads\/2024\/05\/sir-manuel-VLVDokxeelg-unsplash.jpg\",\"width\":1200,\"height\":900},{\"@type\":\"BreadcrumbList\",\"@id\":\"https:\/\/psiche.santagostino.it\/complesso-inferiorita\/#breadcrumb\",\"itemListElement\":[{\"@type\":\"ListItem\",\"position\":1,\"name\":\"Home\",\"item\":\"https:\/\/psiche.santagostino.it\/\"},{\"@type\":\"ListItem\",\"position\":2,\"name\":\"L\u2019impatto psicologico del complesso di inferiorit\u00e0\"}]},{\"@type\":\"WebSite\",\"@id\":\"https:\/\/psiche.santagostino.it\/#website\",\"url\":\"https:\/\/psiche.santagostino.it\/\",\"name\":\"https:\/\/www.santagostino.it\/magazine-psiche\",\"description\":\"La finestra sulla mente\",\"publisher\":{\"@id\":\"https:\/\/psiche.santagostino.it\/#organization\"},\"alternateName\":\"Psiche Santagostino\",\"potentialAction\":[{\"@type\":\"SearchAction\",\"target\":{\"@type\":\"EntryPoint\",\"urlTemplate\":\"https:\/\/psiche.santagostino.it\/?s={search_term_string}\"},\"query-input\":{\"@type\":\"PropertyValueSpecification\",\"valueRequired\":true,\"valueName\":\"search_term_string\"}}],\"inLanguage\":\"it-IT\"},{\"@type\":\"Organization\",\"@id\":\"https:\/\/psiche.santagostino.it\/#organization\",\"name\":\"https:\/\/www.santagostino.it\/magazine-psiche\",\"url\":\"https:\/\/psiche.santagostino.it\/\",\"logo\":{\"@type\":\"ImageObject\",\"inLanguage\":\"it-IT\",\"@id\":\"https:\/\/psiche.santagostino.it\/#\/schema\/logo\/image\/\",\"url\":\"https:\/\/www.santagostino.it\/magazine-psiche\/wp-content\/uploads\/2023\/07\/Santagostino-psiche-logo.png\",\"contentUrl\":\"https:\/\/www.santagostino.it\/magazine-psiche\/wp-content\/uploads\/2023\/07\/Santagostino-psiche-logo.png\",\"width\":430,\"height\":71,\"caption\":\"https:\/\/www.santagostino.it\/magazine-psiche\"},\"image\":{\"@id\":\"https:\/\/psiche.santagostino.it\/#\/schema\/logo\/image\/\"},\"sameAs\":[\"https:\/\/www.facebook.com\/santagostinopsiche\/\"]},{\"@type\":\"Person\",\"@id\":\"https:\/\/psiche.santagostino.it\/#\/schema\/person\/9026932941393fee809f4fd4391e1152\",\"name\":\"Elena Rebaudengo\",\"image\":{\"@type\":\"ImageObject\",\"inLanguage\":\"it-IT\",\"@id\":\"https:\/\/psiche.santagostino.it\/#\/schema\/person\/image\/\",\"url\":\"https:\/\/secure.gravatar.com\/avatar\/9906be2cdca771c421f49ebc3ee59fad?s=96&d=mm&r=g\",\"contentUrl\":\"https:\/\/secure.gravatar.com\/avatar\/9906be2cdca771c421f49ebc3ee59fad?s=96&d=mm&r=g\",\"caption\":\"Elena Rebaudengo\"},\"url\":\"https:\/\/www.santagostino.it\/magazine-psiche\/author\/elena-rebaudengo\/\"}]}<\/script>\n<!-- \/ Yoast SEO Premium plugin. -->","yoast_head_json":{"title":"L\u2019impatto psicologico del complesso di inferiorit\u00e0 - Santagostino Psiche","description":"Il complesso di inferiorit\u00e0 affonda le sue radici in esperienze negative, come critiche, paragoni sfavorevoli o trascuratezza emotiva","robots":{"index":"index","follow":"follow","max-snippet":"max-snippet:-1","max-image-preview":"max-image-preview:large","max-video-preview":"max-video-preview:-1"},"canonical":"https:\/\/psiche.santagostino.it\/complesso-inferiorita\/","twitter_misc":{"Scritto da":"Elena Rebaudengo","Tempo di lettura stimato":"10 minuti"},"schema":{"@context":"https:\/\/schema.org","@graph":[{"@type":"Article","@id":"https:\/\/psiche.santagostino.it\/complesso-inferiorita\/#article","isPartOf":{"@id":"https:\/\/psiche.santagostino.it\/complesso-inferiorita\/"},"author":{"name":"Elena Rebaudengo","@id":"https:\/\/psiche.santagostino.it\/#\/schema\/person\/9026932941393fee809f4fd4391e1152"},"headline":"L\u2019impatto psicologico del complesso di inferiorit\u00e0","datePublished":"2024-06-10T08:02:03+00:00","mainEntityOfPage":{"@id":"https:\/\/psiche.santagostino.it\/complesso-inferiorita\/"},"wordCount":1569,"publisher":{"@id":"https:\/\/psiche.santagostino.it\/#organization"},"image":{"@id":"https:\/\/psiche.santagostino.it\/complesso-inferiorita\/#primaryimage"},"thumbnailUrl":"https:\/\/www.santagostino.it\/magazine-psiche\/wp-content\/uploads\/2024\/05\/sir-manuel-VLVDokxeelg-unsplash.jpg","articleSection":["Adulti"],"inLanguage":"it-IT"},{"@type":"WebPage","@id":"https:\/\/psiche.santagostino.it\/complesso-inferiorita\/","url":"https:\/\/psiche.santagostino.it\/complesso-inferiorita\/","name":"L\u2019impatto psicologico del complesso di inferiorit\u00e0 - Santagostino Psiche","isPartOf":{"@id":"https:\/\/psiche.santagostino.it\/#website"},"primaryImageOfPage":{"@id":"https:\/\/psiche.santagostino.it\/complesso-inferiorita\/#primaryimage"},"image":{"@id":"https:\/\/psiche.santagostino.it\/complesso-inferiorita\/#primaryimage"},"thumbnailUrl":"https:\/\/www.santagostino.it\/magazine-psiche\/wp-content\/uploads\/2024\/05\/sir-manuel-VLVDokxeelg-unsplash.jpg","datePublished":"2024-06-10T08:02:03+00:00","description":"Il complesso di inferiorit\u00e0 affonda le sue radici in esperienze negative, come critiche, paragoni sfavorevoli o trascuratezza emotiva","breadcrumb":{"@id":"https:\/\/psiche.santagostino.it\/complesso-inferiorita\/#breadcrumb"},"inLanguage":"it-IT","potentialAction":[{"@type":"ReadAction","target":["https:\/\/psiche.santagostino.it\/complesso-inferiorita\/"]}]},{"@type":"ImageObject","inLanguage":"it-IT","@id":"https:\/\/psiche.santagostino.it\/complesso-inferiorita\/#primaryimage","url":"https:\/\/www.santagostino.it\/magazine-psiche\/wp-content\/uploads\/2024\/05\/sir-manuel-VLVDokxeelg-unsplash.jpg","contentUrl":"https:\/\/www.santagostino.it\/magazine-psiche\/wp-content\/uploads\/2024\/05\/sir-manuel-VLVDokxeelg-unsplash.jpg","width":1200,"height":900},{"@type":"BreadcrumbList","@id":"https:\/\/psiche.santagostino.it\/complesso-inferiorita\/#breadcrumb","itemListElement":[{"@type":"ListItem","position":1,"name":"Home","item":"https:\/\/psiche.santagostino.it\/"},{"@type":"ListItem","position":2,"name":"L\u2019impatto psicologico del complesso di inferiorit\u00e0"}]},{"@type":"WebSite","@id":"https:\/\/psiche.santagostino.it\/#website","url":"https:\/\/psiche.santagostino.it\/","name":"https:\/\/www.santagostino.it\/magazine-psiche","description":"La finestra sulla mente","publisher":{"@id":"https:\/\/psiche.santagostino.it\/#organization"},"alternateName":"Psiche Santagostino","potentialAction":[{"@type":"SearchAction","target":{"@type":"EntryPoint","urlTemplate":"https:\/\/psiche.santagostino.it\/?s={search_term_string}"},"query-input":{"@type":"PropertyValueSpecification","valueRequired":true,"valueName":"search_term_string"}}],"inLanguage":"it-IT"},{"@type":"Organization","@id":"https:\/\/psiche.santagostino.it\/#organization","name":"https:\/\/www.santagostino.it\/magazine-psiche","url":"https:\/\/psiche.santagostino.it\/","logo":{"@type":"ImageObject","inLanguage":"it-IT","@id":"https:\/\/psiche.santagostino.it\/#\/schema\/logo\/image\/","url":"https:\/\/www.santagostino.it\/magazine-psiche\/wp-content\/uploads\/2023\/07\/Santagostino-psiche-logo.png","contentUrl":"https:\/\/www.santagostino.it\/magazine-psiche\/wp-content\/uploads\/2023\/07\/Santagostino-psiche-logo.png","width":430,"height":71,"caption":"https:\/\/www.santagostino.it\/magazine-psiche"},"image":{"@id":"https:\/\/psiche.santagostino.it\/#\/schema\/logo\/image\/"},"sameAs":["https:\/\/www.facebook.com\/santagostinopsiche\/"]},{"@type":"Person","@id":"https:\/\/psiche.santagostino.it\/#\/schema\/person\/9026932941393fee809f4fd4391e1152","name":"Elena Rebaudengo","image":{"@type":"ImageObject","inLanguage":"it-IT","@id":"https:\/\/psiche.santagostino.it\/#\/schema\/person\/image\/","url":"https:\/\/secure.gravatar.com\/avatar\/9906be2cdca771c421f49ebc3ee59fad?s=96&d=mm&r=g","contentUrl":"https:\/\/secure.gravatar.com\/avatar\/9906be2cdca771c421f49ebc3ee59fad?s=96&d=mm&r=g","caption":"Elena Rebaudengo"},"url":"https:\/\/www.santagostino.it\/magazine-psiche\/author\/elena-rebaudengo\/"}]}},"_links":{"self":[{"href":"https:\/\/www.santagostino.it\/magazine-psiche\/wp-json\/wp\/v2\/posts\/24069","targetHints":{"allow":["GET"]}}],"collection":[{"href":"https:\/\/www.santagostino.it\/magazine-psiche\/wp-json\/wp\/v2\/posts"}],"about":[{"href":"https:\/\/www.santagostino.it\/magazine-psiche\/wp-json\/wp\/v2\/types\/post"}],"author":[{"embeddable":true,"href":"https:\/\/www.santagostino.it\/magazine-psiche\/wp-json\/wp\/v2\/users\/38"}],"replies":[{"embeddable":true,"href":"https:\/\/www.santagostino.it\/magazine-psiche\/wp-json\/wp\/v2\/comments?post=24069"}],"version-history":[{"count":3,"href":"https:\/\/www.santagostino.it\/magazine-psiche\/wp-json\/wp\/v2\/posts\/24069\/revisions"}],"predecessor-version":[{"id":24255,"href":"https:\/\/www.santagostino.it\/magazine-psiche\/wp-json\/wp\/v2\/posts\/24069\/revisions\/24255"}],"wp:featuredmedia":[{"embeddable":true,"href":"https:\/\/www.santagostino.it\/magazine-psiche\/wp-json\/wp\/v2\/media\/24071"}],"wp:attachment":[{"href":"https:\/\/www.santagostino.it\/magazine-psiche\/wp-json\/wp\/v2\/media?parent=24069"}],"wp:term":[{"taxonomy":"category","embeddable":true,"href":"https:\/\/www.santagostino.it\/magazine-psiche\/wp-json\/wp\/v2\/categories?post=24069"},{"taxonomy":"post_tag","embeddable":true,"href":"https:\/\/www.santagostino.it\/magazine-psiche\/wp-json\/wp\/v2\/tags?post=24069"},{"taxonomy":"temi","embeddable":true,"href":"https:\/\/www.santagostino.it\/magazine-psiche\/wp-json\/wp\/v2\/temi?post=24069"},{"taxonomy":"typology","embeddable":true,"href":"https:\/\/www.santagostino.it\/magazine-psiche\/wp-json\/wp\/v2\/typology?post=24069"}],"curies":[{"name":"wp","href":"https:\/\/api.w.org\/{rel}","templated":true}]}}