{"id":24045,"date":"2024-05-27T12:12:32","date_gmt":"2024-05-27T12:12:32","guid":{"rendered":"https:\/\/www.santagostino.it\/magazine-psiche\/?p=24045"},"modified":"2024-05-27T12:12:32","modified_gmt":"2024-05-27T12:12:32","slug":"summer-sad-perche-la-depressione-arriva-con-lestate","status":"publish","type":"post","link":"https:\/\/www.santagostino.it\/magazine-psiche\/summer-sad-perche-la-depressione-arriva-con-lestate\/","title":{"rendered":"Summer SAD: perch\u00e9 la depressione arriva con l\u2019estate?"},"content":{"rendered":"<p>La depressione pu\u00f2 colpire in qualsiasi momento dell&#8217;anno, ma alcuni studi suggeriscono che <strong>ci sono periodi in cui le persone possono essere pi\u00f9 vulnerabili<\/strong> e sentirsi depresse.<\/p>\n<p><a class=\"content-cta\" href=\"https:\/\/www.santagostino.it\/it\/psiche?utm_source=blog&amp;utm_medium=organic&amp;utm_campaign=CTA_psiche_articoli\"><img decoding=\"async\" class=\"visible-md\" src=\"\/wp-content\/uploads\/2024\/06\/Rev_04_SanAgostino_banner_desktop_low.gif\" \/><img decoding=\"async\" class=\"hidden-md\" src=\"\/wp-content\/uploads\/2024\/06\/Rev_04_SanAgostino_banner_mobile_low.gif\" \/><\/a><\/p>\n<h2>Il disturbo affettivo stagionale (SAD)<\/h2>\n<p>Il disturbo affettivo stagionale, noto anche come depressione stagionale, \u00e8 <strong><a href=\"https:\/\/www.santagostino.it\/it\/santagostinopedia\/scala-depressione-geriatrica\">un tipo di depressione<\/a> che si manifesta in maniera ciclica <\/strong>in determinate stagioni. \u00c8 tipico dei <a href=\"https:\/\/www.santagostino.it\/magazine-psiche\/winter-blues-la-depressione-autunnale\/\">mesi autunnali e invernali<\/a>, quando c&#8217;\u00e8 una riduzione delle ore di luce solare.<\/p>\n<p>Questo disturbo pu\u00f2 anche presentarsi, sebbene pi\u00f9 raramente, in <strong>primavera o estate<\/strong>.<\/p>\n<p>Il SAD \u00e8 caratterizzato da una serie di <strong>sintomi simili a quelli della <a href=\"https:\/\/www.santagostino.it\/it\/santagostinopedia\/melancolia\">depressione maggiore<\/a><\/strong>, ma che ricorrono ogni anno nello stesso periodo.<\/p>\n<p><strong>I sintomi comuni del SAD<\/strong> includono sentimenti di tristezza o depressione per gran parte della giornata, perdita di interesse nelle attivit\u00e0 quotidiane che solitamente si trovano piacevoli, cambiamenti nell&#8217;appetito (spesso con desiderio di cibi ricchi di carboidrati), aumento di peso, problemi di sonno (tipicamente sonnolenza eccessiva), perdita di energia, difficolt\u00e0 a concentrarsi, sentimenti di disperazione o di inutilit\u00e0, irritabilit\u00e0 e ritiro sociale.<\/p>\n<p>Altri fattori ciclici che possono provocare il SAD sono <strong>i cambiamenti stagionali e i periodi di festa<\/strong>.<\/p>\n<p>Per esempio, il passaggio dall&#8217;estate all&#8217;autunno porta giornate pi\u00f9 corte e <strong>cambiamenti di routine<\/strong> che possono influenzare il benessere emotivo di alcune persone. Inoltre, mesi come dicembre, <strong>durante le <a href=\"https:\/\/www.santagostino.it\/magazine-psiche\/christmas-blues\/\">festivit\u00e0 natalizie<\/a><\/strong>, possono essere particolarmente difficili. Nonostante le festivit\u00e0 siano generalmente viste come un tempo di gioia, infatti, per molti possono aumentare <strong>i <a href=\"https:\/\/www.santagostino.it\/magazine-psiche\/social-network-solitudine\/\">sentimenti di solitudine<\/a>, stress e pressioni finanziarie<\/strong>.<\/p>\n<h2>Summer SAD: quando il SAD colpisce d\u2019estate<\/h2>\n<p>La depressione estiva, o disturbo affettivo stagionale estivo (summer SAD), pu\u00f2 sembrare meno comune rispetto alla forma invernale, ma colpisce alcune persone <a href=\"https:\/\/www.santagostino.it\/magazine-psiche\/meteoropatia-estiva\/\">durante i mesi pi\u00f9 caldi<\/a> per una variet\u00e0 di ragioni.<\/p>\n<p>Una maggiore esposizione alla luce solare durante l&#8217;estate pu\u00f2 <strong>alterare i <a href=\"https:\/\/www.santagostino.it\/magazine-psiche\/ritmi-circadiani\/\">ritmi circadiani<\/a> e i <a href=\"https:\/\/www.santagostino.it\/magazine-psiche\/dormire-nudi\/\">modelli di sonno<\/a><\/strong>, portando a sbalzi d&#8217;umore e difficolt\u00e0 nel dormire. Allo stesso tempo, il caldo e l&#8217;umidit\u00e0 possono essere <strong>fisicamente soffocanti e ridurre l&#8217;energia<\/strong>, rendendo pi\u00f9 difficile rimanere attivi e godersi la vita quotidiana.<\/p>\n<p>Inoltre, l&#8217;estate porta anche con s\u00e9 <strong>aspettative sociali di divertimento e attivit\u00e0 che possono creare pressione<\/strong>, specialmente per chi si sente incapace di partecipare o godere delle attivit\u00e0 stagionali per motivi personali, economici o sociali. Questa pressione pu\u00f2 aggravare lo stress e contribuire ai sentimenti di inadeguatezza o di tristezza tipici del summer SAD.<\/p>\n<p>Anche i <strong>cambiamenti nella routine abituale<\/strong>, come le vacanze scolastiche o le ferie estive, possono perturbare i ritmi quotidiani che sono fondamentali per il benessere mentale di molte persone.<\/p>\n<p>La questione dell&#8217;immagine corporea \u00e8 anche pi\u00f9 sentita in estate, con l&#8217;incremento delle attivit\u00e0 all&#8217;aperto e la necessit\u00e0 di indossare meno vestiti, il che pu\u00f2 essere fonte di ansia e insoddisfazione per chi \u00e8 <strong>insicuro riguardo al <a href=\"https:\/\/www.santagostino.it\/magazine-psiche\/accettare-corpo\/\">proprio corpo<\/a><\/strong>.<\/p>\n<p>Infine, le <strong>allergie stagionali<\/strong>, che sono pi\u00f9 frequenti durante i mesi estivi, possono peggiorare la situazione, influenzando negativamente sia la salute fisica che quella mentale.<\/p>\n<h2>Difendersi dal SAD e dal summer SAD<\/h2>\n<p>Difendersi dal disturbo affettivo richiede un approccio che integra diverse strategie per <strong>mitigare i sintomi e migliorare il benessere generale<\/strong>.<\/p>\n<p><strong>L&#8217;<a href=\"https:\/\/www.santagostino.it\/magazine-psiche\/fototerapia\/\">esposizione alla luce<\/a> naturale \u00e8 fondamentale<\/strong>, soprattutto per la SAD invernale. Trascorrere pi\u00f9 tempo all&#8217;aperto durante le ore diurne, anche nelle giornate nuvolose, pu\u00f2 aiutare a compensare la mancanza di luce solare. Posizionare i posti a sedere vicino alle finestre per massimizzare l&#8217;ingresso della luce naturale in casa o al lavoro \u00e8 un&#8217;altra misura utile.<\/p>\n<p>L&#8217;esercizio fisico regolare \u00e8 un potente strumento contro la depressione stagionale. <strong>L&#8217;attivit\u00e0 fisica aumenta i livelli di endorfine e altri neurotrasmettitori legati al benessere<\/strong>, aiutando a migliorare l&#8217;umore e a ridurre l&#8217;ansia. Anche una breve passeggiata quotidiana pu\u00f2 fare una grande differenza.<\/p>\n<p>Anche mantenere <strong>una routine regolare di sonno<\/strong> \u00e8 essenziale. Andare a letto e svegliarsi alla stessa ora ogni giorno aiuta a stabilizzare i ritmi, riducendo l&#8217;impatto della SAD. <strong>Una dieta equilibrata e nutriente<\/strong> pu\u00f2 contribuire a mantenere stabili i livelli di energia e a prevenire sbalzi d&#8217;umore.<\/p>\n<p>Non per ultimo, <strong>il supporto sociale<\/strong> \u00e8 un elemento cruciale. Parlare con amici, familiari o un terapeuta pu\u00f2 offrire sostegno emotivo e aiutare a gestire meglio i sintomi.<\/p>\n<p>Per la summer SAD, \u00e8 importante cercare <strong>ambienti freschi e climatizzati<\/strong> per evitare il calore eccessivo, mantenere una routine di sonno regolare e gestire lo stress attraverso <strong>tecniche di rilassamento<\/strong> come la meditazione o lo yoga.<\/p>\n<p><a class=\"content-cta\" href=\"https:\/\/www.santagostino.it\/it\/psiche?utm_source=blog&amp;utm_medium=organic&amp;utm_campaign=CTA_psiche_articoli\"><img decoding=\"async\" class=\"visible-md\" src=\"\/wp-content\/uploads\/2024\/06\/Rev_04_SanAgostino_banner_desktop_low.gif\" \/><img decoding=\"async\" class=\"hidden-md\" src=\"\/wp-content\/uploads\/2024\/06\/Rev_04_SanAgostino_banner_mobile_low.gif\" \/><\/a><\/p>\n<p>Combinando queste strategie, \u00e8 possibile mitigare significativamente i sintomi della SAD e migliorare il benessere generale durante i periodi dell&#8217;anno pi\u00f9 difficili.<\/p>\n<p>In ogni caso, \u00e8 importante notare che <strong>la depressione \u00e8 una condizione complessa<\/strong>, influenzata da una combinazione di fattori genetici, biologici, ambientali e psicologici. Chi sospetta di soffrire di depressione dovrebbe cercare supporto professionale per avere una diagnosi accurata e un trattamento appropriato.<\/p>\n","protected":false},"excerpt":{"rendered":"<p>Il disturbo affettivo stagionale (o depressione stagionale) \u00e8 un tipo di depressione che si manifesta in maniera ciclica in determinate stagioni. \u00c8 tipico dei mesi autunnali e invernali, ma pu\u00f2 presentarsi anche d&#8217;estate. Vediamo qui di cosa si tratta e come affrontare il problema<\/p>\n","protected":false},"author":39,"featured_media":24046,"comment_status":"closed","ping_status":"closed","sticky":false,"template":"","format":"standard","meta":{"footnotes":""},"categories":[279],"tags":[],"temi":[1115,1110],"typology":[3],"class_list":["post-24045","post","type-post","status-publish","format-standard","has-post-thumbnail","hentry","category-adulti","temi-benessere","temi-patologie-e-disturbi","typology-text"],"yoast_head":"<!-- This site is optimized with the Yoast SEO Premium plugin v25.3.1 (Yoast SEO v25.3.1) - https:\/\/yoast.com\/wordpress\/plugins\/seo\/ -->\n<title>Summer SAD: perch\u00e9 la depressione arriva con l\u2019estate? - Santagostino Psiche<\/title>\n<meta name=\"description\" content=\"Summer SAD: cos&#039;\u00e8 la depressione stagionale estiva e come si affronta. Un articolo sui sintomi e i rimedi.\" \/>\n<meta name=\"robots\" content=\"index, follow, max-snippet:-1, max-image-preview:large, max-video-preview:-1\" \/>\n<link rel=\"canonical\" href=\"https:\/\/psiche.santagostino.it\/summer-sad-perche-la-depressione-arriva-con-lestate\/\" \/>\n<meta name=\"twitter:label1\" content=\"Scritto da\" \/>\n\t<meta name=\"twitter:data1\" content=\"Daniel Coffaro\" \/>\n\t<meta name=\"twitter:label2\" content=\"Tempo di lettura stimato\" \/>\n\t<meta name=\"twitter:data2\" content=\"6 minuti\" \/>\n<script type=\"application\/ld+json\" class=\"yoast-schema-graph\">{\"@context\":\"https:\/\/schema.org\",\"@graph\":[{\"@type\":\"Article\",\"@id\":\"https:\/\/psiche.santagostino.it\/summer-sad-perche-la-depressione-arriva-con-lestate\/#article\",\"isPartOf\":{\"@id\":\"https:\/\/psiche.santagostino.it\/summer-sad-perche-la-depressione-arriva-con-lestate\/\"},\"author\":{\"name\":\"Daniel Coffaro\",\"@id\":\"https:\/\/psiche.santagostino.it\/#\/schema\/person\/ea8909e75bb3203b65c3978e4a37297a\"},\"headline\":\"Summer SAD: perch\u00e9 la depressione arriva con l\u2019estate?\",\"datePublished\":\"2024-05-27T12:12:32+00:00\",\"mainEntityOfPage\":{\"@id\":\"https:\/\/psiche.santagostino.it\/summer-sad-perche-la-depressione-arriva-con-lestate\/\"},\"wordCount\":799,\"publisher\":{\"@id\":\"https:\/\/psiche.santagostino.it\/#organization\"},\"image\":{\"@id\":\"https:\/\/psiche.santagostino.it\/summer-sad-perche-la-depressione-arriva-con-lestate\/#primaryimage\"},\"thumbnailUrl\":\"https:\/\/www.santagostino.it\/magazine-psiche\/wp-content\/uploads\/2024\/05\/summer-sad.jpg\",\"articleSection\":[\"Adulti\"],\"inLanguage\":\"it-IT\"},{\"@type\":\"WebPage\",\"@id\":\"https:\/\/psiche.santagostino.it\/summer-sad-perche-la-depressione-arriva-con-lestate\/\",\"url\":\"https:\/\/psiche.santagostino.it\/summer-sad-perche-la-depressione-arriva-con-lestate\/\",\"name\":\"Summer SAD: perch\u00e9 la depressione arriva con l\u2019estate? - Santagostino Psiche\",\"isPartOf\":{\"@id\":\"https:\/\/psiche.santagostino.it\/#website\"},\"primaryImageOfPage\":{\"@id\":\"https:\/\/psiche.santagostino.it\/summer-sad-perche-la-depressione-arriva-con-lestate\/#primaryimage\"},\"image\":{\"@id\":\"https:\/\/psiche.santagostino.it\/summer-sad-perche-la-depressione-arriva-con-lestate\/#primaryimage\"},\"thumbnailUrl\":\"https:\/\/www.santagostino.it\/magazine-psiche\/wp-content\/uploads\/2024\/05\/summer-sad.jpg\",\"datePublished\":\"2024-05-27T12:12:32+00:00\",\"description\":\"Summer SAD: cos'\u00e8 la depressione stagionale estiva e come si affronta. Un articolo sui sintomi e i rimedi.\",\"breadcrumb\":{\"@id\":\"https:\/\/psiche.santagostino.it\/summer-sad-perche-la-depressione-arriva-con-lestate\/#breadcrumb\"},\"inLanguage\":\"it-IT\",\"potentialAction\":[{\"@type\":\"ReadAction\",\"target\":[\"https:\/\/psiche.santagostino.it\/summer-sad-perche-la-depressione-arriva-con-lestate\/\"]}]},{\"@type\":\"ImageObject\",\"inLanguage\":\"it-IT\",\"@id\":\"https:\/\/psiche.santagostino.it\/summer-sad-perche-la-depressione-arriva-con-lestate\/#primaryimage\",\"url\":\"https:\/\/www.santagostino.it\/magazine-psiche\/wp-content\/uploads\/2024\/05\/summer-sad.jpg\",\"contentUrl\":\"https:\/\/www.santagostino.it\/magazine-psiche\/wp-content\/uploads\/2024\/05\/summer-sad.jpg\",\"width\":1920,\"height\":1280,\"caption\":\"summer sad\"},{\"@type\":\"BreadcrumbList\",\"@id\":\"https:\/\/psiche.santagostino.it\/summer-sad-perche-la-depressione-arriva-con-lestate\/#breadcrumb\",\"itemListElement\":[{\"@type\":\"ListItem\",\"position\":1,\"name\":\"Home\",\"item\":\"https:\/\/psiche.santagostino.it\/\"},{\"@type\":\"ListItem\",\"position\":2,\"name\":\"Summer SAD: perch\u00e9 la depressione arriva con l\u2019estate?\"}]},{\"@type\":\"WebSite\",\"@id\":\"https:\/\/psiche.santagostino.it\/#website\",\"url\":\"https:\/\/psiche.santagostino.it\/\",\"name\":\"https:\/\/www.santagostino.it\/magazine-psiche\",\"description\":\"La finestra sulla mente\",\"publisher\":{\"@id\":\"https:\/\/psiche.santagostino.it\/#organization\"},\"alternateName\":\"Psiche Santagostino\",\"potentialAction\":[{\"@type\":\"SearchAction\",\"target\":{\"@type\":\"EntryPoint\",\"urlTemplate\":\"https:\/\/psiche.santagostino.it\/?s={search_term_string}\"},\"query-input\":{\"@type\":\"PropertyValueSpecification\",\"valueRequired\":true,\"valueName\":\"search_term_string\"}}],\"inLanguage\":\"it-IT\"},{\"@type\":\"Organization\",\"@id\":\"https:\/\/psiche.santagostino.it\/#organization\",\"name\":\"https:\/\/www.santagostino.it\/magazine-psiche\",\"url\":\"https:\/\/psiche.santagostino.it\/\",\"logo\":{\"@type\":\"ImageObject\",\"inLanguage\":\"it-IT\",\"@id\":\"https:\/\/psiche.santagostino.it\/#\/schema\/logo\/image\/\",\"url\":\"https:\/\/www.santagostino.it\/magazine-psiche\/wp-content\/uploads\/2023\/07\/Santagostino-psiche-logo.png\",\"contentUrl\":\"https:\/\/www.santagostino.it\/magazine-psiche\/wp-content\/uploads\/2023\/07\/Santagostino-psiche-logo.png\",\"width\":430,\"height\":71,\"caption\":\"https:\/\/www.santagostino.it\/magazine-psiche\"},\"image\":{\"@id\":\"https:\/\/psiche.santagostino.it\/#\/schema\/logo\/image\/\"},\"sameAs\":[\"https:\/\/www.facebook.com\/santagostinopsiche\/\"]},{\"@type\":\"Person\",\"@id\":\"https:\/\/psiche.santagostino.it\/#\/schema\/person\/ea8909e75bb3203b65c3978e4a37297a\",\"name\":\"Daniel Coffaro\",\"image\":{\"@type\":\"ImageObject\",\"inLanguage\":\"it-IT\",\"@id\":\"https:\/\/psiche.santagostino.it\/#\/schema\/person\/image\/\",\"url\":\"https:\/\/secure.gravatar.com\/avatar\/c6503f5f50b73fff70dc00a0f8a60ffc?s=96&d=mm&r=g\",\"contentUrl\":\"https:\/\/secure.gravatar.com\/avatar\/c6503f5f50b73fff70dc00a0f8a60ffc?s=96&d=mm&r=g\",\"caption\":\"Daniel Coffaro\"},\"url\":\"https:\/\/www.santagostino.it\/magazine-psiche\/author\/daniel-coffaro\/\"}]}<\/script>\n<!-- \/ Yoast SEO Premium plugin. -->","yoast_head_json":{"title":"Summer SAD: perch\u00e9 la depressione arriva con l\u2019estate? - Santagostino Psiche","description":"Summer SAD: cos'\u00e8 la depressione stagionale estiva e come si affronta. Un articolo sui sintomi e i rimedi.","robots":{"index":"index","follow":"follow","max-snippet":"max-snippet:-1","max-image-preview":"max-image-preview:large","max-video-preview":"max-video-preview:-1"},"canonical":"https:\/\/psiche.santagostino.it\/summer-sad-perche-la-depressione-arriva-con-lestate\/","twitter_misc":{"Scritto da":"Daniel Coffaro","Tempo di lettura stimato":"6 minuti"},"schema":{"@context":"https:\/\/schema.org","@graph":[{"@type":"Article","@id":"https:\/\/psiche.santagostino.it\/summer-sad-perche-la-depressione-arriva-con-lestate\/#article","isPartOf":{"@id":"https:\/\/psiche.santagostino.it\/summer-sad-perche-la-depressione-arriva-con-lestate\/"},"author":{"name":"Daniel Coffaro","@id":"https:\/\/psiche.santagostino.it\/#\/schema\/person\/ea8909e75bb3203b65c3978e4a37297a"},"headline":"Summer SAD: perch\u00e9 la depressione arriva con l\u2019estate?","datePublished":"2024-05-27T12:12:32+00:00","mainEntityOfPage":{"@id":"https:\/\/psiche.santagostino.it\/summer-sad-perche-la-depressione-arriva-con-lestate\/"},"wordCount":799,"publisher":{"@id":"https:\/\/psiche.santagostino.it\/#organization"},"image":{"@id":"https:\/\/psiche.santagostino.it\/summer-sad-perche-la-depressione-arriva-con-lestate\/#primaryimage"},"thumbnailUrl":"https:\/\/www.santagostino.it\/magazine-psiche\/wp-content\/uploads\/2024\/05\/summer-sad.jpg","articleSection":["Adulti"],"inLanguage":"it-IT"},{"@type":"WebPage","@id":"https:\/\/psiche.santagostino.it\/summer-sad-perche-la-depressione-arriva-con-lestate\/","url":"https:\/\/psiche.santagostino.it\/summer-sad-perche-la-depressione-arriva-con-lestate\/","name":"Summer SAD: perch\u00e9 la depressione arriva con l\u2019estate? - Santagostino Psiche","isPartOf":{"@id":"https:\/\/psiche.santagostino.it\/#website"},"primaryImageOfPage":{"@id":"https:\/\/psiche.santagostino.it\/summer-sad-perche-la-depressione-arriva-con-lestate\/#primaryimage"},"image":{"@id":"https:\/\/psiche.santagostino.it\/summer-sad-perche-la-depressione-arriva-con-lestate\/#primaryimage"},"thumbnailUrl":"https:\/\/www.santagostino.it\/magazine-psiche\/wp-content\/uploads\/2024\/05\/summer-sad.jpg","datePublished":"2024-05-27T12:12:32+00:00","description":"Summer SAD: cos'\u00e8 la depressione stagionale estiva e come si affronta. Un articolo sui sintomi e i rimedi.","breadcrumb":{"@id":"https:\/\/psiche.santagostino.it\/summer-sad-perche-la-depressione-arriva-con-lestate\/#breadcrumb"},"inLanguage":"it-IT","potentialAction":[{"@type":"ReadAction","target":["https:\/\/psiche.santagostino.it\/summer-sad-perche-la-depressione-arriva-con-lestate\/"]}]},{"@type":"ImageObject","inLanguage":"it-IT","@id":"https:\/\/psiche.santagostino.it\/summer-sad-perche-la-depressione-arriva-con-lestate\/#primaryimage","url":"https:\/\/www.santagostino.it\/magazine-psiche\/wp-content\/uploads\/2024\/05\/summer-sad.jpg","contentUrl":"https:\/\/www.santagostino.it\/magazine-psiche\/wp-content\/uploads\/2024\/05\/summer-sad.jpg","width":1920,"height":1280,"caption":"summer sad"},{"@type":"BreadcrumbList","@id":"https:\/\/psiche.santagostino.it\/summer-sad-perche-la-depressione-arriva-con-lestate\/#breadcrumb","itemListElement":[{"@type":"ListItem","position":1,"name":"Home","item":"https:\/\/psiche.santagostino.it\/"},{"@type":"ListItem","position":2,"name":"Summer SAD: perch\u00e9 la depressione arriva con l\u2019estate?"}]},{"@type":"WebSite","@id":"https:\/\/psiche.santagostino.it\/#website","url":"https:\/\/psiche.santagostino.it\/","name":"https:\/\/www.santagostino.it\/magazine-psiche","description":"La finestra sulla mente","publisher":{"@id":"https:\/\/psiche.santagostino.it\/#organization"},"alternateName":"Psiche Santagostino","potentialAction":[{"@type":"SearchAction","target":{"@type":"EntryPoint","urlTemplate":"https:\/\/psiche.santagostino.it\/?s={search_term_string}"},"query-input":{"@type":"PropertyValueSpecification","valueRequired":true,"valueName":"search_term_string"}}],"inLanguage":"it-IT"},{"@type":"Organization","@id":"https:\/\/psiche.santagostino.it\/#organization","name":"https:\/\/www.santagostino.it\/magazine-psiche","url":"https:\/\/psiche.santagostino.it\/","logo":{"@type":"ImageObject","inLanguage":"it-IT","@id":"https:\/\/psiche.santagostino.it\/#\/schema\/logo\/image\/","url":"https:\/\/www.santagostino.it\/magazine-psiche\/wp-content\/uploads\/2023\/07\/Santagostino-psiche-logo.png","contentUrl":"https:\/\/www.santagostino.it\/magazine-psiche\/wp-content\/uploads\/2023\/07\/Santagostino-psiche-logo.png","width":430,"height":71,"caption":"https:\/\/www.santagostino.it\/magazine-psiche"},"image":{"@id":"https:\/\/psiche.santagostino.it\/#\/schema\/logo\/image\/"},"sameAs":["https:\/\/www.facebook.com\/santagostinopsiche\/"]},{"@type":"Person","@id":"https:\/\/psiche.santagostino.it\/#\/schema\/person\/ea8909e75bb3203b65c3978e4a37297a","name":"Daniel Coffaro","image":{"@type":"ImageObject","inLanguage":"it-IT","@id":"https:\/\/psiche.santagostino.it\/#\/schema\/person\/image\/","url":"https:\/\/secure.gravatar.com\/avatar\/c6503f5f50b73fff70dc00a0f8a60ffc?s=96&d=mm&r=g","contentUrl":"https:\/\/secure.gravatar.com\/avatar\/c6503f5f50b73fff70dc00a0f8a60ffc?s=96&d=mm&r=g","caption":"Daniel Coffaro"},"url":"https:\/\/www.santagostino.it\/magazine-psiche\/author\/daniel-coffaro\/"}]}},"_links":{"self":[{"href":"https:\/\/www.santagostino.it\/magazine-psiche\/wp-json\/wp\/v2\/posts\/24045","targetHints":{"allow":["GET"]}}],"collection":[{"href":"https:\/\/www.santagostino.it\/magazine-psiche\/wp-json\/wp\/v2\/posts"}],"about":[{"href":"https:\/\/www.santagostino.it\/magazine-psiche\/wp-json\/wp\/v2\/types\/post"}],"author":[{"embeddable":true,"href":"https:\/\/www.santagostino.it\/magazine-psiche\/wp-json\/wp\/v2\/users\/39"}],"replies":[{"embeddable":true,"href":"https:\/\/www.santagostino.it\/magazine-psiche\/wp-json\/wp\/v2\/comments?post=24045"}],"version-history":[{"count":3,"href":"https:\/\/www.santagostino.it\/magazine-psiche\/wp-json\/wp\/v2\/posts\/24045\/revisions"}],"predecessor-version":[{"id":24068,"href":"https:\/\/www.santagostino.it\/magazine-psiche\/wp-json\/wp\/v2\/posts\/24045\/revisions\/24068"}],"wp:featuredmedia":[{"embeddable":true,"href":"https:\/\/www.santagostino.it\/magazine-psiche\/wp-json\/wp\/v2\/media\/24046"}],"wp:attachment":[{"href":"https:\/\/www.santagostino.it\/magazine-psiche\/wp-json\/wp\/v2\/media?parent=24045"}],"wp:term":[{"taxonomy":"category","embeddable":true,"href":"https:\/\/www.santagostino.it\/magazine-psiche\/wp-json\/wp\/v2\/categories?post=24045"},{"taxonomy":"post_tag","embeddable":true,"href":"https:\/\/www.santagostino.it\/magazine-psiche\/wp-json\/wp\/v2\/tags?post=24045"},{"taxonomy":"temi","embeddable":true,"href":"https:\/\/www.santagostino.it\/magazine-psiche\/wp-json\/wp\/v2\/temi?post=24045"},{"taxonomy":"typology","embeddable":true,"href":"https:\/\/www.santagostino.it\/magazine-psiche\/wp-json\/wp\/v2\/typology?post=24045"}],"curies":[{"name":"wp","href":"https:\/\/api.w.org\/{rel}","templated":true}]}}