{"id":23623,"date":"2024-05-01T15:46:26","date_gmt":"2024-05-01T15:46:26","guid":{"rendered":"https:\/\/www.santagostino.it\/magazine-psiche\/?p=23623"},"modified":"2024-07-11T13:14:13","modified_gmt":"2024-07-11T13:14:13","slug":"i-canoni-di-bellezza-in-psicologia","status":"publish","type":"post","link":"https:\/\/www.santagostino.it\/magazine-psiche\/i-canoni-di-bellezza-in-psicologia\/","title":{"rendered":"I canoni di bellezza in psicologia"},"content":{"rendered":"<p><span style=\"font-weight: 400;\">La bellezza \u00e8 un concetto che comprende le qualit\u00e0 estetiche che sono piacevoli alla vista e che suscitano ammirazione negli altri. Alcune caratteristiche, come la simmetria e l&#8217;armonia, sono considerate universali e apprezzate attraverso diverse culture, altre possono variare notevolmente riflettendo i valori e le tradizioni culturali di ogni societ\u00e0.<\/span><\/p>\n<h2><span style=\"font-weight: 400;\">Quali sono i canoni di bellezza di oggi?<\/span><\/h2>\n<p><span style=\"font-weight: 400;\">Nel mondo contemporaneo, i <\/span><b>canoni di bellezza<\/b><span style=\"font-weight: 400;\"> rappresentano non solo un ideale estetico ma anche un fenomeno psicologico e culturale complesso. L&#8217;analisi delle caratteristiche riconosciute come ideali di bellezza rivela tendenze universali, mentre l&#8217;<\/span><b>influenza dei media<\/b><span style=\"font-weight: 400;\"> e delle <\/span><b>piattaforme social<\/b><span style=\"font-weight: 400;\"> modula la percezione individuale e collettiva di questi canoni. Semplificando potremmo dire che ci sono gusti comuni a tutti, con un certo grado di variabilit\u00e0.<\/span><\/p>\n<p><a class=\"content-cta\" href=\"https:\/\/www.santagostino.it\/it\/psiche\"><img decoding=\"async\" class=\"visible-md\" src=\"\/wp-content\/uploads\/2024\/06\/Rev_04_SanAgostino_banner_desktop_low.gif\" \/><img decoding=\"async\" class=\"hidden-md\" src=\"\/wp-content\/uploads\/2024\/06\/Rev_04_SanAgostino_banner_mobile_low.gif\" \/><\/a><\/p>\n<p><b>Caratteristiche universalmente riconosciute:<\/b><\/p>\n<ul>\n<li style=\"font-weight: 400;\" aria-level=\"1\"><b>Simmetria facciale<\/b><span style=\"font-weight: 400;\">: spesso associata a salute e buona genetica.<\/span><\/li>\n<li style=\"font-weight: 400;\" aria-level=\"1\"><b>Proporzioni corporee armoniose<\/b><span style=\"font-weight: 400;\">: l&#8217;idea di un corpo &#8220;in forma&#8221; varia culturalmente, ma la tendenza globale premia la forma fisica equilibrata.<\/span><\/li>\n<li style=\"font-weight: 400;\" aria-level=\"1\"><b>Pelle liscia<\/b><span style=\"font-weight: 400;\">: simbolo di giovinezza e benessere in molte culture.<\/span><\/li>\n<li style=\"font-weight: 400;\" aria-level=\"1\"><b>Capelli sani<\/b><span style=\"font-weight: 400;\">: rappresentano vitalit\u00e0 e salute.<\/span><\/li>\n<\/ul>\n<p><span style=\"font-weight: 400;\">L&#8217;<\/span><b>influenza dei media<\/b><span style=\"font-weight: 400;\"> e delle <\/span><b>piattaforme social<\/b><span style=\"font-weight: 400;\"> sulla percezione della bellezza \u00e8 immensa e duplice. Da un lato, amplificano certi ideali estetici, rendendoli pervasivi attraverso la <\/span><b>pubblicit\u00e0<\/b><span style=\"font-weight: 400;\">, i <\/span><b>film<\/b><span style=\"font-weight: 400;\">, le <\/span><b>serie TV<\/b><span style=\"font-weight: 400;\"> e i <\/span><b>post degli influencer<\/b><span style=\"font-weight: 400;\">. Questa costante esposizione crea un modello implicito di bellezza che pu\u00f2 influenzare profondamente l&#8217;autopercezione e l&#8217;<a href=\"https:\/\/www.santagostino.it\/magazine-psiche\/autostima\/\">autostima<\/a> degli individui. Dall&#8217;altro l&#8217;emergere di <\/span><b>movimenti per la diversit\u00e0<\/b><span style=\"font-weight: 400;\"> e l&#8217;<\/span><b>inclusione<\/b><span style=\"font-weight: 400;\"> hanno un significato chiaro. Stiamo iniziando a sfidare e ampliare i tradizionali canoni di bellezza, promuovendo un messaggio di accettazione e valorizzazione delle <\/span><b>differenze individuali<\/b><span style=\"font-weight: 400;\">. Questo dinamismo tra conformit\u00e0 e resistenza ai canoni di bellezza riflette la complessa interazione tra societ\u00e0, cultura e psicologia individuale.<\/span><\/p>\n<h2><span style=\"font-weight: 400;\">Chi decide i canoni di bellezza?<\/span><\/h2>\n<p><span style=\"font-weight: 400;\">Nel contesto contemporaneo la definizione dei <\/span><b>canoni di bellezza<\/b><span style=\"font-weight: 400;\"> \u00e8 fortemente influenzata dall&#8217;<\/span><b>industria della moda e dell&#8217;intrattenimento<\/b><span style=\"font-weight: 400;\">, due entit\u00e0 che giocano un ruolo cruciale nel modellare le percezioni collettive di cosa sia considerato bello. Queste industrie non solo riflettono le tendenze culturali esistenti ma, attraverso le loro scelte e rappresentazioni, hanno il potere di <\/span><b>creare e diffondere nuovi ideali<\/b><span style=\"font-weight: 400;\"> di bellezza.<\/span><\/p>\n<p><b>La moda<\/b><span style=\"font-weight: 400;\"> e <\/span><b>l&#8217;intrattenimento<\/b><span style=\"font-weight: 400;\">, con il loro ampio raggio d&#8217;azione costituito da riviste di settore, sfilate, film, programmi televisivi e pubblicit\u00e0, presentano al pubblico modelli di bellezza che spesso diventano punti di riferimento universali. Questi modelli sono selezionati con cura e rappresentati in modo tale da esaltare determinate caratteristiche fisiche, che a loro volta vengono elevate a standard da emulare.\u00a0<\/span><\/p>\n<p><span style=\"font-weight: 400;\">Tuttavia, \u00e8 importante notare come anche l&#8217;<\/span><b>industria della moda e quella dell&#8217;intrattenimento<\/b><span style=\"font-weight: 400;\"> stiano iniziando a rispondere alle crescenti richieste di <\/span><b>eterogeneit\u00e0 e inclusione<\/b><span style=\"font-weight: 400;\"> (come accennavamo in precedenza). Questa trasformazione, lenta ma costante, espande i canoni di bellezza per includere una maggiore variet\u00e0 di corpi, etnie ed et\u00e0. Ne sono un esempio i nuovi attori chiamati a reinterpretare classici animati, modelle plus-size e della terza et\u00e0.\u00a0 Tale cambiamento riflette una consapevolezza crescente riguardo all&#8217;impatto psicologico e sociale degli ideali di bellezza e rappresenta un tentativo di creare un ambiente pi\u00f9 accogliente e rappresentativo della realt\u00e0.<\/span><\/p>\n<p><span style=\"font-weight: 400;\">Quindi, bench\u00e9 l&#8217;industria della moda e dell&#8217;intrattenimento abbiano storicamente avuto un&#8217;influenza predominante nella definizione dei canoni di bellezza, \u00e8 chiaro che si stiano adattando alle esigenze di una societ\u00e0 che valuta sempre pi\u00f9 la <\/span><b>pluralit\u00e0 e l&#8217;autenticit\u00e0<\/b><span style=\"font-weight: 400;\">. Questo processo di adattamento non solo modifica la percezione della bellezza ma apre anche le porte a una comprensione pi\u00f9 inclusiva e olistica dell&#8217;attrattiva umana.<\/span><\/p>\n<h2><span style=\"font-weight: 400;\">Quali sono i canoni di bellezza in Italia?<\/span><\/h2>\n<p><span style=\"font-weight: 400;\">L&#8217;Italia, con la sua ricca <\/span><b>eredit\u00e0 culturale<\/b><span style=\"font-weight: 400;\"> e <\/span><b>storica<\/b><span style=\"font-weight: 400;\">, ha sempre avuto una visione distintiva del <\/span><b>canone di bellezza<\/b><span style=\"font-weight: 400;\">. Il nostro bel paese, culla del Rinascimento e patria di innumerevoli artisti e stilisti, ha contribuito significativamente alla definizione estetica della bellezza nel corso dei secoli.<\/span><\/p>\n<p><span style=\"font-weight: 400;\">Una <\/span><b>panoramica storica<\/b><span style=\"font-weight: 400;\"> rivela che, durante il Rinascimento, la bellezza italiana era incarnata da figure come la Venere di Botticelli, simbolo di grazia e bellezza naturale. In quel periodo, i canoni di bellezza valorizzavano particolarmente la <\/span><b>simmetria<\/b><span style=\"font-weight: 400;\">, le <\/span><b>proporzioni armoniose<\/b><span style=\"font-weight: 400;\"> e un senso di <\/span><b>equilibrio e perfezione<\/b><span style=\"font-weight: 400;\"> estetica, principi che ancora oggi trovano riscontro nella moda e nel design italiani.<\/span><\/p>\n<p><span style=\"font-weight: 400;\">Con il passare dei secoli questi canoni hanno sub\u00ecto evoluzioni, rimanendo tuttavia fedeli all&#8217;idea di una bellezza <\/span><b>classica e senza tempo<\/b><span style=\"font-weight: 400;\">. Nell&#8217;era contemporanea l&#8217;Italia continua a celebrare la bellezza attraverso la sua rinomata industria della moda, promuovendo un&#8217;immagine di eleganza sofisticata e di cura nei dettagli.<\/span><\/p>\n<p><span style=\"font-weight: 400;\">Confrontando i canoni di bellezza <\/span><b>italiani<\/b><span style=\"font-weight: 400;\"> con quelli <\/span><b>internazionali<\/b><span style=\"font-weight: 400;\">, emergono interessanti <\/span><b>differenze e similitudini<\/b><span style=\"font-weight: 400;\">. Mentre globalmente si tende a privilegiare standard di bellezza sempre pi\u00f9 uniformi, spesso influenzati dai media e dalla cultura popolare, l&#8217;Italia mantiene un forte legame con il concetto di bellezza <\/span><b>classica<\/b><span style=\"font-weight: 400;\"> e <\/span><b>naturale<\/b><span style=\"font-weight: 400;\">. Questo non significa che i canoni italiani siano immuni dall&#8217;influenza esterna, piuttosto vi \u00e8 un costante bilanciamento tra le tendenze internazionali ed un&#8217;estetica profondamente radicata nella storia e nella cultura.<\/span><\/p>\n<p><span style=\"font-weight: 400;\">Dunque possiamo dire che i canoni di bellezza italiani riflettono un connubio unico tra <\/span><b>tradizione<\/b><span style=\"font-weight: 400;\"> e <\/span><b>modernit\u00e0<\/b><span style=\"font-weight: 400;\">, evidenziando una continua valorizzazione della bellezza naturale, dell&#8217;eleganza e della raffinatezza che contraddistingue il paese nel panorama globale.<\/span><\/p>\n<h2><span style=\"font-weight: 400;\">Come \u00e8 cambiato il concetto di bellezza?<\/span><\/h2>\n<p><span style=\"font-weight: 400;\">Il concetto di <\/span><b>bellezza<\/b><span style=\"font-weight: 400;\"> ha attraversato una notevole evoluzione nel corso della storia, riflettendo i cambiamenti culturali, sociali e politici di ogni epoca. Dall&#8217;antichit\u00e0, passando per il Rinascimento fino all&#8217;era moderna, il <\/span><b>significato di bellezza<\/b><span style=\"font-weight: 400;\"> si \u00e8 trasformato, spesso come conseguenza delle priorit\u00e0 e dei valori dominanti della societ\u00e0.<\/span><\/p>\n<p><span style=\"font-weight: 400;\">Nella preistoria il concetto di bellezza era fortemente legato alla <\/span><b>sopravvivenza<\/b><span style=\"font-weight: 400;\"> e alla <\/span><b>fertilit\u00e0<\/b><span style=\"font-weight: 400;\">, con figure femminili rotonde spesso raffigurate in statue. In tal senso \u00e8 celebre la \u201cVenere di Willendorf\u201d, una statua datata tra i 27.000 ed i 32.000 anni fa che mostra forme particolarmente generose.\u00a0<\/span><\/p>\n<p><span style=\"font-weight: 400;\">Nell&#8217;<\/span><b>antica Grecia<\/b><span style=\"font-weight: 400;\">, la bellezza assunse un&#8217;accezione pi\u00f9 idealizzata, con l&#8217;introduzione dei canoni di proporzione e simmetria, riflettendo l&#8217;armonia e la perfezione. Questo ideale \u00e8 diventato un punto di riferimento per la bellezza classica, influenzando notevolmente l&#8217;arte e la cultura anche di epoca romana.<\/span><\/p>\n<p><span style=\"font-weight: 400;\">Nel <\/span><b>Medioevo <\/b><span style=\"font-weight: 400;\">le donne erano spesso raffigurate con capelli lunghi, lisci o leggermente ondulati, considerati simbolo di femminilit\u00e0 e grazia. Inoltre, il corpo ideale tendeva ad essere piuttosto esile e delicato, riflettendo un ideale di fragilit\u00e0 e raffinatezza. Ma il vero segno distintivo risiedeva nella carnagione. Una <\/span><b>pelle chiara e pallida<\/b><span style=\"font-weight: 400;\"> era molto ambita, poich\u00e9 simboleggiava la purezza e uno status sociale elevato, indicando che la persona non lavorava all&#8217;aperto e quindi non era esposta al sole, a differenza dei contadini e degli operai.<\/span><\/p>\n<p><span style=\"font-weight: 400;\">La <\/span><b>pelle abbronzata<\/b><span style=\"font-weight: 400;\"> divenne un simbolo di bellezza e status sociale ambito solamente a partire dagli anni &#8217;20 del XX secolo. Questo cambiamento fu influenzato da figure come <\/span><b>Coco Chanel<\/b><span style=\"font-weight: 400;\">, che, dopo essere tornata da una vacanza in Costa Azzurra con la pelle abbronzata, trasform\u00f2 l&#8217;abbronzatura in un segno di lusso e di uno stile di vita agiato.<\/span><\/p>\n<p><span style=\"font-weight: 400;\">Oggi alcuni canoni sono rimasti invariati, altri come abbiamo visto si sono trasformati. In generale viviamo in un&#8217;era di <\/span><b>pluralismo <\/b><span style=\"font-weight: 400;\">e <\/span><b>inclusivit\u00e0<\/b><span style=\"font-weight: 400;\">, dove i canoni di bellezza sono pi\u00f9 vari e dinamici che mai. L&#8217;influenza dei media e delle piattaforme social ha ampliato la percezione della bellezza, promuovendo <\/span><b>l&#8217;accettazione <\/b><span style=\"font-weight: 400;\">di diverse forme corporee, etnie e stili. Questo cambiamento segna una tendenza verso l&#8217;apprezzamento dell&#8217;<\/span><b>unicit\u00e0 individuale<\/b><span style=\"font-weight: 400;\">, superando gli ideali inarrivabili di bellezza e celebrando la diversit\u00e0 umana in tutte le sue forme.<\/span><\/p>\n<h2><span style=\"font-weight: 400;\">Che impatto hanno i canoni di bellezza sulle persone?<\/span><\/h2>\n<p><span style=\"font-weight: 400;\">I canoni di bellezza hanno un forte impatto sulla psicologia delle persone. Stabiliscono non solo standard estetici ma influenzano profondamente anche l&#8217;<\/span><b>autostima<\/b><span style=\"font-weight: 400;\"> e la <\/span><b>percezione di s\u00e9<\/b><span style=\"font-weight: 400;\">. Questi ideali possono portare a bias di valutazione, dove individui percepiti come attraenti vengono automaticamente considerati pi\u00f9 competenti, affidabili o desiderabili.\u00a0<\/span><\/p>\n<p><span style=\"font-weight: 400;\">Poi la continua esposizione a immagini di bellezza irrealistiche pu\u00f2 inizialmente essere fonte di ispirazione e motivazione, ma nel lungo periodo erodere la fiducia in se stessi e alimentare sentimenti di inadeguatezza e frustrazione.<\/span><\/p>\n<p><span style=\"font-weight: 400;\">Parallelamente, esiste una decisa correlazione tra i canoni di bellezza e i <\/span><a href=\"https:\/\/www.santagostino.it\/magazine-psiche\/disturbi-alimentari\/\"><b>disturbi alimentari<\/b><\/a><span style=\"font-weight: 400;\"> (DCA). L&#8217;insistenza su corpi particolarmente magri o scolpiti pu\u00f2 spingere individui di ogni genere verso restrizioni alimentari o eccessivo esercizio fisico. Disturbi come l&#8217;<\/span><b>anoressia<\/b><span style=\"font-weight: 400;\"> e la <\/span><b>bulimia<\/b><span style=\"font-weight: 400;\"> sono pi\u00f9 frequentemente documentati tra le donne, spesso motivati dal desiderio di conformarsi a modelli estetici esageratamente snelli. Tra gli uomini invece si osserva un aumento di condizioni come la <\/span><b>vigoressia<\/b><span style=\"font-weight: 400;\">, un disturbo caratterizzato dall&#8217;ossessione per un corpo muscoloso e ipertrofico, che pu\u00f2 portare a comportamenti dannosi come l&#8217;uso eccessivo di integratori o steroidi anabolizzanti.<\/span><\/p>\n<p><a class=\"content-cta\" href=\"https:\/\/www.santagostino.it\/it\/psiche\"><img decoding=\"async\" class=\"visible-md\" src=\"\/wp-content\/uploads\/2024\/06\/Rev_04_SanAgostino_banner_desktop_low.gif\" \/><img decoding=\"async\" class=\"hidden-md\" src=\"\/wp-content\/uploads\/2024\/06\/Rev_04_SanAgostino_banner_mobile_low.gif\" \/><\/a><\/p>\n<h2><span style=\"font-weight: 400;\">Quale direzione futura per i canoni di bellezza?<\/span><\/h2>\n<p><span style=\"font-weight: 400;\">Nel mondo di oggi assistiamo ad un significativo cambiamento nel significato della bellezza, che va oltre i tradizionali canoni estetici per abbracciare e valorizzare l&#8217;unicit\u00e0 e la diversit\u00e0 individuale. Questa evoluzione riflette un approccio pi\u00f9 maturo e consapevole, che rispecchia i valori di una psicologia dell\u2019inclusione, che riconosce come bellezza le <\/span><b>caratteristiche uniche<\/b><span style=\"font-weight: 400;\"> che una volta erano viste come difetti.<\/span><\/p>\n<p><span style=\"font-weight: 400;\">Un esempio emblematico di questa trasformazione \u00e8 visibile nel mondo della moda, dove modelle con tratti distintivi come <\/span><b>Winnie Harlow<\/b><span style=\"font-weight: 400;\">, che vive con la vitiligine, o <\/span><b>Shaun Ross<\/b><span style=\"font-weight: 400;\">, affetto da albinismo, hanno guadagnato notoriet\u00e0. Questi modelli non solo sfidano gli standard convenzionali ma sono celebrati per le loro caratteristiche uniche, trasformando quelle che erano considerate deviazioni dalla norma in simboli di bellezza individuale.<\/span><\/p>\n<p><span style=\"font-weight: 400;\">Per promuovere una percezione della bellezza pi\u00f9 sana ed inclusiva \u00e8 fondamentale adottare strategie quotidiane che incoraggino l&#8217;<\/span><b>accettazione<\/b><span style=\"font-weight: 400;\"> e la<\/span><b> valorizzazione<\/b><span style=\"font-weight: 400;\"> di ogni forma di bellezza. Ci\u00f2 pu\u00f2 includere il supporto a marchi e iniziative che promuovono la diversit\u00e0 nei loro messaggi pubblicitari, oppure partecipare a dialoghi e piattaforme social che amplificano voci e storie di persone di tutte le etnie, forme e dimensioni. Educare se stessi e gli altri sull&#8217;importanza di una rappresentazione equa nei media contribuisce a creare un ambiente in cui tutti possano sentirsi valorizzati e accettati.<\/span><\/p>\n<p><span style=\"font-weight: 400;\">Questo movimento verso un modello di bellezza pi\u00f9 inclusivo e meno escludente non \u00e8 solo una questione di estetica ma un cambiamento culturale profondo che promuove il rispetto e l&#8217;apprezzamento della variet\u00e0 umana in tutte le sue forme.<\/span><\/p>\n","protected":false},"excerpt":{"rendered":"<p>Quali sono i canoni di bellezza? Cosa \u00e8 considerato &#8220;bello&#8221; in modo universale e cosa varia nel tempo e nelle tradizioni e nelle culture di ogni societ\u00e0? Indaghiamo in questo articolo il concetto di bellezza<\/p>\n","protected":false},"author":22,"featured_media":23624,"comment_status":"closed","ping_status":"closed","sticky":false,"template":"","format":"standard","meta":{"footnotes":""},"categories":[279],"tags":[],"temi":[1111],"typology":[3],"class_list":["post-23623","post","type-post","status-publish","format-standard","has-post-thumbnail","hentry","category-adulti","percorsi-psicoterapia-adulti","temi-attualita","typology-text"],"yoast_head":"<!-- This site is optimized with the Yoast SEO Premium plugin v25.3.1 (Yoast SEO v25.3.1) - https:\/\/yoast.com\/wordpress\/plugins\/seo\/ -->\n<title>I canoni di bellezza in psicologia - Santagostino Psiche<\/title>\n<meta name=\"description\" content=\"Quali sono i canoni di bellezza? Scopriamo in questo articolo cosa sia la bellezza, cosa \u00e8 considerato &quot;bello&quot; universalmente e cosa varia\" \/>\n<meta name=\"robots\" content=\"index, follow, max-snippet:-1, max-image-preview:large, max-video-preview:-1\" \/>\n<link rel=\"canonical\" href=\"https:\/\/psiche.santagostino.it\/i-canoni-di-bellezza-in-psicologia\/\" \/>\n<meta name=\"twitter:label1\" content=\"Scritto da\" \/>\n\t<meta name=\"twitter:data1\" content=\"Chiara Granata\" \/>\n\t<meta name=\"twitter:label2\" content=\"Tempo di lettura stimato\" \/>\n\t<meta name=\"twitter:data2\" content=\"10 minuti\" \/>\n<script type=\"application\/ld+json\" class=\"yoast-schema-graph\">{\"@context\":\"https:\/\/schema.org\",\"@graph\":[{\"@type\":\"Article\",\"@id\":\"https:\/\/psiche.santagostino.it\/i-canoni-di-bellezza-in-psicologia\/#article\",\"isPartOf\":{\"@id\":\"https:\/\/psiche.santagostino.it\/i-canoni-di-bellezza-in-psicologia\/\"},\"author\":{\"name\":\"Chiara Granata\",\"@id\":\"https:\/\/psiche.santagostino.it\/#\/schema\/person\/005eb028e9acc60417564d20cbe58ca0\"},\"headline\":\"I canoni di bellezza in psicologia\",\"datePublished\":\"2024-05-01T15:46:26+00:00\",\"dateModified\":\"2024-07-11T13:14:13+00:00\",\"mainEntityOfPage\":{\"@id\":\"https:\/\/psiche.santagostino.it\/i-canoni-di-bellezza-in-psicologia\/\"},\"wordCount\":1695,\"publisher\":{\"@id\":\"https:\/\/psiche.santagostino.it\/#organization\"},\"image\":{\"@id\":\"https:\/\/psiche.santagostino.it\/i-canoni-di-bellezza-in-psicologia\/#primaryimage\"},\"thumbnailUrl\":\"https:\/\/www.santagostino.it\/magazine-psiche\/wp-content\/uploads\/2024\/05\/canoni-di-bellezza.jpeg\",\"articleSection\":[\"Adulti\"],\"inLanguage\":\"it-IT\"},{\"@type\":\"WebPage\",\"@id\":\"https:\/\/psiche.santagostino.it\/i-canoni-di-bellezza-in-psicologia\/\",\"url\":\"https:\/\/psiche.santagostino.it\/i-canoni-di-bellezza-in-psicologia\/\",\"name\":\"I canoni di bellezza in psicologia - Santagostino Psiche\",\"isPartOf\":{\"@id\":\"https:\/\/psiche.santagostino.it\/#website\"},\"primaryImageOfPage\":{\"@id\":\"https:\/\/psiche.santagostino.it\/i-canoni-di-bellezza-in-psicologia\/#primaryimage\"},\"image\":{\"@id\":\"https:\/\/psiche.santagostino.it\/i-canoni-di-bellezza-in-psicologia\/#primaryimage\"},\"thumbnailUrl\":\"https:\/\/www.santagostino.it\/magazine-psiche\/wp-content\/uploads\/2024\/05\/canoni-di-bellezza.jpeg\",\"datePublished\":\"2024-05-01T15:46:26+00:00\",\"dateModified\":\"2024-07-11T13:14:13+00:00\",\"description\":\"Quali sono i canoni di bellezza? Scopriamo in questo articolo cosa sia la bellezza, cosa \u00e8 considerato \\\"bello\\\" universalmente e cosa varia\",\"breadcrumb\":{\"@id\":\"https:\/\/psiche.santagostino.it\/i-canoni-di-bellezza-in-psicologia\/#breadcrumb\"},\"inLanguage\":\"it-IT\",\"potentialAction\":[{\"@type\":\"ReadAction\",\"target\":[\"https:\/\/psiche.santagostino.it\/i-canoni-di-bellezza-in-psicologia\/\"]}]},{\"@type\":\"ImageObject\",\"inLanguage\":\"it-IT\",\"@id\":\"https:\/\/psiche.santagostino.it\/i-canoni-di-bellezza-in-psicologia\/#primaryimage\",\"url\":\"https:\/\/www.santagostino.it\/magazine-psiche\/wp-content\/uploads\/2024\/05\/canoni-di-bellezza.jpeg\",\"contentUrl\":\"https:\/\/www.santagostino.it\/magazine-psiche\/wp-content\/uploads\/2024\/05\/canoni-di-bellezza.jpeg\",\"width\":512,\"height\":340},{\"@type\":\"BreadcrumbList\",\"@id\":\"https:\/\/psiche.santagostino.it\/i-canoni-di-bellezza-in-psicologia\/#breadcrumb\",\"itemListElement\":[{\"@type\":\"ListItem\",\"position\":1,\"name\":\"Home\",\"item\":\"https:\/\/psiche.santagostino.it\/\"},{\"@type\":\"ListItem\",\"position\":2,\"name\":\"I canoni di bellezza in psicologia\"}]},{\"@type\":\"WebSite\",\"@id\":\"https:\/\/psiche.santagostino.it\/#website\",\"url\":\"https:\/\/psiche.santagostino.it\/\",\"name\":\"https:\/\/www.santagostino.it\/magazine-psiche\",\"description\":\"La finestra sulla mente\",\"publisher\":{\"@id\":\"https:\/\/psiche.santagostino.it\/#organization\"},\"alternateName\":\"Psiche Santagostino\",\"potentialAction\":[{\"@type\":\"SearchAction\",\"target\":{\"@type\":\"EntryPoint\",\"urlTemplate\":\"https:\/\/psiche.santagostino.it\/?s={search_term_string}\"},\"query-input\":{\"@type\":\"PropertyValueSpecification\",\"valueRequired\":true,\"valueName\":\"search_term_string\"}}],\"inLanguage\":\"it-IT\"},{\"@type\":\"Organization\",\"@id\":\"https:\/\/psiche.santagostino.it\/#organization\",\"name\":\"https:\/\/www.santagostino.it\/magazine-psiche\",\"url\":\"https:\/\/psiche.santagostino.it\/\",\"logo\":{\"@type\":\"ImageObject\",\"inLanguage\":\"it-IT\",\"@id\":\"https:\/\/psiche.santagostino.it\/#\/schema\/logo\/image\/\",\"url\":\"https:\/\/www.santagostino.it\/magazine-psiche\/wp-content\/uploads\/2023\/07\/Santagostino-psiche-logo.png\",\"contentUrl\":\"https:\/\/www.santagostino.it\/magazine-psiche\/wp-content\/uploads\/2023\/07\/Santagostino-psiche-logo.png\",\"width\":430,\"height\":71,\"caption\":\"https:\/\/www.santagostino.it\/magazine-psiche\"},\"image\":{\"@id\":\"https:\/\/psiche.santagostino.it\/#\/schema\/logo\/image\/\"},\"sameAs\":[\"https:\/\/www.facebook.com\/santagostinopsiche\/\"]},{\"@type\":\"Person\",\"@id\":\"https:\/\/psiche.santagostino.it\/#\/schema\/person\/005eb028e9acc60417564d20cbe58ca0\",\"name\":\"Chiara Granata\",\"image\":{\"@type\":\"ImageObject\",\"inLanguage\":\"it-IT\",\"@id\":\"https:\/\/psiche.santagostino.it\/#\/schema\/person\/image\/\",\"url\":\"https:\/\/secure.gravatar.com\/avatar\/3bc4305c49e3f9350c755f119ccd4f7e?s=96&d=mm&r=g\",\"contentUrl\":\"https:\/\/secure.gravatar.com\/avatar\/3bc4305c49e3f9350c755f119ccd4f7e?s=96&d=mm&r=g\",\"caption\":\"Chiara Granata\"},\"url\":\"https:\/\/www.santagostino.it\/magazine-psiche\/author\/chiara-granata\/\"}]}<\/script>\n<!-- \/ Yoast SEO Premium plugin. -->","yoast_head_json":{"title":"I canoni di bellezza in psicologia - Santagostino Psiche","description":"Quali sono i canoni di bellezza? Scopriamo in questo articolo cosa sia la bellezza, cosa \u00e8 considerato \"bello\" universalmente e cosa varia","robots":{"index":"index","follow":"follow","max-snippet":"max-snippet:-1","max-image-preview":"max-image-preview:large","max-video-preview":"max-video-preview:-1"},"canonical":"https:\/\/psiche.santagostino.it\/i-canoni-di-bellezza-in-psicologia\/","twitter_misc":{"Scritto da":"Chiara Granata","Tempo di lettura stimato":"10 minuti"},"schema":{"@context":"https:\/\/schema.org","@graph":[{"@type":"Article","@id":"https:\/\/psiche.santagostino.it\/i-canoni-di-bellezza-in-psicologia\/#article","isPartOf":{"@id":"https:\/\/psiche.santagostino.it\/i-canoni-di-bellezza-in-psicologia\/"},"author":{"name":"Chiara Granata","@id":"https:\/\/psiche.santagostino.it\/#\/schema\/person\/005eb028e9acc60417564d20cbe58ca0"},"headline":"I canoni di bellezza in psicologia","datePublished":"2024-05-01T15:46:26+00:00","dateModified":"2024-07-11T13:14:13+00:00","mainEntityOfPage":{"@id":"https:\/\/psiche.santagostino.it\/i-canoni-di-bellezza-in-psicologia\/"},"wordCount":1695,"publisher":{"@id":"https:\/\/psiche.santagostino.it\/#organization"},"image":{"@id":"https:\/\/psiche.santagostino.it\/i-canoni-di-bellezza-in-psicologia\/#primaryimage"},"thumbnailUrl":"https:\/\/www.santagostino.it\/magazine-psiche\/wp-content\/uploads\/2024\/05\/canoni-di-bellezza.jpeg","articleSection":["Adulti"],"inLanguage":"it-IT"},{"@type":"WebPage","@id":"https:\/\/psiche.santagostino.it\/i-canoni-di-bellezza-in-psicologia\/","url":"https:\/\/psiche.santagostino.it\/i-canoni-di-bellezza-in-psicologia\/","name":"I canoni di bellezza in psicologia - Santagostino Psiche","isPartOf":{"@id":"https:\/\/psiche.santagostino.it\/#website"},"primaryImageOfPage":{"@id":"https:\/\/psiche.santagostino.it\/i-canoni-di-bellezza-in-psicologia\/#primaryimage"},"image":{"@id":"https:\/\/psiche.santagostino.it\/i-canoni-di-bellezza-in-psicologia\/#primaryimage"},"thumbnailUrl":"https:\/\/www.santagostino.it\/magazine-psiche\/wp-content\/uploads\/2024\/05\/canoni-di-bellezza.jpeg","datePublished":"2024-05-01T15:46:26+00:00","dateModified":"2024-07-11T13:14:13+00:00","description":"Quali sono i canoni di bellezza? Scopriamo in questo articolo cosa sia la bellezza, cosa \u00e8 considerato \"bello\" universalmente e cosa varia","breadcrumb":{"@id":"https:\/\/psiche.santagostino.it\/i-canoni-di-bellezza-in-psicologia\/#breadcrumb"},"inLanguage":"it-IT","potentialAction":[{"@type":"ReadAction","target":["https:\/\/psiche.santagostino.it\/i-canoni-di-bellezza-in-psicologia\/"]}]},{"@type":"ImageObject","inLanguage":"it-IT","@id":"https:\/\/psiche.santagostino.it\/i-canoni-di-bellezza-in-psicologia\/#primaryimage","url":"https:\/\/www.santagostino.it\/magazine-psiche\/wp-content\/uploads\/2024\/05\/canoni-di-bellezza.jpeg","contentUrl":"https:\/\/www.santagostino.it\/magazine-psiche\/wp-content\/uploads\/2024\/05\/canoni-di-bellezza.jpeg","width":512,"height":340},{"@type":"BreadcrumbList","@id":"https:\/\/psiche.santagostino.it\/i-canoni-di-bellezza-in-psicologia\/#breadcrumb","itemListElement":[{"@type":"ListItem","position":1,"name":"Home","item":"https:\/\/psiche.santagostino.it\/"},{"@type":"ListItem","position":2,"name":"I canoni di bellezza in psicologia"}]},{"@type":"WebSite","@id":"https:\/\/psiche.santagostino.it\/#website","url":"https:\/\/psiche.santagostino.it\/","name":"https:\/\/www.santagostino.it\/magazine-psiche","description":"La finestra sulla mente","publisher":{"@id":"https:\/\/psiche.santagostino.it\/#organization"},"alternateName":"Psiche Santagostino","potentialAction":[{"@type":"SearchAction","target":{"@type":"EntryPoint","urlTemplate":"https:\/\/psiche.santagostino.it\/?s={search_term_string}"},"query-input":{"@type":"PropertyValueSpecification","valueRequired":true,"valueName":"search_term_string"}}],"inLanguage":"it-IT"},{"@type":"Organization","@id":"https:\/\/psiche.santagostino.it\/#organization","name":"https:\/\/www.santagostino.it\/magazine-psiche","url":"https:\/\/psiche.santagostino.it\/","logo":{"@type":"ImageObject","inLanguage":"it-IT","@id":"https:\/\/psiche.santagostino.it\/#\/schema\/logo\/image\/","url":"https:\/\/www.santagostino.it\/magazine-psiche\/wp-content\/uploads\/2023\/07\/Santagostino-psiche-logo.png","contentUrl":"https:\/\/www.santagostino.it\/magazine-psiche\/wp-content\/uploads\/2023\/07\/Santagostino-psiche-logo.png","width":430,"height":71,"caption":"https:\/\/www.santagostino.it\/magazine-psiche"},"image":{"@id":"https:\/\/psiche.santagostino.it\/#\/schema\/logo\/image\/"},"sameAs":["https:\/\/www.facebook.com\/santagostinopsiche\/"]},{"@type":"Person","@id":"https:\/\/psiche.santagostino.it\/#\/schema\/person\/005eb028e9acc60417564d20cbe58ca0","name":"Chiara Granata","image":{"@type":"ImageObject","inLanguage":"it-IT","@id":"https:\/\/psiche.santagostino.it\/#\/schema\/person\/image\/","url":"https:\/\/secure.gravatar.com\/avatar\/3bc4305c49e3f9350c755f119ccd4f7e?s=96&d=mm&r=g","contentUrl":"https:\/\/secure.gravatar.com\/avatar\/3bc4305c49e3f9350c755f119ccd4f7e?s=96&d=mm&r=g","caption":"Chiara Granata"},"url":"https:\/\/www.santagostino.it\/magazine-psiche\/author\/chiara-granata\/"}]}},"_links":{"self":[{"href":"https:\/\/www.santagostino.it\/magazine-psiche\/wp-json\/wp\/v2\/posts\/23623","targetHints":{"allow":["GET"]}}],"collection":[{"href":"https:\/\/www.santagostino.it\/magazine-psiche\/wp-json\/wp\/v2\/posts"}],"about":[{"href":"https:\/\/www.santagostino.it\/magazine-psiche\/wp-json\/wp\/v2\/types\/post"}],"author":[{"embeddable":true,"href":"https:\/\/www.santagostino.it\/magazine-psiche\/wp-json\/wp\/v2\/users\/22"}],"replies":[{"embeddable":true,"href":"https:\/\/www.santagostino.it\/magazine-psiche\/wp-json\/wp\/v2\/comments?post=23623"}],"version-history":[{"count":1,"href":"https:\/\/www.santagostino.it\/magazine-psiche\/wp-json\/wp\/v2\/posts\/23623\/revisions"}],"predecessor-version":[{"id":23625,"href":"https:\/\/www.santagostino.it\/magazine-psiche\/wp-json\/wp\/v2\/posts\/23623\/revisions\/23625"}],"wp:featuredmedia":[{"embeddable":true,"href":"https:\/\/www.santagostino.it\/magazine-psiche\/wp-json\/wp\/v2\/media\/23624"}],"wp:attachment":[{"href":"https:\/\/www.santagostino.it\/magazine-psiche\/wp-json\/wp\/v2\/media?parent=23623"}],"wp:term":[{"taxonomy":"category","embeddable":true,"href":"https:\/\/www.santagostino.it\/magazine-psiche\/wp-json\/wp\/v2\/categories?post=23623"},{"taxonomy":"post_tag","embeddable":true,"href":"https:\/\/www.santagostino.it\/magazine-psiche\/wp-json\/wp\/v2\/tags?post=23623"},{"taxonomy":"temi","embeddable":true,"href":"https:\/\/www.santagostino.it\/magazine-psiche\/wp-json\/wp\/v2\/temi?post=23623"},{"taxonomy":"typology","embeddable":true,"href":"https:\/\/www.santagostino.it\/magazine-psiche\/wp-json\/wp\/v2\/typology?post=23623"}],"curies":[{"name":"wp","href":"https:\/\/api.w.org\/{rel}","templated":true}]}}