{"id":23599,"date":"2024-05-02T10:00:34","date_gmt":"2024-05-02T10:00:34","guid":{"rendered":"https:\/\/www.santagostino.it\/magazine-psiche\/?p=23599"},"modified":"2024-05-02T16:38:32","modified_gmt":"2024-05-02T16:38:32","slug":"test-eta-mentale","status":"publish","type":"post","link":"https:\/\/www.santagostino.it\/magazine-psiche\/test-eta-mentale\/","title":{"rendered":"Il test dell&#8217;et\u00e0 mentale psicologica ha senso?"},"content":{"rendered":"<p><span style=\"font-weight: 400;\">Sono moltissimi i test dell\u2019et\u00e0 mentale diffusi online che si propongono di determinare quanti anni dimostri una persona, prendendo in esame fattori quali comportamenti, abitudini, stile di vita.<\/span><\/p>\n<p><span style=\"font-weight: 400;\">\u00c8 evidente che si tratti di <\/span><b>quiz da compilare per gioco, per divertimento, <\/b><span style=\"font-weight: 400;\">che nulla hanno da offrire in termini di attendibilit\u00e0 scientifica. Questi test si basano perlopi\u00f9 su domande generali che non riflettono veramente le capacit\u00e0 mentali del soggetto che vi si sottopone.<\/span><\/p>\n<p><span style=\"font-weight: 400;\">Esistono invece test di valutazione capaci di rilevare in modo serio e attendibile l\u2019et\u00e0 mentale intesa come sviluppo cognitivo? <\/span><b>Chi ha introdotto il concetto di et\u00e0 mentale?<\/b><\/p>\n<p><span style=\"font-weight: 400;\">Per rispondere dobbiamo tornare indietro di un secolo, al periodo storico in cui hanno cominciato a diffondersi <\/span><b>sistemi di valutazione del quoziente intellettivo. <\/b><span style=\"font-weight: 400;\">Agli inizi del Novecento, infatti, la riflessione sul concetto di intelligenza e sulla possibilit\u00e0 di misurarla, che aveva suscitato la curiosit\u00e0 umana fin dai tempi dell\u2019antica Grecia, si \u00e8 evoluta nei primi tentativi di quantificare le abilit\u00e0 cognitive in modo sistematico.\u00a0<\/span><\/p>\n<p><span style=\"font-weight: 400;\">Gli interrogativi che queste ricerche portano con s\u00e9 sono numerosi.<\/span><b> Che cos\u2019\u00e8 l\u2019intelligenza? Come e perch\u00e9 valutarla? Cosa influenza il suo sviluppo?<\/b><\/p>\n<p><span style=\"font-weight: 400;\">Scopriamone di pi\u00f9 con il <\/span><b>dott. Andrea De Poli De Luigi, <a href=\"https:\/\/www.santagostino.it\/magazine-psiche\/psicologo-cosa-fa\/\">psicologo<\/a> e psicoterapeuta del Santagostino<\/b><span style=\"font-weight: 400;\">.<\/span><\/p>\n<p><a class=\"content-cta\" href=\"https:\/\/www.santagostino.it\/it\/psiche\/?utm_source=Psiche&amp;utm_medium=direct&amp;utm_campaign=CTA_Psiche_test_eta_mentale\"> <img decoding=\"async\" class=\"visible-md\" src=\"\/wp-content\/uploads\/2024\/06\/Rev_04_SanAgostino_banner_desktop_low.gif\" \/><img decoding=\"async\" class=\"hidden-md\" src=\"\/wp-content\/uploads\/2024\/06\/Rev_04_SanAgostino_banner_mobile_low.gif\" \/><\/a><\/p>\n<h2><span style=\"font-weight: 400;\">Chi sugger\u00ec di prendere in considerazione il rapporto fra et\u00e0 mentale ed et\u00e0 cronologica per determinare il quoziente d&#8217;intelligenza?<\/span><\/h2>\n<p><span style=\"font-weight: 400;\">Ambito di elezione degli studi sulla valutazione dell\u2019intelligenza \u00e8 stata la <\/span><b>psicometria, <\/b><span style=\"font-weight: 400;\">il settore della psicologia che si occupa di sviluppare dei test psicologici il pi\u00f9 possibile validi e affidabili: un test \u00e8 valido se valuta effettivamente quello che dichiara di voler valutare; affidabile se, ripetuto in due momenti diversi, offre risultati coerenti.<\/span><\/p>\n<p><span style=\"font-weight: 400;\">Una prima intuizione sulla possibilit\u00e0 di misurare le facolt\u00e0 intellettive la ebbe <\/span><b>Alfred Binet. Con l\u2019aiuto di Th\u00e9odore Simon<\/b><span style=\"font-weight: 400;\"> ipotizz\u00f2 di valutare l\u2019intelligenza testando funzioni cognitive quali l\u2019attenzione, la memoria e la capacit\u00e0 di <a href=\"https:\/\/www.santagostino.it\/magazine-psiche\/problem-solving\/\">problem solving<\/a> per poi <\/span><b>confrontare i risultati delle singole persone con i risultati medi attesi per la fascia di et\u00e0.<\/b><span style=\"font-weight: 400;\"> Lo strumento di lavoro messo a punto dai due studiosi prese il nome di <\/span><b>scala Binet-Simon.<\/b><\/p>\n<h3><span style=\"font-weight: 400;\">Cosa misurava la scala Binet-Simon?<\/span><\/h3>\n<p><b>La scala Binet-Simon valutava lo sviluppo cognitivo con l\u2019obiettivo di stimare l\u2019et\u00e0 mentale. <\/b><span style=\"font-weight: 400;\">Ad esempio, se a un bambino di 7 anni veniva attribuita un\u2019et\u00e0 mentale di 9 anni, questo implicava che le sue abilit\u00e0 cognitive erano paragonabili a quelle di un bambino di 9 anni. Dal test, la sua et\u00e0 mentale risultava dunque superiore a quella<\/span> <span style=\"font-weight: 400;\">cronologica\/anagrafica. <\/span><b>Il rapporto tra et\u00e0 mentale ed et\u00e0 cronologica <\/b><span style=\"font-weight: 400;\">permetteva cos\u00ec di riconoscere quando un individuo mostrasse un&#8217;intelligenza superiore alla media, pari alla media o inferiore.<\/span><\/p>\n<p><span style=\"font-weight: 400;\">La determinazione dell\u2019et\u00e0 mentale era funzionale al compito con cui si confrontavano Binet e Simon: in un\u2019epoca in cui si era alla ricerca di strategie per aiutare bambini con <\/span><a href=\"https:\/\/www.santagostino.it\/magazine-psiche\/disturbi-apprendimento-dsa-bambini\/\"><span style=\"font-weight: 400;\">difficolt\u00e0 di apprendimento<\/span><\/a><span style=\"font-weight: 400;\">, lo scopo era comprendere quali studenti potessero necessitare di strumenti didattici specifici.<\/span><\/p>\n<p><span style=\"font-weight: 400;\">Il metodo valutativo di Binet e Simon ha gettato le basi per ulteriori sviluppi nel campo della psicometria. Seppur in modo diverso, i successivi contributi teorici hanno mantenuto l\u2019idea di confrontare la prestazione del singolo soggetto con le prestazioni attese per la fascia d\u2019et\u00e0.\u00a0<\/span><\/p>\n<h2><span style=\"font-weight: 400;\">Dalla scala Stanford-Binet alle scale Wechsler<\/span><\/h2>\n<p><span style=\"font-weight: 400;\">La scala Binet-Simon cattur\u00f2 l&#8217;interesse internazionale e nel 1916 venne rimodulata da Lewis Terman presso la Stanford University in una nuova versione, la scala <\/span><b>Stanford-Binet, <\/b><span style=\"font-weight: 400;\">che ebbe grande popolarit\u00e0.<\/span><\/p>\n<p><span style=\"font-weight: 400;\">Attualmente gli strumenti utilizzati nella clinica e nella ricerca sono la <\/span><b>Wechsler Adult Intelligence Scale (WAIS) <\/b><span style=\"font-weight: 400;\">per gli adulti e la<\/span><b> Wechsler Intelligence Scale for Children (WISC), <\/b><span style=\"font-weight: 400;\">per bambini e adolescenti fino a 17 anni<\/span>. <span style=\"font-weight: 400;\">Questi test concepiscono l&#8217;intelligenza come un insieme di fattori interconnessi e interdipendenti che possono compensarsi reciprocamente.\u00a0<\/span><\/p>\n<p><span style=\"font-weight: 400;\">Le scale Wechsler sono dei test molto ricchi. Durante la somministrazione, ai soggetti vengono proposti una serie di compiti mirati a <\/span><b>misurare diversi aspetti dell&#8217;intelligenza, <\/b><span style=\"font-weight: 400;\">ciascuno dei quali contribuisce a formare il punteggio complessivo del quoziente intellettivo (QI). Dalla diversa combinazione dei punteggi ottenuti dai compiti somministrati, \u00e8 possibile derivare diversi indici di funzionamento fra cui i primari sono:<\/span><\/p>\n<ul>\n<li style=\"font-weight: 400;\" aria-level=\"1\"><span style=\"font-weight: 400;\">indice di comprensione verbale<\/span><\/li>\n<li style=\"font-weight: 400;\" aria-level=\"1\"><span style=\"font-weight: 400;\">indice di ragionamento visuo-percettivo<\/span><\/li>\n<li style=\"font-weight: 400;\" aria-level=\"1\"><span style=\"font-weight: 400;\">indice di <a href=\"https:\/\/www.santagostino.it\/magazine-psiche\/memoria-di-lavoro\/\">memoria di lavoro<\/a><\/span><\/li>\n<li style=\"font-weight: 400;\" aria-level=\"1\"><span style=\"font-weight: 400;\">indice di ragionamento fluido<\/span><\/li>\n<li style=\"font-weight: 400;\" aria-level=\"1\"><span style=\"font-weight: 400;\">indice di velocit\u00e0 di elaborazione<\/span><\/li>\n<\/ul>\n<h2><span style=\"font-weight: 400;\">Il dibattito sulla definizione di intelligenza<\/span><\/h2>\n<p><span style=\"font-weight: 400;\">Pi\u00f9 in generale, c\u2019\u00e8 un ampio dibattito se l\u2019intelligenza sia da considerarsi un fattore generale che influenza tutte le abilit\u00e0 cognitive, come suggerisce Charles Spearman, o se possa essere pensata come una somma di intelligenze indipendenti. <\/span><b>Howard Gardner identifica otto tipi di intelligenza,<\/b><span style=\"font-weight: 400;\"> tra cui:<\/span><\/p>\n<ul>\n<li style=\"font-weight: 400;\" aria-level=\"1\"><span style=\"font-weight: 400;\">linguistica<\/span><\/li>\n<li style=\"font-weight: 400;\" aria-level=\"1\"><span style=\"font-weight: 400;\">logico-matematica<\/span><\/li>\n<li style=\"font-weight: 400;\" aria-level=\"1\"><span style=\"font-weight: 400;\">spaziale<\/span><\/li>\n<li style=\"font-weight: 400;\" aria-level=\"1\"><span style=\"font-weight: 400;\">musicale<\/span><\/li>\n<li style=\"font-weight: 400;\" aria-level=\"1\"><span style=\"font-weight: 400;\">corporeo-cinestetica<\/span><\/li>\n<li style=\"font-weight: 400;\" aria-level=\"1\"><span style=\"font-weight: 400;\">intrapersonale<\/span><\/li>\n<li style=\"font-weight: 400;\" aria-level=\"1\"><span style=\"font-weight: 400;\">interpersonale<\/span><\/li>\n<li style=\"font-weight: 400;\" aria-level=\"1\"><span style=\"font-weight: 400;\">naturalistica.<\/span><\/li>\n<\/ul>\n<p><b>Peter Salovey e John Mayer,<\/b><span style=\"font-weight: 400;\"> in questa cornice, hanno descritto l\u2019<\/span><a href=\"https:\/\/www.santagostino.it\/magazine-psiche\/intelligenza-emotiva\/\"><b>intelligenza emotiva<\/b><\/a><span style=\"font-weight: 400;\"> come la capacit\u00e0 di comprendere, gestire e utilizzare le proprie emozioni e quelle degli altri in modo efficace. Questa forma di intelligenza \u00e8 correlata alla <\/span><a href=\"https:\/\/www.santagostino.it\/magazine-psiche\/consapevolezza\/\"><span style=\"font-weight: 400;\">consapevolezza di s\u00e9<\/span><\/a><span style=\"font-weight: 400;\">, alla regolazione emotiva, all\u2019<\/span><a href=\"https:\/\/www.santagostino.it\/magazine-psiche\/empatia\/\"><span style=\"font-weight: 400;\">empatia<\/span><\/a><span style=\"font-weight: 400;\"> e alle abilit\u00e0 sociali.<\/span><\/p>\n<p><span style=\"font-weight: 400;\">Esistono anche molti modelli alternativi, come quello di <\/span><b>Raymond Cattel,<\/b><span style=\"font-weight: 400;\"> che distingue due componenti dell\u2019intelligenza:<\/span><\/p>\n<ul>\n<li style=\"font-weight: 400;\" aria-level=\"1\"><b>l\u2019intelligenza fluida,<\/b><span style=\"font-weight: 400;\"> che riguarda la capacit\u00e0 di risolvere problemi in nuove situazioni e di adattarsi a nuovi contesti<\/span><\/li>\n<li style=\"font-weight: 400;\" aria-level=\"1\"><b>l\u2019intelligenza cristallizzata,<\/b><span style=\"font-weight: 400;\"> che riguarda la conoscenza accumulata e le abilit\u00e0 acquisite attraverso l\u2019esperienza e l\u2019apprendimento.<\/span><\/li>\n<\/ul>\n<h2><span style=\"font-weight: 400;\">A cosa serve misurare l\u2019intelligenza e le funzioni cognitive?<\/span><\/h2>\n<p><span style=\"font-weight: 400;\">La valutazione dell\u2019intelligenza viene proposta come parte di un <\/span><b>percorso di assessment nell\u2019idea di comprendere quali siano le risorse e le fragilit\u00e0 delle persone, <\/b><span style=\"font-weight: 400;\">cos\u00ec da poter valorizzare le prime e trovare strategie per compensare le seconde.<\/span><\/p>\n<p><span style=\"font-weight: 400;\">L\u2019obiettivo di una valutazione clinica \u00e8 quindi <\/span><b>comprendere e descrivere<\/b><span style=\"font-weight: 400;\"> il funzionamento di una persona, in modo da poter essere pi\u00f9 utili possibile nell\u2019intervento che viene proposto.<\/span><\/p>\n<p><span style=\"font-weight: 400;\">\u00c8 importante considerare tutti i <\/span><b>limiti che possono avere i test di intelligenza:<\/b><\/p>\n<ul>\n<li style=\"font-weight: 400;\" aria-level=\"1\"><span style=\"font-weight: 400;\">le domande e i compiti dei test potrebbero essere pi\u00f9 familiari o riconoscibili per alcuni gruppi culturali rispetto ad altri, comportando un potenziale pregiudizio culturale nei risultati<\/span><\/li>\n<li style=\"font-weight: 400;\" aria-level=\"1\"><span style=\"font-weight: 400;\">i test di intelligenza possono non catturare completamente la complessit\u00e0 dell\u2019intelligenza umana, concentrandosi spesso su abilit\u00e0 specifiche come il ragionamento logico, la memoria di lavoro e la capacit\u00e0 verbale, mentre altre forme di intelligenza come la creativit\u00e0 possono non essere adeguatamente valorizzate.<\/span><\/li>\n<\/ul>\n<p><b>I test neuropsicologici sono utilizzati per completare la diagnosi in molte condizioni cliniche. <\/b><span style=\"font-weight: 400;\">Se si ha bisogno di avere delle risposte molto specifiche, si usano dei test appositi, come nella valutazione del decadimento cognitivo nell\u2019anziano o in condizioni cliniche quali la <\/span><a href=\"https:\/\/www.santagostino.it\/magazine-psiche\/schizofrenia\/\"><span style=\"font-weight: 400;\">schizofrenia<\/span><\/a><span style=\"font-weight: 400;\"> o il <\/span><a href=\"https:\/\/www.santagostino.it\/magazine-psiche\/disturbo-ossessivo-compulsivo\/\"><span style=\"font-weight: 400;\">disturbo ossessivo-compulsivo<\/span><\/a><span style=\"font-weight: 400;\">.<\/span><\/p>\n<p><a class=\"content-cta\" href=\"https:\/\/www.santagostino.it\/it\/psiche\/?utm_source=Psiche&amp;utm_medium=direct&amp;utm_campaign=CTA_Psiche_test_eta_mentale\"> <img decoding=\"async\" class=\"visible-md\" src=\"\/wp-content\/uploads\/2024\/06\/Rev_04_SanAgostino_banner_desktop_low.gif\" \/><img decoding=\"async\" class=\"hidden-md\" src=\"\/wp-content\/uploads\/2024\/06\/Rev_04_SanAgostino_banner_mobile_low.gif\" \/><\/a><\/p>\n<h2><span style=\"font-weight: 400;\">Qual \u00e8 il fattore principale dello sviluppo del quoziente intellettivo?<\/span><\/h2>\n<p><span style=\"font-weight: 400;\">L\u2019intelligenza \u00e8 un concetto complesso e sfaccettato e il suo sviluppo dipende da una <\/span><b>complessa interazione fra genetica e ambiente<\/b><span style=\"font-weight: 400;\">. La genetica \u00e8 la nostra predisposizione biologica ereditaria. L\u2019ambiente \u00e8 l\u2019insieme delle esperienze a cui siamo sottoposti, dal fumo in <a href=\"https:\/\/www.santagostino.it\/it\/santagostinopedia\/gravidanza\">gravidanza<\/a> alle stimolazioni scolastiche, dalle esperienze che viviamo con i nostri genitori a quelle che viviamo da soli.<\/span><\/p>\n<p><span style=\"font-weight: 400;\">Un modo molto interessante tramite cui sono stati studiati gli effetti delle componenti genetiche e ambientali \u00e8 quello proposto dagli <\/span><b>studi gemellari.<\/b><span style=\"font-weight: 400;\"> Comparando il grado di somiglianza genetica osservato nei gemelli monozigoti (100%) con quello osservato nei gemelli dizigoti (50%), \u00e8 possibile stimare il contributo genetico e ambientale su un tratto complesso come l\u2019intelligenza. Questi studi permettono di concludere che <\/span><b>fattori genetici spiegano pi\u00f9 del 50% delle variabilit\u00e0 interindividuali.<\/b><\/p>\n<p><span style=\"font-weight: 400;\">Durante lo sviluppo, dall\u2019infanzia all\u2019et\u00e0 adulta, il peso dei fattori genetici rispetto ai fattori ambientali aumenta e contribuisce a spiegare la stabilit\u00e0 nel tempo della capacit\u00e0 intellettiva.<\/span><\/p>\n","protected":false},"excerpt":{"rendered":"<p>Come si pu\u00f2 definire l&#8217;intelligenza? \u00c8 possibile misurarla e, se s\u00ec, in che modo? Ecco cosa dice la psicologia.<\/p>\n","protected":false},"author":32,"featured_media":23604,"comment_status":"closed","ping_status":"closed","sticky":false,"template":"","format":"standard","meta":{"footnotes":""},"categories":[279],"tags":[],"temi":[1103],"typology":[3],"class_list":["post-23599","post","type-post","status-publish","format-standard","has-post-thumbnail","hentry","category-adulti","temi-mente","typology-text"],"yoast_head":"<!-- This site is optimized with the Yoast SEO Premium plugin v25.3.1 (Yoast SEO v25.3.1) - https:\/\/yoast.com\/wordpress\/plugins\/seo\/ -->\n<title>Il test dell&#039;et\u00e0 mentale psicologica ha senso? - Santagostino Psiche<\/title>\n<meta name=\"description\" content=\"I test dell&#039;et\u00e0 mentale possono davvero stabilire lo sviluppo cognitivo di una persona? Scopriamolo in questo articolo\" \/>\n<meta name=\"robots\" content=\"index, follow, max-snippet:-1, max-image-preview:large, max-video-preview:-1\" \/>\n<link rel=\"canonical\" href=\"https:\/\/psiche.santagostino.it\/test-eta-mentale\/\" \/>\n<meta name=\"twitter:label1\" content=\"Scritto da\" \/>\n\t<meta name=\"twitter:data1\" content=\"Giulia Vallone\" \/>\n\t<meta name=\"twitter:label2\" content=\"Tempo di lettura stimato\" \/>\n\t<meta name=\"twitter:data2\" content=\"8 minuti\" \/>\n<script type=\"application\/ld+json\" class=\"yoast-schema-graph\">{\"@context\":\"https:\/\/schema.org\",\"@graph\":[{\"@type\":\"Article\",\"@id\":\"https:\/\/psiche.santagostino.it\/test-eta-mentale\/#article\",\"isPartOf\":{\"@id\":\"https:\/\/psiche.santagostino.it\/test-eta-mentale\/\"},\"author\":{\"name\":\"Giulia Vallone\",\"@id\":\"https:\/\/psiche.santagostino.it\/#\/schema\/person\/ec461f05f858dbc3a0b54dccfdfa328b\"},\"headline\":\"Il test dell&#8217;et\u00e0 mentale psicologica ha senso?\",\"datePublished\":\"2024-05-02T10:00:34+00:00\",\"dateModified\":\"2024-05-02T16:38:32+00:00\",\"mainEntityOfPage\":{\"@id\":\"https:\/\/psiche.santagostino.it\/test-eta-mentale\/\"},\"wordCount\":1235,\"publisher\":{\"@id\":\"https:\/\/psiche.santagostino.it\/#organization\"},\"image\":{\"@id\":\"https:\/\/psiche.santagostino.it\/test-eta-mentale\/#primaryimage\"},\"thumbnailUrl\":\"https:\/\/www.santagostino.it\/magazine-psiche\/wp-content\/uploads\/2024\/04\/test-eta-mentale.jpg\",\"articleSection\":[\"Adulti\"],\"inLanguage\":\"it-IT\"},{\"@type\":\"WebPage\",\"@id\":\"https:\/\/psiche.santagostino.it\/test-eta-mentale\/\",\"url\":\"https:\/\/psiche.santagostino.it\/test-eta-mentale\/\",\"name\":\"Il test dell'et\u00e0 mentale psicologica ha senso? - Santagostino Psiche\",\"isPartOf\":{\"@id\":\"https:\/\/psiche.santagostino.it\/#website\"},\"primaryImageOfPage\":{\"@id\":\"https:\/\/psiche.santagostino.it\/test-eta-mentale\/#primaryimage\"},\"image\":{\"@id\":\"https:\/\/psiche.santagostino.it\/test-eta-mentale\/#primaryimage\"},\"thumbnailUrl\":\"https:\/\/www.santagostino.it\/magazine-psiche\/wp-content\/uploads\/2024\/04\/test-eta-mentale.jpg\",\"datePublished\":\"2024-05-02T10:00:34+00:00\",\"dateModified\":\"2024-05-02T16:38:32+00:00\",\"description\":\"I test dell'et\u00e0 mentale possono davvero stabilire lo sviluppo cognitivo di una persona? Scopriamolo in questo articolo\",\"breadcrumb\":{\"@id\":\"https:\/\/psiche.santagostino.it\/test-eta-mentale\/#breadcrumb\"},\"inLanguage\":\"it-IT\",\"potentialAction\":[{\"@type\":\"ReadAction\",\"target\":[\"https:\/\/psiche.santagostino.it\/test-eta-mentale\/\"]}]},{\"@type\":\"ImageObject\",\"inLanguage\":\"it-IT\",\"@id\":\"https:\/\/psiche.santagostino.it\/test-eta-mentale\/#primaryimage\",\"url\":\"https:\/\/www.santagostino.it\/magazine-psiche\/wp-content\/uploads\/2024\/04\/test-eta-mentale.jpg\",\"contentUrl\":\"https:\/\/www.santagostino.it\/magazine-psiche\/wp-content\/uploads\/2024\/04\/test-eta-mentale.jpg\",\"width\":1200,\"height\":800,\"caption\":\"test eta mentale\"},{\"@type\":\"BreadcrumbList\",\"@id\":\"https:\/\/psiche.santagostino.it\/test-eta-mentale\/#breadcrumb\",\"itemListElement\":[{\"@type\":\"ListItem\",\"position\":1,\"name\":\"Home\",\"item\":\"https:\/\/psiche.santagostino.it\/\"},{\"@type\":\"ListItem\",\"position\":2,\"name\":\"Il test dell&#8217;et\u00e0 mentale psicologica ha senso?\"}]},{\"@type\":\"WebSite\",\"@id\":\"https:\/\/psiche.santagostino.it\/#website\",\"url\":\"https:\/\/psiche.santagostino.it\/\",\"name\":\"https:\/\/www.santagostino.it\/magazine-psiche\",\"description\":\"La finestra sulla mente\",\"publisher\":{\"@id\":\"https:\/\/psiche.santagostino.it\/#organization\"},\"alternateName\":\"Psiche Santagostino\",\"potentialAction\":[{\"@type\":\"SearchAction\",\"target\":{\"@type\":\"EntryPoint\",\"urlTemplate\":\"https:\/\/psiche.santagostino.it\/?s={search_term_string}\"},\"query-input\":{\"@type\":\"PropertyValueSpecification\",\"valueRequired\":true,\"valueName\":\"search_term_string\"}}],\"inLanguage\":\"it-IT\"},{\"@type\":\"Organization\",\"@id\":\"https:\/\/psiche.santagostino.it\/#organization\",\"name\":\"https:\/\/www.santagostino.it\/magazine-psiche\",\"url\":\"https:\/\/psiche.santagostino.it\/\",\"logo\":{\"@type\":\"ImageObject\",\"inLanguage\":\"it-IT\",\"@id\":\"https:\/\/psiche.santagostino.it\/#\/schema\/logo\/image\/\",\"url\":\"https:\/\/www.santagostino.it\/magazine-psiche\/wp-content\/uploads\/2023\/07\/Santagostino-psiche-logo.png\",\"contentUrl\":\"https:\/\/www.santagostino.it\/magazine-psiche\/wp-content\/uploads\/2023\/07\/Santagostino-psiche-logo.png\",\"width\":430,\"height\":71,\"caption\":\"https:\/\/www.santagostino.it\/magazine-psiche\"},\"image\":{\"@id\":\"https:\/\/psiche.santagostino.it\/#\/schema\/logo\/image\/\"},\"sameAs\":[\"https:\/\/www.facebook.com\/santagostinopsiche\/\"]},{\"@type\":\"Person\",\"@id\":\"https:\/\/psiche.santagostino.it\/#\/schema\/person\/ec461f05f858dbc3a0b54dccfdfa328b\",\"name\":\"Giulia Vallone\",\"image\":{\"@type\":\"ImageObject\",\"inLanguage\":\"it-IT\",\"@id\":\"https:\/\/psiche.santagostino.it\/#\/schema\/person\/image\/\",\"url\":\"https:\/\/secure.gravatar.com\/avatar\/d93c1e3b2d8c14f2c5f6963a8d745b33?s=96&d=mm&r=g\",\"contentUrl\":\"https:\/\/secure.gravatar.com\/avatar\/d93c1e3b2d8c14f2c5f6963a8d745b33?s=96&d=mm&r=g\",\"caption\":\"Giulia Vallone\"},\"url\":\"https:\/\/www.santagostino.it\/magazine-psiche\/author\/giulia-vallone\/\"}]}<\/script>\n<!-- \/ Yoast SEO Premium plugin. -->","yoast_head_json":{"title":"Il test dell'et\u00e0 mentale psicologica ha senso? - Santagostino Psiche","description":"I test dell'et\u00e0 mentale possono davvero stabilire lo sviluppo cognitivo di una persona? Scopriamolo in questo articolo","robots":{"index":"index","follow":"follow","max-snippet":"max-snippet:-1","max-image-preview":"max-image-preview:large","max-video-preview":"max-video-preview:-1"},"canonical":"https:\/\/psiche.santagostino.it\/test-eta-mentale\/","twitter_misc":{"Scritto da":"Giulia Vallone","Tempo di lettura stimato":"8 minuti"},"schema":{"@context":"https:\/\/schema.org","@graph":[{"@type":"Article","@id":"https:\/\/psiche.santagostino.it\/test-eta-mentale\/#article","isPartOf":{"@id":"https:\/\/psiche.santagostino.it\/test-eta-mentale\/"},"author":{"name":"Giulia Vallone","@id":"https:\/\/psiche.santagostino.it\/#\/schema\/person\/ec461f05f858dbc3a0b54dccfdfa328b"},"headline":"Il test dell&#8217;et\u00e0 mentale psicologica ha senso?","datePublished":"2024-05-02T10:00:34+00:00","dateModified":"2024-05-02T16:38:32+00:00","mainEntityOfPage":{"@id":"https:\/\/psiche.santagostino.it\/test-eta-mentale\/"},"wordCount":1235,"publisher":{"@id":"https:\/\/psiche.santagostino.it\/#organization"},"image":{"@id":"https:\/\/psiche.santagostino.it\/test-eta-mentale\/#primaryimage"},"thumbnailUrl":"https:\/\/www.santagostino.it\/magazine-psiche\/wp-content\/uploads\/2024\/04\/test-eta-mentale.jpg","articleSection":["Adulti"],"inLanguage":"it-IT"},{"@type":"WebPage","@id":"https:\/\/psiche.santagostino.it\/test-eta-mentale\/","url":"https:\/\/psiche.santagostino.it\/test-eta-mentale\/","name":"Il test dell'et\u00e0 mentale psicologica ha senso? - Santagostino Psiche","isPartOf":{"@id":"https:\/\/psiche.santagostino.it\/#website"},"primaryImageOfPage":{"@id":"https:\/\/psiche.santagostino.it\/test-eta-mentale\/#primaryimage"},"image":{"@id":"https:\/\/psiche.santagostino.it\/test-eta-mentale\/#primaryimage"},"thumbnailUrl":"https:\/\/www.santagostino.it\/magazine-psiche\/wp-content\/uploads\/2024\/04\/test-eta-mentale.jpg","datePublished":"2024-05-02T10:00:34+00:00","dateModified":"2024-05-02T16:38:32+00:00","description":"I test dell'et\u00e0 mentale possono davvero stabilire lo sviluppo cognitivo di una persona? Scopriamolo in questo articolo","breadcrumb":{"@id":"https:\/\/psiche.santagostino.it\/test-eta-mentale\/#breadcrumb"},"inLanguage":"it-IT","potentialAction":[{"@type":"ReadAction","target":["https:\/\/psiche.santagostino.it\/test-eta-mentale\/"]}]},{"@type":"ImageObject","inLanguage":"it-IT","@id":"https:\/\/psiche.santagostino.it\/test-eta-mentale\/#primaryimage","url":"https:\/\/www.santagostino.it\/magazine-psiche\/wp-content\/uploads\/2024\/04\/test-eta-mentale.jpg","contentUrl":"https:\/\/www.santagostino.it\/magazine-psiche\/wp-content\/uploads\/2024\/04\/test-eta-mentale.jpg","width":1200,"height":800,"caption":"test eta mentale"},{"@type":"BreadcrumbList","@id":"https:\/\/psiche.santagostino.it\/test-eta-mentale\/#breadcrumb","itemListElement":[{"@type":"ListItem","position":1,"name":"Home","item":"https:\/\/psiche.santagostino.it\/"},{"@type":"ListItem","position":2,"name":"Il test dell&#8217;et\u00e0 mentale psicologica ha senso?"}]},{"@type":"WebSite","@id":"https:\/\/psiche.santagostino.it\/#website","url":"https:\/\/psiche.santagostino.it\/","name":"https:\/\/www.santagostino.it\/magazine-psiche","description":"La finestra sulla mente","publisher":{"@id":"https:\/\/psiche.santagostino.it\/#organization"},"alternateName":"Psiche Santagostino","potentialAction":[{"@type":"SearchAction","target":{"@type":"EntryPoint","urlTemplate":"https:\/\/psiche.santagostino.it\/?s={search_term_string}"},"query-input":{"@type":"PropertyValueSpecification","valueRequired":true,"valueName":"search_term_string"}}],"inLanguage":"it-IT"},{"@type":"Organization","@id":"https:\/\/psiche.santagostino.it\/#organization","name":"https:\/\/www.santagostino.it\/magazine-psiche","url":"https:\/\/psiche.santagostino.it\/","logo":{"@type":"ImageObject","inLanguage":"it-IT","@id":"https:\/\/psiche.santagostino.it\/#\/schema\/logo\/image\/","url":"https:\/\/www.santagostino.it\/magazine-psiche\/wp-content\/uploads\/2023\/07\/Santagostino-psiche-logo.png","contentUrl":"https:\/\/www.santagostino.it\/magazine-psiche\/wp-content\/uploads\/2023\/07\/Santagostino-psiche-logo.png","width":430,"height":71,"caption":"https:\/\/www.santagostino.it\/magazine-psiche"},"image":{"@id":"https:\/\/psiche.santagostino.it\/#\/schema\/logo\/image\/"},"sameAs":["https:\/\/www.facebook.com\/santagostinopsiche\/"]},{"@type":"Person","@id":"https:\/\/psiche.santagostino.it\/#\/schema\/person\/ec461f05f858dbc3a0b54dccfdfa328b","name":"Giulia Vallone","image":{"@type":"ImageObject","inLanguage":"it-IT","@id":"https:\/\/psiche.santagostino.it\/#\/schema\/person\/image\/","url":"https:\/\/secure.gravatar.com\/avatar\/d93c1e3b2d8c14f2c5f6963a8d745b33?s=96&d=mm&r=g","contentUrl":"https:\/\/secure.gravatar.com\/avatar\/d93c1e3b2d8c14f2c5f6963a8d745b33?s=96&d=mm&r=g","caption":"Giulia Vallone"},"url":"https:\/\/www.santagostino.it\/magazine-psiche\/author\/giulia-vallone\/"}]}},"_links":{"self":[{"href":"https:\/\/www.santagostino.it\/magazine-psiche\/wp-json\/wp\/v2\/posts\/23599","targetHints":{"allow":["GET"]}}],"collection":[{"href":"https:\/\/www.santagostino.it\/magazine-psiche\/wp-json\/wp\/v2\/posts"}],"about":[{"href":"https:\/\/www.santagostino.it\/magazine-psiche\/wp-json\/wp\/v2\/types\/post"}],"author":[{"embeddable":true,"href":"https:\/\/www.santagostino.it\/magazine-psiche\/wp-json\/wp\/v2\/users\/32"}],"replies":[{"embeddable":true,"href":"https:\/\/www.santagostino.it\/magazine-psiche\/wp-json\/wp\/v2\/comments?post=23599"}],"version-history":[{"count":9,"href":"https:\/\/www.santagostino.it\/magazine-psiche\/wp-json\/wp\/v2\/posts\/23599\/revisions"}],"predecessor-version":[{"id":23613,"href":"https:\/\/www.santagostino.it\/magazine-psiche\/wp-json\/wp\/v2\/posts\/23599\/revisions\/23613"}],"wp:featuredmedia":[{"embeddable":true,"href":"https:\/\/www.santagostino.it\/magazine-psiche\/wp-json\/wp\/v2\/media\/23604"}],"wp:attachment":[{"href":"https:\/\/www.santagostino.it\/magazine-psiche\/wp-json\/wp\/v2\/media?parent=23599"}],"wp:term":[{"taxonomy":"category","embeddable":true,"href":"https:\/\/www.santagostino.it\/magazine-psiche\/wp-json\/wp\/v2\/categories?post=23599"},{"taxonomy":"post_tag","embeddable":true,"href":"https:\/\/www.santagostino.it\/magazine-psiche\/wp-json\/wp\/v2\/tags?post=23599"},{"taxonomy":"temi","embeddable":true,"href":"https:\/\/www.santagostino.it\/magazine-psiche\/wp-json\/wp\/v2\/temi?post=23599"},{"taxonomy":"typology","embeddable":true,"href":"https:\/\/www.santagostino.it\/magazine-psiche\/wp-json\/wp\/v2\/typology?post=23599"}],"curies":[{"name":"wp","href":"https:\/\/api.w.org\/{rel}","templated":true}]}}