{"id":22700,"date":"2024-02-12T16:00:36","date_gmt":"2024-02-12T16:00:36","guid":{"rendered":"https:\/\/www.santagostino.it\/magazine-psiche\/?p=22700"},"modified":"2024-04-24T13:42:57","modified_gmt":"2024-04-24T13:42:57","slug":"lamnesia-dissociativa","status":"publish","type":"post","link":"https:\/\/www.santagostino.it\/magazine-psiche\/lamnesia-dissociativa\/","title":{"rendered":"L&#8217;amnesia dissociativa"},"content":{"rendered":"<p><span style=\"font-weight: 400;\">L\u2019amnesia dissociativa \u00e8 una forma di amnesia indotta da un disturbo psicologico.<\/span><\/p>\n<p><span style=\"font-weight: 400;\">Diversamente da altre tipologie di amnesia, causate da una condizione medica, la sua peculiarit\u00e0 sta proprio nell&#8217;essere provocata da eventi traumatici o stressanti.<\/span><\/p>\n<p><span style=\"font-weight: 400;\">Quali possono essere le sue cause e come si manifesta? In che modo pu\u00f2 essere trattata? Risponde la <\/span><b>dott.ssa Ilaria Bellavia, psicologa e psicoterapeuta di Santagostino Psiche.<\/b><\/p>\n<p><a class=\"content-cta\" href=\"https:\/\/www.santagostino.it\/it\/psiche\/?utm_source=Psiche&amp;utm_medium=direct&amp;utm_campaign=CTA_Psiche_amnesia_dissociativa\"> <img decoding=\"async\" class=\"visible-md\" src=\"\/wp-content\/uploads\/2024\/06\/Rev_04_SanAgostino_banner_desktop_low.gif\" \/><img decoding=\"async\" class=\"hidden-md\" src=\"\/wp-content\/uploads\/2024\/06\/Rev_04_SanAgostino_banner_mobile_low.gif\" \/><\/a><\/p>\n<h2><span style=\"font-weight: 400;\">Che cos&#8217;\u00e8 un&#8217;amnesia dissociativa?<\/span><\/h2>\n<p><span style=\"font-weight: 400;\">L&#8217;<\/span><b>amnesia dissociativa<\/b><span style=\"font-weight: 400;\"> \u00e8 una tipologia di amnesia, cio\u00e8 perdita della memoria, causata da <\/span><a href=\"https:\/\/www.santagostino.it\/magazine-psiche\/psicologia-trauma\/\"><span style=\"font-weight: 400;\">traumi<\/span><\/a><span style=\"font-weight: 400;\"> o <\/span><a href=\"https:\/\/www.santagostino.it\/magazine-psiche\/stress\/\"><span style=\"font-weight: 400;\">stress<\/span><\/a><span style=\"font-weight: 400;\"> emotivi intensi. A differenza dell&#8217;amnesia legata a cause fisiche, l&#8217;amnesia dissociativa comporta una <\/span><b>disconnessione tra la mente e le esperienze personali, <\/b><span style=\"font-weight: 400;\">portando a vuoti di memoria che possono riguardare periodi variabili da pochi minuti a diversi anni.<\/span><\/p>\n<p><span style=\"font-weight: 400;\">L\u2019amnesia dissociativa riguarda <\/span><b>informazioni che fanno parte della memoria autobiografica e della<\/b> <b>coscienza<\/b><span style=\"font-weight: 400;\"> e che difficilmente verrebbero dimenticate, come:<\/span><\/p>\n<ul>\n<li style=\"font-weight: 400;\" aria-level=\"1\"><span style=\"font-weight: 400;\">aspetti della propria identit\u00e0 personale e familiare<\/span><\/li>\n<li style=\"font-weight: 400;\" aria-level=\"1\"><span style=\"font-weight: 400;\">luoghi vissuti<\/span><\/li>\n<li style=\"font-weight: 400;\" aria-level=\"1\"><span style=\"font-weight: 400;\">esperienze passate<\/span><\/li>\n<li style=\"font-weight: 400;\" aria-level=\"1\"><span style=\"font-weight: 400;\">relazioni<\/span><\/li>\n<\/ul>\n<p><span style=\"font-weight: 400;\">Si tratta spesso di informazioni relative a eventi traumatici, come abusi e violenze, che, <\/span><b>pur non essendo accessibili alla coscienza, continuano a influenzare il comportamento<\/b><span style=\"font-weight: 400;\"> della persona colpita da amnesia. Il soggetto che sperimenta questo <\/span><a href=\"https:\/\/www.santagostino.it\/magazine-psiche\/dissociazione-fenomeni-dissociativi\/\"><span style=\"font-weight: 400;\">fenomeno dissociativo<\/span><\/a><span style=\"font-weight: 400;\">, per esempio, pur non ricordando l\u2019episodio che l\u2019ha scatenato, pu\u00f2 agitarsi se torna sul luogo dell\u2019accaduto.<\/span><\/p>\n<h2><span style=\"font-weight: 400;\">Quali possono essere le sue cause?<\/span><\/h2>\n<p><span style=\"font-weight: 400;\">Le cause dell&#8217;amnesia dissociativa sono spesso legate a<\/span><b> esperienze traumatiche o stressanti <\/b><span style=\"font-weight: 400;\">che superano la capacit\u00e0 di elaborazione emotiva di un individuo. Questi eventi possono includere:<\/span><\/p>\n<ul>\n<li style=\"font-weight: 400;\" aria-level=\"1\"><span style=\"font-weight: 400;\">abusi fisici o sessuali<\/span><\/li>\n<li style=\"font-weight: 400;\" aria-level=\"1\"><span style=\"font-weight: 400;\">violenze<\/span><\/li>\n<li style=\"font-weight: 400;\" aria-level=\"1\"><span style=\"font-weight: 400;\">stupri<\/span><\/li>\n<li style=\"font-weight: 400;\" aria-level=\"1\"><span style=\"font-weight: 400;\">contesti di guerra<\/span><\/li>\n<li style=\"font-weight: 400;\" aria-level=\"1\"><span style=\"font-weight: 400;\">incidenti gravi<\/span><\/li>\n<li style=\"font-weight: 400;\" aria-level=\"1\"><span style=\"font-weight: 400;\">calamit\u00e0 naturali<\/span><\/li>\n<li style=\"font-weight: 400;\" aria-level=\"1\"><span style=\"font-weight: 400;\">perdita improvvisa di persone care<\/span><\/li>\n<li style=\"font-weight: 400;\" aria-level=\"1\"><span style=\"font-weight: 400;\">problemi finanziari.<\/span><\/li>\n<\/ul>\n<p><span style=\"font-weight: 400;\">In alcuni casi, l&#8217;amnesia dissociativa pu\u00f2 essere scatenata da <\/span><b>conflitti interiori profondi, <\/b><span style=\"font-weight: 400;\">come:<\/span><\/p>\n<ul>\n<li style=\"font-weight: 400;\" aria-level=\"1\"><a href=\"https:\/\/www.santagostino.it\/magazine-psiche\/senso-di-colpa\/\"><span style=\"font-weight: 400;\">senso di colpa<\/span><\/a><span style=\"font-weight: 400;\"> represso<\/span><\/li>\n<li style=\"font-weight: 400;\" aria-level=\"1\"><span style=\"font-weight: 400;\">difficolt\u00e0 relazionali irrisolte<\/span><\/li>\n<li style=\"font-weight: 400;\" aria-level=\"1\"><span style=\"font-weight: 400;\">sentimento di orrore per aver compiuto gesti criminali.<\/span><\/li>\n<\/ul>\n<p><span style=\"font-weight: 400;\">La manifestazione del disturbo pu\u00f2 quindi essere una forma di <\/span><b>difesa psicologica <\/b><span style=\"font-weight: 400;\">per evitare di affrontare questi dissidi interni.<\/span><\/p>\n<p><span style=\"font-weight: 400;\">Le persone che hanno subito <\/span><a href=\"https:\/\/www.santagostino.it\/magazine-psiche\/traumi-infantili\/\"><b>abusi infantili<\/b><\/a> <span style=\"font-weight: 400;\">o hanno vissuto in <\/span><b>ambienti familiari disfunzionali <\/b><span style=\"font-weight: 400;\">possono essere particolarmente vulnerabili allo sviluppo di amnesia dissociativa. In queste situazioni, infatti, l&#8217;amnesia pu\u00f2 servire come meccanismo di coping per proteggere l&#8217;individuo dall&#8217;<\/span><a href=\"https:\/\/www.santagostino.it\/magazine-psiche\/ansia\/\"><span style=\"font-weight: 400;\">ansia<\/span><\/a><span style=\"font-weight: 400;\"> e dall&#8217;<\/span><a href=\"https:\/\/www.santagostino.it\/magazine-psiche\/angoscia\/\"><span style=\"font-weight: 400;\">angoscia<\/span><\/a><span style=\"font-weight: 400;\"> associate alle esperienze traumatiche.<\/span><\/p>\n<h2><span style=\"font-weight: 400;\">Come capire se si soffre di amnesia dissociativa?<\/span><\/h2>\n<p><span style=\"font-weight: 400;\">Come si \u00e8 detto, la manifestazione pi\u00f9 evidente dell&#8217;amnesia dissociativa \u00e8 una perdita di memoria non assimilabile a una normale dimenticanza. Un\u2019<\/span><b>incapacit\u00e0 di ricordare eventi specifici, periodi di tempo, aspetti della propria identit\u00e0 e storia personale o di quella di altre persone.\u00a0<\/b><\/p>\n<p><span style=\"font-weight: 400;\">A seconda del modo in cui si manifesta, l&#8217;amnesia dissociativa \u00e8 detta:<\/span><\/p>\n<ul>\n<li><b>localizzata,<\/b><span style=\"font-weight: 400;\"> se il soggetto non \u00e8 in grado di ricordare un evento specifico o un periodo di tempo limitato, spesso correlato a traumi o stress<\/span><\/li>\n<li><b>selettiva, <\/b><span style=\"font-weight: 400;\">se la persona dimentica solo alcuni aspetti di un evento traumatico o alcune parti di un periodo della propria vita<\/span><\/li>\n<li><b>generalizzata,<\/b><span style=\"font-weight: 400;\"> se il paziente perde la propria identit\u00e0 e memoria autobiografica, non riuscendo a ricordare informazioni fondamentali come chi sia, dove sia stato o cosa abbia fatto. Questo tipo di amnesia \u00e8 raro, tende a verificarsi in situazioni profondamente traumatiche o stressanti, per esempio tra i reduci di guerra, vittime di aggressioni sessuali o soggetti che sperimentano un conflitto interiore o stress severo<\/span><\/li>\n<li><b>sistematizzata, <\/b><span style=\"font-weight: 400;\">se il soggetto dimentica tutte le informazioni relative a un ambito specifico (una persona in particolare, la propria famiglia\u2026)\u00a0<\/span><\/li>\n<li><b>continua, <\/b><span style=\"font-weight: 400;\">quando il paziente dimentica ogni nuovo evento, nel momento in cui accade. In genere questo tipo di amnesia insorge improvvisamente.<\/span><\/li>\n<\/ul>\n<h3><span style=\"font-weight: 400;\">Reazioni all\u2019amnesia e complicazioni<\/span><\/h3>\n<p><span style=\"font-weight: 400;\">I pazienti con amnesia dissociativa sono solitamente <\/span><b>consapevoli dei propri vuoti di memoria<\/b><span style=\"font-weight: 400;\"> o lo diventano con il tempo, quando si accorgono di non riuscire a ricordare aspetti o eventi circa i quali li interrogano altre persone.<\/span><\/p>\n<p><span style=\"font-weight: 400;\">Possono reagire a questa consapevolezza con <\/span><b><a href=\"https:\/\/www.santagostino.it\/magazine-psiche\/confusione-mentale\/\">confusione<\/a> e <\/b><a href=\"https:\/\/www.santagostino.it\/magazine-psiche\/angoscia\/\"><b>angoscia<\/b><\/a><b> o, al contrario, con distacco e indifferenza. <\/b><span style=\"font-weight: 400;\">In molti casi hanno dei <\/span><b>flashback, <\/b><span style=\"font-weight: 400;\">come accade nel <\/span><a href=\"https:\/\/www.santagostino.it\/magazine-psiche\/disturbo-da-stress-post-traumatico\/\"><span style=\"font-weight: 400;\">disturbo da stress post traumatico<\/span><\/a><span style=\"font-weight: 400;\">. Alcune persone finiscono per sviluppare questo disturbo, quando vengono a conoscenza dei motivi che hanno provocato la loro amnesia.<\/span><\/p>\n<p><span style=\"font-weight: 400;\">Sono comuni <\/span><a href=\"https:\/\/www.santagostino.it\/magazine-psiche\/depressione\/\"><b>sintomi depressivi<\/b><\/a><b> e <\/b><a href=\"https:\/\/www.santagostino.it\/magazine-psiche\/autolesionismo\/\"><b>comportamenti autodistruttivi<\/b><\/a><span style=\"font-weight: 400;\">, anche <\/span><a href=\"https:\/\/www.santagostino.it\/magazine-psiche\/comportamento-suicidario\/\"><span style=\"font-weight: 400;\">suicidari<\/span><\/a><span style=\"font-weight: 400;\">.<\/span><\/p>\n<p><span style=\"font-weight: 400;\">In casi rari e particolarmente gravi, pu\u00f2 verificarsi quella che \u00e8 definita <\/span><b>fuga dissociativa.<\/b><span style=\"font-weight: 400;\"> Si tratta di una manifestazione estrema, caratterizzata dalla perdita improvvisa e temporanea dell&#8217;identit\u00e0 e della memoria autobiografica, che vede una persona allontanarsi dalla propria casa e dai luoghi abituali. Questo allontanamento pu\u00f2 durare alcune ore, diversi giorni o addirittura mesi:\u00a0\u00a0<\/span><\/p>\n<ul>\n<li style=\"font-weight: 400;\" aria-level=\"1\"><span style=\"font-weight: 400;\">quando \u00e8 <\/span><b>di breve durata,<\/b><span style=\"font-weight: 400;\"> la fuga pu\u00f2 apparire come un allontanamento momentaneo<\/span><\/li>\n<li style=\"font-weight: 400;\" aria-level=\"1\"><span style=\"font-weight: 400;\">quando \u00e8 <\/span><b>di lunga durata,<\/b><span style=\"font-weight: 400;\"> il soggetto pu\u00f2 viaggiare a lungo senza una meta precisa, assumendo spesso una nuova identit\u00e0, un nuovo lavoro e un nuovo stile di vita. Durante questo periodo, non ha alcuna consapevolezza della propria identit\u00e0 passata o delle proprie relazioni personali.<\/span><\/li>\n<\/ul>\n<p><span style=\"font-weight: 400;\">Mentre \u00e8 \u201cin fuga\u201d, il soggetto pu\u00f2 comportarsi normalmente o apparire solo leggermente confuso.<\/span><\/p>\n<p><span style=\"font-weight: 400;\">L\u2019episodio dissociativo si conclude quando<\/span><b> il paziente si rende conto di trovarsi in una situazione senza saper spiegare come sia arrivato fin l\u00ec.<\/b><span style=\"font-weight: 400;\"> Nella maggioranza dei casi, \u00e8 consapevole della propria identit\u00e0 e del proprio passato, solo raramente non ne conserva alcun ricordo.<\/span><\/p>\n<p><span style=\"font-weight: 400;\">La fuga dissociativa pu\u00f2 essere considerata una <\/span><b>soluzione radicale a situazioni di forte stress e disagio, <\/b><span style=\"font-weight: 400;\">tramite cui la mente cerca di proteggersi dalla sofferenza separandosi dalla propria identit\u00e0 e dalla realt\u00e0 circostante.\u00a0<\/span><\/p>\n<h2><span style=\"font-weight: 400;\">Quanto dura l&#8217;amnesia dissociativa?\u00a0<\/span><\/h2>\n<p><span style=\"font-weight: 400;\">La durata dell&#8217;amnesia dissociativa pu\u00f2 variare da un individuo all&#8217;altro e a seconda di diversi fattori, tra cui la gravit\u00e0 della causa che ha scatenato il disturbo, l\u2019accesso di un trattamento adeguato e le caratteristiche personali della persona coinvolta.<\/span><\/p>\n<p><b>In molti casi, l&#8217;amnesia dissociativa \u00e8 transitoria <\/b><span style=\"font-weight: 400;\">e pu\u00f2 risolversi grazie a un intervento psicoterapeutico che favorisce il recupero dei ricordi perduti. Tuttavia, in alcuni casi, l&#8217;amnesia pu\u00f2 persistere per periodi pi\u00f9 lunghi, comportando una significativa compromissione della routine quotidiana e delle relazioni sociali.<\/span><\/p>\n<p><span style=\"font-weight: 400;\">Le <\/span><b>forme pi\u00f9 gravi di amnesia dissociativa,<\/b><span style=\"font-weight: 400;\"> come la fuga dissociativa, come si \u00e8 visto, possono comportare episodi prolungati di perdita dell\u2019identit\u00e0 e della memoria, della durata di <\/span><b>giorni, settimane o persino mesi.<\/b><\/p>\n<h2><span style=\"font-weight: 400;\">Come riconoscere un episodio dissociativo?<\/span><\/h2>\n<p><b>L\u2019amnesia dissociativa si qualifica come disturbo dissociativo<\/b><span style=\"font-weight: 400;\"> e come tale viene diagnosticata sulla base dei criteri esplicitati dal <\/span><b>Manuale diagnostico e statistico dei disturbi mentali (<a href=\"https:\/\/www.santagostino.it\/magazine-psiche\/dsm5\">DSM-5<\/a>):<\/b><\/p>\n<ul>\n<li aria-level=\"1\"><span style=\"font-weight: 400;\">incapacit\u00e0 di ricordare informazioni personali rilevanti, soprattutto legate a eventi traumatici o periodi di stress, che in condizioni normali non verrebbero dimenticate<\/span><\/li>\n<li aria-level=\"1\"><span style=\"font-weight: 400;\">ripercussioni del disagio provocato dall\u2019amnesia in ambito sociale o lavorativo.<\/span><\/li>\n<\/ul>\n<p><span style=\"font-weight: 400;\">La <\/span><b>diagnosi differenziale<\/b><span style=\"font-weight: 400;\"> \u00e8 posta con disturbi causati dall\u2019effetto di farmaci o da condizioni quali <a href=\"https:\/\/www.santagostino.it\/it\/santagostinopedia\/demenza\">demenza<\/a>, abuso di sostanze, lesioni cerebrali traumatiche, crisi epilettiche parziali complesse, <a href=\"https:\/\/www.santagostino.it\/magazine-psiche\/disturbo-da-stress-post-traumatico\/\">disturbo da stress post-traumatico<\/a> o altri disturbi dissociativi.<\/span><\/p>\n<p><span style=\"font-weight: 400;\">La <\/span><b>valutazione<\/b><span style=\"font-weight: 400;\"> del caso \u00e8 duplice:<\/span><\/p>\n<ul>\n<li style=\"font-weight: 400;\" aria-level=\"1\"><b>medica,<\/b><span style=\"font-weight: 400;\"> basata su esami come la <a href=\"https:\/\/www.santagostino.it\/it\/specialita\/risonanza-magnetica\">risonanza magnetica<\/a> per escludere cause strutturali, <a href=\"https:\/\/www.santagostino.it\/it\/prestazioni\/elettroencefalogramma-basale-eeg\">l&#8217;elettroencefalogramma<\/a> per valutare la presenza di <a href=\"https:\/\/www.santagostino.it\/it\/santagostinopedia\/convulsioni\">disturbi convulsivi<\/a>, e <a href=\"https:\/\/magazine.santagostino.it\/esami-del-sangue\/\">analisi del sangue<\/a> e <a href=\"https:\/\/www.santagostino.it\/it\/santagostinopedia\/esame-urine-completo\">delle urine<\/a> per escludere l&#8217;effetto di sostanze tossiche<\/span><\/li>\n<li style=\"font-weight: 400;\" aria-level=\"1\"><b>psichiatrica, <\/b><span style=\"font-weight: 400;\">fondata su test psicologici mirati a comprendere meglio la natura dell&#8217;esperienza dissociativa.<\/span><\/li>\n<\/ul>\n<h3><span style=\"font-weight: 400;\">Come funziona il disturbo dissociativo?<\/span><\/h3>\n<p><span style=\"font-weight: 400;\">La caratteristica dei disturbi dissociativi \u00e8 la <\/span><b>disconnessione tra coscienza, percezioni, <\/b><a href=\"https:\/\/www.santagostino.it\/magazine-psiche\/emozioni\/\"><b>emozioni<\/b><\/a><b>, <a href=\"https:\/\/www.santagostino.it\/it\/ambulatori\/memoria\">memoria<\/a> e degli aspetti dell\u2019identit\u00e0 di una persona.<\/b><\/p>\n<p><a class=\"content-cta\" href=\"https:\/\/www.santagostino.it\/it\/psiche\/?utm_source=Psiche&amp;utm_medium=direct&amp;utm_campaign=CTA_Psiche_amnesia_dissociativa\"> <img decoding=\"async\" class=\"visible-md\" src=\"\/wp-content\/uploads\/2024\/06\/Rev_04_SanAgostino_banner_desktop_low.gif\" \/><img decoding=\"async\" class=\"hidden-md\" src=\"\/wp-content\/uploads\/2024\/06\/Rev_04_SanAgostino_banner_mobile_low.gif\" \/><\/a><\/p>\n<h2><span style=\"font-weight: 400;\">Come si cura l&#8217;amnesia dissociativa?<\/span><\/h2>\n<p><b>Il trattamento dell&#8217;amnesia dissociativa \u00e8 fondato sulla <a href=\"https:\/\/www.santagostino.it\/magazine-psiche\/psicoterapia\/\">psicoterapia<\/a>:<\/b><span style=\"font-weight: 400;\"> lo strumento chiave per aiutare il paziente a gestire i sintomi legati al disturbo e a recuperare i ricordi perduti. Un ambiente sicuro e di supporto come quello fornito da un professionista della salute assicura infatti le condizioni ideali per accompagnarlo in questo percorso.<\/span><\/p>\n<p><span style=\"font-weight: 400;\">Attraverso la terapia, il paziente pu\u00f2 <\/span><b>esplorare i traumi o i conflitti emotivi <\/b><span style=\"font-weight: 400;\">che hanno contribuito allo sviluppo dell\u2019amnesia e apprendere strategie per affrontarli in modo efficace.<\/span><\/p>\n<p><span style=\"font-weight: 400;\">Tecniche di recupero della memoria, come <\/span><b><a href=\"https:\/\/www.santagostino.it\/magazine-psiche\/ipnosi-psicologia\/\">l&#8217;ipnosi<\/a>,<\/b><span style=\"font-weight: 400;\"> possono essere utilizzate qualora la perdita della memoria sia grave o qualora il recupero dei ricordi debba avvenire in tempi brevi. <\/span><span style=\"font-weight: 400;\">Queste pratiche, talvolta farmaco-indotte, richiedono la massima attenzione e delicatezza, dal momento che la<\/span><b> rievocazione degli eventi traumatici o stressanti<\/b><span style=\"font-weight: 400;\"> che hanno scatenato il disturbo pu\u00f2 risultare sconvolgente per il paziente. I ricordi rimossi recuperati tramite queste pratiche dovranno essere confermati da terze parti per essere reputati attendibili.<\/span><\/p>\n<p><span style=\"font-weight: 400;\">Una volta che la perdita di memoria \u00e8 stata colmata, la terapia prevede l\u2019analisi delle cause all\u2019origine dell\u2019amnesia e la risoluzione dei problemi che ne sono conseguiti.<\/span><\/p>\n<p><span style=\"font-weight: 400;\">In alcuni casi, accanto al percorso riabilitativo, possono essere prescritti <\/span><b>farmaci per trattare i sintomi associati <\/b><span style=\"font-weight: 400;\">all&#8217;amnesia dissociativa, come l&#8217;ansia o la <a href=\"https:\/\/www.santagostino.it\/magazine-psiche\/depressione\/\">depressione<\/a>.\u00a0<\/span><\/p>\n<p><span style=\"font-weight: 400;\">Infine, non bisogna dimenticare l\u2019importanza del <\/span><b>coinvolgimento della famiglia e della rete sociale del paziente<\/b><span style=\"font-weight: 400;\"> nel processo di recupero. Il sostegno emotivo e pratico da parte dei propri cari pu\u00f2 aiutare la persona a superare le difficolt\u00e0 legate al disturbo e a sviluppare <\/span><a href=\"https:\/\/www.santagostino.it\/magazine-psiche\/il-coping-e-le-sue-strategie\/\"><span style=\"font-weight: 400;\">strategie di coping<\/span><\/a><span style=\"font-weight: 400;\"> efficaci.<\/span><\/p>\n","protected":false},"excerpt":{"rendered":"<p>A volte, quando si \u00e8 vittima di un trauma o di un evento particolarmente stressante, la mente pu\u00f2 reagire rimuovendo dalla coscienza quel vissuto. Si verifica cos\u00ec un&#8217;amnesia dissociativa. Ecco quando pu\u00f2 insorgere, quali sono i suoi sintomi e come pu\u00f2 essere superata.<\/p>\n","protected":false},"author":32,"featured_media":22701,"comment_status":"closed","ping_status":"closed","sticky":false,"template":"","format":"standard","meta":{"footnotes":""},"categories":[1],"tags":[],"temi":[1103,1110],"typology":[3],"class_list":["post-22700","post","type-post","status-publish","format-standard","has-post-thumbnail","hentry","category-psichiatria","temi-mente","temi-patologie-e-disturbi","typology-text"],"yoast_head":"<!-- This site is optimized with the Yoast SEO Premium plugin v25.3.1 (Yoast SEO v25.3.1) - https:\/\/yoast.com\/wordpress\/plugins\/seo\/ -->\n<title>L&#039;amnesia dissociativa - Santagostino Psiche<\/title>\n<meta name=\"description\" content=\"L&#039;amnesia dissociativa \u00e8 una forma di amnesia causata da traumi o stress emotivi intensi. Ecco come si manifesta e come pu\u00f2 essere affrontata.\" \/>\n<meta name=\"robots\" content=\"index, follow, max-snippet:-1, max-image-preview:large, max-video-preview:-1\" \/>\n<link rel=\"canonical\" href=\"https:\/\/psiche.santagostino.it\/lamnesia-dissociativa\/\" \/>\n<meta name=\"twitter:label1\" content=\"Scritto da\" \/>\n\t<meta name=\"twitter:data1\" content=\"Giulia Vallone\" \/>\n\t<meta name=\"twitter:label2\" content=\"Tempo di lettura stimato\" \/>\n\t<meta name=\"twitter:data2\" content=\"9 minuti\" \/>\n<script type=\"application\/ld+json\" class=\"yoast-schema-graph\">{\"@context\":\"https:\/\/schema.org\",\"@graph\":[{\"@type\":\"Article\",\"@id\":\"https:\/\/psiche.santagostino.it\/lamnesia-dissociativa\/#article\",\"isPartOf\":{\"@id\":\"https:\/\/psiche.santagostino.it\/lamnesia-dissociativa\/\"},\"author\":{\"name\":\"Giulia Vallone\",\"@id\":\"https:\/\/psiche.santagostino.it\/#\/schema\/person\/ec461f05f858dbc3a0b54dccfdfa328b\"},\"headline\":\"L&#8217;amnesia dissociativa\",\"datePublished\":\"2024-02-12T16:00:36+00:00\",\"dateModified\":\"2024-04-24T13:42:57+00:00\",\"mainEntityOfPage\":{\"@id\":\"https:\/\/psiche.santagostino.it\/lamnesia-dissociativa\/\"},\"wordCount\":1441,\"publisher\":{\"@id\":\"https:\/\/psiche.santagostino.it\/#organization\"},\"image\":{\"@id\":\"https:\/\/psiche.santagostino.it\/lamnesia-dissociativa\/#primaryimage\"},\"thumbnailUrl\":\"https:\/\/www.santagostino.it\/magazine-psiche\/wp-content\/uploads\/2024\/02\/amnesia-dissociativa.jpg\",\"articleSection\":[\"Psichiatria\"],\"inLanguage\":\"it-IT\"},{\"@type\":\"WebPage\",\"@id\":\"https:\/\/psiche.santagostino.it\/lamnesia-dissociativa\/\",\"url\":\"https:\/\/psiche.santagostino.it\/lamnesia-dissociativa\/\",\"name\":\"L'amnesia dissociativa - Santagostino Psiche\",\"isPartOf\":{\"@id\":\"https:\/\/psiche.santagostino.it\/#website\"},\"primaryImageOfPage\":{\"@id\":\"https:\/\/psiche.santagostino.it\/lamnesia-dissociativa\/#primaryimage\"},\"image\":{\"@id\":\"https:\/\/psiche.santagostino.it\/lamnesia-dissociativa\/#primaryimage\"},\"thumbnailUrl\":\"https:\/\/www.santagostino.it\/magazine-psiche\/wp-content\/uploads\/2024\/02\/amnesia-dissociativa.jpg\",\"datePublished\":\"2024-02-12T16:00:36+00:00\",\"dateModified\":\"2024-04-24T13:42:57+00:00\",\"description\":\"L'amnesia dissociativa \u00e8 una forma di amnesia causata da traumi o stress emotivi intensi. Ecco come si manifesta e come pu\u00f2 essere affrontata.\",\"breadcrumb\":{\"@id\":\"https:\/\/psiche.santagostino.it\/lamnesia-dissociativa\/#breadcrumb\"},\"inLanguage\":\"it-IT\",\"potentialAction\":[{\"@type\":\"ReadAction\",\"target\":[\"https:\/\/psiche.santagostino.it\/lamnesia-dissociativa\/\"]}]},{\"@type\":\"ImageObject\",\"inLanguage\":\"it-IT\",\"@id\":\"https:\/\/psiche.santagostino.it\/lamnesia-dissociativa\/#primaryimage\",\"url\":\"https:\/\/www.santagostino.it\/magazine-psiche\/wp-content\/uploads\/2024\/02\/amnesia-dissociativa.jpg\",\"contentUrl\":\"https:\/\/www.santagostino.it\/magazine-psiche\/wp-content\/uploads\/2024\/02\/amnesia-dissociativa.jpg\",\"width\":1200,\"height\":580,\"caption\":\"amnesia dissociativa\"},{\"@type\":\"BreadcrumbList\",\"@id\":\"https:\/\/psiche.santagostino.it\/lamnesia-dissociativa\/#breadcrumb\",\"itemListElement\":[{\"@type\":\"ListItem\",\"position\":1,\"name\":\"Home\",\"item\":\"https:\/\/psiche.santagostino.it\/\"},{\"@type\":\"ListItem\",\"position\":2,\"name\":\"L&#8217;amnesia dissociativa\"}]},{\"@type\":\"WebSite\",\"@id\":\"https:\/\/psiche.santagostino.it\/#website\",\"url\":\"https:\/\/psiche.santagostino.it\/\",\"name\":\"https:\/\/www.santagostino.it\/magazine-psiche\",\"description\":\"La finestra sulla mente\",\"publisher\":{\"@id\":\"https:\/\/psiche.santagostino.it\/#organization\"},\"alternateName\":\"Psiche Santagostino\",\"potentialAction\":[{\"@type\":\"SearchAction\",\"target\":{\"@type\":\"EntryPoint\",\"urlTemplate\":\"https:\/\/psiche.santagostino.it\/?s={search_term_string}\"},\"query-input\":{\"@type\":\"PropertyValueSpecification\",\"valueRequired\":true,\"valueName\":\"search_term_string\"}}],\"inLanguage\":\"it-IT\"},{\"@type\":\"Organization\",\"@id\":\"https:\/\/psiche.santagostino.it\/#organization\",\"name\":\"https:\/\/www.santagostino.it\/magazine-psiche\",\"url\":\"https:\/\/psiche.santagostino.it\/\",\"logo\":{\"@type\":\"ImageObject\",\"inLanguage\":\"it-IT\",\"@id\":\"https:\/\/psiche.santagostino.it\/#\/schema\/logo\/image\/\",\"url\":\"https:\/\/www.santagostino.it\/magazine-psiche\/wp-content\/uploads\/2023\/07\/Santagostino-psiche-logo.png\",\"contentUrl\":\"https:\/\/www.santagostino.it\/magazine-psiche\/wp-content\/uploads\/2023\/07\/Santagostino-psiche-logo.png\",\"width\":430,\"height\":71,\"caption\":\"https:\/\/www.santagostino.it\/magazine-psiche\"},\"image\":{\"@id\":\"https:\/\/psiche.santagostino.it\/#\/schema\/logo\/image\/\"},\"sameAs\":[\"https:\/\/www.facebook.com\/santagostinopsiche\/\"]},{\"@type\":\"Person\",\"@id\":\"https:\/\/psiche.santagostino.it\/#\/schema\/person\/ec461f05f858dbc3a0b54dccfdfa328b\",\"name\":\"Giulia Vallone\",\"image\":{\"@type\":\"ImageObject\",\"inLanguage\":\"it-IT\",\"@id\":\"https:\/\/psiche.santagostino.it\/#\/schema\/person\/image\/\",\"url\":\"https:\/\/secure.gravatar.com\/avatar\/d93c1e3b2d8c14f2c5f6963a8d745b33?s=96&d=mm&r=g\",\"contentUrl\":\"https:\/\/secure.gravatar.com\/avatar\/d93c1e3b2d8c14f2c5f6963a8d745b33?s=96&d=mm&r=g\",\"caption\":\"Giulia Vallone\"},\"url\":\"https:\/\/www.santagostino.it\/magazine-psiche\/author\/giulia-vallone\/\"}]}<\/script>\n<!-- \/ Yoast SEO Premium plugin. -->","yoast_head_json":{"title":"L'amnesia dissociativa - Santagostino Psiche","description":"L'amnesia dissociativa \u00e8 una forma di amnesia causata da traumi o stress emotivi intensi. Ecco come si manifesta e come pu\u00f2 essere affrontata.","robots":{"index":"index","follow":"follow","max-snippet":"max-snippet:-1","max-image-preview":"max-image-preview:large","max-video-preview":"max-video-preview:-1"},"canonical":"https:\/\/psiche.santagostino.it\/lamnesia-dissociativa\/","twitter_misc":{"Scritto da":"Giulia Vallone","Tempo di lettura stimato":"9 minuti"},"schema":{"@context":"https:\/\/schema.org","@graph":[{"@type":"Article","@id":"https:\/\/psiche.santagostino.it\/lamnesia-dissociativa\/#article","isPartOf":{"@id":"https:\/\/psiche.santagostino.it\/lamnesia-dissociativa\/"},"author":{"name":"Giulia Vallone","@id":"https:\/\/psiche.santagostino.it\/#\/schema\/person\/ec461f05f858dbc3a0b54dccfdfa328b"},"headline":"L&#8217;amnesia dissociativa","datePublished":"2024-02-12T16:00:36+00:00","dateModified":"2024-04-24T13:42:57+00:00","mainEntityOfPage":{"@id":"https:\/\/psiche.santagostino.it\/lamnesia-dissociativa\/"},"wordCount":1441,"publisher":{"@id":"https:\/\/psiche.santagostino.it\/#organization"},"image":{"@id":"https:\/\/psiche.santagostino.it\/lamnesia-dissociativa\/#primaryimage"},"thumbnailUrl":"https:\/\/www.santagostino.it\/magazine-psiche\/wp-content\/uploads\/2024\/02\/amnesia-dissociativa.jpg","articleSection":["Psichiatria"],"inLanguage":"it-IT"},{"@type":"WebPage","@id":"https:\/\/psiche.santagostino.it\/lamnesia-dissociativa\/","url":"https:\/\/psiche.santagostino.it\/lamnesia-dissociativa\/","name":"L'amnesia dissociativa - Santagostino Psiche","isPartOf":{"@id":"https:\/\/psiche.santagostino.it\/#website"},"primaryImageOfPage":{"@id":"https:\/\/psiche.santagostino.it\/lamnesia-dissociativa\/#primaryimage"},"image":{"@id":"https:\/\/psiche.santagostino.it\/lamnesia-dissociativa\/#primaryimage"},"thumbnailUrl":"https:\/\/www.santagostino.it\/magazine-psiche\/wp-content\/uploads\/2024\/02\/amnesia-dissociativa.jpg","datePublished":"2024-02-12T16:00:36+00:00","dateModified":"2024-04-24T13:42:57+00:00","description":"L'amnesia dissociativa \u00e8 una forma di amnesia causata da traumi o stress emotivi intensi. Ecco come si manifesta e come pu\u00f2 essere affrontata.","breadcrumb":{"@id":"https:\/\/psiche.santagostino.it\/lamnesia-dissociativa\/#breadcrumb"},"inLanguage":"it-IT","potentialAction":[{"@type":"ReadAction","target":["https:\/\/psiche.santagostino.it\/lamnesia-dissociativa\/"]}]},{"@type":"ImageObject","inLanguage":"it-IT","@id":"https:\/\/psiche.santagostino.it\/lamnesia-dissociativa\/#primaryimage","url":"https:\/\/www.santagostino.it\/magazine-psiche\/wp-content\/uploads\/2024\/02\/amnesia-dissociativa.jpg","contentUrl":"https:\/\/www.santagostino.it\/magazine-psiche\/wp-content\/uploads\/2024\/02\/amnesia-dissociativa.jpg","width":1200,"height":580,"caption":"amnesia dissociativa"},{"@type":"BreadcrumbList","@id":"https:\/\/psiche.santagostino.it\/lamnesia-dissociativa\/#breadcrumb","itemListElement":[{"@type":"ListItem","position":1,"name":"Home","item":"https:\/\/psiche.santagostino.it\/"},{"@type":"ListItem","position":2,"name":"L&#8217;amnesia dissociativa"}]},{"@type":"WebSite","@id":"https:\/\/psiche.santagostino.it\/#website","url":"https:\/\/psiche.santagostino.it\/","name":"https:\/\/www.santagostino.it\/magazine-psiche","description":"La finestra sulla mente","publisher":{"@id":"https:\/\/psiche.santagostino.it\/#organization"},"alternateName":"Psiche Santagostino","potentialAction":[{"@type":"SearchAction","target":{"@type":"EntryPoint","urlTemplate":"https:\/\/psiche.santagostino.it\/?s={search_term_string}"},"query-input":{"@type":"PropertyValueSpecification","valueRequired":true,"valueName":"search_term_string"}}],"inLanguage":"it-IT"},{"@type":"Organization","@id":"https:\/\/psiche.santagostino.it\/#organization","name":"https:\/\/www.santagostino.it\/magazine-psiche","url":"https:\/\/psiche.santagostino.it\/","logo":{"@type":"ImageObject","inLanguage":"it-IT","@id":"https:\/\/psiche.santagostino.it\/#\/schema\/logo\/image\/","url":"https:\/\/www.santagostino.it\/magazine-psiche\/wp-content\/uploads\/2023\/07\/Santagostino-psiche-logo.png","contentUrl":"https:\/\/www.santagostino.it\/magazine-psiche\/wp-content\/uploads\/2023\/07\/Santagostino-psiche-logo.png","width":430,"height":71,"caption":"https:\/\/www.santagostino.it\/magazine-psiche"},"image":{"@id":"https:\/\/psiche.santagostino.it\/#\/schema\/logo\/image\/"},"sameAs":["https:\/\/www.facebook.com\/santagostinopsiche\/"]},{"@type":"Person","@id":"https:\/\/psiche.santagostino.it\/#\/schema\/person\/ec461f05f858dbc3a0b54dccfdfa328b","name":"Giulia Vallone","image":{"@type":"ImageObject","inLanguage":"it-IT","@id":"https:\/\/psiche.santagostino.it\/#\/schema\/person\/image\/","url":"https:\/\/secure.gravatar.com\/avatar\/d93c1e3b2d8c14f2c5f6963a8d745b33?s=96&d=mm&r=g","contentUrl":"https:\/\/secure.gravatar.com\/avatar\/d93c1e3b2d8c14f2c5f6963a8d745b33?s=96&d=mm&r=g","caption":"Giulia Vallone"},"url":"https:\/\/www.santagostino.it\/magazine-psiche\/author\/giulia-vallone\/"}]}},"_links":{"self":[{"href":"https:\/\/www.santagostino.it\/magazine-psiche\/wp-json\/wp\/v2\/posts\/22700","targetHints":{"allow":["GET"]}}],"collection":[{"href":"https:\/\/www.santagostino.it\/magazine-psiche\/wp-json\/wp\/v2\/posts"}],"about":[{"href":"https:\/\/www.santagostino.it\/magazine-psiche\/wp-json\/wp\/v2\/types\/post"}],"author":[{"embeddable":true,"href":"https:\/\/www.santagostino.it\/magazine-psiche\/wp-json\/wp\/v2\/users\/32"}],"replies":[{"embeddable":true,"href":"https:\/\/www.santagostino.it\/magazine-psiche\/wp-json\/wp\/v2\/comments?post=22700"}],"version-history":[{"count":7,"href":"https:\/\/www.santagostino.it\/magazine-psiche\/wp-json\/wp\/v2\/posts\/22700\/revisions"}],"predecessor-version":[{"id":23521,"href":"https:\/\/www.santagostino.it\/magazine-psiche\/wp-json\/wp\/v2\/posts\/22700\/revisions\/23521"}],"wp:featuredmedia":[{"embeddable":true,"href":"https:\/\/www.santagostino.it\/magazine-psiche\/wp-json\/wp\/v2\/media\/22701"}],"wp:attachment":[{"href":"https:\/\/www.santagostino.it\/magazine-psiche\/wp-json\/wp\/v2\/media?parent=22700"}],"wp:term":[{"taxonomy":"category","embeddable":true,"href":"https:\/\/www.santagostino.it\/magazine-psiche\/wp-json\/wp\/v2\/categories?post=22700"},{"taxonomy":"post_tag","embeddable":true,"href":"https:\/\/www.santagostino.it\/magazine-psiche\/wp-json\/wp\/v2\/tags?post=22700"},{"taxonomy":"temi","embeddable":true,"href":"https:\/\/www.santagostino.it\/magazine-psiche\/wp-json\/wp\/v2\/temi?post=22700"},{"taxonomy":"typology","embeddable":true,"href":"https:\/\/www.santagostino.it\/magazine-psiche\/wp-json\/wp\/v2\/typology?post=22700"}],"curies":[{"name":"wp","href":"https:\/\/api.w.org\/{rel}","templated":true}]}}