{"id":22531,"date":"2024-01-24T17:00:32","date_gmt":"2024-01-24T17:00:32","guid":{"rendered":"https:\/\/www.santagostino.it\/magazine-psiche\/?p=22531"},"modified":"2024-01-24T12:01:07","modified_gmt":"2024-01-24T12:01:07","slug":"depressione-stagionale","status":"publish","type":"post","link":"https:\/\/www.santagostino.it\/magazine-psiche\/depressione-stagionale\/","title":{"rendered":"Depressione stagionale: guida completa a cause e cure"},"content":{"rendered":"<p><span style=\"font-weight: 400;\">La depressione stagionale \u00e8 una sindrome depressiva causata dai cambiamenti climatico-ambientali delle stagioni pi\u00f9 fredde.\u00a0<\/span><\/p>\n<p><span style=\"font-weight: 400;\">Comunemente nota anche come <strong>disturbo affettivo stagionale<\/strong> o <strong>SAD <\/strong><\/span><strong>(Seasonal Affective Disorder)<\/strong><span style=\"font-weight: 400;\">, \u00e8 una sindrome depressiva che si manifesta in risposta ai cambiamenti climatico-ambientali delle stagioni pi\u00f9 fredde.\u00a0<\/span><\/p>\n<p><span style=\"font-weight: 400;\">Seppur in passato sia spesso stata sottovalutata e considerata come un semplice malessere temporaneo, oggi comprendiamo che si tratta di una condizione complessa con un <strong>codice diagnostico specifico<\/strong>, che potrebbe talvolta celare patologie psicologiche sottostanti, inclusa la cosiddetta <strong><a href=\"https:\/\/www.santagostino.it\/magazine-psiche\/depressione\/\">depressione maggiore.<\/a><\/strong><\/span><\/p>\n<p><a class=\"content-cta\" href=\"https:\/\/www.santagostino.it\/it\/psiche\/?utm_source=Psiche&amp;utm_medium=direct&amp;utm_campaign=CTA_Psiche_depressione_stagionale\"> <img decoding=\"async\" class=\"visible-md\" src=\"\/wp-content\/uploads\/2024\/06\/Rev_04_SanAgostino_banner_desktop_low.gif\" \/><img decoding=\"async\" class=\"hidden-md\" src=\"\/wp-content\/uploads\/2024\/06\/Rev_04_SanAgostino_banner_mobile_low.gif\" \/><\/a><\/p>\n<h2><span style=\"font-weight: 400;\">Che cos\u2019\u00e8 la depressione stagionale?<\/span><\/h2>\n<p><span style=\"font-weight: 400;\">Con l&#8217;arrivo della stagione <strong>autunno-invernale<\/strong>, il nostro organismo risente dei cambiamenti in atto: aumenta l&#8217;umidit\u00e0, scendono le temperature, diminuiscono le ore di luce, le giornate si accorciano e tutto questo porta un senso di <strong>depressione<\/strong> e <strong>malessere generale.<\/strong> Inoltre, la carenza di <a href=\"https:\/\/www.santagostino.it\/it\/santagostinopedia\/vitamina-d\"><strong>vitamina D<\/strong><\/a> dovuta alla minor esposizione al sole pu\u00f2 contribuire ai sintomi depressivi durante i mesi pi\u00f9 freddi.\u00a0<\/span><\/p>\n<p><span style=\"font-weight: 400;\">L&#8217;edizione pi\u00f9 recente del<strong> &#8220;Manuale diagnostico e statistico dei disturbi mentali (DSM-5)&#8221;<\/strong> riconosce ufficialmente la depressione stagionale come vero e proprio disturbo depressivo con andamento stagionale. Tra i fattori di rischio associati vengono elencati il <strong>sesso del paziente<\/strong> (vi \u00e8 infatti una maggiore prevalenza nelle donne ma sintomi pi\u00f9 gravi negli uomini),<strong> storie familiari di depressione maggiore<\/strong> o con andamento stagionale e una storia personale di <strong><a href=\"https:\/\/www.santagostino.it\/magazine-psiche\/disturbo-bipolare\/\">disturbo bipolare.<\/a><\/strong><\/span><\/p>\n<p><span style=\"font-weight: 400;\">Cambiamenti delle abitudini, fare un lavoro o avere una routine che varia a seconda delle stagioni e provenire da un luogo con un clima differente da quello del luogo in cui si vive, possono anch&#8217;essi influire sui sintomi della depressione stagionale.<\/span><\/p>\n<p><span style=\"font-weight: 400;\">Inoltre, sebbene possa sembrare controintuitivo associare la primavera a un senso di malessere, \u00e8 bene notare che alcune persone possono provare una serie di sintomi depressivi anche in questa stagione. Ci\u00f2 pu\u00f2 essere associato a fattori come la <strong>sensibilit\u00e0 alla luce, <\/strong>l\u2019influenza dell\u2019aumento delle temperature sul <a href=\"https:\/\/www.santagostino.it\/magazine-psiche\/ritmi-circadiani-ora-solare-meteoropatia\/\"><strong>ritmo circadiano<\/strong><\/a>, alterazioni ormonali legate alla stagione e interazioni complesse tra genetica e ambiente.\u00a0<\/span><\/p>\n<h2><span style=\"font-weight: 400;\">I sintomi della depressione stagionale<\/span><\/h2>\n<p><span style=\"font-weight: 400;\">I segni e i sintomi di chi soffre di depressione stagionale condividono molte somiglianze con quelli della <strong><a href=\"https:\/\/www.santagostino.it\/magazine-psiche\/come-superare-depressione\/\">depressione maggiore.<\/a> <\/strong>Il disturbo affettivo stagionale presenta <strong>disturbi neurovegetativi,<\/strong> variazioni del tono dell&#8217;umore e difficolt\u00e0 nelle attivit\u00e0 quotidiane, tra cui:<\/span><\/p>\n<ul>\n<li style=\"font-weight: 400;\" aria-level=\"1\"><span style=\"font-weight: 400;\">mancanza di voglia e difficolt\u00e0 ad alzarsi la mattina<\/span><\/li>\n<li style=\"font-weight: 400;\" aria-level=\"1\"><a href=\"https:\/\/www.santagostino.it\/it\/santagostinopedia\/cefalea\"><strong>cefalea<\/strong><\/a><\/li>\n<li style=\"font-weight: 400;\" aria-level=\"1\"><span style=\"font-weight: 400;\"><strong>scarsa attenzione<\/strong> o difficolt\u00e0 nel concentrarsi<\/span><\/li>\n<li style=\"font-weight: 400;\" aria-level=\"1\"><a href=\"https:\/\/www.santagostino.it\/magazine-psiche\/calo-del-desiderio-cause-rimedi\/\"><span style=\"font-weight: 400;\"><strong>calo del desiderio sessuale<\/strong><\/span><\/a><\/li>\n<li style=\"font-weight: 400;\" aria-level=\"1\"><strong><a href=\"https:\/\/www.santagostino.it\/magazine-psiche\/ansia\/\">ansia<\/a><\/strong><\/li>\n<li style=\"font-weight: 400;\" aria-level=\"1\"><a href=\"https:\/\/www.santagostino.it\/it\/santagostinopedia\/astenia\"><strong>astenia<\/strong><\/a><\/li>\n<li style=\"font-weight: 400;\" aria-level=\"1\"><span style=\"font-weight: 400;\">umore basso<\/span><\/li>\n<li style=\"font-weight: 400;\" aria-level=\"1\"><span style=\"font-weight: 400;\">meno interesse per le attivit\u00e0 abituali e difficolt\u00e0 a trovare <a href=\"https:\/\/www.santagostino.it\/magazine-psiche\/motivazione\/\">motivazione<\/a> per la routine quotidiana<\/span><\/li>\n<li style=\"font-weight: 400;\" aria-level=\"1\"><strong><a href=\"https:\/\/www.santagostino.it\/magazine-psiche\/frustrazione\/\">irritabilit\u00e0<\/a><\/strong><\/li>\n<li style=\"font-weight: 400;\" aria-level=\"1\"><span style=\"font-weight: 400;\"><a href=\"https:\/\/www.santagostino.it\/it\/santagostinopedia\/inappetenza\"><strong>mancanza di appetito<\/strong><\/a> e conseguente perdita di peso<\/span><\/li>\n<li style=\"font-weight: 400;\" aria-level=\"1\"><span style=\"font-weight: 400;\">scarsa memoria<\/span><\/li>\n<li style=\"font-weight: 400;\" aria-level=\"1\"><span style=\"font-weight: 400;\"><strong><a href=\"https:\/\/www.santagostino.it\/magazine-psiche\/disturbo-da-insonnia-trattamento\/\">insonnia<\/a> <\/strong>e malinconia<\/span><\/li>\n<li style=\"font-weight: 400;\" aria-level=\"1\"><span style=\"font-weight: 400;\"><strong>peggioramento di disturbi intestinali<\/strong> come <a href=\"https:\/\/www.santagostino.it\/it\/santagostinopedia\/gastrite-sintomi-e-cura\">gastrite<\/a>, bruciore di stomaco e <a href=\"https:\/\/www.santagostino.it\/it\/santagostinopedia\/sindrome-dell-intestino-irritabile-ibs\">sindrome del colon irritabile<\/a><\/span><\/li>\n<li style=\"font-weight: 400;\" aria-level=\"1\"><strong><a href=\"https:\/\/www.santagostino.it\/magazine-psiche\/comportamento-suicidario\/\">pensieri suicidi.<\/a><\/strong><\/li>\n<\/ul>\n<h2><span style=\"font-weight: 400;\">Quali sono i mesi della depressione?<\/span><\/h2>\n<p><span style=\"font-weight: 400;\">Come gi\u00e0 anticipato, la depressione stagionale non si limita solo ai mesi invernali ma\u00a0pu\u00f2 manifestarsi anche con l&#8217;arrivo della primavera. Sebbene molti sintomi del disturbo appaiano soprattutto in <a href=\"https:\/\/www.santagostino.it\/magazine-psiche\/winter-blues-la-depressione-autunnale\/\"><strong>autunno<\/strong><\/a> e inverno, migliorando con l&#8217;arrivo della primavera, ci sono casi in cui i <strong>cambiamenti d&#8217;umore<\/strong> iniziano proprio durante questa stagione e persistono fino all&#8217;estate. <\/span><span style=\"font-weight: 400;\">Sembra che la colpa sia delle giornate pi\u00f9 lunghe, del <strong>clima pi\u00f9 mite<\/strong> e anche dei pollini. Inoltre, le persone che mal tollerano il calore, nelle giornate pi\u00f9 calde potrebbero avere disagi e malesseri.<\/span><\/p>\n<p><span style=\"font-weight: 400;\">Gli esperti ritengono che la depressione invernale sia correlata, in parte, a un <strong>calo della <a href=\"https:\/\/www.santagostino.it\/magazine-psiche\/serotonina\/\">serotonina<\/a><\/strong>, una sostanza chimica che viene tipicamente prodotta dopo l&#8217;esposizione alla luce naturale. Un<strong> aumento della <a href=\"https:\/\/www.santagostino.it\/magazine-psiche\/melatonina\/\">melatonina<\/a>,<\/strong> un altro ormone legato alla depressione invernale, pu\u00f2 far sentire il soggetto pi\u00f9 stanco e letargico del solito. La depressione primaverile seguirebbe lo schema inverso: in pratica, l&#8217;improvviso aumento della luce solare farebbe s\u00ec che il corpo produca meno melatonina, per cui la persona dormirebbe meno del necessario. Tale alterazione del <strong><a href=\"https:\/\/www.santagostino.it\/magazine-psiche\/sonno-perche-dormiamo\/\">ciclo sonno veglia<\/a> <\/strong>contribuirebbe all\u2019apparire o al peggiorare dei sintomi della depressione.<\/span><\/p>\n<p><a class=\"content-cta\" href=\"https:\/\/www.santagostino.it\/it\/psiche\/?utm_source=Psiche&amp;utm_medium=direct&amp;utm_campaign=CTA_Psiche_depressione_stagionale\"> <img decoding=\"async\" class=\"visible-md\" src=\"\/wp-content\/uploads\/2024\/06\/Rev_04_SanAgostino_banner_desktop_low.gif\" \/><img decoding=\"async\" class=\"hidden-md\" src=\"\/wp-content\/uploads\/2024\/06\/Rev_04_SanAgostino_banner_mobile_low.gif\" \/><\/a><\/p>\n<h2><span style=\"font-weight: 400;\">Come si cura la depressione stagionale?<\/span><\/h2>\n<p><span style=\"font-weight: 400;\">Il trattamento della depressione stagionale pu\u00f2 coinvolgere diverse approcci, inclusi quelli medici e quelli basati sullo stile di vita. Ecco alcune opzioni comuni:<\/span><\/p>\n<ol>\n<li><span style=\"font-weight: 400;\"><strong> Luce solare<\/strong>. L&#8217;esposizione alla luce solare pu\u00f2 essere un rimedio efficace. L&#8217;utilizzo di una lampada a luce solare artificiale o la <strong><a href=\"https:\/\/www.santagostino.it\/magazine-psiche\/fototerapia\/\">fototerapia<\/a>,<\/strong> specialmente al mattino, possono compensare la mancanza di esposizione naturale alla luce solare durante i mesi invernali e stimolare la produzione di melatonina, andando a influire positivamente sui<strong> ritmi circadiani.<\/strong>\u00a0<\/span><\/li>\n<li><span style=\"font-weight: 400;\"><strong><a href=\"https:\/\/www.santagostino.it\/it\/santagostinopedia\/dieta\">Dieta<\/a> e stile di vita equilibrati.<\/strong> <\/span><span style=\"font-weight: 400;\">Nonostante la mancanza di appetito, consumare frutta e verdura di stagione, dando priorit\u00e0 ai nutrienti essenziali, bere tanta acqua e svolgere regolare <a href=\"https:\/\/magazine.santagostino.it\/attivita-fisica-un-toccasana-a-tutte-le-eta\/\">esercizio fisico<\/a>, noto per la sua capacit\u00e0 di <\/span><span style=\"font-weight: 400;\">migliorare l&#8217;umore e ridurre lo <strong><a href=\"https:\/\/www.santagostino.it\/magazine-psiche\/stress\/\">stress.\u00a0<\/a><\/strong><\/span><\/li>\n<li><span style=\"font-weight: 400;\"><strong> Counseling.<\/strong> La consulenza psicologica pu\u00f2 aiutare a gestire i sintomi della depressione stagionale. Le tecniche di <strong><a href=\"https:\/\/www.santagostino.it\/magazine-psiche\/terapia-cognitivo-comportamentale\/\">terapia cognitivo-comportamentale (TCC)<\/a><\/strong> sono spesso utilizzate per affrontare i modelli di pensiero negativi associati alla depressione.<\/span><\/li>\n<li><span style=\"font-weight: 400;\"><strong> Farmaci.<\/strong> In alcuni casi, possono essere prescritti <strong><a href=\"https:\/\/www.santagostino.it\/magazine-psiche\/psicofarmaci\/\">farmaci antidepressivi.<\/a><\/strong> Tuttavia, la decisione di utilizzare farmaci deve essere presa in collaborazione con un professionista della <a href=\"https:\/\/www.santagostino.it\/magazine-psiche\/salute-mentale\/\">salute mentale<\/a>, considerando attentamente i potenziali effetti collaterali.<\/span><\/li>\n<li><span style=\"font-weight: 400;\"><strong>Praticare una buona igiene del sonno.<\/strong> La mancanza di sonno pu\u00f2 avere un impatto importante sui sintomi della depressione stagionale. Per migliorare il sonno, cercare di mantenere la stanza buia e fresca con ventilatori, tende oscuranti e biancheria da letto a strati e traspirante. Anche prendere l&#8217;abitudine di alzarsi e andare a letto alla stessa ora ogni giorno \u00e8 d&#8217;aiuto.<\/span><\/li>\n<li><span style=\"font-weight: 400;\"><strong> Gestione dello stress<\/strong>. Tecniche di gestione dello stress, come la <strong><a href=\"https:\/\/www.santagostino.it\/magazine-psiche\/meditazione\/\">meditazione<\/a><\/strong>, il <strong><a href=\"https:\/\/www.santagostino.it\/magazine-psiche\/training-autogeno\/\">rilassamento muscolare progressivo<\/a><\/strong> e la <strong><a href=\"https:\/\/www.santagostino.it\/magazine-psiche\/mindfulness\/\">mindfulness,<\/a><\/strong> possono essere utili nel ridurre i sintomi associati alla depressione stagionale. Anche <\/span><span style=\"font-weight: 400;\">tenere un diario pu\u00f2 aiutare a identificare e <strong>accettare <a href=\"https:\/\/www.santagostino.it\/magazine-psiche\/emozioni\/\">emozioni<\/a><\/strong> difficili o indesiderate, compresi i sentimenti di depressione.\u00a0<\/span><\/li>\n<li><span style=\"font-weight: 400;\"><strong> Cambiamenti nello stile di vita.<\/strong> Il mantenimento di una routine regolare, <\/span><span style=\"font-weight: 400;\">riducendo il pi\u00f9 possibile lo stress e posticipando, quando possibile, le decisioni importanti, <\/span><span style=\"font-weight: 400;\">pu\u00f2 contribuire al benessere complessivo. <\/span><span style=\"font-weight: 400;\">Equilibrare le faccende domestiche, le attivit\u00e0 dirette agli obiettivi di nuove abilit\u00e0 e le attivit\u00e0 divertenti pu\u00f2 aiutare a rendere la vita quotidiana pi\u00f9 strutturata e soddisfacente.<\/span><\/li>\n<\/ol>\n<p><span style=\"font-weight: 400;\">Ricordiamo che la<strong> depressione stagionale<\/strong> \u00e8 generalmente caratterizzata da episodi ricorrenti che si verificano in modo ciclico durante specifici periodi dell&#8217;anno, solitamente in autunno e inverno. Tuttavia, se persiste o diventa pi\u00f9 prolungata e si protrae per <strong>almeno due anni,<\/strong> potrebbe essere opportuno considerare un approccio terapeutico pi\u00f9 approfondito in compagnia di un professionista della salute mentale.<\/span><\/p>\n","protected":false},"excerpt":{"rendered":"<p>La depressione stagionale \u00e8 un disturbo dell&#8217;umore che si manifesta in modo ciclico, tipicamente durante le stagioni autunnali e invernali. Le persone colpite possono sperimentare sintomi come affaticamento, tristezza persistente, irritabilit\u00e0 e alterazioni del sonno. La sua correlazione con le variazioni di luce solare suggerisce l&#8217;importanza della gestione della luminosit\u00e0 ambientale e di strategie come la terapia della luce per alleviare i sintomi.<\/p>\n","protected":false},"author":30,"featured_media":22532,"comment_status":"closed","ping_status":"closed","sticky":false,"template":"","format":"standard","meta":{"footnotes":""},"categories":[1],"tags":[],"temi":[],"typology":[3],"class_list":["post-22531","post","type-post","status-publish","format-standard","has-post-thumbnail","hentry","category-psichiatria","typology-text"],"yoast_head":"<!-- This site is optimized with the Yoast SEO Premium plugin v25.3.1 (Yoast SEO v25.3.1) - https:\/\/yoast.com\/wordpress\/plugins\/seo\/ -->\n<title>Depressione stagionale: guida completa a cause e cure - Santagostino Psiche<\/title>\n<meta name=\"description\" content=\"Affrontare la depressione stagionale con strategie efficaci. Scopri come migliorare il tuo umore e goderti la vita in ogni stagione.\" \/>\n<meta name=\"robots\" content=\"index, follow, max-snippet:-1, max-image-preview:large, max-video-preview:-1\" \/>\n<link rel=\"canonical\" href=\"https:\/\/psiche.santagostino.it\/depressione-stagionale\/\" \/>\n<meta name=\"twitter:label1\" content=\"Scritto da\" \/>\n\t<meta name=\"twitter:data1\" content=\"Lorena Lombardi\" \/>\n\t<meta name=\"twitter:label2\" content=\"Tempo di lettura stimato\" \/>\n\t<meta name=\"twitter:data2\" content=\"7 minuti\" \/>\n<script type=\"application\/ld+json\" class=\"yoast-schema-graph\">{\"@context\":\"https:\/\/schema.org\",\"@graph\":[{\"@type\":\"Article\",\"@id\":\"https:\/\/psiche.santagostino.it\/depressione-stagionale\/#article\",\"isPartOf\":{\"@id\":\"https:\/\/psiche.santagostino.it\/depressione-stagionale\/\"},\"author\":{\"name\":\"Lorena Lombardi\",\"@id\":\"https:\/\/psiche.santagostino.it\/#\/schema\/person\/9f9580e23a1edcce6dec9fed86447713\"},\"headline\":\"Depressione stagionale: guida completa a cause e cure\",\"datePublished\":\"2024-01-24T17:00:32+00:00\",\"mainEntityOfPage\":{\"@id\":\"https:\/\/psiche.santagostino.it\/depressione-stagionale\/\"},\"wordCount\":1047,\"publisher\":{\"@id\":\"https:\/\/psiche.santagostino.it\/#organization\"},\"image\":{\"@id\":\"https:\/\/psiche.santagostino.it\/depressione-stagionale\/#primaryimage\"},\"thumbnailUrl\":\"https:\/\/www.santagostino.it\/magazine-psiche\/wp-content\/uploads\/2024\/01\/shutterstock_1641172414.jpg\",\"articleSection\":[\"Psichiatria\"],\"inLanguage\":\"it-IT\"},{\"@type\":\"WebPage\",\"@id\":\"https:\/\/psiche.santagostino.it\/depressione-stagionale\/\",\"url\":\"https:\/\/psiche.santagostino.it\/depressione-stagionale\/\",\"name\":\"Depressione stagionale: guida completa a cause e cure - Santagostino Psiche\",\"isPartOf\":{\"@id\":\"https:\/\/psiche.santagostino.it\/#website\"},\"primaryImageOfPage\":{\"@id\":\"https:\/\/psiche.santagostino.it\/depressione-stagionale\/#primaryimage\"},\"image\":{\"@id\":\"https:\/\/psiche.santagostino.it\/depressione-stagionale\/#primaryimage\"},\"thumbnailUrl\":\"https:\/\/www.santagostino.it\/magazine-psiche\/wp-content\/uploads\/2024\/01\/shutterstock_1641172414.jpg\",\"datePublished\":\"2024-01-24T17:00:32+00:00\",\"description\":\"Affrontare la depressione stagionale con strategie efficaci. Scopri come migliorare il tuo umore e goderti la vita in ogni stagione.\",\"breadcrumb\":{\"@id\":\"https:\/\/psiche.santagostino.it\/depressione-stagionale\/#breadcrumb\"},\"inLanguage\":\"it-IT\",\"potentialAction\":[{\"@type\":\"ReadAction\",\"target\":[\"https:\/\/psiche.santagostino.it\/depressione-stagionale\/\"]}]},{\"@type\":\"ImageObject\",\"inLanguage\":\"it-IT\",\"@id\":\"https:\/\/psiche.santagostino.it\/depressione-stagionale\/#primaryimage\",\"url\":\"https:\/\/www.santagostino.it\/magazine-psiche\/wp-content\/uploads\/2024\/01\/shutterstock_1641172414.jpg\",\"contentUrl\":\"https:\/\/www.santagostino.it\/magazine-psiche\/wp-content\/uploads\/2024\/01\/shutterstock_1641172414.jpg\",\"width\":1000,\"height\":667,\"caption\":\"Depressione stagionale\"},{\"@type\":\"BreadcrumbList\",\"@id\":\"https:\/\/psiche.santagostino.it\/depressione-stagionale\/#breadcrumb\",\"itemListElement\":[{\"@type\":\"ListItem\",\"position\":1,\"name\":\"Home\",\"item\":\"https:\/\/psiche.santagostino.it\/\"},{\"@type\":\"ListItem\",\"position\":2,\"name\":\"Depressione stagionale: guida completa a cause e cure\"}]},{\"@type\":\"WebSite\",\"@id\":\"https:\/\/psiche.santagostino.it\/#website\",\"url\":\"https:\/\/psiche.santagostino.it\/\",\"name\":\"https:\/\/www.santagostino.it\/magazine-psiche\",\"description\":\"La finestra sulla mente\",\"publisher\":{\"@id\":\"https:\/\/psiche.santagostino.it\/#organization\"},\"alternateName\":\"Psiche Santagostino\",\"potentialAction\":[{\"@type\":\"SearchAction\",\"target\":{\"@type\":\"EntryPoint\",\"urlTemplate\":\"https:\/\/psiche.santagostino.it\/?s={search_term_string}\"},\"query-input\":{\"@type\":\"PropertyValueSpecification\",\"valueRequired\":true,\"valueName\":\"search_term_string\"}}],\"inLanguage\":\"it-IT\"},{\"@type\":\"Organization\",\"@id\":\"https:\/\/psiche.santagostino.it\/#organization\",\"name\":\"https:\/\/www.santagostino.it\/magazine-psiche\",\"url\":\"https:\/\/psiche.santagostino.it\/\",\"logo\":{\"@type\":\"ImageObject\",\"inLanguage\":\"it-IT\",\"@id\":\"https:\/\/psiche.santagostino.it\/#\/schema\/logo\/image\/\",\"url\":\"https:\/\/www.santagostino.it\/magazine-psiche\/wp-content\/uploads\/2023\/07\/Santagostino-psiche-logo.png\",\"contentUrl\":\"https:\/\/www.santagostino.it\/magazine-psiche\/wp-content\/uploads\/2023\/07\/Santagostino-psiche-logo.png\",\"width\":430,\"height\":71,\"caption\":\"https:\/\/www.santagostino.it\/magazine-psiche\"},\"image\":{\"@id\":\"https:\/\/psiche.santagostino.it\/#\/schema\/logo\/image\/\"},\"sameAs\":[\"https:\/\/www.facebook.com\/santagostinopsiche\/\"]},{\"@type\":\"Person\",\"@id\":\"https:\/\/psiche.santagostino.it\/#\/schema\/person\/9f9580e23a1edcce6dec9fed86447713\",\"name\":\"Lorena Lombardi\",\"image\":{\"@type\":\"ImageObject\",\"inLanguage\":\"it-IT\",\"@id\":\"https:\/\/psiche.santagostino.it\/#\/schema\/person\/image\/\",\"url\":\"https:\/\/secure.gravatar.com\/avatar\/3ff392284e58d7cfd822c8ad2f8c17a7?s=96&d=mm&r=g\",\"contentUrl\":\"https:\/\/secure.gravatar.com\/avatar\/3ff392284e58d7cfd822c8ad2f8c17a7?s=96&d=mm&r=g\",\"caption\":\"Lorena Lombardi\"},\"url\":\"https:\/\/www.santagostino.it\/magazine-psiche\/author\/lorena-lombardi\/\"}]}<\/script>\n<!-- \/ Yoast SEO Premium plugin. -->","yoast_head_json":{"title":"Depressione stagionale: guida completa a cause e cure - Santagostino Psiche","description":"Affrontare la depressione stagionale con strategie efficaci. Scopri come migliorare il tuo umore e goderti la vita in ogni stagione.","robots":{"index":"index","follow":"follow","max-snippet":"max-snippet:-1","max-image-preview":"max-image-preview:large","max-video-preview":"max-video-preview:-1"},"canonical":"https:\/\/psiche.santagostino.it\/depressione-stagionale\/","twitter_misc":{"Scritto da":"Lorena Lombardi","Tempo di lettura stimato":"7 minuti"},"schema":{"@context":"https:\/\/schema.org","@graph":[{"@type":"Article","@id":"https:\/\/psiche.santagostino.it\/depressione-stagionale\/#article","isPartOf":{"@id":"https:\/\/psiche.santagostino.it\/depressione-stagionale\/"},"author":{"name":"Lorena Lombardi","@id":"https:\/\/psiche.santagostino.it\/#\/schema\/person\/9f9580e23a1edcce6dec9fed86447713"},"headline":"Depressione stagionale: guida completa a cause e cure","datePublished":"2024-01-24T17:00:32+00:00","mainEntityOfPage":{"@id":"https:\/\/psiche.santagostino.it\/depressione-stagionale\/"},"wordCount":1047,"publisher":{"@id":"https:\/\/psiche.santagostino.it\/#organization"},"image":{"@id":"https:\/\/psiche.santagostino.it\/depressione-stagionale\/#primaryimage"},"thumbnailUrl":"https:\/\/www.santagostino.it\/magazine-psiche\/wp-content\/uploads\/2024\/01\/shutterstock_1641172414.jpg","articleSection":["Psichiatria"],"inLanguage":"it-IT"},{"@type":"WebPage","@id":"https:\/\/psiche.santagostino.it\/depressione-stagionale\/","url":"https:\/\/psiche.santagostino.it\/depressione-stagionale\/","name":"Depressione stagionale: guida completa a cause e cure - Santagostino Psiche","isPartOf":{"@id":"https:\/\/psiche.santagostino.it\/#website"},"primaryImageOfPage":{"@id":"https:\/\/psiche.santagostino.it\/depressione-stagionale\/#primaryimage"},"image":{"@id":"https:\/\/psiche.santagostino.it\/depressione-stagionale\/#primaryimage"},"thumbnailUrl":"https:\/\/www.santagostino.it\/magazine-psiche\/wp-content\/uploads\/2024\/01\/shutterstock_1641172414.jpg","datePublished":"2024-01-24T17:00:32+00:00","description":"Affrontare la depressione stagionale con strategie efficaci. Scopri come migliorare il tuo umore e goderti la vita in ogni stagione.","breadcrumb":{"@id":"https:\/\/psiche.santagostino.it\/depressione-stagionale\/#breadcrumb"},"inLanguage":"it-IT","potentialAction":[{"@type":"ReadAction","target":["https:\/\/psiche.santagostino.it\/depressione-stagionale\/"]}]},{"@type":"ImageObject","inLanguage":"it-IT","@id":"https:\/\/psiche.santagostino.it\/depressione-stagionale\/#primaryimage","url":"https:\/\/www.santagostino.it\/magazine-psiche\/wp-content\/uploads\/2024\/01\/shutterstock_1641172414.jpg","contentUrl":"https:\/\/www.santagostino.it\/magazine-psiche\/wp-content\/uploads\/2024\/01\/shutterstock_1641172414.jpg","width":1000,"height":667,"caption":"Depressione stagionale"},{"@type":"BreadcrumbList","@id":"https:\/\/psiche.santagostino.it\/depressione-stagionale\/#breadcrumb","itemListElement":[{"@type":"ListItem","position":1,"name":"Home","item":"https:\/\/psiche.santagostino.it\/"},{"@type":"ListItem","position":2,"name":"Depressione stagionale: guida completa a cause e cure"}]},{"@type":"WebSite","@id":"https:\/\/psiche.santagostino.it\/#website","url":"https:\/\/psiche.santagostino.it\/","name":"https:\/\/www.santagostino.it\/magazine-psiche","description":"La finestra sulla mente","publisher":{"@id":"https:\/\/psiche.santagostino.it\/#organization"},"alternateName":"Psiche Santagostino","potentialAction":[{"@type":"SearchAction","target":{"@type":"EntryPoint","urlTemplate":"https:\/\/psiche.santagostino.it\/?s={search_term_string}"},"query-input":{"@type":"PropertyValueSpecification","valueRequired":true,"valueName":"search_term_string"}}],"inLanguage":"it-IT"},{"@type":"Organization","@id":"https:\/\/psiche.santagostino.it\/#organization","name":"https:\/\/www.santagostino.it\/magazine-psiche","url":"https:\/\/psiche.santagostino.it\/","logo":{"@type":"ImageObject","inLanguage":"it-IT","@id":"https:\/\/psiche.santagostino.it\/#\/schema\/logo\/image\/","url":"https:\/\/www.santagostino.it\/magazine-psiche\/wp-content\/uploads\/2023\/07\/Santagostino-psiche-logo.png","contentUrl":"https:\/\/www.santagostino.it\/magazine-psiche\/wp-content\/uploads\/2023\/07\/Santagostino-psiche-logo.png","width":430,"height":71,"caption":"https:\/\/www.santagostino.it\/magazine-psiche"},"image":{"@id":"https:\/\/psiche.santagostino.it\/#\/schema\/logo\/image\/"},"sameAs":["https:\/\/www.facebook.com\/santagostinopsiche\/"]},{"@type":"Person","@id":"https:\/\/psiche.santagostino.it\/#\/schema\/person\/9f9580e23a1edcce6dec9fed86447713","name":"Lorena Lombardi","image":{"@type":"ImageObject","inLanguage":"it-IT","@id":"https:\/\/psiche.santagostino.it\/#\/schema\/person\/image\/","url":"https:\/\/secure.gravatar.com\/avatar\/3ff392284e58d7cfd822c8ad2f8c17a7?s=96&d=mm&r=g","contentUrl":"https:\/\/secure.gravatar.com\/avatar\/3ff392284e58d7cfd822c8ad2f8c17a7?s=96&d=mm&r=g","caption":"Lorena Lombardi"},"url":"https:\/\/www.santagostino.it\/magazine-psiche\/author\/lorena-lombardi\/"}]}},"_links":{"self":[{"href":"https:\/\/www.santagostino.it\/magazine-psiche\/wp-json\/wp\/v2\/posts\/22531","targetHints":{"allow":["GET"]}}],"collection":[{"href":"https:\/\/www.santagostino.it\/magazine-psiche\/wp-json\/wp\/v2\/posts"}],"about":[{"href":"https:\/\/www.santagostino.it\/magazine-psiche\/wp-json\/wp\/v2\/types\/post"}],"author":[{"embeddable":true,"href":"https:\/\/www.santagostino.it\/magazine-psiche\/wp-json\/wp\/v2\/users\/30"}],"replies":[{"embeddable":true,"href":"https:\/\/www.santagostino.it\/magazine-psiche\/wp-json\/wp\/v2\/comments?post=22531"}],"version-history":[{"count":4,"href":"https:\/\/www.santagostino.it\/magazine-psiche\/wp-json\/wp\/v2\/posts\/22531\/revisions"}],"predecessor-version":[{"id":22572,"href":"https:\/\/www.santagostino.it\/magazine-psiche\/wp-json\/wp\/v2\/posts\/22531\/revisions\/22572"}],"wp:featuredmedia":[{"embeddable":true,"href":"https:\/\/www.santagostino.it\/magazine-psiche\/wp-json\/wp\/v2\/media\/22532"}],"wp:attachment":[{"href":"https:\/\/www.santagostino.it\/magazine-psiche\/wp-json\/wp\/v2\/media?parent=22531"}],"wp:term":[{"taxonomy":"category","embeddable":true,"href":"https:\/\/www.santagostino.it\/magazine-psiche\/wp-json\/wp\/v2\/categories?post=22531"},{"taxonomy":"post_tag","embeddable":true,"href":"https:\/\/www.santagostino.it\/magazine-psiche\/wp-json\/wp\/v2\/tags?post=22531"},{"taxonomy":"temi","embeddable":true,"href":"https:\/\/www.santagostino.it\/magazine-psiche\/wp-json\/wp\/v2\/temi?post=22531"},{"taxonomy":"typology","embeddable":true,"href":"https:\/\/www.santagostino.it\/magazine-psiche\/wp-json\/wp\/v2\/typology?post=22531"}],"curies":[{"name":"wp","href":"https:\/\/api.w.org\/{rel}","templated":true}]}}