{"id":21696,"date":"2024-11-19T12:00:49","date_gmt":"2024-11-19T12:00:49","guid":{"rendered":"https:\/\/www.santagostino.it\/magazine-psiche\/?p=21696"},"modified":"2024-11-19T16:18:18","modified_gmt":"2024-11-19T16:18:18","slug":"depressione-post-partum","status":"publish","type":"post","link":"https:\/\/www.santagostino.it\/magazine-psiche\/depressione-post-partum\/","title":{"rendered":"La depressione post partum: sintomi, cause e trattamento"},"content":{"rendered":"<p>La depressione post partum \u00e8 un disturbo dell&#8217;umore caratterizzato da tristezza persistente, stanchezza estrema, ansia e difficolt\u00e0 a legarsi al neonato.<\/p>\n<p><span style=\"font-weight: 400;\">Questa condizione, come indica lo stesso termine, si presenta nelle donne dopo aver partorito. Influisce sul <strong>benessere mentale<\/strong>\u00a0e pu\u00f2 compromettere la relazione madre-bambino.<\/span><\/p>\n<p><span style=\"font-weight: 400;\">Questo <a href=\"https:\/\/www.santagostino.it\/it\/santagostinopedia\/i-disturbi-dell-umore\"><strong>disturbo dell&#8217;umore<\/strong><\/a> richiede attenzione e supporto adeguati e tempestivi. Vediamo cos&#8217;\u00e8 la depressione post partum, quali sono le cause, come riconoscerla e uscirne.<\/span><\/p>\n<style> .psiche-banner-desktop, .psiche-banner-mobile{ width:100%; height:auto; } .psiche-banner-mobile{ display:none; } @media (max-width: 720px) { .psiche-banner-desktop{ display:none; } .psiche-banner-mobile{ display:block; } } <\/style><a class=\"psiche-banner\" data-banner-id=\"25044\" href=\"https:\/\/www.santagostino.it\/it\/psico\/percorso-psicoterapia-adulti?utm_source=blog&#038;utm_medium=banner&#038;utm_campaign=Psiche_blog_banner_percorso_adulti\"><img width=\"1512\" height=\"578\" src=\"https:\/\/www.santagostino.it\/magazine-psiche\/wp-content\/uploads\/2024\/07\/banner_adulti-1.png\" class=\"psiche-banner-desktop\" alt=\"Prenota una seduta\" loading=\"lazy\" decoding=\"async\" style=\"width:100%;height:auto;\" \/><img width=\"700\" height=\"1000\" src=\"https:\/\/www.santagostino.it\/magazine-psiche\/wp-content\/uploads\/2024\/07\/banner_adulti_mobile.png\" class=\"psiche-banner-mobile\" alt=\"Prenota una seduta\" loading=\"lazy\" decoding=\"async\" style=\"width:100%;height:auto;\" \/><\/a>\n<h2><strong>Che cos\u2019\u00e8 la depressione post partum?<\/strong><\/h2>\n<p>La <strong style=\"font-weight: 400;\">depressione post partum<\/strong> \u00e8 una forma di <strong style=\"font-weight: 400;\"><a href=\"https:\/\/www.santagostino.it\/magazine-psiche\/depressione\/\">depressione<\/a><\/strong> che affligge circa il <strong><span style=\"font-weight: 400;\">7-12% delle neomamme. Pi\u00f9 <\/span><\/strong>precisamente<strong><span style=\"font-weight: 400;\">, s<\/span><\/strong>i manifesta<strong style=\"font-weight: 400;\"> entro il primo anno dopo la nascita del bambino<\/strong>, solitamente <strong style=\"font-weight: 400;\">tra la 6\u00aa e la 12\u00aa settimana<\/strong>.<\/p>\n<p><span style=\"font-weight: 400;\">Tra le <strong>donne con precedenti esperienze di <a href=\"https:\/\/www.santagostino.it\/magazine-psiche\/aborto-volontario\/\">aborto<\/a><\/strong> o <a href=\"https:\/\/www.santagostino.it\/magazine-psiche\/lutto-perinatale-babyloss\/\"><strong>perdita perinatale<\/strong><\/a>, la diffusione del disturbo \u00e8 ancora maggiore, raggiungendo quasi il <strong>30% dei casi<\/strong>.\u00a0<\/span><\/p>\n<p><span style=\"font-weight: 400;\">A differenza del &#8220;<a href=\"https:\/\/www.santagostino.it\/magazine-psiche\/maternity-blues\/\"><strong>baby blues<\/strong><\/a>&#8220;, una fase transitoria piuttosto comune caratterizzata da leggere variazioni dell&#8217;umore, la depressione post partum si distingue per la sua <strong>intensit\u00e0<\/strong> e <strong>persistenza<\/strong>. Gli <strong>episodi spesso perdurano dai 2 ai 6 mesi<\/strong> e comprendono una <strong>vasta gamma di sintomi<\/strong> che incidono notevolmente sul benessere della persona.<\/span><\/p>\n<p>La depressione post partum \u00e8 un fenomeno che riguarda specificamente le madri. In alcuni casi, tuttavia, <strong>pu\u00f2 colpire anche i padri:<\/strong> si parla in questi casi, pi\u00f9 precisamente, di <strong><a href=\"https:\/\/www.santagostino.it\/magazine-psiche\/depressione-post-partum-papa\/\">depressione postnatale paterna<\/a>.<\/strong><\/p>\n<h2><b>Come capire se si ha la depressione post parto? Sintomi e segni<\/b><\/h2>\n<p><span style=\"font-weight: 400;\">I <strong>sintomi della depressione post partum<\/strong> possono variare da donna a donna, ma generalmente includono:<\/span><\/p>\n<ul>\n<li style=\"font-weight: 400;\" aria-level=\"1\"><span style=\"font-weight: 400;\"><strong>variazioni dell&#8217;umore durante il giorno<\/strong> (con pianti improvvisi senza motivazione apparente)<\/span><\/li>\n<li style=\"font-weight: 400;\" aria-level=\"1\"><span style=\"font-weight: 400;\"><strong>senso persistente di <a href=\"https:\/\/www.santagostino.it\/magazine-psiche\/tristezza\/\">tristezza<\/a><\/strong> e sconforto ingiustificato<\/span><\/li>\n<li style=\"font-weight: 400;\" aria-level=\"1\"><span style=\"font-weight: 400;\">costante presenza di <strong><a href=\"https:\/\/www.santagostino.it\/magazine-psiche\/ansia\/\">ansia<\/a> e irritabilit\u00e0<\/strong><\/span><\/li>\n<li style=\"font-weight: 400;\" aria-level=\"1\"><span style=\"font-weight: 400;\"><strong><a href=\"https:\/\/www.santagostino.it\/magazine-psiche\/senso-di-colpa\/\">senso di colpa<\/a> e <a href=\"https:\/\/www.santagostino.it\/magazine-psiche\/frustrazione\/\">frustrazione<\/a><\/strong> ricorrenti<\/span><\/li>\n<li style=\"font-weight: 400;\" aria-level=\"1\"><strong>riduzione dell&#8217;<a href=\"https:\/\/www.santagostino.it\/magazine-psiche\/autostima\/\">autostima<\/a><\/strong><\/li>\n<li style=\"font-weight: 400;\" aria-level=\"1\"><strong>stanchezza e mancanza di energia\u00a0<\/strong><\/li>\n<li style=\"font-weight: 400;\" aria-level=\"1\"><strong>alterazioni significative del <a href=\"https:\/\/www.santagostino.it\/magazine-psiche\/sonno-trauma-insonnia\/\">sonno<\/a> <\/strong>(<a href=\"https:\/\/www.santagostino.it\/it\/santagostinopedia\/l-insonnia\">insonnia<\/a> o <a href=\"https:\/\/www.santagostino.it\/it\/santagostinopedia\/ipersonnia\">ipersonnia<\/a>)<strong> e alimentazione <\/strong>(<a href=\"https:\/\/www.santagostino.it\/it\/santagostinopedia\/inappetenza\">inappetenza<\/a> o eccesso di appetito)<\/li>\n<li aria-level=\"1\"><a href=\"https:\/\/www.santagostino.it\/it\/santagostinopedia\/il-mal-di-testa\"><strong>mal di testa<\/strong><\/a> frequente<\/li>\n<li style=\"font-weight: 400;\" aria-level=\"1\"><span style=\"font-weight: 400;\"><strong><a href=\"https:\/\/www.santagostino.it\/magazine-psiche\/apatia\/\">apatia<\/a> e perdita di interesse<\/strong> verso attivit\u00e0 solitamente gradite<\/span><\/li>\n<li style=\"font-weight: 400;\" aria-level=\"1\"><span style=\"font-weight: 400;\"><strong>difficolt\u00e0 di <a href=\"https:\/\/www.santagostino.it\/magazine-psiche\/come-migliorare-la-concentrazione\/\">concentrazione<\/a><\/strong> e pensiero sfocato<\/span><\/li>\n<li style=\"font-weight: 400;\" aria-level=\"1\"><span style=\"font-weight: 400;\"><strong>tendenza a <a href=\"https:\/\/www.santagostino.it\/magazine-psiche\/depresso-allontana-chi-ama\/\">isolarsi<\/a>,<\/strong> che talvolta sfocia in un distacco dai familiari e dal bambino stesso<\/span><\/li>\n<li aria-level=\"1\"><strong><a href=\"https:\/\/www.santagostino.it\/magazine-psiche\/attacchi-di-panico\/\">attacchi di panico<\/a><\/strong><\/li>\n<li aria-level=\"1\"><strong>pensieri negativi<\/strong> verso di s\u00e9 o verso il bambino.<\/li>\n<\/ul>\n<p><span style=\"font-weight: 400;\">Spesso le madri provano un&#8217;<strong>eccessiva preoccupazione per il benessere del neonato.<\/strong> Si sentono<strong> inadeguate<\/strong> e <strong>incapaci<\/strong> di prendersi cura del bambino e <strong>fanno fatica a provare <a href=\"https:\/\/www.santagostino.it\/magazine-psiche\/emozioni\/\">emozioni<\/a> positive<\/strong> nei suoi confronti.\u00a0<\/span><\/p>\n<p><span style=\"font-weight: 400;\">Un altro aspetto rilevante \u00e8 la persistente sensazione di <strong>non sentirsi a proprio agio con s\u00e9 stesse<\/strong> o di essere <strong>distaccate dalla realt\u00e0<\/strong> che circonda l\u2019esperienza della <strong><a href=\"https:\/\/www.santagostino.it\/magazine-psiche\/maternita-trasforma-terapeuta\/\">maternit\u00e0<\/a>.<\/strong><\/span><\/p>\n<h2><strong>Quanto dura la depressione dopo il parto?<\/strong><\/h2>\n<p><span style=\"font-weight: 400;\">La depressione post partum, in casi di <strong>diagnosi tardiva<\/strong> o se non viene trattata adeguatamente, pu\u00f2 protrarsi per <strong>diverse settimane o addirittura mesi.<\/strong><\/span><\/p>\n<p><span style=\"font-weight: 400;\">Al contrario, <strong>una diagnosi tempestiva e un trattamento accurato possono<\/strong> notevolmente <strong>ridurre la persistenza dei sintomi. <\/strong>Questo permette alle madri di recuperare pi\u00f9 rapidamente il <a href=\"https:\/\/www.santagostino.it\/magazine-psiche\/benessere-psicologico\/\">benessere psicologico<\/a> e di godere serenamente la vita quotidiana con il proprio figlio.<\/span><\/p>\n<h2><strong>Perch\u00e9 si va in depressione post partum? Cause e fattori di rischio<\/strong><\/h2>\n<p><span style=\"font-weight: 400;\">Le <strong>cause della depressione post partum<\/strong> non sono ancora chiare. Sono stati individuati, per\u00f2, alcuni fattori che possono contribuire al suo sviluppo, che intrecciano <strong>dinamiche:<\/strong><\/span><\/p>\n<ul>\n<li><span style=\"font-weight: 400;\"><strong> fisiche<\/strong><\/span><\/li>\n<li><span style=\"font-weight: 400;\"><strong>psicoemotive<\/strong><\/span><\/li>\n<li><span style=\"font-weight: 400;\"><strong>culturali<\/strong><\/span><\/li>\n<li><span style=\"font-weight: 400;\"><strong>sociali.<\/strong><\/span><\/li>\n<\/ul>\n<p><span style=\"font-weight: 400;\">Durante la <strong><a href=\"https:\/\/www.santagostino.it\/it\/santagostinopedia\/gravidanza\">gravidanza<\/a><\/strong> le donne sperimentano <strong>cambiamenti ormonali significativi<\/strong>, a cui si aggiungono le <strong>difficolt\u00e0 psicologiche ed emotive<\/strong> legate al futuro e alla nuova vita in compagnia di un neonato.<\/span><\/p>\n<p><span style=\"font-weight: 400;\">Inoltre, il periodo perinatale porta la futura madre ad <strong>affrontare una serie di pressioni sociali<\/strong>, <strong>aspettative<\/strong> e <strong>cambiamenti nello <a href=\"https:\/\/magazine.santagostino.it\/stile-di-vita\/\">stile di vita<\/a>.<\/strong> Queste possono avere un impatto significativo sul suo benessere, generando un&#8217;ansia legata alle responsabilit\u00e0 e agli standard imposti dalla societ\u00e0.<\/span><\/p>\n<p><span style=\"font-weight: 400;\">In alcuni casi, <strong>pregressi disturbi psicologici<\/strong> possono aumentare il rischio di sviluppare questa condizione.<\/span><\/p>\n<p><span style=\"font-weight: 400;\">Tra i fattori che possono aumentare nella donna il rischio di sviluppare la depressione post partum, troviamo:<\/span><\/p>\n<ul>\n<li style=\"font-weight: 400;\" aria-level=\"1\"><span style=\"font-weight: 400;\"><strong>relazioni coniugali stressanti<\/strong> e\/o <a href=\"https:\/\/www.santagostino.it\/magazine-psiche\/violenza-domestica\/\"><strong>violenza domestica<\/strong><\/a><\/span><\/li>\n<li style=\"font-weight: 400;\" aria-level=\"1\"><strong>isolamento sociale<\/strong><\/li>\n<li style=\"font-weight: 400;\" aria-level=\"1\"><strong>problemi finanziari<\/strong><\/li>\n<li aria-level=\"1\"><strong>mancanza di sostegno familiare\u00a0<\/strong>nell&#8217;accudimento del bambino<\/li>\n<li style=\"font-weight: 400;\" aria-level=\"1\"><span style=\"font-weight: 400;\"><strong>precedenti disturbi depressivi<\/strong> durante la gravidanza<\/span><\/li>\n<li style=\"font-weight: 400;\" aria-level=\"1\"><a href=\"https:\/\/www.santagostino.it\/magazine-psiche\/psicologia-trauma\/\"><strong>eventi traumatici<\/strong><\/a> come <a href=\"https:\/\/www.santagostino.it\/magazine-psiche\/fasi-del-lutto\/\">lutti<\/a> o difficolt\u00e0 verificatesi durante il parto.<\/li>\n<\/ul>\n<table style=\"border-collapse: collapse; width: 100%;\">\n<tbody>\n<tr style=\"background-color: #0879ab;\">\n<th style=\"color: white; padding: 20px; text-align: left; width: 20%; border: 1px solid black;\">Tipo di fattori<\/th>\n<th style=\"color: white; padding: 20px; border: 1px solid black; text-align: center;\">Condizioni<\/th>\n<\/tr>\n<tr>\n<td style=\"padding: 15px; border: 1px solid black; vertical-align: top;\"><strong>Biologici<\/strong><\/td>\n<td style=\"padding: 15px; border: 1px solid black; vertical-align: top;\"><strong>Cambiamenti ormonali significativi<\/strong> durante la gravidanza che possono influenzare l\u2019equilibrio psicoemotivo.<\/td>\n<\/tr>\n<tr>\n<td style=\"padding: 15px; border: 1px solid black; vertical-align: top;\"><strong>Psicologici<\/strong><\/td>\n<td style=\"padding: 15px; border: 1px solid black; vertical-align: top;\">\n<ul>\n<li>Difficolt\u00e0 psicologiche legate alla nuova vita con il neonato<\/li>\n<li>Ansia per le responsabilit\u00e0 e gli standard imposti dalla societ\u00e0.<\/li>\n<\/ul>\n<\/td>\n<\/tr>\n<tr>\n<td style=\"padding: 15px; border: 1px solid black; vertical-align: top;\"><strong>Sociali<\/strong><\/td>\n<td style=\"padding: 15px; border: 1px solid black; vertical-align: top;\">\n<ul>\n<li>Pressioni sociali<\/li>\n<li>Aspettative<\/li>\n<li>Cambiamenti nello stile di vita<\/li>\n<li>Isolamento sociale<\/li>\n<li>Mancanza di supporto familiare.<\/li>\n<\/ul>\n<\/td>\n<\/tr>\n<tr>\n<td style=\"padding: 15px; border: 1px solid black; vertical-align: top;\"><strong>Fattori pregressi<\/strong><\/td>\n<td style=\"padding: 15px; border: 1px solid black; vertical-align: top;\">\n<ul>\n<li>Precedenti disturbi psicologici o depressivi durante la gravidanza<\/li>\n<li>Eventi traumatici (es. lutti o difficolt\u00e0 durante il parto).<\/li>\n<\/ul>\n<\/td>\n<\/tr>\n<tr>\n<td style=\"padding: 15px; border: 1px solid black; vertical-align: top;\"><strong>Altri fattori di rischio<\/strong><\/td>\n<td style=\"padding: 15px; border: 1px solid black; vertical-align: top;\">\n<ul>\n<li>Relazioni coniugali stressanti<\/li>\n<li>Violenza domestica<\/li>\n<li>Problemi finanziari.<\/li>\n<\/ul>\n<\/td>\n<\/tr>\n<\/tbody>\n<\/table>\n<p>&nbsp;<\/p>\n<h2><b>Come capire se si ha la depressione post parto? Diagnosi<\/b><\/h2>\n<p><span style=\"font-weight: 400;\">Nonostante siano numerose le donne che soffrono di depressione post parto, sono ancora <strong>poche coloro che ne parlano apertamente. <\/strong>Questo avviene\u00a0spesso per <a href=\"https:\/\/www.santagostino.it\/magazine-psiche\/superare-paura-giudizio\/\"><strong>paura del giudizio altrui<\/strong><\/a> e per l\u2019idea sbagliata che ammettere di soffrire di depressione dopo aver partorito sia un segno di debolezza.<\/span><\/p>\n<p><span style=\"font-weight: 400;\">Rendere pubbliche le <strong>testimonianze<\/strong> e <strong>condividere le proprie esperienze<\/strong> \u00e8 invece un aspetto fondamentale\u00a0per sfatare i <strong><a href=\"https:\/\/www.santagostino.it\/magazine-psiche\/pregiudizio\/\">pregiudizi<\/a><\/strong> e offrire un aiuto prezioso alle mamme che si trovano a vivere una situazione simile.<\/span><\/p>\n<p><span style=\"font-weight: 400;\">Il primo passo da fare \u00e8 <strong>rivolgersi al consultorio o al proprio medico <\/strong>per poter capire la situazione e identificare il percorso pi\u00f9 idoneo da seguire.<\/span><\/p>\n<p><span style=\"font-weight: 400;\">La <strong>diagnosi della depressione post partum<\/strong> viene fatta attraverso una <strong>serie di colloqui con esperti specializzati<\/strong> nel trattamento dei disturbi dell\u2019umore.<\/span><\/p>\n<p><span style=\"font-weight: 400;\">I primi a essere coinvolti in questo processo sono i <strong>medici di famiglia<\/strong>, gli <strong><a href=\"https:\/\/www.santagostino.it\/magazine-psiche\/psicologo-cosa-fa\/\">psicologi<\/a> perinatali<\/strong> e le <strong>ostetriche.<\/strong> Questi professionisti hanno il compito importante di <strong>riconoscere i primi segnali della depressione post partum<\/strong> per individuare le strategie d&#8217;intervento pi\u00f9 adatte. <\/span><span style=\"font-weight: 400;\">Gli specialisti principali in grado di offrire supporto alle madri <strong>dopo la diagnosi<\/strong> sono gli <a href=\"https:\/\/www.santagostino.it\/magazine-psiche\/psicoterapeuta\/\"><strong>psicoterapeuti<\/strong><\/a> e gli <strong><a href=\"https:\/\/www.santagostino.it\/magazine-psiche\/differenza-psicologo-psichiatra\/\">psichiatri<\/a>.<\/strong><\/span><\/p>\n<h2><b>Come uscire dalla depressione post partum? Trattamenti e cure<\/b><\/h2>\n<p><span style=\"font-weight: 400;\">I <strong>trattamenti <\/strong>per la depressione post partum possono includere una combinazione di terapie, quali:<\/span><\/p>\n<ul>\n<li><span style=\"font-weight: 400;\">la <strong>terapia psicologica<\/strong><\/span><\/li>\n<li><span style=\"font-weight: 400;\">la <a href=\"https:\/\/www.santagostino.it\/magazine-psiche\/terapia-cognitivo-comportamentale\/\"><strong>terapia cognitivo-comportamentale (TCC)<\/strong><\/a><\/span><\/li>\n<li><span style=\"font-weight: 400;\">la <strong>terapia di supporto<\/strong>.<\/span><\/li>\n<\/ul>\n<p><span style=\"font-weight: 400;\">Tali terapie possono essere utili per affrontare i sintomi e fornire strategie per <strong>gestire lo <a href=\"https:\/\/www.santagostino.it\/magazine-psiche\/efficacia-efficienza\/\">stress<\/a> legato alla maternit\u00e0.<\/strong> In alcuni casi il supporto farmacologico, come gli <a href=\"https:\/\/www.santagostino.it\/magazine-psiche\/antidepressivi\/\"><strong>antidepressivi<\/strong><\/a>, pu\u00f2 essere prescritto. Questo solitamente dopo un&#8217;attenta <strong>valutazione del rischio-beneficio,<\/strong> dal momento che alcuni farmaci possono influire sull&#8217;<a href=\"https:\/\/www.santagostino.it\/it\/santagostinopedia\/l-allattamento-al-seno\">allattamento<\/a>.<\/span><\/p>\n<p><span style=\"font-weight: 400;\">Il <strong>sostegno sociale e familiare<\/strong> gioca un ruolo di rilievo nel percorso di recupero, fornendo alla madre non solo un supporto emotivo ma anche pratico durante questa fase delicata.<\/span><\/p>\n<style> .psiche-banner-desktop, .psiche-banner-mobile{ width:100%; height:auto; } .psiche-banner-mobile{ display:none; } @media (max-width: 720px) { .psiche-banner-desktop{ display:none; } .psiche-banner-mobile{ display:block; } } <\/style><a class=\"psiche-banner\" data-banner-id=\"25044\" href=\"https:\/\/www.santagostino.it\/it\/psico\/percorso-psicoterapia-adulti?utm_source=blog&#038;utm_medium=banner&#038;utm_campaign=Psiche_blog_banner_percorso_adulti\"><img width=\"1512\" height=\"578\" src=\"https:\/\/www.santagostino.it\/magazine-psiche\/wp-content\/uploads\/2024\/07\/banner_adulti-1.png\" class=\"psiche-banner-desktop\" alt=\"Prenota una seduta\" loading=\"lazy\" decoding=\"async\" style=\"width:100%;height:auto;\" \/><img width=\"700\" height=\"1000\" src=\"https:\/\/www.santagostino.it\/magazine-psiche\/wp-content\/uploads\/2024\/07\/banner_adulti_mobile.png\" class=\"psiche-banner-mobile\" alt=\"Prenota una seduta\" loading=\"lazy\" decoding=\"async\" style=\"width:100%;height:auto;\" \/><\/a>\n<h2><strong>Prevenzione<\/strong><\/h2>\n<p>La<strong> prevenzione della depressione post partum<\/strong> parte innanzitutto dalla comprensione di quanto <strong>intensa e totalizzante possa essere l&#8217;esperienza della maternit\u00e0.<\/strong> \u00c8 fondamentale dunque sostenere la donna in questo percorso. Questo pu\u00f2 significare, per esempio, per le persone attorno alla neomamma, <strong>alleggerire il carico di responsabilit\u00e0<\/strong> familiari, domestiche e professionali che si trova ad affrontare dopo il parto, per evitare che possa sentirsene sopraffatta.<\/p>\n<p>D&#8217;altra parte, \u00e8 importante che le donne si sentano libere di <strong>condividere i sentimenti di incertezza e le emozioni, anche quelle meno positive,<\/strong> che scaturiscono dalla maternit\u00e0 con il proprio partner. Si tratta di un&#8217;azione fondamentale per preservare un dialogo e un sostegno reciproco nella coppia. Non meno importante \u00e8 <strong>chiedere collaborazione nell&#8217;organizzazione della vita quotidiana e nella cura del bambino.<\/strong><\/p>\n<p>Un aiuto pu\u00f2 arrivare anche dal<strong> confronto con altre donne<\/strong> che hanno attraversato o che stanno vivendo circostanze simili e possono offrire supporto e comprensione.<\/p>\n<p>Quando i segni di malessere persistono, \u00e8 poi imprescindibile, come gi\u00e0 detto, ricercare il <strong>consulto di un professionista esperto,<\/strong> capace di fornire assistenza specializzata.<\/p>\n","protected":false},"excerpt":{"rendered":"<p>La depressione post partum \u00e8 un disturbo che colpisce molte donne, incidendo significativamente sul benessere femminile. Tuttavia, pu\u00f2 essere trattata efficacemente. <\/p>\n","protected":false},"author":31,"featured_media":21701,"comment_status":"closed","ping_status":"closed","sticky":false,"template":"","format":"standard","meta":{"footnotes":""},"categories":[279],"tags":[],"temi":[1111,1106,1104,1110],"typology":[3],"class_list":["post-21696","post","type-post","status-publish","format-standard","has-post-thumbnail","hentry","category-adulti","percorsi-psicoterapia-adulti","temi-attualita","temi-emozioni","temi-genitorialita","temi-patologie-e-disturbi","typology-text"],"yoast_head":"<!-- This site is optimized with the Yoast SEO Premium plugin v25.3.1 (Yoast SEO v25.3.1) - https:\/\/yoast.com\/wordpress\/plugins\/seo\/ -->\n<title>La depressione post partum: sintomi, cause e trattamento - Santagostino Psiche<\/title>\n<meta name=\"description\" content=\"La depressione post-partum si manifesta con tristezza persistente, senso di inadeguatezza e difficolt\u00e0 a prendersi cura di s\u00e9 e del neonato.\" \/>\n<meta name=\"robots\" content=\"index, follow, max-snippet:-1, max-image-preview:large, max-video-preview:-1\" \/>\n<link rel=\"canonical\" href=\"https:\/\/psiche.santagostino.it\/depressione-post-partum\/\" \/>\n<meta name=\"twitter:label1\" content=\"Scritto da\" \/>\n\t<meta name=\"twitter:data1\" content=\"Martina Vitali\" \/>\n\t<meta name=\"twitter:label2\" content=\"Tempo di lettura stimato\" \/>\n\t<meta name=\"twitter:data2\" content=\"7 minuti\" \/>\n<script type=\"application\/ld+json\" class=\"yoast-schema-graph\">{\"@context\":\"https:\/\/schema.org\",\"@graph\":[{\"@type\":\"Article\",\"@id\":\"https:\/\/psiche.santagostino.it\/depressione-post-partum\/#article\",\"isPartOf\":{\"@id\":\"https:\/\/psiche.santagostino.it\/depressione-post-partum\/\"},\"author\":{\"name\":\"Martina Vitali\",\"@id\":\"https:\/\/psiche.santagostino.it\/#\/schema\/person\/ec3bf36a27417e31c05beb1730de6f9e\"},\"headline\":\"La depressione post partum: sintomi, cause e trattamento\",\"datePublished\":\"2024-11-19T12:00:49+00:00\",\"dateModified\":\"2024-11-19T16:18:18+00:00\",\"mainEntityOfPage\":{\"@id\":\"https:\/\/psiche.santagostino.it\/depressione-post-partum\/\"},\"wordCount\":1221,\"publisher\":{\"@id\":\"https:\/\/psiche.santagostino.it\/#organization\"},\"image\":{\"@id\":\"https:\/\/psiche.santagostino.it\/depressione-post-partum\/#primaryimage\"},\"thumbnailUrl\":\"https:\/\/www.santagostino.it\/magazine-psiche\/wp-content\/uploads\/2023\/11\/depressione_post_partum.jpg\",\"articleSection\":[\"Adulti\"],\"inLanguage\":\"it-IT\"},{\"@type\":\"WebPage\",\"@id\":\"https:\/\/psiche.santagostino.it\/depressione-post-partum\/\",\"url\":\"https:\/\/psiche.santagostino.it\/depressione-post-partum\/\",\"name\":\"La depressione post partum: sintomi, cause e trattamento - Santagostino Psiche\",\"isPartOf\":{\"@id\":\"https:\/\/psiche.santagostino.it\/#website\"},\"primaryImageOfPage\":{\"@id\":\"https:\/\/psiche.santagostino.it\/depressione-post-partum\/#primaryimage\"},\"image\":{\"@id\":\"https:\/\/psiche.santagostino.it\/depressione-post-partum\/#primaryimage\"},\"thumbnailUrl\":\"https:\/\/www.santagostino.it\/magazine-psiche\/wp-content\/uploads\/2023\/11\/depressione_post_partum.jpg\",\"datePublished\":\"2024-11-19T12:00:49+00:00\",\"dateModified\":\"2024-11-19T16:18:18+00:00\",\"description\":\"La depressione post-partum si manifesta con tristezza persistente, senso di inadeguatezza e difficolt\u00e0 a prendersi cura di s\u00e9 e del neonato.\",\"breadcrumb\":{\"@id\":\"https:\/\/psiche.santagostino.it\/depressione-post-partum\/#breadcrumb\"},\"inLanguage\":\"it-IT\",\"potentialAction\":[{\"@type\":\"ReadAction\",\"target\":[\"https:\/\/psiche.santagostino.it\/depressione-post-partum\/\"]}]},{\"@type\":\"ImageObject\",\"inLanguage\":\"it-IT\",\"@id\":\"https:\/\/psiche.santagostino.it\/depressione-post-partum\/#primaryimage\",\"url\":\"https:\/\/www.santagostino.it\/magazine-psiche\/wp-content\/uploads\/2023\/11\/depressione_post_partum.jpg\",\"contentUrl\":\"https:\/\/www.santagostino.it\/magazine-psiche\/wp-content\/uploads\/2023\/11\/depressione_post_partum.jpg\",\"width\":1200,\"height\":580,\"caption\":\"depressione post partum\"},{\"@type\":\"BreadcrumbList\",\"@id\":\"https:\/\/psiche.santagostino.it\/depressione-post-partum\/#breadcrumb\",\"itemListElement\":[{\"@type\":\"ListItem\",\"position\":1,\"name\":\"Home\",\"item\":\"https:\/\/psiche.santagostino.it\/\"},{\"@type\":\"ListItem\",\"position\":2,\"name\":\"La depressione post partum: sintomi, cause e trattamento\"}]},{\"@type\":\"WebSite\",\"@id\":\"https:\/\/psiche.santagostino.it\/#website\",\"url\":\"https:\/\/psiche.santagostino.it\/\",\"name\":\"https:\/\/www.santagostino.it\/magazine-psiche\",\"description\":\"La finestra sulla mente\",\"publisher\":{\"@id\":\"https:\/\/psiche.santagostino.it\/#organization\"},\"alternateName\":\"Psiche Santagostino\",\"potentialAction\":[{\"@type\":\"SearchAction\",\"target\":{\"@type\":\"EntryPoint\",\"urlTemplate\":\"https:\/\/psiche.santagostino.it\/?s={search_term_string}\"},\"query-input\":{\"@type\":\"PropertyValueSpecification\",\"valueRequired\":true,\"valueName\":\"search_term_string\"}}],\"inLanguage\":\"it-IT\"},{\"@type\":\"Organization\",\"@id\":\"https:\/\/psiche.santagostino.it\/#organization\",\"name\":\"https:\/\/www.santagostino.it\/magazine-psiche\",\"url\":\"https:\/\/psiche.santagostino.it\/\",\"logo\":{\"@type\":\"ImageObject\",\"inLanguage\":\"it-IT\",\"@id\":\"https:\/\/psiche.santagostino.it\/#\/schema\/logo\/image\/\",\"url\":\"https:\/\/www.santagostino.it\/magazine-psiche\/wp-content\/uploads\/2023\/07\/Santagostino-psiche-logo.png\",\"contentUrl\":\"https:\/\/www.santagostino.it\/magazine-psiche\/wp-content\/uploads\/2023\/07\/Santagostino-psiche-logo.png\",\"width\":430,\"height\":71,\"caption\":\"https:\/\/www.santagostino.it\/magazine-psiche\"},\"image\":{\"@id\":\"https:\/\/psiche.santagostino.it\/#\/schema\/logo\/image\/\"},\"sameAs\":[\"https:\/\/www.facebook.com\/santagostinopsiche\/\"]},{\"@type\":\"Person\",\"@id\":\"https:\/\/psiche.santagostino.it\/#\/schema\/person\/ec3bf36a27417e31c05beb1730de6f9e\",\"name\":\"Martina Vitali\",\"image\":{\"@type\":\"ImageObject\",\"inLanguage\":\"it-IT\",\"@id\":\"https:\/\/psiche.santagostino.it\/#\/schema\/person\/image\/\",\"url\":\"https:\/\/secure.gravatar.com\/avatar\/809b9529962994d624aa286701ae6763?s=96&d=mm&r=g\",\"contentUrl\":\"https:\/\/secure.gravatar.com\/avatar\/809b9529962994d624aa286701ae6763?s=96&d=mm&r=g\",\"caption\":\"Martina Vitali\"},\"url\":\"https:\/\/www.santagostino.it\/magazine-psiche\/author\/martina-vitali\/\"}]}<\/script>\n<!-- \/ Yoast SEO Premium plugin. -->","yoast_head_json":{"title":"La depressione post partum: sintomi, cause e trattamento - Santagostino Psiche","description":"La depressione post-partum si manifesta con tristezza persistente, senso di inadeguatezza e difficolt\u00e0 a prendersi cura di s\u00e9 e del neonato.","robots":{"index":"index","follow":"follow","max-snippet":"max-snippet:-1","max-image-preview":"max-image-preview:large","max-video-preview":"max-video-preview:-1"},"canonical":"https:\/\/psiche.santagostino.it\/depressione-post-partum\/","twitter_misc":{"Scritto da":"Martina Vitali","Tempo di lettura stimato":"7 minuti"},"schema":{"@context":"https:\/\/schema.org","@graph":[{"@type":"Article","@id":"https:\/\/psiche.santagostino.it\/depressione-post-partum\/#article","isPartOf":{"@id":"https:\/\/psiche.santagostino.it\/depressione-post-partum\/"},"author":{"name":"Martina Vitali","@id":"https:\/\/psiche.santagostino.it\/#\/schema\/person\/ec3bf36a27417e31c05beb1730de6f9e"},"headline":"La depressione post partum: sintomi, cause e trattamento","datePublished":"2024-11-19T12:00:49+00:00","dateModified":"2024-11-19T16:18:18+00:00","mainEntityOfPage":{"@id":"https:\/\/psiche.santagostino.it\/depressione-post-partum\/"},"wordCount":1221,"publisher":{"@id":"https:\/\/psiche.santagostino.it\/#organization"},"image":{"@id":"https:\/\/psiche.santagostino.it\/depressione-post-partum\/#primaryimage"},"thumbnailUrl":"https:\/\/www.santagostino.it\/magazine-psiche\/wp-content\/uploads\/2023\/11\/depressione_post_partum.jpg","articleSection":["Adulti"],"inLanguage":"it-IT"},{"@type":"WebPage","@id":"https:\/\/psiche.santagostino.it\/depressione-post-partum\/","url":"https:\/\/psiche.santagostino.it\/depressione-post-partum\/","name":"La depressione post partum: sintomi, cause e trattamento - Santagostino Psiche","isPartOf":{"@id":"https:\/\/psiche.santagostino.it\/#website"},"primaryImageOfPage":{"@id":"https:\/\/psiche.santagostino.it\/depressione-post-partum\/#primaryimage"},"image":{"@id":"https:\/\/psiche.santagostino.it\/depressione-post-partum\/#primaryimage"},"thumbnailUrl":"https:\/\/www.santagostino.it\/magazine-psiche\/wp-content\/uploads\/2023\/11\/depressione_post_partum.jpg","datePublished":"2024-11-19T12:00:49+00:00","dateModified":"2024-11-19T16:18:18+00:00","description":"La depressione post-partum si manifesta con tristezza persistente, senso di inadeguatezza e difficolt\u00e0 a prendersi cura di s\u00e9 e del neonato.","breadcrumb":{"@id":"https:\/\/psiche.santagostino.it\/depressione-post-partum\/#breadcrumb"},"inLanguage":"it-IT","potentialAction":[{"@type":"ReadAction","target":["https:\/\/psiche.santagostino.it\/depressione-post-partum\/"]}]},{"@type":"ImageObject","inLanguage":"it-IT","@id":"https:\/\/psiche.santagostino.it\/depressione-post-partum\/#primaryimage","url":"https:\/\/www.santagostino.it\/magazine-psiche\/wp-content\/uploads\/2023\/11\/depressione_post_partum.jpg","contentUrl":"https:\/\/www.santagostino.it\/magazine-psiche\/wp-content\/uploads\/2023\/11\/depressione_post_partum.jpg","width":1200,"height":580,"caption":"depressione post partum"},{"@type":"BreadcrumbList","@id":"https:\/\/psiche.santagostino.it\/depressione-post-partum\/#breadcrumb","itemListElement":[{"@type":"ListItem","position":1,"name":"Home","item":"https:\/\/psiche.santagostino.it\/"},{"@type":"ListItem","position":2,"name":"La depressione post partum: sintomi, cause e trattamento"}]},{"@type":"WebSite","@id":"https:\/\/psiche.santagostino.it\/#website","url":"https:\/\/psiche.santagostino.it\/","name":"https:\/\/www.santagostino.it\/magazine-psiche","description":"La finestra sulla mente","publisher":{"@id":"https:\/\/psiche.santagostino.it\/#organization"},"alternateName":"Psiche Santagostino","potentialAction":[{"@type":"SearchAction","target":{"@type":"EntryPoint","urlTemplate":"https:\/\/psiche.santagostino.it\/?s={search_term_string}"},"query-input":{"@type":"PropertyValueSpecification","valueRequired":true,"valueName":"search_term_string"}}],"inLanguage":"it-IT"},{"@type":"Organization","@id":"https:\/\/psiche.santagostino.it\/#organization","name":"https:\/\/www.santagostino.it\/magazine-psiche","url":"https:\/\/psiche.santagostino.it\/","logo":{"@type":"ImageObject","inLanguage":"it-IT","@id":"https:\/\/psiche.santagostino.it\/#\/schema\/logo\/image\/","url":"https:\/\/www.santagostino.it\/magazine-psiche\/wp-content\/uploads\/2023\/07\/Santagostino-psiche-logo.png","contentUrl":"https:\/\/www.santagostino.it\/magazine-psiche\/wp-content\/uploads\/2023\/07\/Santagostino-psiche-logo.png","width":430,"height":71,"caption":"https:\/\/www.santagostino.it\/magazine-psiche"},"image":{"@id":"https:\/\/psiche.santagostino.it\/#\/schema\/logo\/image\/"},"sameAs":["https:\/\/www.facebook.com\/santagostinopsiche\/"]},{"@type":"Person","@id":"https:\/\/psiche.santagostino.it\/#\/schema\/person\/ec3bf36a27417e31c05beb1730de6f9e","name":"Martina Vitali","image":{"@type":"ImageObject","inLanguage":"it-IT","@id":"https:\/\/psiche.santagostino.it\/#\/schema\/person\/image\/","url":"https:\/\/secure.gravatar.com\/avatar\/809b9529962994d624aa286701ae6763?s=96&d=mm&r=g","contentUrl":"https:\/\/secure.gravatar.com\/avatar\/809b9529962994d624aa286701ae6763?s=96&d=mm&r=g","caption":"Martina Vitali"},"url":"https:\/\/www.santagostino.it\/magazine-psiche\/author\/martina-vitali\/"}]}},"_links":{"self":[{"href":"https:\/\/www.santagostino.it\/magazine-psiche\/wp-json\/wp\/v2\/posts\/21696","targetHints":{"allow":["GET"]}}],"collection":[{"href":"https:\/\/www.santagostino.it\/magazine-psiche\/wp-json\/wp\/v2\/posts"}],"about":[{"href":"https:\/\/www.santagostino.it\/magazine-psiche\/wp-json\/wp\/v2\/types\/post"}],"author":[{"embeddable":true,"href":"https:\/\/www.santagostino.it\/magazine-psiche\/wp-json\/wp\/v2\/users\/31"}],"replies":[{"embeddable":true,"href":"https:\/\/www.santagostino.it\/magazine-psiche\/wp-json\/wp\/v2\/comments?post=21696"}],"version-history":[{"count":24,"href":"https:\/\/www.santagostino.it\/magazine-psiche\/wp-json\/wp\/v2\/posts\/21696\/revisions"}],"predecessor-version":[{"id":25669,"href":"https:\/\/www.santagostino.it\/magazine-psiche\/wp-json\/wp\/v2\/posts\/21696\/revisions\/25669"}],"wp:featuredmedia":[{"embeddable":true,"href":"https:\/\/www.santagostino.it\/magazine-psiche\/wp-json\/wp\/v2\/media\/21701"}],"wp:attachment":[{"href":"https:\/\/www.santagostino.it\/magazine-psiche\/wp-json\/wp\/v2\/media?parent=21696"}],"wp:term":[{"taxonomy":"category","embeddable":true,"href":"https:\/\/www.santagostino.it\/magazine-psiche\/wp-json\/wp\/v2\/categories?post=21696"},{"taxonomy":"post_tag","embeddable":true,"href":"https:\/\/www.santagostino.it\/magazine-psiche\/wp-json\/wp\/v2\/tags?post=21696"},{"taxonomy":"temi","embeddable":true,"href":"https:\/\/www.santagostino.it\/magazine-psiche\/wp-json\/wp\/v2\/temi?post=21696"},{"taxonomy":"typology","embeddable":true,"href":"https:\/\/www.santagostino.it\/magazine-psiche\/wp-json\/wp\/v2\/typology?post=21696"}],"curies":[{"name":"wp","href":"https:\/\/api.w.org\/{rel}","templated":true}]}}