{"id":21331,"date":"2023-11-13T18:00:50","date_gmt":"2023-11-13T18:00:50","guid":{"rendered":"https:\/\/www.santagostino.it\/magazine-psiche\/?p=21331"},"modified":"2023-11-10T15:47:11","modified_gmt":"2023-11-10T15:47:11","slug":"sentirsi-vuoto","status":"publish","type":"post","link":"https:\/\/www.santagostino.it\/magazine-psiche\/sentirsi-vuoto\/","title":{"rendered":"Sentirsi vuoto: da cosa pu\u00f2 dipendere?"},"content":{"rendered":"<p><span style=\"font-weight: 400;\">Sentirsi vuoto<\/span> <span style=\"font-weight: 400;\">\u00e8 un\u2019esperienza intricata e spiacevole che molte persone si trovano ad affrontare.\u00a0<\/span><\/p>\n<p><span style=\"font-weight: 400;\">Questo fenomeno, intriso di sfumature psicologiche ed emotive, ci spinge a indagare oltre la superficie delle nostre sensazioni quotidiane. Da episodi di <a href=\"https:\/\/www.santagostino.it\/magazine-psiche\/depressione\/\">depressione<\/a> a momenti di smarrimento esistenziale, il vuoto interiore \u00e8 un territorio complesso e multiforme, che deve essere attentamente considerato.<\/span><\/p>\n<p><span style=\"font-weight: 400;\">La <\/span><b>dottoressa La Greca,<\/b><span style=\"font-weight: 400;\"><strong> psicologa e psicoterapeuta del Santagostino,<\/strong> ci aiuta a fare chiarezza sul tema, spiegando cosa vuol dire sentirsi vuoti, quali sono le cause alla base di questa condizione e come intervenire.<\/span><\/p>\n<p><a class=\"content-cta\" href=\"https:\/\/www.santagostino.it\/it\/psiche\/?utm_source=Psiche&amp;utm_medium=direct&amp;utm_campaign=CTA_Psiche_sentirsi_vuoto\"> <img decoding=\"async\" class=\"visible-md\" src=\"\/wp-content\/uploads\/2024\/06\/Rev_04_SanAgostino_banner_desktop_low.gif\" \/><img decoding=\"async\" class=\"hidden-md\" src=\"\/wp-content\/uploads\/2024\/06\/Rev_04_SanAgostino_banner_mobile_low.gif\" \/><\/a><\/p>\n<h2><strong>Che cosa significa sentirsi vuoti dal punto di vista psicologico?<\/strong><\/h2>\n<p><b>Sentirsi vuoto <\/b><span style=\"font-weight: 400;\">\u00e8 una sensazione che pu\u00f2 essere descritta come un<\/span><b> insieme di vissuti <\/b><span style=\"font-weight: 400;\">che sono caratteristici dell\u2019esperienza psichica, e che possono quindi manifestarsi in tutte le persone con peculiarit\u00e0 e modalit\u00e0 differenti.\u00a0<\/span><\/p>\n<p><span style=\"font-weight: 400;\">Il senso di vuoto viene comunemente associato al senso di <\/span><a href=\"https:\/\/www.santagostino.it\/magazine-psiche\/elogio-della-noia\/\"><b>noia<\/b><\/a><b>, <\/b><span style=\"font-weight: 400;\">ma riguarda anche:<\/span><\/p>\n<ul>\n<li><a href=\"https:\/\/www.santagostino.it\/magazine-psiche\/apatia\/\"><b>apatia<\/b><\/a><b>\u00a0<\/b><\/li>\n<li><a href=\"https:\/\/www.santagostino.it\/magazine-psiche\/alessitimia\/\"><b>alessitimia<\/b><\/a><\/li>\n<li><span style=\"font-weight: 400;\">sensazione di appiattimento emotivo\u00a0<\/span><\/li>\n<li><a href=\"https:\/\/www.santagostino.it\/magazine-psiche\/insoddisfazione-cronica\/\"><b>insoddisfazione<\/b><\/a><b>\u00a0<\/b><\/li>\n<li><span style=\"font-weight: 400;\">mancanza di senso e di <\/span><a href=\"https:\/\/www.santagostino.it\/magazine-psiche\/motivazione\/\"><b>motivazione<\/b><\/a><b>\u00a0<\/b><\/li>\n<li><a href=\"https:\/\/www.santagostino.it\/magazine-psiche\/paura-solitudine\/\"><b>solitudine<\/b><\/a><\/li>\n<li><a href=\"https:\/\/www.santagostino.it\/magazine-psiche\/confusione-mentale\/\"><b>confusione<\/b><\/a><\/li>\n<li><b>disillusione<\/b><\/li>\n<li><b>non appartenenza<\/b><\/li>\n<li><b>noncuranza<\/b><\/li>\n<li><a href=\"https:\/\/www.santagostino.it\/magazine-psiche\/vergogna-psicologia\/\"><b>vergogna<\/b><\/a><b>.<\/b><\/li>\n<\/ul>\n<p><span style=\"font-weight: 400;\">Sentirsi vuoti pu\u00f2 essere un\u2019esperienza personale normale e passeggera, ma anche l\u2019indicatore di una <\/span><b>profonda sofferenza psichica.<\/b><\/p>\n<h2><strong>Quali sono le possibili cause del sentirsi vuoti?<\/strong><\/h2>\n<p><span style=\"font-weight: 400;\">Il senso di vuoto pu\u00f2 essere causato da:<\/span><\/p>\n<ul>\n<li style=\"font-weight: 400;\" aria-level=\"1\"><span style=\"font-weight: 400;\">mancanza di motivazione o di obiettivi<\/span><\/li>\n<li style=\"font-weight: 400;\" aria-level=\"1\"><span style=\"font-weight: 400;\">assenza di scopo e progettualit\u00e0 nella vita<\/span><\/li>\n<li style=\"font-weight: 400;\" aria-level=\"1\"><a href=\"https:\/\/www.santagostino.it\/magazine-psiche\/avengers-endgame-fallimento\/\"><span style=\"font-weight: 400;\">fallimento<\/span><\/a><\/li>\n<li style=\"font-weight: 400;\" aria-level=\"1\"><span style=\"font-weight: 400;\">insoddisfazione.<\/span><\/li>\n<\/ul>\n<p><a href=\"https:\/\/www.santagostino.it\/magazine-psiche\/psicologia-trauma\/\"><b>Eventi traumatici<\/b><\/a> <span style=\"font-weight: 400;\">e alcune<\/span><b> caratteristiche personali <\/b><span style=\"font-weight: 400;\">possono ulteriormente favorire l\u2019insorgere di questi vissuti, come ad esempio, la bassa <\/span><a href=\"https:\/\/www.santagostino.it\/magazine-psiche\/autostima\/\"><span style=\"font-weight: 400;\">autostima<\/span><\/a><span style=\"font-weight: 400;\">.<\/span><\/p>\n<h2><strong>Quali i sintomi che accompagnano al senso di vuoto?<\/strong><\/h2>\n<p><span style=\"font-weight: 400;\">I <\/span><b>sintomi pi\u00f9 comuni<\/b><span style=\"font-weight: 400;\"> che possono accompagnare il senso di vuoto, come gi\u00e0 accennato, possono essere:\u00a0<\/span><\/p>\n<ul>\n<li style=\"font-weight: 400;\" aria-level=\"1\"><span style=\"font-weight: 400;\">noia\u00a0<\/span><\/li>\n<li style=\"font-weight: 400;\" aria-level=\"1\"><a href=\"https:\/\/www.santagostino.it\/magazine-psiche\/paura\/\"><span style=\"font-weight: 400;\">paura<\/span><\/a><span style=\"font-weight: 400;\">\u00a0<\/span><\/li>\n<li style=\"font-weight: 400;\" aria-level=\"1\"><a href=\"https:\/\/www.santagostino.it\/magazine-psiche\/angoscia\/\"><span style=\"font-weight: 400;\">angoscia<\/span><\/a><span style=\"font-weight: 400;\">\u00a0<\/span><\/li>\n<li style=\"font-weight: 400;\" aria-level=\"1\"><a href=\"https:\/\/www.santagostino.it\/magazine-psiche\/tristezza\/\"><span style=\"font-weight: 400;\">tristezza<\/span><\/a><span style=\"font-weight: 400;\">\u00a0<\/span><\/li>\n<li style=\"font-weight: 400;\" aria-level=\"1\"><a href=\"https:\/\/www.santagostino.it\/magazine-psiche\/come-sfogare-rabbia\/\"><span style=\"font-weight: 400;\">rabbia<\/span><\/a><\/li>\n<li style=\"font-weight: 400;\" aria-level=\"1\"><span style=\"font-weight: 400;\">insoddisfazione.<\/span><\/li>\n<\/ul>\n<p><span style=\"font-weight: 400;\">Questi sono alcuni dei segnali del sentirsi vuoti. In generale, il senso di vuoto \u00e8 associato a <\/span><b>emozioni negative <\/b><span style=\"font-weight: 400;\">o alla <\/span><b>sensazione di non provare nulla<\/b><span style=\"font-weight: 400;\">. Altri sintomi correlati sono i <\/span><b>comportamenti impulsivi,<\/b><span style=\"font-weight: 400;\"> come:<\/span><\/p>\n<ul>\n<li style=\"font-weight: 400;\" aria-level=\"1\"><span style=\"font-weight: 400;\">uso di <\/span><a href=\"https:\/\/www.santagostino.it\/magazine-psiche\/effetti-droga-psiche\/\"><span style=\"font-weight: 400;\">droghe<\/span><\/a><span style=\"font-weight: 400;\"> o <\/span><a href=\"https:\/\/www.santagostino.it\/magazine-psiche\/alcolismo\/\"><span style=\"font-weight: 400;\">alcol<\/span><\/a><span style=\"font-weight: 400;\">\u00a0<\/span><\/li>\n<li style=\"font-weight: 400;\" aria-level=\"1\"><a href=\"https:\/\/www.santagostino.it\/magazine-psiche\/binge-eating-disorder\/\"><span style=\"font-weight: 400;\">abbuffate<\/span><\/a><\/li>\n<li style=\"font-weight: 400;\" aria-level=\"1\"><a href=\"https:\/\/www.santagostino.it\/magazine-psiche\/shopping-compulsivo\/\"><span style=\"font-weight: 400;\">acquisti compulsivi<\/span><\/a><\/li>\n<li style=\"font-weight: 400;\" aria-level=\"1\"><a href=\"https:\/\/www.santagostino.it\/magazine-psiche\/autolesionismo\/\"><span style=\"font-weight: 400;\">comportamenti autolesivi<\/span><\/a><span style=\"font-weight: 400;\">, come ferirsi e procurarsi tagli\u00a0<\/span><\/li>\n<li style=\"font-weight: 400;\" aria-level=\"1\"><a href=\"https:\/\/www.santagostino.it\/magazine-psiche\/comportamento-suicidario\/\"><span style=\"font-weight: 400;\">tentativi di suicidio<\/span><\/a><span style=\"font-weight: 400;\">.<\/span><\/li>\n<\/ul>\n<p><span style=\"font-weight: 400;\">In certi casi, l\u2019esperienza di s\u00e9 nel vuoto porta a sperimentare <\/span><a href=\"https:\/\/www.santagostino.it\/magazine-psiche\/dissociazione-fenomeni-dissociativi\/\"><b>sintomi dissociativi<\/b><\/a><b>.<\/b><span style=\"font-weight: 400;\">\u00a0<\/span><\/p>\n<h2><strong>Quali fattori psicologici possono contribuire al sentirsi vuoti?<\/strong><\/h2>\n<p><span style=\"font-weight: 400;\">Seppur premettendo che l\u2019esperienza personale \u00e8 sempre unica, \u00e8 possibile rintracciare alcuni fattori psicologici che possono contribuire al senso di vuoto, tra cui, come gi\u00e0 accennato:<\/span><\/p>\n<ul>\n<li style=\"font-weight: 400;\" aria-level=\"1\"><a href=\"https:\/\/www.santagostino.it\/magazine-psiche\/come-uscire-dalla-depressione\/\"><span style=\"font-weight: 400;\">depressione<\/span><\/a><span style=\"font-weight: 400;\">\u00a0<\/span><\/li>\n<li style=\"font-weight: 400;\" aria-level=\"1\"><span style=\"font-weight: 400;\">bassa autostima\u00a0<\/span><\/li>\n<li style=\"font-weight: 400;\" aria-level=\"1\"><span style=\"font-weight: 400;\">sensazione di non essere all\u2019altezza e di non essere abbastanza\u00a0<\/span><\/li>\n<li style=\"font-weight: 400;\" aria-level=\"1\"><span style=\"font-weight: 400;\">episodi e vissuti traumatici.<\/span><\/li>\n<\/ul>\n<p><span style=\"font-weight: 400;\">Tra questi, la <\/span><b>depressione<\/b><span style=\"font-weight: 400;\"> emerge come una forza significativa, avvolgendo l&#8217;individuo in un&#8217;atmosfera cupa e caratterizzata dalla mancanza di speranza. L&#8217;affrontare giornalmente la tristezza profonda pu\u00f2 contribuire in maniera sostanziale alla percezione di vuoto.<\/span><\/p>\n<p><span style=\"font-weight: 400;\">In aggiunta, la bassa autostima e la mancanza di fiducia in se stessi possono generare un costante <\/span><b>senso di insufficienza,<\/b><span style=\"font-weight: 400;\"> alimentando il vuoto interiore e la convinzione di non essere all&#8217;altezza delle aspettative, sia personali che altrui.<\/span><\/p>\n<p><span style=\"font-weight: 400;\">La sensazione di non essere abbastanza pu\u00f2 derivare da <\/span><b>confronti sociali, idealizzazioni irraggiungibili o aspettative irrealistiche<\/b><span style=\"font-weight: 400;\"> che lasciano l&#8217;individuo con una persistente sensazione di inadeguatezza.<\/span><\/p>\n<p><span style=\"font-weight: 400;\">Episodi e vissuti traumatici costituiscono un ulteriore terreno fertile per l\u2019insorgere del vuoto interiore.<\/span><b> Eventi dolorosi o situazioni traumatiche <\/b><span style=\"font-weight: 400;\">possono gettare un&#8217;ombra sulla psiche, lasciando dietro di s\u00e9 un profondo <\/span><a href=\"https:\/\/www.santagostino.it\/magazine-psiche\/malessere-emotivo\/\"><span style=\"font-weight: 400;\">malessere emotivo<\/span><\/a><span style=\"font-weight: 400;\"> che si traduce in un vuoto difficile da colmare.<\/span><span style=\"font-weight: 400;\">\u00a0<\/span><\/p>\n<h2><strong>Quali disturbi psichici sono associati al senso di vuoto?<\/strong><\/h2>\n<p><span style=\"font-weight: 400;\">In letteratura, il senso di vuoto \u00e8 considerato parte del quadro sintomatologico di alcuni disturbi psicopatologici. Vediamo i principali.<\/span><\/p>\n<h3><strong>Disturbo depressivo<\/strong><\/h3>\n<p><span style=\"font-weight: 400;\">Nel <\/span><b>disturbo depressivo<\/b><span style=\"font-weight: 400;\"> il senso di vuoto pu\u00f2 esplicitarsi in profondi sentimenti di tristezza e in apatia, accompagnati da una <\/span><b>mancanza di speranza<\/b><span style=\"font-weight: 400;\"> verso s\u00e9 stessi e la vita. Il senso di fallimento diviene evidente, accresciuto da una percezione di inferiorit\u00e0 e indegnit\u00e0 rispetto agli altri.<\/span><\/p>\n<p><span style=\"font-weight: 400;\">Un altro elemento caratteristico del disturbo depressivo \u00e8 l&#8217;<\/span><a href=\"https:\/\/www.santagostino.it\/magazine-psiche\/anedonia\/\"><b>anedonia<\/b><\/a><b>, <\/b><span style=\"font-weight: 400;\">che si traduce nella perdita dell&#8217;interesse per attivit\u00e0 precedentemente gradite e appaganti. Questo porta gradualmente all&#8217;abbandono degli interessi personali e all&#8217;isolamento emotivo. La <\/span><b>stanchezza<\/b><span style=\"font-weight: 400;\"> e la <\/span><b>mancanza di energie <\/b><span style=\"font-weight: 400;\">completano il quadro patologico, rendendo ogni gesto e compito estremamente faticoso, al di l\u00e0 delle proprie capacit\u00e0.<\/span><\/p>\n<h3><strong>Disturbo borderline di personalit\u00e0<\/strong><\/h3>\n<p><span style=\"font-weight: 400;\">Nel<\/span> <a href=\"https:\/\/www.santagostino.it\/magazine-psiche\/disturbo-borderline\/\"><b>disturbo borderline di personalit\u00e0<\/b><\/a><b>, <\/b><span style=\"font-weight: 400;\">il senso di vuoto \u00e8 considerato dal DSM 5 come <\/span><b>criterio diagnostico,<\/b><span style=\"font-weight: 400;\"> facendo riferimento alla disregolazione emotiva e degli impulsi.\u00a0<\/span><\/p>\n<p><span style=\"font-weight: 400;\">In questo <\/span><a href=\"https:\/\/www.santagostino.it\/magazine-psiche\/disturbi-personalita\/\"><span style=\"font-weight: 400;\">disturbo della personalit\u00e0<\/span><\/a><span style=\"font-weight: 400;\">, le <\/span><a href=\"https:\/\/www.santagostino.it\/magazine-psiche\/emozioni\/\"><b>emozioni<\/b><\/a><b> sono in costante fluttuazione, <\/b><span style=\"font-weight: 400;\">talvolta prive di un motivo apparente.\u00a0<\/span><\/p>\n<p><span style=\"font-weight: 400;\">I processi di pensiero si rivelano altrettanto instabili, oscillando tra momenti di chiarezza razionale ed estremi distorti. Il comportamento segue questa variabilit\u00e0, alternando fasi di linearit\u00e0 ed efficienza a improvvisi <\/span><b>scatti di rabbia e azioni impulsive.<\/b><\/p>\n<p><span style=\"font-weight: 400;\">In aggiunta a questa instabilit\u00e0 generale, chi vive con il disturbo borderline sperimenta un <\/span><b>vuoto interiore,<\/b><span style=\"font-weight: 400;\"> caratterizzato da una <\/span><b>dolorosa assenza di scopi.<\/b><span style=\"font-weight: 400;\">\u00a0<\/span><\/p>\n<p><span style=\"font-weight: 400;\">In questo stato, si manifestano tendenze impulsive, che si sostanziano in comportamenti come abbuffate di cibo, abuso di sostanze, autolesionismo e tentativi di suicidio, con una notevole perdita di controllo.<\/span><\/p>\n<p><span style=\"font-weight: 400;\">La <\/span><b>percezione di s\u00e9<\/b><span style=\"font-weight: 400;\"> di chi affronta il disturbo borderline si presenta sfumata e frammentata. Coloro che ne soffrono hanno difficolt\u00e0 a comprendere le proprie emozioni e desideri. L&#8217;incertezza riguardo agli obiettivi nelle relazioni e nella vita in generale contribuisce alla sensazione<\/span><b> pervasiva di vuoto e smarrimento.<\/b><\/p>\n<h3><strong>Disturbo narcisistico di personalit\u00e0<\/strong><\/h3>\n<p><span style=\"font-weight: 400;\">Il <\/span><b>sentirsi vuoti <\/b><span style=\"font-weight: 400;\">\u00e8 un elemento chiave del <\/span><a href=\"https:\/\/www.santagostino.it\/magazine-psiche\/narcisismo-disturbo-narcisistico-personalita\"><b>disturbo narcisistico di personalit\u00e0<\/b><\/a><b>. <\/b><span style=\"font-weight: 400;\">La dinamica narcisista pu\u00f2 essere interpretata come un processo in cui un&#8217;idea grandiosa di s\u00e9 e il conseguente orgoglio svolgono un<\/span><b> ruolo di difesa <\/b><span style=\"font-weight: 400;\">contro un profondo senso di vuoto e di mancanza di significato.<\/span><\/p>\n<p><span style=\"font-weight: 400;\">\u00a0All&#8217;interno di questa dinamica, emergono le difficolt\u00e0 nella delineazione di scopi e desideri al di fuori del s\u00e9 grandioso, cos\u00ec come l&#8217;<\/span><b>incapacit\u00e0 di comprendere appieno la natura dei bisogni affettivi personali.<\/b><\/p>\n<p><span style=\"font-weight: 400;\">Il <\/span><b>vuoto nel narcisista <\/b><span style=\"font-weight: 400;\">si configura come una<\/span><b> sensazione di spegnimento interiore, <\/b><span style=\"font-weight: 400;\">una dissolvenza dell&#8217;immagine di s\u00e9. Si traduce in una mancanza di senso, nel sentirsi soli, e si trasforma in una carenza di scopo nella propria esistenza e nella difficolt\u00e0 di stabilire una direzione nella vita. A questo vuoto si sovrappone l&#8217;<\/span><b>elemento speculare dell&#8217;orgoglio, <\/b><span style=\"font-weight: 400;\">inteso come una forza intensa che spinge verso la grandiosit\u00e0 del s\u00e9.<\/span><\/p>\n<h3><strong>Disturbi del comportamento alimentare<\/strong><\/h3>\n<p><span style=\"font-weight: 400;\">Nei <\/span><a href=\"https:\/\/www.santagostino.it\/magazine-psiche\/disturbi-alimentari\/\"><b>disturbi del comportamento alimentare<\/b><\/a><b>,<\/b><span style=\"font-weight: 400;\"> il vuoto attiene alla fragilit\u00e0 dell\u2019autostima; le persone con disturbo alimentare tentano di controllare il senso di vuoto attraverso il <\/span><b>controllo del cibo o le abbuffate.<\/b><\/p>\n<p><span style=\"font-weight: 400;\">Da una parte, il sentirsi vuoti dentro si traduce in <\/span><b>pratiche restrittive dell&#8217;alimentazione, <\/b><span style=\"font-weight: 400;\">come il <\/span><a href=\"https:\/\/www.santagostino.it\/it\/santagostinopedia\/vomito\"><span style=\"font-weight: 400;\">vomito<\/span><\/a><span style=\"font-weight: 400;\"> o il rifiuto del cibo, come avviene nell\u2019<\/span><a href=\"https:\/\/www.santagostino.it\/magazine-psiche\/anoressia\/\"><b>anoressia<\/b><\/a><b>, <\/b><span style=\"font-weight: 400;\">cercando di ottenere un controllo sulle emozioni per emanciparsi dalle delusioni.\u00a0<\/span><\/p>\n<p><span style=\"font-weight: 400;\">Dall\u2019altra, il cibo diventa uno strumento in grado di offrire una <\/span><b>soddisfazione temporanea,<\/b><span style=\"font-weight: 400;\"> colmando il senso di vuoto attraverso una sua assunzione massiccia, come avviene nella <\/span><a href=\"https:\/\/www.santagostino.it\/magazine-psiche\/bulimia\/\"><b>bulimia<\/b><\/a><b>.<\/b><\/p>\n<p><span style=\"font-weight: 400;\">Vengono innescati cos\u00ec <\/span><a href=\"https:\/\/www.santagostino.it\/magazine-psiche\/senso-di-colpa\/\"><span style=\"font-weight: 400;\">senso di colpa<\/span><\/a><span style=\"font-weight: 400;\"> e disgusto per s\u00e9 stessi che creano un circolo vizioso, e acuiscono la sensazione di vuoto.<\/span><span style=\"font-weight: 400;\">\u00a0<\/span><\/p>\n<p><a class=\"content-cta\" href=\"https:\/\/www.santagostino.it\/it\/psiche\/?utm_source=Psiche&amp;utm_medium=direct&amp;utm_campaign=CTA_Psiche_sentirsi_vuoto\"> <img decoding=\"async\" class=\"visible-md\" src=\"\/wp-content\/uploads\/2024\/06\/Rev_04_SanAgostino_banner_desktop_low.gif\" \/><img decoding=\"async\" class=\"hidden-md\" src=\"\/wp-content\/uploads\/2024\/06\/Rev_04_SanAgostino_banner_mobile_low.gif\" \/><\/a><\/p>\n<h2><strong>Come superare il senso di vuoto?<\/strong><\/h2>\n<p><span style=\"font-weight: 400;\">\u00c8 di fondamentale importanza comprendere il<\/span><b> significato personale del senso di vuoto <\/b><span style=\"font-weight: 400;\">e lavorare sulla regolazione e comprensione emotiva.\u00a0<\/span><\/p>\n<p><span style=\"font-weight: 400;\">Quando si sperimenta per lungo tempo e con sofferenza questa condizione, \u00e8 utile rivolgersi a un <\/span><b>professionista della salute mentale<\/b><span style=\"font-weight: 400;\"> per una valutazione personalizzata che permetta di costruire una<\/span> <a href=\"https:\/\/www.santagostino.it\/magazine-psiche\/una-psicoterapia-su-misura\/\"><b>proposta terapeutica mirata<\/b><\/a><b>.<\/b><\/p>\n","protected":false},"excerpt":{"rendered":"<p>Sentirsi vuoti \u00e8 una condizione che, prima o poi, tutti si trovano ad affrontare. Quando per\u00f2 diventa persistente e invalidante, pu\u00f2 essere il segnale di un disturbo psicologico o di una profonda sofferenza psichica su cui \u00e8 necessario intervenire adeguatamente.<\/p>\n","protected":false},"author":16,"featured_media":21335,"comment_status":"closed","ping_status":"closed","sticky":false,"template":"","format":"standard","meta":{"footnotes":""},"categories":[1],"tags":[],"temi":[],"typology":[3],"class_list":["post-21331","post","type-post","status-publish","format-standard","has-post-thumbnail","hentry","category-psichiatria","typology-text"],"yoast_head":"<!-- This site is optimized with the Yoast SEO Premium plugin v25.3.1 (Yoast SEO v25.3.1) - https:\/\/yoast.com\/wordpress\/plugins\/seo\/ -->\n<title>Sentirsi vuoto: da cosa pu\u00f2 dipendere? - Santagostino Psiche<\/title>\n<meta name=\"description\" content=\"Sentirsi vuoto \u00e8 un&#039;esperienza complessa che pu\u00f2 essere dovuta a tutta una serie di cause. Vediamo quelle principali e come rimediare.\" \/>\n<meta name=\"robots\" content=\"index, follow, max-snippet:-1, max-image-preview:large, max-video-preview:-1\" \/>\n<link rel=\"canonical\" href=\"https:\/\/psiche.santagostino.it\/sentirsi-vuoto\/\" \/>\n<meta name=\"twitter:label1\" content=\"Scritto da\" \/>\n\t<meta name=\"twitter:data1\" content=\"mariar.tedesco86\" \/>\n\t<meta name=\"twitter:label2\" content=\"Tempo di lettura stimato\" \/>\n\t<meta name=\"twitter:data2\" content=\"7 minuti\" \/>\n<script type=\"application\/ld+json\" class=\"yoast-schema-graph\">{\"@context\":\"https:\/\/schema.org\",\"@graph\":[{\"@type\":\"Article\",\"@id\":\"https:\/\/psiche.santagostino.it\/sentirsi-vuoto\/#article\",\"isPartOf\":{\"@id\":\"https:\/\/psiche.santagostino.it\/sentirsi-vuoto\/\"},\"author\":{\"name\":\"mariar.tedesco86\",\"@id\":\"https:\/\/psiche.santagostino.it\/#\/schema\/person\/077c4798f274c5b354dc781f665b5630\"},\"headline\":\"Sentirsi vuoto: da cosa pu\u00f2 dipendere?\",\"datePublished\":\"2023-11-13T18:00:50+00:00\",\"mainEntityOfPage\":{\"@id\":\"https:\/\/psiche.santagostino.it\/sentirsi-vuoto\/\"},\"wordCount\":1179,\"publisher\":{\"@id\":\"https:\/\/psiche.santagostino.it\/#organization\"},\"image\":{\"@id\":\"https:\/\/psiche.santagostino.it\/sentirsi-vuoto\/#primaryimage\"},\"thumbnailUrl\":\"https:\/\/www.santagostino.it\/magazine-psiche\/wp-content\/uploads\/2023\/11\/sentirsi_vuoto.jpg\",\"articleSection\":[\"Psichiatria\"],\"inLanguage\":\"it-IT\"},{\"@type\":\"WebPage\",\"@id\":\"https:\/\/psiche.santagostino.it\/sentirsi-vuoto\/\",\"url\":\"https:\/\/psiche.santagostino.it\/sentirsi-vuoto\/\",\"name\":\"Sentirsi vuoto: da cosa pu\u00f2 dipendere? - Santagostino Psiche\",\"isPartOf\":{\"@id\":\"https:\/\/psiche.santagostino.it\/#website\"},\"primaryImageOfPage\":{\"@id\":\"https:\/\/psiche.santagostino.it\/sentirsi-vuoto\/#primaryimage\"},\"image\":{\"@id\":\"https:\/\/psiche.santagostino.it\/sentirsi-vuoto\/#primaryimage\"},\"thumbnailUrl\":\"https:\/\/www.santagostino.it\/magazine-psiche\/wp-content\/uploads\/2023\/11\/sentirsi_vuoto.jpg\",\"datePublished\":\"2023-11-13T18:00:50+00:00\",\"description\":\"Sentirsi vuoto \u00e8 un'esperienza complessa che pu\u00f2 essere dovuta a tutta una serie di cause. Vediamo quelle principali e come rimediare.\",\"breadcrumb\":{\"@id\":\"https:\/\/psiche.santagostino.it\/sentirsi-vuoto\/#breadcrumb\"},\"inLanguage\":\"it-IT\",\"potentialAction\":[{\"@type\":\"ReadAction\",\"target\":[\"https:\/\/psiche.santagostino.it\/sentirsi-vuoto\/\"]}]},{\"@type\":\"ImageObject\",\"inLanguage\":\"it-IT\",\"@id\":\"https:\/\/psiche.santagostino.it\/sentirsi-vuoto\/#primaryimage\",\"url\":\"https:\/\/www.santagostino.it\/magazine-psiche\/wp-content\/uploads\/2023\/11\/sentirsi_vuoto.jpg\",\"contentUrl\":\"https:\/\/www.santagostino.it\/magazine-psiche\/wp-content\/uploads\/2023\/11\/sentirsi_vuoto.jpg\",\"width\":1200,\"height\":580,\"caption\":\"sentirsi vuoto\"},{\"@type\":\"BreadcrumbList\",\"@id\":\"https:\/\/psiche.santagostino.it\/sentirsi-vuoto\/#breadcrumb\",\"itemListElement\":[{\"@type\":\"ListItem\",\"position\":1,\"name\":\"Home\",\"item\":\"https:\/\/psiche.santagostino.it\/\"},{\"@type\":\"ListItem\",\"position\":2,\"name\":\"Sentirsi vuoto: da cosa pu\u00f2 dipendere?\"}]},{\"@type\":\"WebSite\",\"@id\":\"https:\/\/psiche.santagostino.it\/#website\",\"url\":\"https:\/\/psiche.santagostino.it\/\",\"name\":\"https:\/\/www.santagostino.it\/magazine-psiche\",\"description\":\"La finestra sulla mente\",\"publisher\":{\"@id\":\"https:\/\/psiche.santagostino.it\/#organization\"},\"alternateName\":\"Psiche Santagostino\",\"potentialAction\":[{\"@type\":\"SearchAction\",\"target\":{\"@type\":\"EntryPoint\",\"urlTemplate\":\"https:\/\/psiche.santagostino.it\/?s={search_term_string}\"},\"query-input\":{\"@type\":\"PropertyValueSpecification\",\"valueRequired\":true,\"valueName\":\"search_term_string\"}}],\"inLanguage\":\"it-IT\"},{\"@type\":\"Organization\",\"@id\":\"https:\/\/psiche.santagostino.it\/#organization\",\"name\":\"https:\/\/www.santagostino.it\/magazine-psiche\",\"url\":\"https:\/\/psiche.santagostino.it\/\",\"logo\":{\"@type\":\"ImageObject\",\"inLanguage\":\"it-IT\",\"@id\":\"https:\/\/psiche.santagostino.it\/#\/schema\/logo\/image\/\",\"url\":\"https:\/\/www.santagostino.it\/magazine-psiche\/wp-content\/uploads\/2023\/07\/Santagostino-psiche-logo.png\",\"contentUrl\":\"https:\/\/www.santagostino.it\/magazine-psiche\/wp-content\/uploads\/2023\/07\/Santagostino-psiche-logo.png\",\"width\":430,\"height\":71,\"caption\":\"https:\/\/www.santagostino.it\/magazine-psiche\"},\"image\":{\"@id\":\"https:\/\/psiche.santagostino.it\/#\/schema\/logo\/image\/\"},\"sameAs\":[\"https:\/\/www.facebook.com\/santagostinopsiche\/\"]},{\"@type\":\"Person\",\"@id\":\"https:\/\/psiche.santagostino.it\/#\/schema\/person\/077c4798f274c5b354dc781f665b5630\",\"name\":\"mariar.tedesco86\",\"image\":{\"@type\":\"ImageObject\",\"inLanguage\":\"it-IT\",\"@id\":\"https:\/\/psiche.santagostino.it\/#\/schema\/person\/image\/\",\"url\":\"https:\/\/secure.gravatar.com\/avatar\/1822a1c5b49b32b8fbdb6b883e7de33e?s=96&d=mm&r=g\",\"contentUrl\":\"https:\/\/secure.gravatar.com\/avatar\/1822a1c5b49b32b8fbdb6b883e7de33e?s=96&d=mm&r=g\",\"caption\":\"mariar.tedesco86\"},\"url\":\"https:\/\/www.santagostino.it\/magazine-psiche\/author\/mariar-tedesco86\/\"}]}<\/script>\n<!-- \/ Yoast SEO Premium plugin. -->","yoast_head_json":{"title":"Sentirsi vuoto: da cosa pu\u00f2 dipendere? - Santagostino Psiche","description":"Sentirsi vuoto \u00e8 un'esperienza complessa che pu\u00f2 essere dovuta a tutta una serie di cause. Vediamo quelle principali e come rimediare.","robots":{"index":"index","follow":"follow","max-snippet":"max-snippet:-1","max-image-preview":"max-image-preview:large","max-video-preview":"max-video-preview:-1"},"canonical":"https:\/\/psiche.santagostino.it\/sentirsi-vuoto\/","twitter_misc":{"Scritto da":"mariar.tedesco86","Tempo di lettura stimato":"7 minuti"},"schema":{"@context":"https:\/\/schema.org","@graph":[{"@type":"Article","@id":"https:\/\/psiche.santagostino.it\/sentirsi-vuoto\/#article","isPartOf":{"@id":"https:\/\/psiche.santagostino.it\/sentirsi-vuoto\/"},"author":{"name":"mariar.tedesco86","@id":"https:\/\/psiche.santagostino.it\/#\/schema\/person\/077c4798f274c5b354dc781f665b5630"},"headline":"Sentirsi vuoto: da cosa pu\u00f2 dipendere?","datePublished":"2023-11-13T18:00:50+00:00","mainEntityOfPage":{"@id":"https:\/\/psiche.santagostino.it\/sentirsi-vuoto\/"},"wordCount":1179,"publisher":{"@id":"https:\/\/psiche.santagostino.it\/#organization"},"image":{"@id":"https:\/\/psiche.santagostino.it\/sentirsi-vuoto\/#primaryimage"},"thumbnailUrl":"https:\/\/www.santagostino.it\/magazine-psiche\/wp-content\/uploads\/2023\/11\/sentirsi_vuoto.jpg","articleSection":["Psichiatria"],"inLanguage":"it-IT"},{"@type":"WebPage","@id":"https:\/\/psiche.santagostino.it\/sentirsi-vuoto\/","url":"https:\/\/psiche.santagostino.it\/sentirsi-vuoto\/","name":"Sentirsi vuoto: da cosa pu\u00f2 dipendere? - Santagostino Psiche","isPartOf":{"@id":"https:\/\/psiche.santagostino.it\/#website"},"primaryImageOfPage":{"@id":"https:\/\/psiche.santagostino.it\/sentirsi-vuoto\/#primaryimage"},"image":{"@id":"https:\/\/psiche.santagostino.it\/sentirsi-vuoto\/#primaryimage"},"thumbnailUrl":"https:\/\/www.santagostino.it\/magazine-psiche\/wp-content\/uploads\/2023\/11\/sentirsi_vuoto.jpg","datePublished":"2023-11-13T18:00:50+00:00","description":"Sentirsi vuoto \u00e8 un'esperienza complessa che pu\u00f2 essere dovuta a tutta una serie di cause. Vediamo quelle principali e come rimediare.","breadcrumb":{"@id":"https:\/\/psiche.santagostino.it\/sentirsi-vuoto\/#breadcrumb"},"inLanguage":"it-IT","potentialAction":[{"@type":"ReadAction","target":["https:\/\/psiche.santagostino.it\/sentirsi-vuoto\/"]}]},{"@type":"ImageObject","inLanguage":"it-IT","@id":"https:\/\/psiche.santagostino.it\/sentirsi-vuoto\/#primaryimage","url":"https:\/\/www.santagostino.it\/magazine-psiche\/wp-content\/uploads\/2023\/11\/sentirsi_vuoto.jpg","contentUrl":"https:\/\/www.santagostino.it\/magazine-psiche\/wp-content\/uploads\/2023\/11\/sentirsi_vuoto.jpg","width":1200,"height":580,"caption":"sentirsi vuoto"},{"@type":"BreadcrumbList","@id":"https:\/\/psiche.santagostino.it\/sentirsi-vuoto\/#breadcrumb","itemListElement":[{"@type":"ListItem","position":1,"name":"Home","item":"https:\/\/psiche.santagostino.it\/"},{"@type":"ListItem","position":2,"name":"Sentirsi vuoto: da cosa pu\u00f2 dipendere?"}]},{"@type":"WebSite","@id":"https:\/\/psiche.santagostino.it\/#website","url":"https:\/\/psiche.santagostino.it\/","name":"https:\/\/www.santagostino.it\/magazine-psiche","description":"La finestra sulla mente","publisher":{"@id":"https:\/\/psiche.santagostino.it\/#organization"},"alternateName":"Psiche Santagostino","potentialAction":[{"@type":"SearchAction","target":{"@type":"EntryPoint","urlTemplate":"https:\/\/psiche.santagostino.it\/?s={search_term_string}"},"query-input":{"@type":"PropertyValueSpecification","valueRequired":true,"valueName":"search_term_string"}}],"inLanguage":"it-IT"},{"@type":"Organization","@id":"https:\/\/psiche.santagostino.it\/#organization","name":"https:\/\/www.santagostino.it\/magazine-psiche","url":"https:\/\/psiche.santagostino.it\/","logo":{"@type":"ImageObject","inLanguage":"it-IT","@id":"https:\/\/psiche.santagostino.it\/#\/schema\/logo\/image\/","url":"https:\/\/www.santagostino.it\/magazine-psiche\/wp-content\/uploads\/2023\/07\/Santagostino-psiche-logo.png","contentUrl":"https:\/\/www.santagostino.it\/magazine-psiche\/wp-content\/uploads\/2023\/07\/Santagostino-psiche-logo.png","width":430,"height":71,"caption":"https:\/\/www.santagostino.it\/magazine-psiche"},"image":{"@id":"https:\/\/psiche.santagostino.it\/#\/schema\/logo\/image\/"},"sameAs":["https:\/\/www.facebook.com\/santagostinopsiche\/"]},{"@type":"Person","@id":"https:\/\/psiche.santagostino.it\/#\/schema\/person\/077c4798f274c5b354dc781f665b5630","name":"mariar.tedesco86","image":{"@type":"ImageObject","inLanguage":"it-IT","@id":"https:\/\/psiche.santagostino.it\/#\/schema\/person\/image\/","url":"https:\/\/secure.gravatar.com\/avatar\/1822a1c5b49b32b8fbdb6b883e7de33e?s=96&d=mm&r=g","contentUrl":"https:\/\/secure.gravatar.com\/avatar\/1822a1c5b49b32b8fbdb6b883e7de33e?s=96&d=mm&r=g","caption":"mariar.tedesco86"},"url":"https:\/\/www.santagostino.it\/magazine-psiche\/author\/mariar-tedesco86\/"}]}},"_links":{"self":[{"href":"https:\/\/www.santagostino.it\/magazine-psiche\/wp-json\/wp\/v2\/posts\/21331","targetHints":{"allow":["GET"]}}],"collection":[{"href":"https:\/\/www.santagostino.it\/magazine-psiche\/wp-json\/wp\/v2\/posts"}],"about":[{"href":"https:\/\/www.santagostino.it\/magazine-psiche\/wp-json\/wp\/v2\/types\/post"}],"author":[{"embeddable":true,"href":"https:\/\/www.santagostino.it\/magazine-psiche\/wp-json\/wp\/v2\/users\/16"}],"replies":[{"embeddable":true,"href":"https:\/\/www.santagostino.it\/magazine-psiche\/wp-json\/wp\/v2\/comments?post=21331"}],"version-history":[{"count":7,"href":"https:\/\/www.santagostino.it\/magazine-psiche\/wp-json\/wp\/v2\/posts\/21331\/revisions"}],"predecessor-version":[{"id":21342,"href":"https:\/\/www.santagostino.it\/magazine-psiche\/wp-json\/wp\/v2\/posts\/21331\/revisions\/21342"}],"wp:featuredmedia":[{"embeddable":true,"href":"https:\/\/www.santagostino.it\/magazine-psiche\/wp-json\/wp\/v2\/media\/21335"}],"wp:attachment":[{"href":"https:\/\/www.santagostino.it\/magazine-psiche\/wp-json\/wp\/v2\/media?parent=21331"}],"wp:term":[{"taxonomy":"category","embeddable":true,"href":"https:\/\/www.santagostino.it\/magazine-psiche\/wp-json\/wp\/v2\/categories?post=21331"},{"taxonomy":"post_tag","embeddable":true,"href":"https:\/\/www.santagostino.it\/magazine-psiche\/wp-json\/wp\/v2\/tags?post=21331"},{"taxonomy":"temi","embeddable":true,"href":"https:\/\/www.santagostino.it\/magazine-psiche\/wp-json\/wp\/v2\/temi?post=21331"},{"taxonomy":"typology","embeddable":true,"href":"https:\/\/www.santagostino.it\/magazine-psiche\/wp-json\/wp\/v2\/typology?post=21331"}],"curies":[{"name":"wp","href":"https:\/\/api.w.org\/{rel}","templated":true}]}}