{"id":21326,"date":"2023-11-16T01:07:32","date_gmt":"2023-11-16T01:07:32","guid":{"rendered":"https:\/\/www.santagostino.it\/magazine-psiche\/?p=21326"},"modified":"2023-11-16T14:31:34","modified_gmt":"2023-11-16T14:31:34","slug":"ipertimesia","status":"publish","type":"post","link":"https:\/\/www.santagostino.it\/magazine-psiche\/ipertimesia\/","title":{"rendered":"L&#8217;ipertimesia, la sindrome della super-memoria"},"content":{"rendered":"<p><span style=\"font-weight: 400;\">L&#8217;ipertimesia, o memoria autobiografica superiore, rappresenta una condizione straordinaria che coinvolge la memoria autobiografica di un individuo.<\/span><\/p>\n<p><span style=\"font-weight: 400;\">Nel corso degli anni, la letteratura scientifica ha documentato <strong>solo poche decine di casi<\/strong> di ipertimesia nel mondo, rendendola un fenomeno affascinante e allo stesso tempo misterioso.<\/span><\/p>\n<p><span style=\"font-weight: 400;\">In questo articolo esploreremo in dettaglio l&#8217;ipertimesia, analizzando le sue caratteristiche distintive, le cause, i sintomi e la ricaduta sulla vita quotidiana di chi ne \u00e8 affetto.<\/span><\/p>\n<p><a class=\"content-cta\" href=\"https:\/\/www.santagostino.it\/it\/psiche\/?utm_source=Psiche&amp;utm_medium=direct&amp;utm_campaign=CTA_Psiche_ipertimesia\"> <img decoding=\"async\" class=\"visible-md\" src=\"\/wp-content\/uploads\/2024\/06\/Rev_04_SanAgostino_banner_desktop_low.gif\" \/><img decoding=\"async\" class=\"hidden-md\" src=\"\/wp-content\/uploads\/2024\/06\/Rev_04_SanAgostino_banner_mobile_low.gif\" \/><\/a><\/p>\n<h2><span style=\"font-weight: 400;\">Che cos&#8217;\u00e8 l\u2019ipertimesia?<\/span><\/h2>\n<p><span style=\"font-weight: 400;\">L\u2019<\/span><b>ipertimesia<\/b><span style=\"font-weight: 400;\">, anche detta<\/span><b> sindrome ipertimesica o memoria autobiografica superiore <\/b><span style=\"font-weight: 400;\">(HSAM, Highly Superior Autobiographical Memory) implica la capacit\u00e0 di <\/span><b>ricordare dettagliatamente la grande maggioranza degli eventi vissuti nel corso della propria esistenza,<\/b><span style=\"font-weight: 400;\"> anche quelli pi\u00f9 remoti nel tempo e i dettagli pi\u00f9 banali.<\/span><\/p>\n<h2><span style=\"font-weight: 400;\">Come si manifesta?<\/span><\/h2>\n<p><span style=\"font-weight: 400;\">Le persone affette da questa sindrome si distinguono poich\u00e9 dedicano molto tempo della propria vita alla riproduzione mentale degli eventi passati e sono in grado di richiamare particolari dettagli delle proprie esperienze. <\/span><b>Le memorie, descritte come vivide e incontrollabili, emergono nella mente dell&#8217;ipertimesico senza sforzo,<\/b><span style=\"font-weight: 400;\"> trasformando ogni ricordo in una nitida rappresentazione dell&#8217;esperienza originale.<\/span><\/p>\n<p><span style=\"font-weight: 400;\">Ci\u00f2 significa che, citando una data qualsiasi a un soggetto con ipertimesia, questi potr\u00e0 fare un resoconto di quella giornata. \u00c8 importante sottolineare che questa straordinaria capacit\u00e0 non \u00e8 il risultato di strategie di memorizzazione intenzionali, ma piuttosto un<\/span><b> processo involontario e automatico.<\/b><\/p>\n<p><span style=\"font-weight: 400;\">Quello causato dall\u2019ipertimesia \u00e8 un<\/span><b> assorbimento indefinito delle informazioni, anche di quelle apparentemente superflue.<\/b><span style=\"font-weight: 400;\"> Particolari come l\u2019abbigliamento o il pasto consumato per pranzo o per cena in un determinato giorno, che solitamente non verrebbero incamerate dalla <a href=\"https:\/\/www.santagostino.it\/it\/ambulatori\/memoria\"><strong>memoria<\/strong><\/a>, diventano per i soggetti ipertimesici significativi. In altre parole, la sindrome sembra alterare il normale processo di consolidamento dei ricordi, portando a un&#8217;<\/span><b>archiviazione indiscriminata di dettagli di vita quotidiana<\/b><span style=\"font-weight: 400;\">.<\/span><\/p>\n<h2><span style=\"font-weight: 400;\">Quante persone sono affette da ipertimesia?<\/span><\/h2>\n<p><span style=\"font-weight: 400;\">L&#8217;ipertimesia \u00e8 una condizione straordinariamente rara. A livello mondiale, sono stati documentati <\/span><b>circa 60 casi di sindrome ipertimesica.<\/b><span style=\"font-weight: 400;\"> Il caso pi\u00f9 celebre \u00e8 quello di <\/span><b>Jill Price<\/b><span style=\"font-weight: 400;\">, inizialmente identificata come AJ, riportato dai ricercatori dell&#8217;University of California-Irvine. Jill Price sostiene di ricordare chiaramente ogni giorno della sua vita a partire dal 5 febbraio 1980, quando aveva quattordici anni.<\/span><\/p>\n<p><b>L&#8217;ipertimesia non sembra essere legata a fattori specifici come et\u00e0, sesso, quoziente intellettivo o stato sociale,<\/b><span style=\"font-weight: 400;\"> poich\u00e9 i pochi casi noti riguardano individui molto diversi tra loro.<\/span><\/p>\n<h2><span style=\"font-weight: 400;\">Quali sono le cause dell\u2019ipertimesia?<\/span><\/h2>\n<p><span style=\"font-weight: 400;\">Le cause specifiche dell&#8217;ipertimesia rimangono sconosciute, ma gli studiosi hanno avanzato alcune ipotesi:<\/span><\/p>\n<ul>\n<li style=\"font-weight: 400;\" aria-level=\"1\"><b>a livello biologico<\/b><span style=\"font-weight: 400;\">, alcuni scienziati hanno suggerito la presenza di un&#8217;<\/span><b>alterazione del circuito frontostriatale<\/b><span style=\"font-weight: 400;\">, associato anche a disturbi nello sviluppo neurologico, come l\u2019<a href=\"https:\/\/www.santagostino.it\/magazine-psiche\/autismo\/\">autismo<\/a>, la <a href=\"https:\/\/www.santagostino.it\/magazine-psiche\/sindrome-tourette\/\">sindrome di Tourette<\/a>, il <a href=\"https:\/\/www.santagostino.it\/magazine-psiche\/deficit-attenzione\/\">deficit di attenzione e iperattivit\u00e0<\/a>. In alcuni pazienti colpiti dalla sindrome, inoltre, specifiche aree cerebrali, come il lobo temporale e il nucleo caudato, sono risultate di dimensioni maggiori rispetto a quelle di individui con una memoria tipica<\/span><\/li>\n<li style=\"font-weight: 400;\" aria-level=\"1\"><b>dal punto di vista psicologico<\/b><span style=\"font-weight: 400;\">, si \u00e8 ipotizzato che l\u2019ipertimesia possa essere correlata a un <\/span><b>processo <a href=\"https:\/\/www.santagostino.it\/magazine-psiche\/disturbo-ossessivo-compulsivo\/\">ossessivo-compulsivo<\/a><\/b><span style=\"font-weight: 400;\"> in cui il soggetto <a href=\"https:\/\/www.santagostino.it\/magazine-psiche\/rimuginio-pensiero-ripetitivo\/\">rimugina<\/a> in modo eccessivo su ricordi apparentemente superflui, portandoli a cristallizzarsi nella memoria<\/span><\/li>\n<\/ul>\n<p><span style=\"font-weight: 400;\">La <\/span><b>diagnosi di ipertimesia<\/b><span style=\"font-weight: 400;\"> \u00e8 stata effettuata attraverso<\/span><b> test neuropsicologici standardizzati e risonanze magnetiche<\/b><span style=\"font-weight: 400;\"> per studiare le caratteristiche del cervello dei soggetti affetti.\u00a0<\/span><\/p>\n<h2><span style=\"font-weight: 400;\">Quali sono i 3 tipi di memoria?<\/span><\/h2>\n<p><span style=\"font-weight: 400;\">Per comprendere meglio l&#8217;ipertimesia, \u00e8 importante richiamare i meccanismi di base della memoria umana. Secondo il modello sviluppato da <a href=\"http:\/\/rca.ucsd.edu\/reprints\/Sternberg-human-memory-a-proposed-system-and-its-control-processes.pdf\">Atkinson e Shiffrin<\/a> (1968), la <a href=\"https:\/\/www.santagostino.it\/magazine-psiche\/memoria\/\">memoria<\/a> pu\u00f2 essere suddivisa in <\/span><b>tre tipi principali: sensoriale, a breve termine e a lungo termine.<\/b><\/p>\n<h3><span style=\"font-weight: 400;\">Memoria sensoriale<\/span><\/h3>\n<p><span style=\"font-weight: 400;\">La memoria sensoriale \u00e8 la<\/span><b> fase iniziale del processo mnemonico<\/b><span style=\"font-weight: 400;\">, in cui vengono registrate brevemente le <\/span><b>informazioni provenienti dai nostri sensi<\/b><span style=\"font-weight: 400;\">. Questa forma di memoria ha una durata estremamente breve, nell&#8217;ordine dei secondi. Ad esempio, quando vediamo un oggetto, la sua immagine rimane nella memoria sensoriale solo per un breve istante.<\/span><\/p>\n<h3><span style=\"font-weight: 400;\">Memoria a breve termine<\/span><\/h3>\n<p><span style=\"font-weight: 400;\">La memoria a breve termine \u00e8 coinvolta nel <\/span><b>mantenere attivamente informazioni per un periodo di tempo limitato<\/b><span style=\"font-weight: 400;\">, generalmente da pochi secondi a qualche minuto. \u00c8 la memoria che utilizziamo per ricordare un numero di telefono temporaneamente o per seguire le istruzioni immediate. Tuttavia, se non viene esercitata o ripetuta, queste informazioni rischiano di essere dimenticate.<\/span><\/p>\n<h3><span style=\"font-weight: 400;\">Memoria a lungo termine<\/span><\/h3>\n<p><span style=\"font-weight: 400;\">La memoria a lungo termine \u00e8 la forma pi\u00f9 duratura di memoria e <\/span><b>pu\u00f2 immagazzinare informazioni per periodi estesi, potenzialmente per tutta la vita. <\/b><span style=\"font-weight: 400;\">\u00c8 coinvolta nella conservazione di esperienze significative, conoscenze e abilit\u00e0. Il passaggio di informazioni dalla memoria a breve termine a quella a lungo termine coinvolge processi complessi, come la consolidazione della memoria.<\/span><\/p>\n<p><span style=\"font-weight: 400;\">La memoria a lungo termine si categorizza in <\/span><b>memoria esplicita<\/b><span style=\"font-weight: 400;\">, conosciuta anche come <\/span><b>memoria dichiarativa<\/b><span style=\"font-weight: 400;\">, e <\/span><b>memoria implicita<\/b><span style=\"font-weight: 400;\">, identificata anche come memoria <\/span><b>procedurale<\/b><span style=\"font-weight: 400;\">:<\/span><\/p>\n<ul>\n<li style=\"font-weight: 400;\" aria-level=\"1\"><span style=\"font-weight: 400;\">la <\/span><b>memoria esplicita<\/b><span style=\"font-weight: 400;\"> coinvolge informazioni che possono essere consapevolmente descritte dal soggetto e si suddivide in <\/span><b>memoria episodica, memoria semantica e memoria autobiografica<\/b><span style=\"font-weight: 400;\">. La memoria episodica riguarda gli eventi personali; quella semantica comprende conoscenze generali, come fatti e concetti; mentre quella autobiografica conserva i ricordi specifici della propria vita<\/span><\/li>\n<li style=\"font-weight: 400;\" aria-level=\"1\"><span style=\"font-weight: 400;\">la <\/span><b>memoria implicita <\/b><span style=\"font-weight: 400;\">riguarda abilit\u00e0 motorie, percettive e cognitive che vengono acquisite senza necessit\u00e0 di una coscienza esplicita, come imparare a guidare, suonare uno strumento musicale o svolgere attivit\u00e0 motorie senza doverle eseguire consapevolmente passo dopo passo. La memoria implicita rappresenta una componente preziosa del nostro repertorio cognitivo, consentendo il compimento automatico di azioni apprese nel corso del tempo<\/span><\/li>\n<\/ul>\n<p><span style=\"font-weight: 400;\">Ogni tipo di memoria svolge un ruolo cruciale nel nostro funzionamento cognitivo quotidiano. <\/span><b>Nell&#8217;ipertimesia, sembra che si verifichi un processo di archiviazione particolarmente intenso, <\/b><span style=\"font-weight: 400;\">portando a un ricordo eccezionale degli eventi autobiografici. Questa peculiarit\u00e0 potrebbe spiegare la capacit\u00e0 dei soggetti che ne sono affetti di richiamare dettagli cos\u00ec specifici della propria vita.<\/span><\/p>\n<p><a class=\"content-cta\" href=\"https:\/\/www.santagostino.it\/it\/psiche\/?utm_source=Psiche&amp;utm_medium=direct&amp;utm_campaign=CTA_Psiche_ipertimesia\"> <img decoding=\"async\" class=\"visible-md\" src=\"\/wp-content\/uploads\/2024\/06\/Rev_04_SanAgostino_banner_desktop_low.gif\" \/><img decoding=\"async\" class=\"hidden-md\" src=\"\/wp-content\/uploads\/2024\/06\/Rev_04_SanAgostino_banner_mobile_low.gif\" \/><\/a><\/p>\n<h2><span style=\"font-weight: 400;\">Ipertimesia: dono o malattia?<\/span><\/h2>\n<p><span style=\"font-weight: 400;\">Chi vive con l&#8217;ipertimesia potrebbe interpretare la propria straordinaria capacit\u00e0 di memoria come un dono. D&#8217;altra parte, per\u00f2, \u00e8 inevitabile constatare come questa sindrome rappresenti una sfida considerevole:<\/span><b> il costante richiamo di ricordi, anche quelli indesiderati, pu\u00f2 trasformare questo &#8220;dono&#8221; in una condanna, <\/b><span style=\"font-weight: 400;\">rendendo difficile per chi ne \u00e8 affetto vivere appieno nel presente.<\/span><\/p>\n<p><b>L&#8217;ipertimesia non \u00e8 infatti una memoria eccezionale ottenuta attraverso un controllo consapevole delle informazioni<\/b><span style=\"font-weight: 400;\"> (come avviene nel caso della memoria eidetica, propria di molte personalit\u00e0 geniali: da Mozart a Leopardi fino allo Sheldon della serie <\/span><i><span style=\"font-weight: 400;\">The Big Bang Theory<\/span><\/i><span style=\"font-weight: 400;\">), ma la rievocazione involontaria e compulsiva di ricordi immagazzinati, e per questo pu\u00f2 interferire con una vita serena e centrata sull\u2019oggi.<\/span><\/p>\n","protected":false},"excerpt":{"rendered":"<p>L&#8217;ipertimesia \u00e8 una condizione rarissima che comporta la capacit\u00e0 di ricordare con estrema precisione la gran parte degli eventi accaduti nella propria esistenza.<\/p>\n","protected":false},"author":32,"featured_media":21328,"comment_status":"closed","ping_status":"closed","sticky":false,"template":"","format":"standard","meta":{"footnotes":""},"categories":[1],"tags":[],"temi":[],"typology":[3],"class_list":["post-21326","post","type-post","status-publish","format-standard","has-post-thumbnail","hentry","category-psichiatria","typology-text"],"yoast_head":"<!-- This site is optimized with the Yoast SEO Premium plugin v25.3.1 (Yoast SEO v25.3.1) - https:\/\/yoast.com\/wordpress\/plugins\/seo\/ -->\n<title>L&#039;ipertimesia, la sindrome della super-memoria - Santagostino Psiche<\/title>\n<meta name=\"description\" content=\"L&#039;ipertimesia \u00e8 la capacit\u00e0 di ricordare con estrema precisione la gran parte degli eventi accaduti nella propria esistenza.\" \/>\n<meta name=\"robots\" content=\"index, follow, max-snippet:-1, max-image-preview:large, max-video-preview:-1\" \/>\n<link rel=\"canonical\" href=\"https:\/\/psiche.santagostino.it\/ipertimesia\/\" \/>\n<meta name=\"twitter:label1\" content=\"Scritto da\" \/>\n\t<meta name=\"twitter:data1\" content=\"Giulia Vallone\" \/>\n\t<meta name=\"twitter:label2\" content=\"Tempo di lettura stimato\" \/>\n\t<meta name=\"twitter:data2\" content=\"7 minuti\" \/>\n<script type=\"application\/ld+json\" class=\"yoast-schema-graph\">{\"@context\":\"https:\/\/schema.org\",\"@graph\":[{\"@type\":\"Article\",\"@id\":\"https:\/\/psiche.santagostino.it\/ipertimesia\/#article\",\"isPartOf\":{\"@id\":\"https:\/\/psiche.santagostino.it\/ipertimesia\/\"},\"author\":{\"name\":\"Giulia Vallone\",\"@id\":\"https:\/\/psiche.santagostino.it\/#\/schema\/person\/ec461f05f858dbc3a0b54dccfdfa328b\"},\"headline\":\"L&#8217;ipertimesia, la sindrome della super-memoria\",\"datePublished\":\"2023-11-16T01:07:32+00:00\",\"dateModified\":\"2023-11-16T14:31:34+00:00\",\"mainEntityOfPage\":{\"@id\":\"https:\/\/psiche.santagostino.it\/ipertimesia\/\"},\"wordCount\":1041,\"publisher\":{\"@id\":\"https:\/\/psiche.santagostino.it\/#organization\"},\"image\":{\"@id\":\"https:\/\/psiche.santagostino.it\/ipertimesia\/#primaryimage\"},\"thumbnailUrl\":\"https:\/\/www.santagostino.it\/magazine-psiche\/wp-content\/uploads\/2023\/11\/ipertimesia.jpg\",\"articleSection\":[\"Psichiatria\"],\"inLanguage\":\"it-IT\"},{\"@type\":\"WebPage\",\"@id\":\"https:\/\/psiche.santagostino.it\/ipertimesia\/\",\"url\":\"https:\/\/psiche.santagostino.it\/ipertimesia\/\",\"name\":\"L'ipertimesia, la sindrome della super-memoria - Santagostino Psiche\",\"isPartOf\":{\"@id\":\"https:\/\/psiche.santagostino.it\/#website\"},\"primaryImageOfPage\":{\"@id\":\"https:\/\/psiche.santagostino.it\/ipertimesia\/#primaryimage\"},\"image\":{\"@id\":\"https:\/\/psiche.santagostino.it\/ipertimesia\/#primaryimage\"},\"thumbnailUrl\":\"https:\/\/www.santagostino.it\/magazine-psiche\/wp-content\/uploads\/2023\/11\/ipertimesia.jpg\",\"datePublished\":\"2023-11-16T01:07:32+00:00\",\"dateModified\":\"2023-11-16T14:31:34+00:00\",\"description\":\"L'ipertimesia \u00e8 la capacit\u00e0 di ricordare con estrema precisione la gran parte degli eventi accaduti nella propria esistenza.\",\"breadcrumb\":{\"@id\":\"https:\/\/psiche.santagostino.it\/ipertimesia\/#breadcrumb\"},\"inLanguage\":\"it-IT\",\"potentialAction\":[{\"@type\":\"ReadAction\",\"target\":[\"https:\/\/psiche.santagostino.it\/ipertimesia\/\"]}]},{\"@type\":\"ImageObject\",\"inLanguage\":\"it-IT\",\"@id\":\"https:\/\/psiche.santagostino.it\/ipertimesia\/#primaryimage\",\"url\":\"https:\/\/www.santagostino.it\/magazine-psiche\/wp-content\/uploads\/2023\/11\/ipertimesia.jpg\",\"contentUrl\":\"https:\/\/www.santagostino.it\/magazine-psiche\/wp-content\/uploads\/2023\/11\/ipertimesia.jpg\",\"width\":1200,\"height\":580,\"caption\":\"ipertimesia\"},{\"@type\":\"BreadcrumbList\",\"@id\":\"https:\/\/psiche.santagostino.it\/ipertimesia\/#breadcrumb\",\"itemListElement\":[{\"@type\":\"ListItem\",\"position\":1,\"name\":\"Home\",\"item\":\"https:\/\/psiche.santagostino.it\/\"},{\"@type\":\"ListItem\",\"position\":2,\"name\":\"L&#8217;ipertimesia, la sindrome della super-memoria\"}]},{\"@type\":\"WebSite\",\"@id\":\"https:\/\/psiche.santagostino.it\/#website\",\"url\":\"https:\/\/psiche.santagostino.it\/\",\"name\":\"https:\/\/www.santagostino.it\/magazine-psiche\",\"description\":\"La finestra sulla mente\",\"publisher\":{\"@id\":\"https:\/\/psiche.santagostino.it\/#organization\"},\"alternateName\":\"Psiche Santagostino\",\"potentialAction\":[{\"@type\":\"SearchAction\",\"target\":{\"@type\":\"EntryPoint\",\"urlTemplate\":\"https:\/\/psiche.santagostino.it\/?s={search_term_string}\"},\"query-input\":{\"@type\":\"PropertyValueSpecification\",\"valueRequired\":true,\"valueName\":\"search_term_string\"}}],\"inLanguage\":\"it-IT\"},{\"@type\":\"Organization\",\"@id\":\"https:\/\/psiche.santagostino.it\/#organization\",\"name\":\"https:\/\/www.santagostino.it\/magazine-psiche\",\"url\":\"https:\/\/psiche.santagostino.it\/\",\"logo\":{\"@type\":\"ImageObject\",\"inLanguage\":\"it-IT\",\"@id\":\"https:\/\/psiche.santagostino.it\/#\/schema\/logo\/image\/\",\"url\":\"https:\/\/www.santagostino.it\/magazine-psiche\/wp-content\/uploads\/2023\/07\/Santagostino-psiche-logo.png\",\"contentUrl\":\"https:\/\/www.santagostino.it\/magazine-psiche\/wp-content\/uploads\/2023\/07\/Santagostino-psiche-logo.png\",\"width\":430,\"height\":71,\"caption\":\"https:\/\/www.santagostino.it\/magazine-psiche\"},\"image\":{\"@id\":\"https:\/\/psiche.santagostino.it\/#\/schema\/logo\/image\/\"},\"sameAs\":[\"https:\/\/www.facebook.com\/santagostinopsiche\/\"]},{\"@type\":\"Person\",\"@id\":\"https:\/\/psiche.santagostino.it\/#\/schema\/person\/ec461f05f858dbc3a0b54dccfdfa328b\",\"name\":\"Giulia Vallone\",\"image\":{\"@type\":\"ImageObject\",\"inLanguage\":\"it-IT\",\"@id\":\"https:\/\/psiche.santagostino.it\/#\/schema\/person\/image\/\",\"url\":\"https:\/\/secure.gravatar.com\/avatar\/d93c1e3b2d8c14f2c5f6963a8d745b33?s=96&d=mm&r=g\",\"contentUrl\":\"https:\/\/secure.gravatar.com\/avatar\/d93c1e3b2d8c14f2c5f6963a8d745b33?s=96&d=mm&r=g\",\"caption\":\"Giulia Vallone\"},\"url\":\"https:\/\/www.santagostino.it\/magazine-psiche\/author\/giulia-vallone\/\"}]}<\/script>\n<!-- \/ Yoast SEO Premium plugin. -->","yoast_head_json":{"title":"L'ipertimesia, la sindrome della super-memoria - Santagostino Psiche","description":"L'ipertimesia \u00e8 la capacit\u00e0 di ricordare con estrema precisione la gran parte degli eventi accaduti nella propria esistenza.","robots":{"index":"index","follow":"follow","max-snippet":"max-snippet:-1","max-image-preview":"max-image-preview:large","max-video-preview":"max-video-preview:-1"},"canonical":"https:\/\/psiche.santagostino.it\/ipertimesia\/","twitter_misc":{"Scritto da":"Giulia Vallone","Tempo di lettura stimato":"7 minuti"},"schema":{"@context":"https:\/\/schema.org","@graph":[{"@type":"Article","@id":"https:\/\/psiche.santagostino.it\/ipertimesia\/#article","isPartOf":{"@id":"https:\/\/psiche.santagostino.it\/ipertimesia\/"},"author":{"name":"Giulia Vallone","@id":"https:\/\/psiche.santagostino.it\/#\/schema\/person\/ec461f05f858dbc3a0b54dccfdfa328b"},"headline":"L&#8217;ipertimesia, la sindrome della super-memoria","datePublished":"2023-11-16T01:07:32+00:00","dateModified":"2023-11-16T14:31:34+00:00","mainEntityOfPage":{"@id":"https:\/\/psiche.santagostino.it\/ipertimesia\/"},"wordCount":1041,"publisher":{"@id":"https:\/\/psiche.santagostino.it\/#organization"},"image":{"@id":"https:\/\/psiche.santagostino.it\/ipertimesia\/#primaryimage"},"thumbnailUrl":"https:\/\/www.santagostino.it\/magazine-psiche\/wp-content\/uploads\/2023\/11\/ipertimesia.jpg","articleSection":["Psichiatria"],"inLanguage":"it-IT"},{"@type":"WebPage","@id":"https:\/\/psiche.santagostino.it\/ipertimesia\/","url":"https:\/\/psiche.santagostino.it\/ipertimesia\/","name":"L'ipertimesia, la sindrome della super-memoria - Santagostino Psiche","isPartOf":{"@id":"https:\/\/psiche.santagostino.it\/#website"},"primaryImageOfPage":{"@id":"https:\/\/psiche.santagostino.it\/ipertimesia\/#primaryimage"},"image":{"@id":"https:\/\/psiche.santagostino.it\/ipertimesia\/#primaryimage"},"thumbnailUrl":"https:\/\/www.santagostino.it\/magazine-psiche\/wp-content\/uploads\/2023\/11\/ipertimesia.jpg","datePublished":"2023-11-16T01:07:32+00:00","dateModified":"2023-11-16T14:31:34+00:00","description":"L'ipertimesia \u00e8 la capacit\u00e0 di ricordare con estrema precisione la gran parte degli eventi accaduti nella propria esistenza.","breadcrumb":{"@id":"https:\/\/psiche.santagostino.it\/ipertimesia\/#breadcrumb"},"inLanguage":"it-IT","potentialAction":[{"@type":"ReadAction","target":["https:\/\/psiche.santagostino.it\/ipertimesia\/"]}]},{"@type":"ImageObject","inLanguage":"it-IT","@id":"https:\/\/psiche.santagostino.it\/ipertimesia\/#primaryimage","url":"https:\/\/www.santagostino.it\/magazine-psiche\/wp-content\/uploads\/2023\/11\/ipertimesia.jpg","contentUrl":"https:\/\/www.santagostino.it\/magazine-psiche\/wp-content\/uploads\/2023\/11\/ipertimesia.jpg","width":1200,"height":580,"caption":"ipertimesia"},{"@type":"BreadcrumbList","@id":"https:\/\/psiche.santagostino.it\/ipertimesia\/#breadcrumb","itemListElement":[{"@type":"ListItem","position":1,"name":"Home","item":"https:\/\/psiche.santagostino.it\/"},{"@type":"ListItem","position":2,"name":"L&#8217;ipertimesia, la sindrome della super-memoria"}]},{"@type":"WebSite","@id":"https:\/\/psiche.santagostino.it\/#website","url":"https:\/\/psiche.santagostino.it\/","name":"https:\/\/www.santagostino.it\/magazine-psiche","description":"La finestra sulla mente","publisher":{"@id":"https:\/\/psiche.santagostino.it\/#organization"},"alternateName":"Psiche Santagostino","potentialAction":[{"@type":"SearchAction","target":{"@type":"EntryPoint","urlTemplate":"https:\/\/psiche.santagostino.it\/?s={search_term_string}"},"query-input":{"@type":"PropertyValueSpecification","valueRequired":true,"valueName":"search_term_string"}}],"inLanguage":"it-IT"},{"@type":"Organization","@id":"https:\/\/psiche.santagostino.it\/#organization","name":"https:\/\/www.santagostino.it\/magazine-psiche","url":"https:\/\/psiche.santagostino.it\/","logo":{"@type":"ImageObject","inLanguage":"it-IT","@id":"https:\/\/psiche.santagostino.it\/#\/schema\/logo\/image\/","url":"https:\/\/www.santagostino.it\/magazine-psiche\/wp-content\/uploads\/2023\/07\/Santagostino-psiche-logo.png","contentUrl":"https:\/\/www.santagostino.it\/magazine-psiche\/wp-content\/uploads\/2023\/07\/Santagostino-psiche-logo.png","width":430,"height":71,"caption":"https:\/\/www.santagostino.it\/magazine-psiche"},"image":{"@id":"https:\/\/psiche.santagostino.it\/#\/schema\/logo\/image\/"},"sameAs":["https:\/\/www.facebook.com\/santagostinopsiche\/"]},{"@type":"Person","@id":"https:\/\/psiche.santagostino.it\/#\/schema\/person\/ec461f05f858dbc3a0b54dccfdfa328b","name":"Giulia Vallone","image":{"@type":"ImageObject","inLanguage":"it-IT","@id":"https:\/\/psiche.santagostino.it\/#\/schema\/person\/image\/","url":"https:\/\/secure.gravatar.com\/avatar\/d93c1e3b2d8c14f2c5f6963a8d745b33?s=96&d=mm&r=g","contentUrl":"https:\/\/secure.gravatar.com\/avatar\/d93c1e3b2d8c14f2c5f6963a8d745b33?s=96&d=mm&r=g","caption":"Giulia Vallone"},"url":"https:\/\/www.santagostino.it\/magazine-psiche\/author\/giulia-vallone\/"}]}},"_links":{"self":[{"href":"https:\/\/www.santagostino.it\/magazine-psiche\/wp-json\/wp\/v2\/posts\/21326","targetHints":{"allow":["GET"]}}],"collection":[{"href":"https:\/\/www.santagostino.it\/magazine-psiche\/wp-json\/wp\/v2\/posts"}],"about":[{"href":"https:\/\/www.santagostino.it\/magazine-psiche\/wp-json\/wp\/v2\/types\/post"}],"author":[{"embeddable":true,"href":"https:\/\/www.santagostino.it\/magazine-psiche\/wp-json\/wp\/v2\/users\/32"}],"replies":[{"embeddable":true,"href":"https:\/\/www.santagostino.it\/magazine-psiche\/wp-json\/wp\/v2\/comments?post=21326"}],"version-history":[{"count":6,"href":"https:\/\/www.santagostino.it\/magazine-psiche\/wp-json\/wp\/v2\/posts\/21326\/revisions"}],"predecessor-version":[{"id":21441,"href":"https:\/\/www.santagostino.it\/magazine-psiche\/wp-json\/wp\/v2\/posts\/21326\/revisions\/21441"}],"wp:featuredmedia":[{"embeddable":true,"href":"https:\/\/www.santagostino.it\/magazine-psiche\/wp-json\/wp\/v2\/media\/21328"}],"wp:attachment":[{"href":"https:\/\/www.santagostino.it\/magazine-psiche\/wp-json\/wp\/v2\/media?parent=21326"}],"wp:term":[{"taxonomy":"category","embeddable":true,"href":"https:\/\/www.santagostino.it\/magazine-psiche\/wp-json\/wp\/v2\/categories?post=21326"},{"taxonomy":"post_tag","embeddable":true,"href":"https:\/\/www.santagostino.it\/magazine-psiche\/wp-json\/wp\/v2\/tags?post=21326"},{"taxonomy":"temi","embeddable":true,"href":"https:\/\/www.santagostino.it\/magazine-psiche\/wp-json\/wp\/v2\/temi?post=21326"},{"taxonomy":"typology","embeddable":true,"href":"https:\/\/www.santagostino.it\/magazine-psiche\/wp-json\/wp\/v2\/typology?post=21326"}],"curies":[{"name":"wp","href":"https:\/\/api.w.org\/{rel}","templated":true}]}}