{"id":21140,"date":"2023-11-06T11:00:06","date_gmt":"2023-11-06T11:00:06","guid":{"rendered":"https:\/\/www.santagostino.it\/magazine-psiche\/?p=21140"},"modified":"2023-11-02T15:27:55","modified_gmt":"2023-11-02T15:27:55","slug":"paralisi-nel-sonno","status":"publish","type":"post","link":"https:\/\/www.santagostino.it\/magazine-psiche\/paralisi-nel-sonno\/","title":{"rendered":"Paralisi nel sonno: cos&#8217;\u00e8 e come affrontarla"},"content":{"rendered":"<p>Durante il risveglio o l\u2019addormentamento, pu\u00f2 verificarsi una paralisi nel sonno: quando ci si ritrova in questa condizione, la persona non \u00e8 in grado di muoversi anche se \u00e8 perfettamente cosciente.<\/p>\n<p>Questo \u00e8 un fenomeno tutto sommato naturale e normale, quando accade in un contesto di fase REM.<\/p>\n<p>Nei casi in cui avviene fuori dalla fase REM, <strong>pu\u00f2 determinare disagio e malessere nell\u2019individuo<\/strong>. In cosa consiste allora la paralisi nel sonno, quali possono esserne le cause e i trattamenti, e <strong>come evitarla?<br \/>\n<\/strong><\/p>\n<p><a class=\"content-cta\" href=\"https:\/\/www.santagostino.it\/it\/psiche\/?utm_source=Psiche&amp;utm_medium=direct&amp;utm_campaign=CTA_Psiche_paralisi_nel_sonno\"> <img decoding=\"async\" class=\"visible-md\" src=\"\/wp-content\/uploads\/2024\/06\/Rev_04_SanAgostino_banner_desktop_low.gif\" \/><img decoding=\"async\" class=\"hidden-md\" src=\"\/wp-content\/uploads\/2024\/06\/Rev_04_SanAgostino_banner_mobile_low.gif\" \/><\/a><\/p>\n<h2>Che cos\u2019\u00e8 la paralisi nel sonno?<\/h2>\n<p><strong>La paralisi nel sonno \u00e8 una condizione <\/strong>disturbante in cui <strong>una persona, spesso al risveglio o durante il periodo di addormentamento, \u00e8 completamente cosciente ma incapace di muovere qualsiasi parte del corpo, compresi braccia, gambe, testa e collo<\/strong>, e si ritrova a non riuscire ad aprire gli occhi.<\/p>\n<p>Questo fenomeno \u00e8 considerato <strong>normale durante la <\/strong><strong><a href=\"https:\/\/magazine.santagostino.it\/fasi-sonno\/\">fase del sonno<\/a> REM<\/strong>, quando il cervello \u00e8 attivo ma i muscoli sono paralizzati, tranne quelli oculari. Tuttavia, <strong>diventa un disturbo quando si verifica mentre il soggetto \u00e8 sveglio<\/strong>, provocando <a href=\"https:\/\/www.santagostino.it\/magazine-psiche\/ansia\/\">ansia<\/a> e <a href=\"https:\/\/www.santagostino.it\/magazine-psiche\/paura\/\">paura<\/a> sia nel paziente che negli osservatori.<\/p>\n<h2>Cosa significa avere una paralisi nel sonno?<\/h2>\n<p>Durante un episodio di paralisi nel sonno, la persona \u00e8 cosciente ma incapace di muoversi o parlare. Alcuni dei sintomi comuni includono:<\/p>\n<ul>\n<li><strong>incapacit\u00e0 di muoversi<\/strong>. Il paziente non pu\u00f2 muovere braccia, gambe, testa o collo, nonostante sia cosciente della propria situazione<\/li>\n<li><strong>incapacit\u00e0 di parlare<\/strong>. Durante l\u2019episodio il paziente non riesce a emettere suoni o parlare nonostante sia pienamente consapevole dell\u2019ambiente circostante<\/li>\n<li><strong>presenza di allucinazioni<\/strong>. Spesso durante la paralisi del sonno si possono sperimentare <a href=\"https:\/\/www.santagostino.it\/magazine-psiche\/allucinazione\/\">allucinazioni<\/a> visive, uditive o tattili, come vedere figure spaventose o percepire sensazioni di presenze maligne nella stanza<\/li>\n<li><strong>sensazione di soffocamento<\/strong>. Alcune persone avvertono una sensazione di pressione sul petto o di soffocamento durante l\u2019episodio di paralisi del sonno<\/li>\n<li><strong>ansia e paura intensificate<\/strong>. Gli individui affetti da paralisi del sonno spesso provano una <a href=\"https:\/\/www.santagostino.it\/magazine-psiche\/paura\/\">paura intensa<\/a> e <a href=\"https:\/\/www.santagostino.it\/magazine-psiche\/ansia\/\">ansia<\/a> durante l\u2019episodio, causate dalle sensazioni di impotenza e dalle allucinazioni spaventose<\/li>\n<li><strong>occorrenza con risveglio o addormentamento<\/strong>. Gli episodi di paralisi del sonno si verificano pi\u00f9 comunemente durante il risveglio o il periodo di addormentamento, quando la persona sta passando dalla veglia al sonno, o viceversa.<\/li>\n<\/ul>\n<p>Nonostante questi sintomi allarmanti, la paralisi del sonno di solito \u00e8 di natura temporanea e <strong>termina spontaneamente senza causare danni permanenti al paziente<\/strong>.<\/p>\n<h2>Cause della paralisi del sonno<\/h2>\n<p>La paralisi del sonno \u00e8 un fenomeno complesso che coinvolge una variet\u00e0 di fattori. <strong>Le cause sono sia psicologiche che biologiche<\/strong>. Una teoria ampiamente accettata suggerisce che la paralisi del sonno sia causata da <strong>un\u2019alterazione nei<\/strong> <strong>processi neurotrasmettitoriali<\/strong> che regolano la paralisi muscolare e il rilassamento durante la fase REM del sonno.<\/p>\n<p><strong>Questi neurotrasmettitori<\/strong>, che normalmente sono attivi durante il sonno REM, <strong>sembrano entrare in azione in momenti inappropriati del <a href=\"https:\/\/www.santagostino.it\/magazine-psiche\/sonno-perche-dormiamo\/\">sonno<\/a><\/strong>, provocando la paralisi muscolare poco dopo il risveglio o poco prima dell\u2019addormentamento.<\/p>\n<p>Ci sono anche determinate circostanze che aumentano la probabilit\u00e0 di manifestare la paralisi del sonno. Questi fattori di rischio includono l\u2019et\u00e0, con una <strong>maggiore incidenza tra l\u2019<\/strong><a href=\"https:\/\/www.santagostino.it\/magazine-psiche\/adolescenza-linee-guida\/\"><strong>adolescenza<\/strong><\/a><strong> e i 40 anni<\/strong>, la <strong>privazione cronica di sonno<\/strong> e un <a href=\"https:\/\/www.santagostino.it\/magazine-psiche\/disturbo-da-insonnia-trattamento\/\"><strong>sonno irregolare<\/strong><\/a>, come nel caso di chi lavora a turni di notte. Inoltre, la <strong>narcolessia<\/strong>, un disturbo caratterizzato da sonnolenza e attacchi improvvisi di sonno, \u00e8 spesso associata a questa condizione.<\/p>\n<p>La <strong>storia familiare<\/strong> sembra anche avere un ruolo, chi ha parenti affetti da questa condizione pare essere pi\u00f9 incline a sperimentare questi episodi. La ricerca in questo campo \u00e8 comunque ancora in corso, e richiede ulteriori studi per comprendere appieno le cause e i fattori di rischio legati alla paralisi del sonno.<\/p>\n<h3>Come inizia la narcolessia?<\/h3>\n<p>La <a href=\"https:\/\/www.santagostino.it\/it\/santagostinopedia\/la-narcolessia#:~:text=La%20narcolessia%20%C3%A8%20un%20disturbo%20neurologico%20cronico%2C%20non%20progressivo%2C%20che,non%20sono%20ancora%20pienamente%20riconosciute.\">narcolessia<\/a> \u00e8 un <strong>disturbo del sonno cronico<\/strong> che solitamente inizia durante l\u2019adolescenza o i primi anni dell&#8217;et\u00e0 adulta. I sintomi tipici includono:<\/p>\n<ul>\n<li><strong>sonnolenza eccessiva <\/strong>durante il giorno<\/li>\n<li>improvvisi <strong>attacchi di sonno<\/strong><\/li>\n<li><strong>cataplessia<\/strong>, perdita improvvisa di tono muscolare causata da emozioni intense<\/li>\n<li>paralisi del sonno<\/li>\n<li><strong>allucinazioni ipnagogiche<\/strong>, sensazioni visive o uditive al momento del risveglio o del sonno.<\/li>\n<\/ul>\n<p>Questi sintomi possono manifestarsi gradualmente nel corso di alcuni mesi o anni, e la narcolessia spesso permane per tutta la vita.<\/p>\n<h2>Quali possono essere i disturbi del sonno?<\/h2>\n<p>I <a href=\"https:\/\/www.santagostino.it\/it\/ambulatori\/disturbi-del-sonno\">disturbi del sonno<\/a> comprendono una vasta gamma di condizioni che influenzano la qualit\u00e0, la quantit\u00e0 o il comportamento durante il sonno. Alcuni comuni disturbi del sonno includono:<\/p>\n<ul>\n<li><a href=\"https:\/\/www.santagostino.it\/magazine-psiche\/insonnia-sintomi-curare\/\"><strong>insonnia<\/strong><\/a>, difficolt\u00e0 nel dormire<\/li>\n<li><a href=\"https:\/\/www.santagostino.it\/it\/santagostinopedia\/l-apnea-notturna\"><strong>apnea ostruttiva del sonno<\/strong><\/a>, interruzioni della respirazione durante il sonno<\/li>\n<li><strong>narcolessia<\/strong>, sonnolenza eccessiva durante il giorno<\/li>\n<li><strong>disturbo da comportamento REM<\/strong>, movimenti violenti durante il sonno REM<\/li>\n<li><strong>disturbi del <a href=\"https:\/\/www.treccani.it\/enciclopedia\/ritmo-circadiano\/\" target=\"_blank\" rel=\"noopener\">ritmo circadiano<\/a><\/strong>, alterazioni nel ritmo sonno-veglia.<\/li>\n<\/ul>\n<p><strong>Altri problemi possono coinvolgere i <a href=\"https:\/\/www.santagostino.it\/magazine-psiche\/come-interpretare-sogni\/\">sogni<\/a><\/strong>, come i disturbi del sonno legati al REM o il terrore notturno. Questi disturbi possono compromettere il riposo e il benessere generale delle persone, richiedendo spesso interventi medici o terapie specifiche.<\/p>\n<p><a class=\"content-cta\" href=\"https:\/\/www.santagostino.it\/it\/psiche\/?utm_source=Psiche&amp;utm_medium=direct&amp;utm_campaign=CTA_Psiche_paralisi_nel_sonno\"> <img decoding=\"async\" class=\"visible-md\" src=\"\/wp-content\/uploads\/2024\/06\/Rev_04_SanAgostino_banner_desktop_low.gif\" \/><img decoding=\"async\" class=\"hidden-md\" src=\"\/wp-content\/uploads\/2024\/06\/Rev_04_SanAgostino_banner_mobile_low.gif\" \/><\/a><\/p>\n<h2>Cosa fare in caso di paralisi nel sonno?<\/h2>\n<p>L\u2019approccio principale alla cura del disturbo consiste nel <strong>miglioramento delle abitudini notturne e del sonno<\/strong>. Poich\u00e9 spesso la paralisi del sonno \u00e8 associata a privazione cronica o a sonno di scarsa qualit\u00e0, <strong>\u00e8 essenziale garantire almeno 6-8 ore di addormentamento notturno regolare<\/strong>, cosa che pu\u00f2 accadere mantenendo un ritmo sonno-veglia costante, coricandosi e svegliandosi sempre alla stessa ora.<\/p>\n<p>\u00c8 importante <strong>creare un ambiente notturno accogliente con una stanza buia, silenziosa e a temperatura adeguata<\/strong>. Un letto confortevole, l\u2019esercizio fisico regolare, evitando di praticarlo poco prima di coricarsi, il limitare il consumo di caffeina ed evitare di mangiare o bere alcolici poco prima di andare a letto sono tutti accorgimenti che possono migliorare la qualit\u00e0 del sonno e ridurre la probabilit\u00e0 di episodi di paralisi del sonno.<\/p>\n<p><strong>In casi pi\u00f9 gravi<\/strong>, soprattutto se la causa \u00e8 una profonda scomposizione del sonno REM, <strong>il trattamento farmacologico pu\u00f2 essere prescritto<\/strong>. Gli <a href=\"https:\/\/www.santagostino.it\/magazine-psiche\/antidepressivi\/\"><strong>antidepressivi<\/strong><\/a><strong> triciclici<\/strong>, come la clomipramina, possono essere utilizzati per ridurre l\u2019intensit\u00e0 del rilassamento muscolare notturno e la profondit\u00e0 del sonno REM. Ma \u00e8 necessario sottoporsi a consulto medico prima di intraprendere qualsiasi terapia farmacologica.<\/p>\n<p>La prognosi della paralisi del sonno \u00e8 generalmente positiva, soprattutto se vengono adottate abitudini notturne sane e regolari. <strong>Evitare la privazione cronica di sonno e mantenere una routine sonno-veglia costante<\/strong> sono passi fondamentali per prevenire la paralisi del sonno e le sue ricadute.<\/p>\n","protected":false},"excerpt":{"rendered":"<p>Per quanto spiacevole, la paralisi del sonno \u00e8 una condizione momentanea e passeggera, ed \u00e8 conseguenza di una fase REM dalla durata maggiore del solito. Non necessariamente \u00e8 collegata ad un disturbo del sonno.<\/p>\n","protected":false},"author":15,"featured_media":21141,"comment_status":"closed","ping_status":"closed","sticky":false,"template":"","format":"standard","meta":{"footnotes":""},"categories":[1],"tags":[],"temi":[],"typology":[3],"class_list":["post-21140","post","type-post","status-publish","format-standard","has-post-thumbnail","hentry","category-psichiatria","typology-text"],"yoast_head":"<!-- This site is optimized with the Yoast SEO Premium plugin v25.3.1 (Yoast SEO v25.3.1) - https:\/\/yoast.com\/wordpress\/plugins\/seo\/ -->\n<title>Paralisi nel sonno: cos&#039;\u00e8 e come affrontarla - Santagostino Psiche<\/title>\n<meta name=\"description\" content=\"Nella paralisi nel sonno una persona \u00e8 cosciente, ma non \u00e8 in grado di muoversi. Perch\u00e9 accade? E come affrontare questa spiacevole condizione?\" \/>\n<meta name=\"robots\" content=\"index, follow, max-snippet:-1, max-image-preview:large, max-video-preview:-1\" \/>\n<link rel=\"canonical\" href=\"https:\/\/psiche.santagostino.it\/paralisi-nel-sonno\/\" \/>\n<meta name=\"twitter:label1\" content=\"Scritto da\" \/>\n\t<meta name=\"twitter:data1\" content=\"giuseppe.martella\" \/>\n\t<meta name=\"twitter:label2\" content=\"Tempo di lettura stimato\" \/>\n\t<meta name=\"twitter:data2\" content=\"7 minuti\" \/>\n<script type=\"application\/ld+json\" class=\"yoast-schema-graph\">{\"@context\":\"https:\/\/schema.org\",\"@graph\":[{\"@type\":\"Article\",\"@id\":\"https:\/\/psiche.santagostino.it\/paralisi-nel-sonno\/#article\",\"isPartOf\":{\"@id\":\"https:\/\/psiche.santagostino.it\/paralisi-nel-sonno\/\"},\"author\":{\"name\":\"giuseppe.martella\",\"@id\":\"https:\/\/psiche.santagostino.it\/#\/schema\/person\/2799df3a3271317df0314f939d27a43c\"},\"headline\":\"Paralisi nel sonno: cos&#8217;\u00e8 e come affrontarla\",\"datePublished\":\"2023-11-06T11:00:06+00:00\",\"mainEntityOfPage\":{\"@id\":\"https:\/\/psiche.santagostino.it\/paralisi-nel-sonno\/\"},\"wordCount\":1022,\"publisher\":{\"@id\":\"https:\/\/psiche.santagostino.it\/#organization\"},\"image\":{\"@id\":\"https:\/\/psiche.santagostino.it\/paralisi-nel-sonno\/#primaryimage\"},\"thumbnailUrl\":\"https:\/\/www.santagostino.it\/magazine-psiche\/wp-content\/uploads\/2023\/11\/paralisi-del-sonno.jpeg\",\"articleSection\":[\"Psichiatria\"],\"inLanguage\":\"it-IT\"},{\"@type\":\"WebPage\",\"@id\":\"https:\/\/psiche.santagostino.it\/paralisi-nel-sonno\/\",\"url\":\"https:\/\/psiche.santagostino.it\/paralisi-nel-sonno\/\",\"name\":\"Paralisi nel sonno: cos'\u00e8 e come affrontarla - Santagostino Psiche\",\"isPartOf\":{\"@id\":\"https:\/\/psiche.santagostino.it\/#website\"},\"primaryImageOfPage\":{\"@id\":\"https:\/\/psiche.santagostino.it\/paralisi-nel-sonno\/#primaryimage\"},\"image\":{\"@id\":\"https:\/\/psiche.santagostino.it\/paralisi-nel-sonno\/#primaryimage\"},\"thumbnailUrl\":\"https:\/\/www.santagostino.it\/magazine-psiche\/wp-content\/uploads\/2023\/11\/paralisi-del-sonno.jpeg\",\"datePublished\":\"2023-11-06T11:00:06+00:00\",\"description\":\"Nella paralisi nel sonno una persona \u00e8 cosciente, ma non \u00e8 in grado di muoversi. Perch\u00e9 accade? E come affrontare questa spiacevole condizione?\",\"breadcrumb\":{\"@id\":\"https:\/\/psiche.santagostino.it\/paralisi-nel-sonno\/#breadcrumb\"},\"inLanguage\":\"it-IT\",\"potentialAction\":[{\"@type\":\"ReadAction\",\"target\":[\"https:\/\/psiche.santagostino.it\/paralisi-nel-sonno\/\"]}]},{\"@type\":\"ImageObject\",\"inLanguage\":\"it-IT\",\"@id\":\"https:\/\/psiche.santagostino.it\/paralisi-nel-sonno\/#primaryimage\",\"url\":\"https:\/\/www.santagostino.it\/magazine-psiche\/wp-content\/uploads\/2023\/11\/paralisi-del-sonno.jpeg\",\"contentUrl\":\"https:\/\/www.santagostino.it\/magazine-psiche\/wp-content\/uploads\/2023\/11\/paralisi-del-sonno.jpeg\",\"width\":1200,\"height\":580,\"caption\":\"paralisi nel sonno cause e cosa fare\"},{\"@type\":\"BreadcrumbList\",\"@id\":\"https:\/\/psiche.santagostino.it\/paralisi-nel-sonno\/#breadcrumb\",\"itemListElement\":[{\"@type\":\"ListItem\",\"position\":1,\"name\":\"Home\",\"item\":\"https:\/\/psiche.santagostino.it\/\"},{\"@type\":\"ListItem\",\"position\":2,\"name\":\"Paralisi nel sonno: cos&#8217;\u00e8 e come affrontarla\"}]},{\"@type\":\"WebSite\",\"@id\":\"https:\/\/psiche.santagostino.it\/#website\",\"url\":\"https:\/\/psiche.santagostino.it\/\",\"name\":\"https:\/\/www.santagostino.it\/magazine-psiche\",\"description\":\"La finestra sulla mente\",\"publisher\":{\"@id\":\"https:\/\/psiche.santagostino.it\/#organization\"},\"alternateName\":\"Psiche Santagostino\",\"potentialAction\":[{\"@type\":\"SearchAction\",\"target\":{\"@type\":\"EntryPoint\",\"urlTemplate\":\"https:\/\/psiche.santagostino.it\/?s={search_term_string}\"},\"query-input\":{\"@type\":\"PropertyValueSpecification\",\"valueRequired\":true,\"valueName\":\"search_term_string\"}}],\"inLanguage\":\"it-IT\"},{\"@type\":\"Organization\",\"@id\":\"https:\/\/psiche.santagostino.it\/#organization\",\"name\":\"https:\/\/www.santagostino.it\/magazine-psiche\",\"url\":\"https:\/\/psiche.santagostino.it\/\",\"logo\":{\"@type\":\"ImageObject\",\"inLanguage\":\"it-IT\",\"@id\":\"https:\/\/psiche.santagostino.it\/#\/schema\/logo\/image\/\",\"url\":\"https:\/\/www.santagostino.it\/magazine-psiche\/wp-content\/uploads\/2023\/07\/Santagostino-psiche-logo.png\",\"contentUrl\":\"https:\/\/www.santagostino.it\/magazine-psiche\/wp-content\/uploads\/2023\/07\/Santagostino-psiche-logo.png\",\"width\":430,\"height\":71,\"caption\":\"https:\/\/www.santagostino.it\/magazine-psiche\"},\"image\":{\"@id\":\"https:\/\/psiche.santagostino.it\/#\/schema\/logo\/image\/\"},\"sameAs\":[\"https:\/\/www.facebook.com\/santagostinopsiche\/\"]},{\"@type\":\"Person\",\"@id\":\"https:\/\/psiche.santagostino.it\/#\/schema\/person\/2799df3a3271317df0314f939d27a43c\",\"name\":\"giuseppe.martella\",\"image\":{\"@type\":\"ImageObject\",\"inLanguage\":\"it-IT\",\"@id\":\"https:\/\/psiche.santagostino.it\/#\/schema\/person\/image\/\",\"url\":\"https:\/\/secure.gravatar.com\/avatar\/837c5edb4d59ef07ec81cde06f3d3019?s=96&d=mm&r=g\",\"contentUrl\":\"https:\/\/secure.gravatar.com\/avatar\/837c5edb4d59ef07ec81cde06f3d3019?s=96&d=mm&r=g\",\"caption\":\"giuseppe.martella\"},\"url\":\"https:\/\/www.santagostino.it\/magazine-psiche\/author\/giuseppe-martella\/\"}]}<\/script>\n<!-- \/ Yoast SEO Premium plugin. -->","yoast_head_json":{"title":"Paralisi nel sonno: cos'\u00e8 e come affrontarla - Santagostino Psiche","description":"Nella paralisi nel sonno una persona \u00e8 cosciente, ma non \u00e8 in grado di muoversi. Perch\u00e9 accade? E come affrontare questa spiacevole condizione?","robots":{"index":"index","follow":"follow","max-snippet":"max-snippet:-1","max-image-preview":"max-image-preview:large","max-video-preview":"max-video-preview:-1"},"canonical":"https:\/\/psiche.santagostino.it\/paralisi-nel-sonno\/","twitter_misc":{"Scritto da":"giuseppe.martella","Tempo di lettura stimato":"7 minuti"},"schema":{"@context":"https:\/\/schema.org","@graph":[{"@type":"Article","@id":"https:\/\/psiche.santagostino.it\/paralisi-nel-sonno\/#article","isPartOf":{"@id":"https:\/\/psiche.santagostino.it\/paralisi-nel-sonno\/"},"author":{"name":"giuseppe.martella","@id":"https:\/\/psiche.santagostino.it\/#\/schema\/person\/2799df3a3271317df0314f939d27a43c"},"headline":"Paralisi nel sonno: cos&#8217;\u00e8 e come affrontarla","datePublished":"2023-11-06T11:00:06+00:00","mainEntityOfPage":{"@id":"https:\/\/psiche.santagostino.it\/paralisi-nel-sonno\/"},"wordCount":1022,"publisher":{"@id":"https:\/\/psiche.santagostino.it\/#organization"},"image":{"@id":"https:\/\/psiche.santagostino.it\/paralisi-nel-sonno\/#primaryimage"},"thumbnailUrl":"https:\/\/www.santagostino.it\/magazine-psiche\/wp-content\/uploads\/2023\/11\/paralisi-del-sonno.jpeg","articleSection":["Psichiatria"],"inLanguage":"it-IT"},{"@type":"WebPage","@id":"https:\/\/psiche.santagostino.it\/paralisi-nel-sonno\/","url":"https:\/\/psiche.santagostino.it\/paralisi-nel-sonno\/","name":"Paralisi nel sonno: cos'\u00e8 e come affrontarla - Santagostino Psiche","isPartOf":{"@id":"https:\/\/psiche.santagostino.it\/#website"},"primaryImageOfPage":{"@id":"https:\/\/psiche.santagostino.it\/paralisi-nel-sonno\/#primaryimage"},"image":{"@id":"https:\/\/psiche.santagostino.it\/paralisi-nel-sonno\/#primaryimage"},"thumbnailUrl":"https:\/\/www.santagostino.it\/magazine-psiche\/wp-content\/uploads\/2023\/11\/paralisi-del-sonno.jpeg","datePublished":"2023-11-06T11:00:06+00:00","description":"Nella paralisi nel sonno una persona \u00e8 cosciente, ma non \u00e8 in grado di muoversi. Perch\u00e9 accade? E come affrontare questa spiacevole condizione?","breadcrumb":{"@id":"https:\/\/psiche.santagostino.it\/paralisi-nel-sonno\/#breadcrumb"},"inLanguage":"it-IT","potentialAction":[{"@type":"ReadAction","target":["https:\/\/psiche.santagostino.it\/paralisi-nel-sonno\/"]}]},{"@type":"ImageObject","inLanguage":"it-IT","@id":"https:\/\/psiche.santagostino.it\/paralisi-nel-sonno\/#primaryimage","url":"https:\/\/www.santagostino.it\/magazine-psiche\/wp-content\/uploads\/2023\/11\/paralisi-del-sonno.jpeg","contentUrl":"https:\/\/www.santagostino.it\/magazine-psiche\/wp-content\/uploads\/2023\/11\/paralisi-del-sonno.jpeg","width":1200,"height":580,"caption":"paralisi nel sonno cause e cosa fare"},{"@type":"BreadcrumbList","@id":"https:\/\/psiche.santagostino.it\/paralisi-nel-sonno\/#breadcrumb","itemListElement":[{"@type":"ListItem","position":1,"name":"Home","item":"https:\/\/psiche.santagostino.it\/"},{"@type":"ListItem","position":2,"name":"Paralisi nel sonno: cos&#8217;\u00e8 e come affrontarla"}]},{"@type":"WebSite","@id":"https:\/\/psiche.santagostino.it\/#website","url":"https:\/\/psiche.santagostino.it\/","name":"https:\/\/www.santagostino.it\/magazine-psiche","description":"La finestra sulla mente","publisher":{"@id":"https:\/\/psiche.santagostino.it\/#organization"},"alternateName":"Psiche Santagostino","potentialAction":[{"@type":"SearchAction","target":{"@type":"EntryPoint","urlTemplate":"https:\/\/psiche.santagostino.it\/?s={search_term_string}"},"query-input":{"@type":"PropertyValueSpecification","valueRequired":true,"valueName":"search_term_string"}}],"inLanguage":"it-IT"},{"@type":"Organization","@id":"https:\/\/psiche.santagostino.it\/#organization","name":"https:\/\/www.santagostino.it\/magazine-psiche","url":"https:\/\/psiche.santagostino.it\/","logo":{"@type":"ImageObject","inLanguage":"it-IT","@id":"https:\/\/psiche.santagostino.it\/#\/schema\/logo\/image\/","url":"https:\/\/www.santagostino.it\/magazine-psiche\/wp-content\/uploads\/2023\/07\/Santagostino-psiche-logo.png","contentUrl":"https:\/\/www.santagostino.it\/magazine-psiche\/wp-content\/uploads\/2023\/07\/Santagostino-psiche-logo.png","width":430,"height":71,"caption":"https:\/\/www.santagostino.it\/magazine-psiche"},"image":{"@id":"https:\/\/psiche.santagostino.it\/#\/schema\/logo\/image\/"},"sameAs":["https:\/\/www.facebook.com\/santagostinopsiche\/"]},{"@type":"Person","@id":"https:\/\/psiche.santagostino.it\/#\/schema\/person\/2799df3a3271317df0314f939d27a43c","name":"giuseppe.martella","image":{"@type":"ImageObject","inLanguage":"it-IT","@id":"https:\/\/psiche.santagostino.it\/#\/schema\/person\/image\/","url":"https:\/\/secure.gravatar.com\/avatar\/837c5edb4d59ef07ec81cde06f3d3019?s=96&d=mm&r=g","contentUrl":"https:\/\/secure.gravatar.com\/avatar\/837c5edb4d59ef07ec81cde06f3d3019?s=96&d=mm&r=g","caption":"giuseppe.martella"},"url":"https:\/\/www.santagostino.it\/magazine-psiche\/author\/giuseppe-martella\/"}]}},"_links":{"self":[{"href":"https:\/\/www.santagostino.it\/magazine-psiche\/wp-json\/wp\/v2\/posts\/21140","targetHints":{"allow":["GET"]}}],"collection":[{"href":"https:\/\/www.santagostino.it\/magazine-psiche\/wp-json\/wp\/v2\/posts"}],"about":[{"href":"https:\/\/www.santagostino.it\/magazine-psiche\/wp-json\/wp\/v2\/types\/post"}],"author":[{"embeddable":true,"href":"https:\/\/www.santagostino.it\/magazine-psiche\/wp-json\/wp\/v2\/users\/15"}],"replies":[{"embeddable":true,"href":"https:\/\/www.santagostino.it\/magazine-psiche\/wp-json\/wp\/v2\/comments?post=21140"}],"version-history":[{"count":4,"href":"https:\/\/www.santagostino.it\/magazine-psiche\/wp-json\/wp\/v2\/posts\/21140\/revisions"}],"predecessor-version":[{"id":21156,"href":"https:\/\/www.santagostino.it\/magazine-psiche\/wp-json\/wp\/v2\/posts\/21140\/revisions\/21156"}],"wp:featuredmedia":[{"embeddable":true,"href":"https:\/\/www.santagostino.it\/magazine-psiche\/wp-json\/wp\/v2\/media\/21141"}],"wp:attachment":[{"href":"https:\/\/www.santagostino.it\/magazine-psiche\/wp-json\/wp\/v2\/media?parent=21140"}],"wp:term":[{"taxonomy":"category","embeddable":true,"href":"https:\/\/www.santagostino.it\/magazine-psiche\/wp-json\/wp\/v2\/categories?post=21140"},{"taxonomy":"post_tag","embeddable":true,"href":"https:\/\/www.santagostino.it\/magazine-psiche\/wp-json\/wp\/v2\/tags?post=21140"},{"taxonomy":"temi","embeddable":true,"href":"https:\/\/www.santagostino.it\/magazine-psiche\/wp-json\/wp\/v2\/temi?post=21140"},{"taxonomy":"typology","embeddable":true,"href":"https:\/\/www.santagostino.it\/magazine-psiche\/wp-json\/wp\/v2\/typology?post=21140"}],"curies":[{"name":"wp","href":"https:\/\/api.w.org\/{rel}","templated":true}]}}