{"id":20208,"date":"2023-10-04T10:00:33","date_gmt":"2023-10-04T10:00:33","guid":{"rendered":"https:\/\/www.santagostino.it\/magazine-psiche\/?p=20208"},"modified":"2023-09-27T16:58:51","modified_gmt":"2023-09-27T16:58:51","slug":"dissociazione-fenomeni-dissociativi","status":"publish","type":"post","link":"https:\/\/www.santagostino.it\/magazine-psiche\/dissociazione-fenomeni-dissociativi\/","title":{"rendered":"Dissociazione e fenomeni dissociativi, una chiara spiegazione"},"content":{"rendered":"<p>Sia la dissociazione che i fenomeni dissociativi indicano una disconnessione.<\/p>\n<p>In ambito psicologico l<strong>a dissociazione e i fenomeni dissociativi possono essere ricondotti alla separazione o alla frammentazione della coscienza, delle <a href=\"https:\/\/www.santagostino.it\/magazine-psiche\/emozioni\/\">emozioni<\/a>, delle percezioni o degli aspetti dell\u2019identit\u00e0<\/strong> di una persona.<\/p>\n<p>Quello della dissociazione \u00e8 un fenomeno che pu\u00f2 accadere nella vita quotidiana di ognuno di noi, e pu\u00f2 manifestarsi con un semplice episodio passeggero. Ma quando tende ad accadere in modo ricorrente, fino ad intaccare le attivit\u00e0 quotidiane, le abilit\u00e0 sociali e le relazioni interpersonali, \u00e8 segno che <strong>la nostra <a href=\"https:\/\/www.santagostino.it\/magazine-psiche\/salute-mentale\/\">salute mentale<\/a> ha bisogno di un aiuto<\/strong>.<\/p>\n<p>La <strong>dottoressa <\/strong><strong>Ilaria Bellavia<\/strong>, <strong>psicologa\u00a0e\u00a0psicoterapeuta del Santagostino\u00a0con formazione psicodinamica<\/strong>, ci spiega cosa sono dal punto di vista psicologico dissociazione e fenomeni dissociativi, quali possono esserne le cause e, soprattutto, in che modo intervenire.<\/p>\n<p><a class=\"content-cta\" href=\"https:\/\/www.santagostino.it\/it\/psiche\/?utm_source=Psiche&amp;utm_medium=direct&amp;utm_campaign=CTA_Psiche_dissociazione_fenomeni_dissociativi\"> <img decoding=\"async\" class=\"visible-md\" src=\"\/wp-content\/uploads\/2024\/06\/Rev_04_SanAgostino_banner_desktop_low.gif\" \/><img decoding=\"async\" class=\"hidden-md\" src=\"\/wp-content\/uploads\/2024\/06\/Rev_04_SanAgostino_banner_mobile_low.gif\" \/><\/a><\/p>\n<h2>Che cos\u2019\u00e8 la dissociazione?<\/h2>\n<p>La dissociazione indica una mancanza di connessione nei seguenti ambiti:<\/p>\n<ul>\n<li><strong>pensiero<\/strong>: si pu\u00f2 sperimentare un distacco dai pensieri, ad esempio, quando si guida distrattamente o si fa un&#8217;attivit\u00e0 fisica senza rendersi conto dello sforzo<\/li>\n<li><strong>memoria<\/strong>: pu\u00f2 comportare amnesie o vuoti di memoria, spesso collegati a <a href=\"https:\/\/www.santagostino.it\/magazine-psiche\/psicologia-trauma\/\">eventi traumatici<\/a> o stressanti<\/li>\n<li><strong>identit\u00e0<\/strong>: pu\u00f2 portare a una percezione di divisione o disconnessione dall&#8217;identit\u00e0 di uno stesso individuo.<\/li>\n<\/ul>\n<h3>Distacco e compartimentazione<\/h3>\n<p>Attualmente i fenomeni dissociativi sono stati suddivisi in <strong>fenomeni di distacco<\/strong>, che determinano appunto un distacco dalla realt\u00e0 e dal s\u00e9. Si tratta di condizioni che possono determinare d\u00e9j\u00e0-vu, condizioni di <a href=\"https:\/\/www.santagostino.it\/magazine-psiche\/depersonalizzazione\/\">depersonalizzazione<\/a>, <a href=\"https:\/\/www.santagostino.it\/magazine-psiche\/derealizzazione\/\">derealizzazione<\/a> o di autoscopia.<\/p>\n<p>E in <strong>fenomeni di compartimentazione<\/strong>, In queste situazioni, le funzioni normalmente integrate, come memoria e identit\u00e0, sono separate. Questo pu\u00f2 portare a <a href=\"https:\/\/www.santagostino.it\/it\/santagostinopedia\/l-amnesia-globale-transitoria\">amnesie<\/a> dissociative e, in alcuni casi, alterazioni strutturali della personalit\u00e0.<\/p>\n<h2>Teoria della dissociazione strutturale<\/h2>\n<p>Secondo la teoria della\u00a0<strong>dissociazione strutturale<\/strong>,\u00a0pensata da Onno van der Hart, Kathy Steele ed Ellert R.S. Nijenhuis, \u00e8 possibile parlare di tre tipi di dissociazione, che si verificano a partire da un evento traumatizzante che ha spezzato la linea di difesa dell\u2019individuo.<\/p>\n<p>In questa teoria la dissociazione pu\u00f2 essere:<\/p>\n<ul>\n<li><strong>primaria<\/strong>, quando la persona mantiene una personalit\u00e0 predominante per la vita quotidiana ma conserva emozioni legate al trauma<\/li>\n<li><strong>secondaria<\/strong>, quando la personalit\u00e0 predominante reagisce in modi diversi alle situazioni percepite come pericolose<\/li>\n<li><strong>terziaria<\/strong>, se si hanno due o pi\u00f9 personalit\u00e0 che influenzano la vita di tutti i giorni, con reazioni difensive diverse a seconda delle situazioni considerate pericolose. Questo pu\u00f2 sfociare nel <a href=\"https:\/\/www.santagostino.it\/magazine-psiche\/disturbo-dissociativo-identita\/\">disturbo dissociativo dell\u2019identit\u00e0<\/a>, con molteplici personalit\u00e0, come nel caso delle <a href=\"https:\/\/www.santagostino.it\/magazine-psiche\/disturbi-dissociativo-identita-billy-milligan\/\">24 identit\u00e0 di Billy Milligan<\/a>.<\/li>\n<\/ul>\n<h2>Quali sono i sintomi della dissociazione?<\/h2>\n<p>Quando si parla di dissociazione e fenomeni dissociativi ci si riferisce ad una <strong>serie di manifestazioni<\/strong>. La dissociazione pu\u00f2 infatti essere:<\/p>\n<ul>\n<li><strong>delle emozioni<\/strong>: distacco emotivo dagli eventi o situazioni, con le emozioni separate dall&#8217;esperienza<\/li>\n<li><strong>delle percezioni<\/strong>: alterazioni nella percezione dell&#8217;ambiente, come sensazioni di irrealt\u00e0 o distacco dalla realt\u00e0<\/li>\n<li><strong>dell\u2019identit\u00e0<\/strong>: divisione della propria identit\u00e0 in diverse personalit\u00e0 o incapacit\u00e0 di connettersi con parti di essa<\/li>\n<li><strong>amnesie<\/strong>: vuoti di memoria per periodi significativi, spesso legati a eventi traumatici o situazioni stressanti.<\/li>\n<\/ul>\n<h2>Cause dei fenomeni dissociativi<\/h2>\n<p>I disturbi dissociativi, nel <a href=\"https:\/\/www.rivistadipsichiatria.it\/archivio\/1461\/articoli\/16137\/\" target=\"_blank\" rel=\"noopener\"><strong>DSM-5<\/strong><\/a>, sono <strong>correlati a traumi o situazioni di forte <a href=\"https:\/\/www.santagostino.it\/magazine-psiche\/stress\/\">stress<\/a><\/strong>. L\u2019esposizione a eventi traumatici attiva il sistema di difesa, generando risposte difensive come congelamento, fuga, combattimento o svenimento, chiamato anche tanatosi.<\/p>\n<p>Lo svenimento, chiamato anche <strong>faint<\/strong>, <strong>pu\u00f2 portare ai sintomi dissociativi<\/strong>, e quando la risposta difensiva persiste oltre il necessario, si possono verificare disturbi dissociativi.<\/p>\n<h2>Perch\u00e9 accadono i fenomeni dissociativi?<\/h2>\n<p><strong>I disturbi dissociativi, nel DSM-5, sono posti in forte prossimit\u00e0 con i disturbi legati a traumi oppure a stress dalla forte intensit\u00e0<\/strong>, anche se non sono assimilati ad essi. E i <strong>sintomi dissociativi <\/strong>sono presenti sia nel <a href=\"https:\/\/www.santagostino.it\/magazine-psiche\/disturbo-da-stress-post-traumatico-ptsd\/\"><strong>disturbo dal stress post-traumatico <\/strong><\/a>che nel <strong>disturbo acuto da stress<\/strong>.<\/p>\n<p>Quando una persona presenta uno <strong>sviluppo traumatico<\/strong>, il <strong>sistema di difesa dura pi\u00f9 del necessario<\/strong>, e la <strong>risposta adattiva si trasforma in risposta disadattiva<\/strong>, e l\u2019integrazione della memoria traumatica viene meno, anche se il corpo ne conserva la traccia.<\/p>\n<p><a class=\"content-cta\" href=\"https:\/\/www.santagostino.it\/it\/psiche\/?utm_source=Psiche&amp;utm_medium=direct&amp;utm_campaign=CTA_Psiche_dissociazione_fenomeni_dissociativi\"> <img decoding=\"async\" class=\"visible-md\" src=\"\/wp-content\/uploads\/2024\/06\/Rev_04_SanAgostino_banner_desktop_low.gif\" \/><img decoding=\"async\" class=\"hidden-md\" src=\"\/wp-content\/uploads\/2024\/06\/Rev_04_SanAgostino_banner_mobile_low.gif\" \/><\/a><\/p>\n<h2>Come si pu\u00f2 curare la dissociazione?<\/h2>\n<p>Dal punto di vista della psicoterapia, la <a href=\"https:\/\/www.santagostino.it\/magazine-psiche\/terapia-cognitivo-comportamentale\/\"><strong>terapia cognitivo-comportamentale (CBT)<\/strong><\/a><strong> \u00e8 spesso utilizzata per i disturbi dissociativi<\/strong>, concentrandosi su identificare e modificare pensieri e comportamenti disfunzionali. L\u2019<a href=\"https:\/\/www.santagostino.it\/magazine-psiche\/emdr-funziona\/\"><strong>EMDR<\/strong><\/a><strong> \u00e8 un&#8217;altra opzione efficace<\/strong>, in quanto aiuta i pazienti a elaborare i ricordi traumatici alla base dei sintomi dissociativi.<\/p>\n<p>La <strong>terapia dialettico-comportamentale (DBT)<\/strong> pu\u00f2 essere utile per pazienti con disturbi dissociativi che presentano anche <a href=\"https:\/\/www.santagostino.it\/magazine-psiche\/autolesionismo\/\">comportamenti autolesionistici o suicidari<\/a>, concentrandosi sullo sviluppo di abilit\u00e0 di gestione emotiva.<\/p>\n<p>Per quanto riguarda <a href=\"https:\/\/www.santagostino.it\/magazine-psiche\/psicofarmaci\/\">l\u2019approccio farmacologico<\/a>, <strong>non esistono farmaci specifici per i disturbi dissociativi, ma possono essere utilizzati per gestire i sintomi correlati<\/strong> come <a href=\"https:\/\/www.santagostino.it\/magazine-psiche\/ansia\/\">ansia<\/a>, <a href=\"https:\/\/www.santagostino.it\/it\/santagostinopedia\/la-depressione\">depressione<\/a> o alterazioni dell\u2019umore.<\/p>\n<p>In sintesi, la dissociazione e i fenomeni dissociativi richiedono un <strong>trattamento integrato che pu\u00f2 combinare terapia psicologica, terapie specifiche e, in alcuni casi, farmacoterapia<\/strong>. La chiave \u00e8 riconoscere i sintomi e cercare aiuto professionale quando necessario.<\/p>\n","protected":false},"excerpt":{"rendered":"<p>Quando le nostre emozioni, la coscienza e la nostra identit\u00e0 sono in disgregazione, ecco che possono manifestarsi dei fenomeni dissociativi. E di cosa \u00e8 indice questa dissociazione?<\/p>\n","protected":false},"author":15,"featured_media":20209,"comment_status":"closed","ping_status":"closed","sticky":false,"template":"","format":"standard","meta":{"footnotes":""},"categories":[1],"tags":[],"temi":[],"typology":[3],"class_list":["post-20208","post","type-post","status-publish","format-standard","has-post-thumbnail","hentry","category-psichiatria","typology-text"],"yoast_head":"<!-- This site is optimized with the Yoast SEO Premium plugin v25.3.1 (Yoast SEO v25.3.1) - https:\/\/yoast.com\/wordpress\/plugins\/seo\/ -->\n<title>Dissociazione e fenomeni dissociativi, una chiara spiegazione - Santagostino Psiche<\/title>\n<meta name=\"description\" content=\"La dissociazione e i fenomeni dissociativi sono segnale di una disgregazione emotiva, identitaria e di coscienza di una persona\" \/>\n<meta name=\"robots\" content=\"index, follow, max-snippet:-1, max-image-preview:large, max-video-preview:-1\" \/>\n<link rel=\"canonical\" href=\"https:\/\/psiche.santagostino.it\/dissociazione-fenomeni-dissociativi\/\" \/>\n<meta name=\"twitter:label1\" content=\"Scritto da\" \/>\n\t<meta name=\"twitter:data1\" content=\"giuseppe.martella\" \/>\n\t<meta name=\"twitter:label2\" content=\"Tempo di lettura stimato\" \/>\n\t<meta name=\"twitter:data2\" content=\"5 minuti\" \/>\n<script type=\"application\/ld+json\" class=\"yoast-schema-graph\">{\"@context\":\"https:\/\/schema.org\",\"@graph\":[{\"@type\":\"Article\",\"@id\":\"https:\/\/psiche.santagostino.it\/dissociazione-fenomeni-dissociativi\/#article\",\"isPartOf\":{\"@id\":\"https:\/\/psiche.santagostino.it\/dissociazione-fenomeni-dissociativi\/\"},\"author\":{\"name\":\"giuseppe.martella\",\"@id\":\"https:\/\/psiche.santagostino.it\/#\/schema\/person\/2799df3a3271317df0314f939d27a43c\"},\"headline\":\"Dissociazione e fenomeni dissociativi, una chiara spiegazione\",\"datePublished\":\"2023-10-04T10:00:33+00:00\",\"mainEntityOfPage\":{\"@id\":\"https:\/\/psiche.santagostino.it\/dissociazione-fenomeni-dissociativi\/\"},\"wordCount\":802,\"publisher\":{\"@id\":\"https:\/\/psiche.santagostino.it\/#organization\"},\"image\":{\"@id\":\"https:\/\/psiche.santagostino.it\/dissociazione-fenomeni-dissociativi\/#primaryimage\"},\"thumbnailUrl\":\"https:\/\/www.santagostino.it\/magazine-psiche\/wp-content\/uploads\/2023\/09\/dissociazione-e-fenomeni-dissociativi.jpeg\",\"articleSection\":[\"Psichiatria\"],\"inLanguage\":\"it-IT\"},{\"@type\":\"WebPage\",\"@id\":\"https:\/\/psiche.santagostino.it\/dissociazione-fenomeni-dissociativi\/\",\"url\":\"https:\/\/psiche.santagostino.it\/dissociazione-fenomeni-dissociativi\/\",\"name\":\"Dissociazione e fenomeni dissociativi, una chiara spiegazione - Santagostino Psiche\",\"isPartOf\":{\"@id\":\"https:\/\/psiche.santagostino.it\/#website\"},\"primaryImageOfPage\":{\"@id\":\"https:\/\/psiche.santagostino.it\/dissociazione-fenomeni-dissociativi\/#primaryimage\"},\"image\":{\"@id\":\"https:\/\/psiche.santagostino.it\/dissociazione-fenomeni-dissociativi\/#primaryimage\"},\"thumbnailUrl\":\"https:\/\/www.santagostino.it\/magazine-psiche\/wp-content\/uploads\/2023\/09\/dissociazione-e-fenomeni-dissociativi.jpeg\",\"datePublished\":\"2023-10-04T10:00:33+00:00\",\"description\":\"La dissociazione e i fenomeni dissociativi sono segnale di una disgregazione emotiva, identitaria e di coscienza di una persona\",\"breadcrumb\":{\"@id\":\"https:\/\/psiche.santagostino.it\/dissociazione-fenomeni-dissociativi\/#breadcrumb\"},\"inLanguage\":\"it-IT\",\"potentialAction\":[{\"@type\":\"ReadAction\",\"target\":[\"https:\/\/psiche.santagostino.it\/dissociazione-fenomeni-dissociativi\/\"]}]},{\"@type\":\"ImageObject\",\"inLanguage\":\"it-IT\",\"@id\":\"https:\/\/psiche.santagostino.it\/dissociazione-fenomeni-dissociativi\/#primaryimage\",\"url\":\"https:\/\/www.santagostino.it\/magazine-psiche\/wp-content\/uploads\/2023\/09\/dissociazione-e-fenomeni-dissociativi.jpeg\",\"contentUrl\":\"https:\/\/www.santagostino.it\/magazine-psiche\/wp-content\/uploads\/2023\/09\/dissociazione-e-fenomeni-dissociativi.jpeg\",\"width\":1200,\"height\":580,\"caption\":\"dissociazione e fenomeni dissociativi cosa sono perch\u00e9 accadono\"},{\"@type\":\"BreadcrumbList\",\"@id\":\"https:\/\/psiche.santagostino.it\/dissociazione-fenomeni-dissociativi\/#breadcrumb\",\"itemListElement\":[{\"@type\":\"ListItem\",\"position\":1,\"name\":\"Home\",\"item\":\"https:\/\/psiche.santagostino.it\/\"},{\"@type\":\"ListItem\",\"position\":2,\"name\":\"Dissociazione e fenomeni dissociativi, una chiara spiegazione\"}]},{\"@type\":\"WebSite\",\"@id\":\"https:\/\/psiche.santagostino.it\/#website\",\"url\":\"https:\/\/psiche.santagostino.it\/\",\"name\":\"https:\/\/www.santagostino.it\/magazine-psiche\",\"description\":\"La finestra sulla mente\",\"publisher\":{\"@id\":\"https:\/\/psiche.santagostino.it\/#organization\"},\"alternateName\":\"Psiche Santagostino\",\"potentialAction\":[{\"@type\":\"SearchAction\",\"target\":{\"@type\":\"EntryPoint\",\"urlTemplate\":\"https:\/\/psiche.santagostino.it\/?s={search_term_string}\"},\"query-input\":{\"@type\":\"PropertyValueSpecification\",\"valueRequired\":true,\"valueName\":\"search_term_string\"}}],\"inLanguage\":\"it-IT\"},{\"@type\":\"Organization\",\"@id\":\"https:\/\/psiche.santagostino.it\/#organization\",\"name\":\"https:\/\/www.santagostino.it\/magazine-psiche\",\"url\":\"https:\/\/psiche.santagostino.it\/\",\"logo\":{\"@type\":\"ImageObject\",\"inLanguage\":\"it-IT\",\"@id\":\"https:\/\/psiche.santagostino.it\/#\/schema\/logo\/image\/\",\"url\":\"https:\/\/www.santagostino.it\/magazine-psiche\/wp-content\/uploads\/2023\/07\/Santagostino-psiche-logo.png\",\"contentUrl\":\"https:\/\/www.santagostino.it\/magazine-psiche\/wp-content\/uploads\/2023\/07\/Santagostino-psiche-logo.png\",\"width\":430,\"height\":71,\"caption\":\"https:\/\/www.santagostino.it\/magazine-psiche\"},\"image\":{\"@id\":\"https:\/\/psiche.santagostino.it\/#\/schema\/logo\/image\/\"},\"sameAs\":[\"https:\/\/www.facebook.com\/santagostinopsiche\/\"]},{\"@type\":\"Person\",\"@id\":\"https:\/\/psiche.santagostino.it\/#\/schema\/person\/2799df3a3271317df0314f939d27a43c\",\"name\":\"giuseppe.martella\",\"image\":{\"@type\":\"ImageObject\",\"inLanguage\":\"it-IT\",\"@id\":\"https:\/\/psiche.santagostino.it\/#\/schema\/person\/image\/\",\"url\":\"https:\/\/secure.gravatar.com\/avatar\/837c5edb4d59ef07ec81cde06f3d3019?s=96&d=mm&r=g\",\"contentUrl\":\"https:\/\/secure.gravatar.com\/avatar\/837c5edb4d59ef07ec81cde06f3d3019?s=96&d=mm&r=g\",\"caption\":\"giuseppe.martella\"},\"url\":\"https:\/\/www.santagostino.it\/magazine-psiche\/author\/giuseppe-martella\/\"}]}<\/script>\n<!-- \/ Yoast SEO Premium plugin. -->","yoast_head_json":{"title":"Dissociazione e fenomeni dissociativi, una chiara spiegazione - Santagostino Psiche","description":"La dissociazione e i fenomeni dissociativi sono segnale di una disgregazione emotiva, identitaria e di coscienza di una persona","robots":{"index":"index","follow":"follow","max-snippet":"max-snippet:-1","max-image-preview":"max-image-preview:large","max-video-preview":"max-video-preview:-1"},"canonical":"https:\/\/psiche.santagostino.it\/dissociazione-fenomeni-dissociativi\/","twitter_misc":{"Scritto da":"giuseppe.martella","Tempo di lettura stimato":"5 minuti"},"schema":{"@context":"https:\/\/schema.org","@graph":[{"@type":"Article","@id":"https:\/\/psiche.santagostino.it\/dissociazione-fenomeni-dissociativi\/#article","isPartOf":{"@id":"https:\/\/psiche.santagostino.it\/dissociazione-fenomeni-dissociativi\/"},"author":{"name":"giuseppe.martella","@id":"https:\/\/psiche.santagostino.it\/#\/schema\/person\/2799df3a3271317df0314f939d27a43c"},"headline":"Dissociazione e fenomeni dissociativi, una chiara spiegazione","datePublished":"2023-10-04T10:00:33+00:00","mainEntityOfPage":{"@id":"https:\/\/psiche.santagostino.it\/dissociazione-fenomeni-dissociativi\/"},"wordCount":802,"publisher":{"@id":"https:\/\/psiche.santagostino.it\/#organization"},"image":{"@id":"https:\/\/psiche.santagostino.it\/dissociazione-fenomeni-dissociativi\/#primaryimage"},"thumbnailUrl":"https:\/\/www.santagostino.it\/magazine-psiche\/wp-content\/uploads\/2023\/09\/dissociazione-e-fenomeni-dissociativi.jpeg","articleSection":["Psichiatria"],"inLanguage":"it-IT"},{"@type":"WebPage","@id":"https:\/\/psiche.santagostino.it\/dissociazione-fenomeni-dissociativi\/","url":"https:\/\/psiche.santagostino.it\/dissociazione-fenomeni-dissociativi\/","name":"Dissociazione e fenomeni dissociativi, una chiara spiegazione - Santagostino Psiche","isPartOf":{"@id":"https:\/\/psiche.santagostino.it\/#website"},"primaryImageOfPage":{"@id":"https:\/\/psiche.santagostino.it\/dissociazione-fenomeni-dissociativi\/#primaryimage"},"image":{"@id":"https:\/\/psiche.santagostino.it\/dissociazione-fenomeni-dissociativi\/#primaryimage"},"thumbnailUrl":"https:\/\/www.santagostino.it\/magazine-psiche\/wp-content\/uploads\/2023\/09\/dissociazione-e-fenomeni-dissociativi.jpeg","datePublished":"2023-10-04T10:00:33+00:00","description":"La dissociazione e i fenomeni dissociativi sono segnale di una disgregazione emotiva, identitaria e di coscienza di una persona","breadcrumb":{"@id":"https:\/\/psiche.santagostino.it\/dissociazione-fenomeni-dissociativi\/#breadcrumb"},"inLanguage":"it-IT","potentialAction":[{"@type":"ReadAction","target":["https:\/\/psiche.santagostino.it\/dissociazione-fenomeni-dissociativi\/"]}]},{"@type":"ImageObject","inLanguage":"it-IT","@id":"https:\/\/psiche.santagostino.it\/dissociazione-fenomeni-dissociativi\/#primaryimage","url":"https:\/\/www.santagostino.it\/magazine-psiche\/wp-content\/uploads\/2023\/09\/dissociazione-e-fenomeni-dissociativi.jpeg","contentUrl":"https:\/\/www.santagostino.it\/magazine-psiche\/wp-content\/uploads\/2023\/09\/dissociazione-e-fenomeni-dissociativi.jpeg","width":1200,"height":580,"caption":"dissociazione e fenomeni dissociativi cosa sono perch\u00e9 accadono"},{"@type":"BreadcrumbList","@id":"https:\/\/psiche.santagostino.it\/dissociazione-fenomeni-dissociativi\/#breadcrumb","itemListElement":[{"@type":"ListItem","position":1,"name":"Home","item":"https:\/\/psiche.santagostino.it\/"},{"@type":"ListItem","position":2,"name":"Dissociazione e fenomeni dissociativi, una chiara spiegazione"}]},{"@type":"WebSite","@id":"https:\/\/psiche.santagostino.it\/#website","url":"https:\/\/psiche.santagostino.it\/","name":"https:\/\/www.santagostino.it\/magazine-psiche","description":"La finestra sulla mente","publisher":{"@id":"https:\/\/psiche.santagostino.it\/#organization"},"alternateName":"Psiche Santagostino","potentialAction":[{"@type":"SearchAction","target":{"@type":"EntryPoint","urlTemplate":"https:\/\/psiche.santagostino.it\/?s={search_term_string}"},"query-input":{"@type":"PropertyValueSpecification","valueRequired":true,"valueName":"search_term_string"}}],"inLanguage":"it-IT"},{"@type":"Organization","@id":"https:\/\/psiche.santagostino.it\/#organization","name":"https:\/\/www.santagostino.it\/magazine-psiche","url":"https:\/\/psiche.santagostino.it\/","logo":{"@type":"ImageObject","inLanguage":"it-IT","@id":"https:\/\/psiche.santagostino.it\/#\/schema\/logo\/image\/","url":"https:\/\/www.santagostino.it\/magazine-psiche\/wp-content\/uploads\/2023\/07\/Santagostino-psiche-logo.png","contentUrl":"https:\/\/www.santagostino.it\/magazine-psiche\/wp-content\/uploads\/2023\/07\/Santagostino-psiche-logo.png","width":430,"height":71,"caption":"https:\/\/www.santagostino.it\/magazine-psiche"},"image":{"@id":"https:\/\/psiche.santagostino.it\/#\/schema\/logo\/image\/"},"sameAs":["https:\/\/www.facebook.com\/santagostinopsiche\/"]},{"@type":"Person","@id":"https:\/\/psiche.santagostino.it\/#\/schema\/person\/2799df3a3271317df0314f939d27a43c","name":"giuseppe.martella","image":{"@type":"ImageObject","inLanguage":"it-IT","@id":"https:\/\/psiche.santagostino.it\/#\/schema\/person\/image\/","url":"https:\/\/secure.gravatar.com\/avatar\/837c5edb4d59ef07ec81cde06f3d3019?s=96&d=mm&r=g","contentUrl":"https:\/\/secure.gravatar.com\/avatar\/837c5edb4d59ef07ec81cde06f3d3019?s=96&d=mm&r=g","caption":"giuseppe.martella"},"url":"https:\/\/www.santagostino.it\/magazine-psiche\/author\/giuseppe-martella\/"}]}},"_links":{"self":[{"href":"https:\/\/www.santagostino.it\/magazine-psiche\/wp-json\/wp\/v2\/posts\/20208","targetHints":{"allow":["GET"]}}],"collection":[{"href":"https:\/\/www.santagostino.it\/magazine-psiche\/wp-json\/wp\/v2\/posts"}],"about":[{"href":"https:\/\/www.santagostino.it\/magazine-psiche\/wp-json\/wp\/v2\/types\/post"}],"author":[{"embeddable":true,"href":"https:\/\/www.santagostino.it\/magazine-psiche\/wp-json\/wp\/v2\/users\/15"}],"replies":[{"embeddable":true,"href":"https:\/\/www.santagostino.it\/magazine-psiche\/wp-json\/wp\/v2\/comments?post=20208"}],"version-history":[{"count":5,"href":"https:\/\/www.santagostino.it\/magazine-psiche\/wp-json\/wp\/v2\/posts\/20208\/revisions"}],"predecessor-version":[{"id":20311,"href":"https:\/\/www.santagostino.it\/magazine-psiche\/wp-json\/wp\/v2\/posts\/20208\/revisions\/20311"}],"wp:featuredmedia":[{"embeddable":true,"href":"https:\/\/www.santagostino.it\/magazine-psiche\/wp-json\/wp\/v2\/media\/20209"}],"wp:attachment":[{"href":"https:\/\/www.santagostino.it\/magazine-psiche\/wp-json\/wp\/v2\/media?parent=20208"}],"wp:term":[{"taxonomy":"category","embeddable":true,"href":"https:\/\/www.santagostino.it\/magazine-psiche\/wp-json\/wp\/v2\/categories?post=20208"},{"taxonomy":"post_tag","embeddable":true,"href":"https:\/\/www.santagostino.it\/magazine-psiche\/wp-json\/wp\/v2\/tags?post=20208"},{"taxonomy":"temi","embeddable":true,"href":"https:\/\/www.santagostino.it\/magazine-psiche\/wp-json\/wp\/v2\/temi?post=20208"},{"taxonomy":"typology","embeddable":true,"href":"https:\/\/www.santagostino.it\/magazine-psiche\/wp-json\/wp\/v2\/typology?post=20208"}],"curies":[{"name":"wp","href":"https:\/\/api.w.org\/{rel}","templated":true}]}}