{"id":20070,"date":"2024-11-06T09:00:32","date_gmt":"2024-11-06T09:00:32","guid":{"rendered":"https:\/\/www.santagostino.it\/magazine-psiche\/?p=20070"},"modified":"2024-11-13T14:08:30","modified_gmt":"2024-11-13T14:08:30","slug":"sindrome-di-asperger","status":"publish","type":"post","link":"https:\/\/www.santagostino.it\/magazine-psiche\/sindrome-di-asperger\/","title":{"rendered":"La sindrome di Asperger: cosa c\u2019\u00e8 da sapere?"},"content":{"rendered":"<p><span style=\"font-weight: 400;\">Le persone con sindrome di Asperger vivono una condizione di estrema dicotomia.<br \/>\n<\/span><span style=\"font-weight: 400;\">Se per un verso possono essere contraddistinte da <\/span><b>punti di forza come notevole intelligenza e predisposizione verso discipline quali la matematica e la musica,<\/b><span style=\"font-weight: 400;\"> per altri aspetti <\/span><b>soffrono nelle relazioni sociali e mancano di un comportamento adattivo<\/b><span style=\"font-weight: 400;\">.<\/span><\/p>\n<p><span style=\"font-weight: 400;\">In che modo la <\/span><b>sindrome di Asperger<\/b><span style=\"font-weight: 400;\"> pu\u00f2 essere inquadrata dal punto di vista psicologico? Quali categorie diagnostiche servono allo specialista e <\/span><b>in che modo devono essere trattate, e curate, le persone che soffrono di questa condizione?<\/b><\/p>\n<p><span style=\"font-weight: 400;\">Risponde a queste domande la <\/span><b>dottoressa<\/b><a href=\"https:\/\/www.santagostino.it\/magazine-psiche\/autori\/elisabetta-mangano-autori\/\"> <b>Elisabetta Mangano<\/b><\/a><span style=\"font-weight: 400;\">, psicoterapeuta del Santagostino specializzata in Psicoterapia Psicoanalitica per Adolescenti e Adulti.<\/span><\/p>\n<style> .psiche-banner-mobile{ display:none;} @media (max-width: 720px) { .psiche-banner-desktop{ display:none;} .psiche-banner-mobile{ display:block;} }<\/style><a href=\"https:\/\/www.santagostino.it\/it\/psico\/percorso-psicoterapia-adulti?utm_source=blog&utm_medium=banner&utm_campaign=Psiche_blog_banner_percorso_adulti\"><img decoding=\"async\" class=\"psiche-banner-desktop\" src=\"https:\/\/www.santagostino.it\/magazine-psiche\/wp-content\/uploads\/2024\/07\/banner_adulti-1.png\" \/><img decoding=\"async\" class=\"psiche-banner-mobile\" src=\"https:\/\/www.santagostino.it\/magazine-psiche\/wp-content\/uploads\/2024\/07\/banner_adulti_mobile.png\" \/><\/a>\n<p>&nbsp;<\/p>\n<h2>Cos\u2019\u00e8 la sindrome di Asperger?<\/h2>\n<p><span style=\"font-weight: 400;\">La sindrome di Asperger, descritta per la prima volta da Hans Asperger, \u00e8 stata inserita nel 1994 nel DSM (Diagnostic and Statistical Manual of Mental Disorder) come sottocategoria dei <\/span><b>disturbi pervasivi dello sviluppo<\/b><span style=\"font-weight: 400;\"> e successivamente nei <\/span><b>disturbi dello <a href=\"https:\/\/www.santagostino.it\/magazine-psiche\/spettro-autistico\/\">spettro autistico<\/a><\/b><span style=\"font-weight: 400;\">.<\/span><\/p>\n<p><span style=\"font-weight: 400;\">Questa sindrome influisce sullo sviluppo delle abilit\u00e0 sociali, comunicative e comportamentali di un individuo. \u00c8 stata ufficialmente riconosciuta come una condizione medica nel 1992, quando \u00e8 stata inclusa nella <\/span><b>Classificazione Internazionale delle Malattie (<\/b><b>ICD-10<\/b><b>)<\/b><span style=\"font-weight: 400;\">.<\/span><\/p>\n<p><span style=\"font-weight: 400;\">Nel 2013, il Manuale Diagnostico e Statistico dei Disturbi Mentali (<a href=\"https:\/\/www.santagostino.it\/magazine-psiche\/dsm5\">DSM-5<\/a>) ha integrato la sindrome di Asperger sotto l\u2019ampio termine <\/span><b>disturbo dello spettro autistico<\/b><span style=\"font-weight: 400;\"> (ASD), unificando cos\u00ec la diagnosi con altre condizioni autistiche.<\/span><\/p>\n<h2>Come si comporta una persona con la sindrome di Asperger?<\/h2>\n<p><span style=\"font-weight: 400;\">Fin da bambini, gli individui con sindrome di Asperger, a differenza di altri nel disturbo dello spettro autistico, possiedono <\/span><b>livelli medio-alti di intelligenza<\/b><span style=\"font-weight: 400;\">. Sono quindi individui che spesso <\/span><b>presentano QI elevati<\/b><span style=\"font-weight: 400;\"> e una<\/span><b> notevole abilit\u00e0 in settori ristretti come matematica, scienza o<\/b><a href=\"https:\/\/www.santagostino.it\/magazine-psiche\/la-musica-classica-fa-bene\/\"> <b>musica<\/b><\/a><span style=\"font-weight: 400;\">.\u00a0<\/span><\/p>\n<p><span style=\"font-weight: 400;\">Sono generalmente bambini e adulti bizzarri, con<\/span><b> interessi molto specifici <\/b><span style=\"font-weight: 400;\">e<\/span> <span style=\"font-weight: 400;\">passioni diverse dai coetanei. Possono manifestare <\/span><b>comportamenti ripetitivi e ritualistici<\/b><span style=\"font-weight: 400;\"> e <\/span><b>resistenze ai cambiamenti nella routine, e avere ipersensibilit\u00e0 sensoriale<\/b><span style=\"font-weight: 400;\">.<\/span><\/p>\n<p><span style=\"font-weight: 400;\">Nonostante abbiano interesse a rapportarsi, manifestano scarse abilit\u00e0 sociali e incontrano frequenti <\/span><b>difficolt\u00e0 nelle interazioni <\/b><span style=\"font-weight: 400;\">con gli altri e <\/span><b>nella<\/b><a href=\"https:\/\/www.santagostino.it\/magazine-psiche\/linguaggio-del-corpo\/\"> <b>comunicazione non verbale<\/b><\/a><span style=\"font-weight: 400;\">. Le loro<\/span><b> interazioni<\/b> <b>sociali<\/b><span style=\"font-weight: 400;\"> sono infatti spesso<\/span><b> infantili anche da adulti e stereotipate<\/b><span style=\"font-weight: 400;\">. Inoltre, fanno fatica a comprendere le sfumature delle conversazioni e non percepiscono sarcasmo o ironia.<\/span><\/p>\n<p><span style=\"font-weight: 400;\">Molte persone con questa sindrome possono comunque avere una <\/span><b>vita significativa, <\/b><span style=\"font-weight: 400;\">spesso sfruttando le loro <\/span><b>competenze speciali<\/b><span style=\"font-weight: 400;\">.<\/span><\/p>\n<h3>Che differenza c\u2019\u00e8 tra autismo e sindrome di Asperger?<\/h3>\n<p><span style=\"font-weight: 400;\">Le persone affette da autismo presentano spesso ritardo nello sviluppo del linguaggio, monotonia nel suono della voce, comportamenti ripetitivi ma soprattutto si mostrano disinteressati al mondo che li circonda, tendono ad isolarsi e presentano un deficit nelle interazioni sociali.\u00a0<\/span><\/p>\n<p><span style=\"font-weight: 400;\">L<\/span><b>\u2019<a href=\"https:\/\/www.santagostino.it\/magazine-psiche\/autismo\/\">autismo<\/a><\/b><span style=\"font-weight: 400;\"> presenta una vasta gamma di sintomi, con varie sfumature di gravit\u00e0, inclusi <\/span><b>deficit nelle interazioni sociali, nelle abilit\u00e0 comunicative e comportamenti ripetitivi<\/b><span style=\"font-weight: 400;\">.<\/span><\/p>\n<p><b>La sindrome di Asperger,<\/b><span style=\"font-weight: 400;\"> invece, pur presentando<\/span> <span style=\"font-weight: 400;\">difficolt\u00e0 specifiche nelle interazioni sociali, <\/span><b>\u00e8 caratterizzata da un\u2019intelligenza media o superiore<\/b><span style=\"font-weight: 400;\">. Le persone con sindrome Asperger inoltre sono spesso interessate al mondo che li circonda, nonostante si caratterizzino per una carenza di<\/span><a href=\"https:\/\/www.santagostino.it\/magazine-psiche\/empatia\/\"> <span style=\"font-weight: 400;\">empatia<\/span><\/a><span style=\"font-weight: 400;\">, che li porta ad avere atteggiamenti pi\u00f9 infantili e stravaganti anche in et\u00e0 adulta.<\/span><\/p>\n<h2>Quali sono le cause di questa sindrome?<\/h2>\n<p><span style=\"font-weight: 400;\">Le cause esatte della sindrome di Asperger non sono ancora del tutto chiare, ma coinvolgono una complessa connessione tra diversi fattori quali:<\/span><\/p>\n<ul>\n<li style=\"font-weight: 400;\" aria-level=\"1\"><b>predisposizione genetica<\/b><span style=\"font-weight: 400;\">. Questa sindrome \u00e8 spesso presente in famiglie con una storia di disturbi dello spettro autistico (ASD). Sono state identificate alcune varianti genetiche correlate a un aumentato rischio di ASD<\/span><\/li>\n<li style=\"font-weight: 400;\" aria-level=\"1\"><b>anomalie neurologiche<\/b><span style=\"font-weight: 400;\"> come alterazioni nella connettivit\u00e0 cerebrale, o nella struttura cerebrale, che possono contribuire ai sintomi\u00a0<\/span><\/li>\n<li style=\"font-weight: 400;\" aria-level=\"1\"><b>fattori ambientali<\/b><span style=\"font-weight: 400;\">. Mentre la predisposizione genetica \u00e8 significativa, fattori ambientali prenatali e postnatali possono influenzare lo sviluppo. Ad esempio esposizione a sostanze chimiche durante la<\/span><a href=\"https:\/\/www.santagostino.it\/it\/santagostinopedia\/gravidanza\"> <span style=\"font-weight: 400;\">gravidanza<\/span><\/a><span style=\"font-weight: 400;\">, complicazioni durante il parto o eventi stressanti durante l\u2019infanzia.<\/span><\/li>\n<\/ul>\n<h2>Come si diagnostica la sindrome di Asperger?<\/h2>\n<p><b>La diagnosi in questi casi \u00e8 importante che venga fatta il prima possibile<\/b><span style=\"font-weight: 400;\">, non appena si ravvisano comportamenti particolari. <\/span><b>Spesso il primo campanello d\u2019allarme \u00e8 uno ritardo del bambino nello sviluppo del linguaggio, la mancanza del contatto visivo<\/b><span style=\"font-weight: 400;\"> o comportamenti stereotipati che i genitori osservano fin da quando il figlio inizia a giocare da solo.<\/span><\/p>\n<p>I segnali di questi disturbi sono spesso presenti fin dai primi anni di vita, quindi la diagnosi viene generalmente effettuata nell&#8217;infanzia, piuttosto che in et\u00e0 adulta. Tuttavia gli adulti possono essere eseguiti ulteriori test.<\/p>\n<p><span style=\"font-weight: 400;\">Professionisti specializzati, attraverso equipe multidisciplinari, possono effettuare diversi tipi di valutazione.<\/span><\/p>\n<table style=\"width: 100%; border-collapse: collapse;\">\n<tbody>\n<tr>\n<td style=\"background-color: #0879ab; color: white; padding: 15px; border: 1px solid black; vertical-align: top; text-align: left;\"><strong>Diagnosi nei bambini<\/strong><\/td>\n<td style=\"background-color: #0879ab; color: white; padding: 15px; border: 1px solid black; vertical-align: top; text-align: left;\"><strong>Diagnosi negli adulti<\/strong><\/td>\n<\/tr>\n<tr>\n<td style=\"padding: 15px; border: 1px solid black; text-align: left; vertical-align: top;\">\n<ul>\n<li><strong>Clinica:<\/strong> un pediatra o uno specialista in sviluppo infantile pu\u00f2 essere il primo a sospettare la sindrome di Asperger. La valutazione inizia con una storia clinica dettagliata, che include informazioni sullo sviluppo del bambino, il comportamento, le abilit\u00e0 sociali e comunicative.<\/li>\n<li><strong>Psicologica:<\/strong> uno <a href=\"https:\/\/www.santagostino.it\/magazine-psiche\/psicologo-cosa-fa\">psicologo<\/a> o uno psichiatra infantile conduce test psicologici standardizzati per valutare le abilit\u00e0 cognitive e le abilit\u00e0 sociali e comportamentali del soggetto. Per i bambini, sono previsti test quali il test Autism-Spectrum Quotient (AQ).<\/li>\n<li><strong>Delle abilit\u00e0 sociali:<\/strong> un terapista specializzato osserva le interazioni sociali in contesti diversi per rilevare eventuali deficit nelle abilit\u00e0 sociali, come la mancanza di sguardi reciproci o la difficolt\u00e0 nell&#8217;interpretare le <a href=\"https:\/\/www.santagostino.it\/magazine-psiche\/emozioni\/\">emozioni<\/a> degli altri.<\/li>\n<\/ul>\n<\/td>\n<td style=\"padding: 15px; border: 1px solid black; text-align: left; vertical-align: top;\">Pu\u00f2 essere svolto il<strong> test RAADS-R (autosomministrato), <\/strong>un test che per\u00f2 non sostituisce la diagnosi fatta dal professionista. Si basa su:<\/p>\n<ol>\n<li><strong>Storia del comportamento:<\/strong> l&#8217;analisi del comportamento pu\u00f2 includere interviste con membri della famiglia o amici che conoscono l&#8217;individuo da lungo tempo per ottenere un quadro completo del loro comportamento e delle loro interazioni sociali.<\/li>\n<li><strong>Esclusione di altre condizioni:<\/strong> \u00e8 fondamentale escludere altre condizioni mediche o psichiatriche che potrebbero spiegare i sintomi, come <a href=\"https:\/\/www.santagostino.it\/it\/santagostinopedia\/i-disturbi-dell-umore\">disturbi dell\u2019umore<\/a> o <a href=\"https:\/\/www.santagostino.it\/it\/santagostinopedia\/l-ansia\">disturbi d\u2019ansia<\/a>.<\/li>\n<\/ol>\n<\/td>\n<\/tr>\n<\/tbody>\n<\/table>\n<p>&nbsp;<\/p>\n<style> .psiche-banner-mobile{ display:none;} @media (max-width: 720px) { .psiche-banner-desktop{ display:none;} .psiche-banner-mobile{ display:block;} }<\/style><a href=\"https:\/\/www.santagostino.it\/it\/psico\/percorso-psicoterapia-adulti?utm_source=blog&utm_medium=banner&utm_campaign=Psiche_blog_banner_percorso_adulti\"><img decoding=\"async\" class=\"psiche-banner-desktop\" src=\"https:\/\/www.santagostino.it\/magazine-psiche\/wp-content\/uploads\/2024\/07\/banner_adulti-1.png\" \/><img decoding=\"async\" class=\"psiche-banner-mobile\" src=\"https:\/\/www.santagostino.it\/magazine-psiche\/wp-content\/uploads\/2024\/07\/banner_adulti_mobile.png\" \/><\/a>\n<h2>Come si cura la sindrome di Asperger?<\/h2>\n<p><span style=\"font-weight: 400;\">L\u2019approccio alla gestione della sindrome di Asperger si concentra sul miglioramento delle abilit\u00e0 sociali, comunicative e comportamentali dell&#8217;individuo e sulla promozione di autonomia e benessere.<\/span><\/p>\n<p><span style=\"font-weight: 400;\">Ecco alcune strategie e terapie:<\/span><\/p>\n<ul>\n<li style=\"font-weight: 400;\" aria-level=\"1\"><a href=\"https:\/\/www.santagostino.it\/magazine-psiche\/terapia-cognitivo-comportamentale\/\"><b>terapia comportamentale<\/b><\/a><span style=\"font-weight: 400;\">: interventi come l\u2019Applied Behavior Analysis (ABA) possono essere utilizzati per insegnare abilit\u00e0 sociali e comportamentali. Ci si concentra su obiettivi specifici, utilizzando rinforzi positivi, per insegnare al soggetto alcuni degli aspetti relazionali nei quali trovano maggiori difficolt\u00e0.<\/span><\/li>\n<li style=\"font-weight: 400;\" aria-level=\"1\"><a href=\"https:\/\/scopri.santagostino.it\/psicologia\/\"><b>psicoterapia<\/b><\/a><span style=\"font-weight: 400;\">: pu\u00f2 essere efficace per affrontare le<\/span><a href=\"https:\/\/www.santagostino.it\/it\/santagostinopedia\/ossessione\"> <span style=\"font-weight: 400;\">ossessioni<\/span><\/a><span style=\"font-weight: 400;\"> e le<\/span><a href=\"https:\/\/www.santagostino.it\/it\/santagostinopedia\/le-compulsioni\"> <span style=\"font-weight: 400;\">compulsioni<\/span><\/a><span style=\"font-weight: 400;\"> che alcuni individui con Asperger possono sperimentare, oltre a modificare i comportamenti indesiderati<\/span><\/li>\n<li style=\"font-weight: 400;\" aria-level=\"1\"><b>terapia occupazionale<\/b><span style=\"font-weight: 400;\">: questa terapia mira a migliorare le abilit\u00e0 pratiche e di adattamento dell&#8217;individuo, inclusa la gestione delle attivit\u00e0 quotidiane e la regolazione sensoriale<\/span><\/li>\n<li style=\"font-weight: 400;\" aria-level=\"1\"><b>supporto familiare<\/b><span style=\"font-weight: 400;\">: il coinvolgimento della famiglia pu\u00f2 essere cruciale per creare un ambiente di sostegno e comprensione<\/span><\/li>\n<li style=\"font-weight: 400;\" aria-level=\"1\"><b>supporto educativo:<\/b><span style=\"font-weight: 400;\"> il supporto degli insegnanti e un\u2019educazione specializzata possono essere fondamentali per garantire il successo accademico degli individui con Asperger.<\/span><\/li>\n<\/ul>\n<p><b>In alcuni casi si pu\u00f2 ricorrere a terapia farmacologica<\/b><span style=\"font-weight: 400;\">, per trattare sintomi specifici come l\u2019ansia, la<\/span><a href=\"https:\/\/www.santagostino.it\/it\/santagostinopedia\/la-depressione\"> <span style=\"font-weight: 400;\">depressione<\/span><\/a><span style=\"font-weight: 400;\"> o l\u2019irritabilit\u00e0, <\/span><b>ma la decisione di utilizzarli deve essere basata su una valutazione approfondita<\/b><span style=\"font-weight: 400;\"> da parte di un medico esperto.<\/span><\/p>\n<p><span style=\"font-weight: 400;\">\u00c8 comunque essenziale coinvolgere una squadra multidisciplinare di professionisti della salute, tra cui psicologi, terapisti del linguaggio, terapisti occupazionali e medici, per <\/span><b>sviluppare un piano di trattamento personalizzato<\/b><span style=\"font-weight: 400;\">.<\/span><\/p>\n","protected":false},"excerpt":{"rendered":"<p>La sindrome di Asperger, ricompresa tra i disturbi dello spettro autistico, pu\u00f2 interferire con il benessere di chi ne soffre. Richiede attenzioni e cure sia psicologiche sia da parte dei caregiver.<\/p>\n","protected":false},"author":15,"featured_media":20071,"comment_status":"closed","ping_status":"closed","sticky":false,"template":"","format":"standard","meta":{"footnotes":""},"categories":[1],"tags":[],"temi":[1110,1109],"typology":[3],"class_list":["post-20070","post","type-post","status-publish","format-standard","has-post-thumbnail","hentry","category-psichiatria","percorsi-psicoterapia-adulti","percorsi-psicoterapia-bambini","temi-patologie-e-disturbi","temi-psicoterapia","typology-text"],"yoast_head":"<!-- This site is optimized with the Yoast SEO Premium plugin v25.3.1 (Yoast SEO v25.3.1) - https:\/\/yoast.com\/wordpress\/plugins\/seo\/ -->\n<title>La sindrome di Asperger: cosa c\u2019\u00e8 da sapere? - Santagostino Psiche<\/title>\n<meta name=\"description\" content=\"La sindrome di Asperger \u00e8 ricompresa nei disturbi dello spettro autistico. Quali sono i sintomi? E come vive una persona con diagnosi di Asperger?\" \/>\n<meta name=\"robots\" content=\"index, follow, max-snippet:-1, max-image-preview:large, max-video-preview:-1\" \/>\n<link rel=\"canonical\" href=\"https:\/\/psiche.santagostino.it\/sindrome-di-asperger\/\" \/>\n<meta name=\"twitter:label1\" content=\"Scritto da\" \/>\n\t<meta name=\"twitter:data1\" content=\"giuseppe.martella\" \/>\n\t<meta name=\"twitter:label2\" content=\"Tempo di lettura stimato\" \/>\n\t<meta name=\"twitter:data2\" content=\"7 minuti\" \/>\n<script type=\"application\/ld+json\" class=\"yoast-schema-graph\">{\"@context\":\"https:\/\/schema.org\",\"@graph\":[{\"@type\":\"Article\",\"@id\":\"https:\/\/psiche.santagostino.it\/sindrome-di-asperger\/#article\",\"isPartOf\":{\"@id\":\"https:\/\/psiche.santagostino.it\/sindrome-di-asperger\/\"},\"author\":{\"name\":\"giuseppe.martella\",\"@id\":\"https:\/\/psiche.santagostino.it\/#\/schema\/person\/2799df3a3271317df0314f939d27a43c\"},\"headline\":\"La sindrome di Asperger: cosa c\u2019\u00e8 da sapere?\",\"datePublished\":\"2024-11-06T09:00:32+00:00\",\"dateModified\":\"2024-11-13T14:08:30+00:00\",\"mainEntityOfPage\":{\"@id\":\"https:\/\/psiche.santagostino.it\/sindrome-di-asperger\/\"},\"wordCount\":1152,\"publisher\":{\"@id\":\"https:\/\/psiche.santagostino.it\/#organization\"},\"image\":{\"@id\":\"https:\/\/psiche.santagostino.it\/sindrome-di-asperger\/#primaryimage\"},\"thumbnailUrl\":\"https:\/\/www.santagostino.it\/magazine-psiche\/wp-content\/uploads\/2023\/09\/sindrome-di-asperger.jpeg\",\"articleSection\":[\"Psichiatria\"],\"inLanguage\":\"it-IT\"},{\"@type\":\"WebPage\",\"@id\":\"https:\/\/psiche.santagostino.it\/sindrome-di-asperger\/\",\"url\":\"https:\/\/psiche.santagostino.it\/sindrome-di-asperger\/\",\"name\":\"La sindrome di Asperger: cosa c\u2019\u00e8 da sapere? - Santagostino Psiche\",\"isPartOf\":{\"@id\":\"https:\/\/psiche.santagostino.it\/#website\"},\"primaryImageOfPage\":{\"@id\":\"https:\/\/psiche.santagostino.it\/sindrome-di-asperger\/#primaryimage\"},\"image\":{\"@id\":\"https:\/\/psiche.santagostino.it\/sindrome-di-asperger\/#primaryimage\"},\"thumbnailUrl\":\"https:\/\/www.santagostino.it\/magazine-psiche\/wp-content\/uploads\/2023\/09\/sindrome-di-asperger.jpeg\",\"datePublished\":\"2024-11-06T09:00:32+00:00\",\"dateModified\":\"2024-11-13T14:08:30+00:00\",\"description\":\"La sindrome di Asperger \u00e8 ricompresa nei disturbi dello spettro autistico. Quali sono i sintomi? E come vive una persona con diagnosi di Asperger?\",\"breadcrumb\":{\"@id\":\"https:\/\/psiche.santagostino.it\/sindrome-di-asperger\/#breadcrumb\"},\"inLanguage\":\"it-IT\",\"potentialAction\":[{\"@type\":\"ReadAction\",\"target\":[\"https:\/\/psiche.santagostino.it\/sindrome-di-asperger\/\"]}]},{\"@type\":\"ImageObject\",\"inLanguage\":\"it-IT\",\"@id\":\"https:\/\/psiche.santagostino.it\/sindrome-di-asperger\/#primaryimage\",\"url\":\"https:\/\/www.santagostino.it\/magazine-psiche\/wp-content\/uploads\/2023\/09\/sindrome-di-asperger.jpeg\",\"contentUrl\":\"https:\/\/www.santagostino.it\/magazine-psiche\/wp-content\/uploads\/2023\/09\/sindrome-di-asperger.jpeg\",\"width\":1200,\"height\":580,\"caption\":\"sindrome di asperger definizione e cura\"},{\"@type\":\"BreadcrumbList\",\"@id\":\"https:\/\/psiche.santagostino.it\/sindrome-di-asperger\/#breadcrumb\",\"itemListElement\":[{\"@type\":\"ListItem\",\"position\":1,\"name\":\"Home\",\"item\":\"https:\/\/psiche.santagostino.it\/\"},{\"@type\":\"ListItem\",\"position\":2,\"name\":\"La sindrome di Asperger: cosa c\u2019\u00e8 da sapere?\"}]},{\"@type\":\"WebSite\",\"@id\":\"https:\/\/psiche.santagostino.it\/#website\",\"url\":\"https:\/\/psiche.santagostino.it\/\",\"name\":\"https:\/\/www.santagostino.it\/magazine-psiche\",\"description\":\"La finestra sulla mente\",\"publisher\":{\"@id\":\"https:\/\/psiche.santagostino.it\/#organization\"},\"alternateName\":\"Psiche Santagostino\",\"potentialAction\":[{\"@type\":\"SearchAction\",\"target\":{\"@type\":\"EntryPoint\",\"urlTemplate\":\"https:\/\/psiche.santagostino.it\/?s={search_term_string}\"},\"query-input\":{\"@type\":\"PropertyValueSpecification\",\"valueRequired\":true,\"valueName\":\"search_term_string\"}}],\"inLanguage\":\"it-IT\"},{\"@type\":\"Organization\",\"@id\":\"https:\/\/psiche.santagostino.it\/#organization\",\"name\":\"https:\/\/www.santagostino.it\/magazine-psiche\",\"url\":\"https:\/\/psiche.santagostino.it\/\",\"logo\":{\"@type\":\"ImageObject\",\"inLanguage\":\"it-IT\",\"@id\":\"https:\/\/psiche.santagostino.it\/#\/schema\/logo\/image\/\",\"url\":\"https:\/\/www.santagostino.it\/magazine-psiche\/wp-content\/uploads\/2023\/07\/Santagostino-psiche-logo.png\",\"contentUrl\":\"https:\/\/www.santagostino.it\/magazine-psiche\/wp-content\/uploads\/2023\/07\/Santagostino-psiche-logo.png\",\"width\":430,\"height\":71,\"caption\":\"https:\/\/www.santagostino.it\/magazine-psiche\"},\"image\":{\"@id\":\"https:\/\/psiche.santagostino.it\/#\/schema\/logo\/image\/\"},\"sameAs\":[\"https:\/\/www.facebook.com\/santagostinopsiche\/\"]},{\"@type\":\"Person\",\"@id\":\"https:\/\/psiche.santagostino.it\/#\/schema\/person\/2799df3a3271317df0314f939d27a43c\",\"name\":\"giuseppe.martella\",\"image\":{\"@type\":\"ImageObject\",\"inLanguage\":\"it-IT\",\"@id\":\"https:\/\/psiche.santagostino.it\/#\/schema\/person\/image\/\",\"url\":\"https:\/\/secure.gravatar.com\/avatar\/837c5edb4d59ef07ec81cde06f3d3019?s=96&d=mm&r=g\",\"contentUrl\":\"https:\/\/secure.gravatar.com\/avatar\/837c5edb4d59ef07ec81cde06f3d3019?s=96&d=mm&r=g\",\"caption\":\"giuseppe.martella\"},\"url\":\"https:\/\/www.santagostino.it\/magazine-psiche\/author\/giuseppe-martella\/\"}]}<\/script>\n<!-- \/ Yoast SEO Premium plugin. -->","yoast_head_json":{"title":"La sindrome di Asperger: cosa c\u2019\u00e8 da sapere? - Santagostino Psiche","description":"La sindrome di Asperger \u00e8 ricompresa nei disturbi dello spettro autistico. Quali sono i sintomi? E come vive una persona con diagnosi di Asperger?","robots":{"index":"index","follow":"follow","max-snippet":"max-snippet:-1","max-image-preview":"max-image-preview:large","max-video-preview":"max-video-preview:-1"},"canonical":"https:\/\/psiche.santagostino.it\/sindrome-di-asperger\/","twitter_misc":{"Scritto da":"giuseppe.martella","Tempo di lettura stimato":"7 minuti"},"schema":{"@context":"https:\/\/schema.org","@graph":[{"@type":"Article","@id":"https:\/\/psiche.santagostino.it\/sindrome-di-asperger\/#article","isPartOf":{"@id":"https:\/\/psiche.santagostino.it\/sindrome-di-asperger\/"},"author":{"name":"giuseppe.martella","@id":"https:\/\/psiche.santagostino.it\/#\/schema\/person\/2799df3a3271317df0314f939d27a43c"},"headline":"La sindrome di Asperger: cosa c\u2019\u00e8 da sapere?","datePublished":"2024-11-06T09:00:32+00:00","dateModified":"2024-11-13T14:08:30+00:00","mainEntityOfPage":{"@id":"https:\/\/psiche.santagostino.it\/sindrome-di-asperger\/"},"wordCount":1152,"publisher":{"@id":"https:\/\/psiche.santagostino.it\/#organization"},"image":{"@id":"https:\/\/psiche.santagostino.it\/sindrome-di-asperger\/#primaryimage"},"thumbnailUrl":"https:\/\/www.santagostino.it\/magazine-psiche\/wp-content\/uploads\/2023\/09\/sindrome-di-asperger.jpeg","articleSection":["Psichiatria"],"inLanguage":"it-IT"},{"@type":"WebPage","@id":"https:\/\/psiche.santagostino.it\/sindrome-di-asperger\/","url":"https:\/\/psiche.santagostino.it\/sindrome-di-asperger\/","name":"La sindrome di Asperger: cosa c\u2019\u00e8 da sapere? - Santagostino Psiche","isPartOf":{"@id":"https:\/\/psiche.santagostino.it\/#website"},"primaryImageOfPage":{"@id":"https:\/\/psiche.santagostino.it\/sindrome-di-asperger\/#primaryimage"},"image":{"@id":"https:\/\/psiche.santagostino.it\/sindrome-di-asperger\/#primaryimage"},"thumbnailUrl":"https:\/\/www.santagostino.it\/magazine-psiche\/wp-content\/uploads\/2023\/09\/sindrome-di-asperger.jpeg","datePublished":"2024-11-06T09:00:32+00:00","dateModified":"2024-11-13T14:08:30+00:00","description":"La sindrome di Asperger \u00e8 ricompresa nei disturbi dello spettro autistico. Quali sono i sintomi? E come vive una persona con diagnosi di Asperger?","breadcrumb":{"@id":"https:\/\/psiche.santagostino.it\/sindrome-di-asperger\/#breadcrumb"},"inLanguage":"it-IT","potentialAction":[{"@type":"ReadAction","target":["https:\/\/psiche.santagostino.it\/sindrome-di-asperger\/"]}]},{"@type":"ImageObject","inLanguage":"it-IT","@id":"https:\/\/psiche.santagostino.it\/sindrome-di-asperger\/#primaryimage","url":"https:\/\/www.santagostino.it\/magazine-psiche\/wp-content\/uploads\/2023\/09\/sindrome-di-asperger.jpeg","contentUrl":"https:\/\/www.santagostino.it\/magazine-psiche\/wp-content\/uploads\/2023\/09\/sindrome-di-asperger.jpeg","width":1200,"height":580,"caption":"sindrome di asperger definizione e cura"},{"@type":"BreadcrumbList","@id":"https:\/\/psiche.santagostino.it\/sindrome-di-asperger\/#breadcrumb","itemListElement":[{"@type":"ListItem","position":1,"name":"Home","item":"https:\/\/psiche.santagostino.it\/"},{"@type":"ListItem","position":2,"name":"La sindrome di Asperger: cosa c\u2019\u00e8 da sapere?"}]},{"@type":"WebSite","@id":"https:\/\/psiche.santagostino.it\/#website","url":"https:\/\/psiche.santagostino.it\/","name":"https:\/\/www.santagostino.it\/magazine-psiche","description":"La finestra sulla mente","publisher":{"@id":"https:\/\/psiche.santagostino.it\/#organization"},"alternateName":"Psiche Santagostino","potentialAction":[{"@type":"SearchAction","target":{"@type":"EntryPoint","urlTemplate":"https:\/\/psiche.santagostino.it\/?s={search_term_string}"},"query-input":{"@type":"PropertyValueSpecification","valueRequired":true,"valueName":"search_term_string"}}],"inLanguage":"it-IT"},{"@type":"Organization","@id":"https:\/\/psiche.santagostino.it\/#organization","name":"https:\/\/www.santagostino.it\/magazine-psiche","url":"https:\/\/psiche.santagostino.it\/","logo":{"@type":"ImageObject","inLanguage":"it-IT","@id":"https:\/\/psiche.santagostino.it\/#\/schema\/logo\/image\/","url":"https:\/\/www.santagostino.it\/magazine-psiche\/wp-content\/uploads\/2023\/07\/Santagostino-psiche-logo.png","contentUrl":"https:\/\/www.santagostino.it\/magazine-psiche\/wp-content\/uploads\/2023\/07\/Santagostino-psiche-logo.png","width":430,"height":71,"caption":"https:\/\/www.santagostino.it\/magazine-psiche"},"image":{"@id":"https:\/\/psiche.santagostino.it\/#\/schema\/logo\/image\/"},"sameAs":["https:\/\/www.facebook.com\/santagostinopsiche\/"]},{"@type":"Person","@id":"https:\/\/psiche.santagostino.it\/#\/schema\/person\/2799df3a3271317df0314f939d27a43c","name":"giuseppe.martella","image":{"@type":"ImageObject","inLanguage":"it-IT","@id":"https:\/\/psiche.santagostino.it\/#\/schema\/person\/image\/","url":"https:\/\/secure.gravatar.com\/avatar\/837c5edb4d59ef07ec81cde06f3d3019?s=96&d=mm&r=g","contentUrl":"https:\/\/secure.gravatar.com\/avatar\/837c5edb4d59ef07ec81cde06f3d3019?s=96&d=mm&r=g","caption":"giuseppe.martella"},"url":"https:\/\/www.santagostino.it\/magazine-psiche\/author\/giuseppe-martella\/"}]}},"_links":{"self":[{"href":"https:\/\/www.santagostino.it\/magazine-psiche\/wp-json\/wp\/v2\/posts\/20070","targetHints":{"allow":["GET"]}}],"collection":[{"href":"https:\/\/www.santagostino.it\/magazine-psiche\/wp-json\/wp\/v2\/posts"}],"about":[{"href":"https:\/\/www.santagostino.it\/magazine-psiche\/wp-json\/wp\/v2\/types\/post"}],"author":[{"embeddable":true,"href":"https:\/\/www.santagostino.it\/magazine-psiche\/wp-json\/wp\/v2\/users\/15"}],"replies":[{"embeddable":true,"href":"https:\/\/www.santagostino.it\/magazine-psiche\/wp-json\/wp\/v2\/comments?post=20070"}],"version-history":[{"count":12,"href":"https:\/\/www.santagostino.it\/magazine-psiche\/wp-json\/wp\/v2\/posts\/20070\/revisions"}],"predecessor-version":[{"id":26943,"href":"https:\/\/www.santagostino.it\/magazine-psiche\/wp-json\/wp\/v2\/posts\/20070\/revisions\/26943"}],"wp:featuredmedia":[{"embeddable":true,"href":"https:\/\/www.santagostino.it\/magazine-psiche\/wp-json\/wp\/v2\/media\/20071"}],"wp:attachment":[{"href":"https:\/\/www.santagostino.it\/magazine-psiche\/wp-json\/wp\/v2\/media?parent=20070"}],"wp:term":[{"taxonomy":"category","embeddable":true,"href":"https:\/\/www.santagostino.it\/magazine-psiche\/wp-json\/wp\/v2\/categories?post=20070"},{"taxonomy":"post_tag","embeddable":true,"href":"https:\/\/www.santagostino.it\/magazine-psiche\/wp-json\/wp\/v2\/tags?post=20070"},{"taxonomy":"temi","embeddable":true,"href":"https:\/\/www.santagostino.it\/magazine-psiche\/wp-json\/wp\/v2\/temi?post=20070"},{"taxonomy":"typology","embeddable":true,"href":"https:\/\/www.santagostino.it\/magazine-psiche\/wp-json\/wp\/v2\/typology?post=20070"}],"curies":[{"name":"wp","href":"https:\/\/api.w.org\/{rel}","templated":true}]}}