{"id":19638,"date":"2023-09-21T14:10:21","date_gmt":"2023-09-21T14:10:21","guid":{"rendered":"https:\/\/www.santagostino.it\/magazine-psiche\/?p=19638"},"modified":"2023-09-19T14:20:54","modified_gmt":"2023-09-19T14:20:54","slug":"violenza-verbale","status":"publish","type":"post","link":"https:\/\/www.santagostino.it\/magazine-psiche\/violenza-verbale\/","title":{"rendered":"Parole che feriscono: riconoscere e affrontare la violenza verbale"},"content":{"rendered":"<p>La potenza delle parole non va mai sottovalutata. La violenza verbale pu\u00f2 infatti infliggere ferite profonde e durature.<\/p>\n<p>Per questo motivo, imparare a gestire la comunicazione in modo corretto \u00e8 fondamentale.<\/p>\n<p><span style=\"font-weight: 400;\">In questo articolo, esploreremo il concetto di violenza verbale, comprenderemo come riconoscerla, analizzeremo le sue manifestazioni in contesti diversi e forniremo strumenti per reagire e prevenire questa<strong> forma distruttiva di comunicazione.<\/strong><\/span><\/p>\n<p><a class=\"content-cta\" href=\"https:\/\/www.santagostino.it\/it\/psiche\/?utm_source=Psiche&amp;utm_medium=direct&amp;utm_campaign=CTA_Psiche_violenza_verbale\"><img decoding=\"async\" class=\"visible-md\" src=\"\/wp-content\/uploads\/2024\/06\/Rev_04_SanAgostino_banner_desktop_low.gif\" \/><img decoding=\"async\" class=\"hidden-md\" src=\"\/wp-content\/uploads\/2024\/06\/Rev_04_SanAgostino_banner_mobile_low.gif\" \/><\/a><\/p>\n<h2><strong>Che cos&#8217;\u00e8 un&#8217;aggressione verbale?<\/strong><\/h2>\n<p><span style=\"font-weight: 400;\">Quando si parla di violenza verbale o <strong>aggressione verbale<\/strong> si fa riferimento a un atto di comunicazione intenzionalmente dannoso e offensivo che coinvolge l&#8217;uso di parole o <strong>toni minacciosi, insultanti<\/strong> o <strong>umilianti.<\/strong> <\/span><\/p>\n<p><span style=\"font-weight: 400;\">Contrariamente a ci\u00f2 che si potrebbe pensare, in effetti, la violenza verbale non implica necessariamente l&#8217;uso di linguaggio volgare o osceno ma pu\u00f2 manifestarsi anche attraverso <strong>insulti sottili, toni sprezzanti<\/strong> o parole intese a ferire emotivamente.<\/span><\/p>\n<h2><strong>Chi usa la violenza verbale?<\/strong><\/h2>\n<p><span style=\"font-weight: 400;\">La violenza verbale \u00e8 un <strong>comportamento diffuso<\/strong> che pu\u00f2 emergere in varie sfere della vita, coinvolgendo diverse persone e contesti. Si verifica spesso nelle relazioni intime, tra partner o familiari ma pu\u00f2 essere perpetrata anche sul <strong>posto di lavoro,<\/strong> nelle <strong>interazioni online<\/strong> (come sui social media, ad esempio) e in altre situazioni quotidiane.\u00a0\u00a0<\/span><\/p>\n<p><span style=\"font-weight: 400;\">Non \u00e8 limitata a un genere o a una fascia d&#8217;et\u00e0 specifica ma le dinamiche di potere e controllo spesso alimentano questo tipo di comportamento, con individui che cercano di dominare gli altri utilizzando parole e atteggiamenti offensivi. Sapere riconoscere e affrontare chi fa uso di violenza verbale \u00e8 essenziale per promuovere<a href=\"https:\/\/www.santagostino.it\/magazine-psiche\/far-durare-relazione-amore\/\"><strong> relazioni sane e rispettose.<\/strong><\/a><\/span><\/p>\n<h2><strong>Quali sono i primi segnali di violenza?<\/strong><\/h2>\n<p><span style=\"font-weight: 400;\">I <strong>primi segnali di violenza verbale<\/strong> possono essere molto lievi ma rivelatori. Per notarli si devono osservare i cambiamenti nei modelli di comunicazione, notare se vengono utilizzati <strong>toni pi\u00f9 duri <\/strong>o commenti umilianti. <\/span><\/p>\n<p><span style=\"font-weight: 400;\">Bisogna, inoltre, prestare attenzione alle <strong>sensazioni di disagio<\/strong> o insicurezza che si provano durante un dialogo. Questi sono <strong>campanelli d&#8217;allarme<\/strong> che dovrebbero spingere a riflettere sulla dinamica comunicativa che si sta instaurando.<\/span><\/p>\n<h2><strong>Come reagire alla violenza verbale?<\/strong><\/h2>\n<p><span style=\"font-weight: 400;\">Quando si \u00e8 vittime di violenza verbale, \u00e8 importante saper reagire in modo efficace per proteggere se stessi e stabilire limiti quanto pi\u00f9 chiari possibile. Ecco alcune strategie che possono essere adottate:<\/span><\/p>\n<ul>\n<li style=\"font-weight: 400;\" aria-level=\"1\"><span style=\"font-weight: 400;\">La prima regola \u00e8 <strong>mantenere la calma:<\/strong>\u00a0rispondere con <a href=\"https:\/\/www.santagostino.it\/magazine-psiche\/frustrazione\/\">rabbia o frustrazione<\/a> pu\u00f2 alimentare ulteriormente la situazione.<\/span><\/li>\n<li style=\"font-weight: 400;\" aria-level=\"1\"><span style=\"font-weight: 400;\">Impostare <strong>limiti chiari,<\/strong> esprimendo chiaramente che non si ha intenzione di accettare insulti o subire attacchi verbali. Affermare i propri confini in <a href=\"https:\/\/www.santagostino.it\/magazine-psiche\/assertivita\/\">modo assertivo<\/a> pu\u00f2 scoraggiare ulteriori comportamenti aggressivi.<\/span><\/li>\n<li style=\"font-weight: 400;\" aria-level=\"1\"><span style=\"font-weight: 400;\">Evitare di cadere nella <strong>trappola della violenza<\/strong> e rispondere con un linguaggio altrettanto offensivo.\u00a0<\/span><\/li>\n<li style=\"font-weight: 400;\" aria-level=\"1\"><span style=\"font-weight: 400;\">Provare a creare uno spazio di <strong>comunicazione costruttiva<\/strong> con l\u2019aggressore.<\/span><\/li>\n<li style=\"font-weight: 400;\" aria-level=\"1\"><span style=\"font-weight: 400;\">Chiedere rispetto, facendo notare all&#8217;altro che la violenza verbale \u00e8 inaccettabile.<\/span><\/li>\n<li style=\"font-weight: 400;\" aria-level=\"1\"><span style=\"font-weight: 400;\">Se la situazione diventa insostenibile, <strong>prendere le distanze<\/strong> dalla persona che perpetra la violenza verbale. Proteggere la propria <a href=\"https:\/\/www.santagostino.it\/magazine-psiche\/salute-mentale\/\">salute mentale<\/a> \u00e8 prioritario.<\/span><\/li>\n<li style=\"font-weight: 400;\" aria-level=\"1\"><span style=\"font-weight: 400;\"><strong>Cercare supporto,<\/strong> condividendo l&#8217;esperienza con amici, familiari o professionisti per ottenere prospettive esterne sull&#8217;aggressione.<\/span><\/li>\n<li style=\"font-weight: 400;\" aria-level=\"1\"><span style=\"font-weight: 400;\">Nel caso in cui la violenza verbale persista, tenere traccia degli episodi. Questa documentazione pu\u00f2 essere importante per eventuali <strong>conseguenze legali<\/strong> o per dimostrare all\u2019altra persona i suoi modelli di comportamento.<\/span><\/li>\n<\/ul>\n<h2><strong>Come riconoscere un abuso emotivo?<\/strong><\/h2>\n<p><span style=\"font-weight: 400;\">La violenza verbale \u00e8 spesso un segno evidente di un problema pi\u00f9 ampio noto come<strong> abuso emotivo.<\/strong> Questa vera e propria forma di maltrattamento comprende una serie di comportamenti dannosi che vanno oltre le parole offensive, coinvolgendo la <a href=\"https:\/\/www.santagostino.it\/magazine-psiche\/manipolatore-affettivo\/\"><strong>manipolazione<\/strong><\/a>, il <strong>controllo <\/strong>e l&#8217;<strong>isolamento.<\/strong><\/span><\/p>\n<p><span style=\"font-weight: 400;\">L&#8217;obiettivo principale di chi perpetra questo tipo di<a href=\"https:\/\/www.santagostino.it\/magazine-psiche\/violenza-psicologica\/\"><strong> violenza psicologica<\/strong><\/a> \u00e8 ottenere il controllo completo sulla vittima, creando una dinamica di potere sbilanciata per minare la sua<strong> autostima<\/strong>. In tal caso, l&#8217;abuso pu\u00f2 manifestarsi nelle forme pi\u00f9 disparate <strong>come atti di <a href=\"https:\/\/www.santagostino.it\/magazine-psiche\/ritiro-sociale\/\">isolamento sociale<\/a><\/strong>, minacce costanti, <strong>controllo delle finanze,<\/strong> diffusione di bugie e umiliazione pubbliche che, a lungo andare, possono avere impatto devastante sulla salute mentale e il benessere dell\u2019altra persona.<\/span><\/p>\n<p><span style=\"font-weight: 400;\">Riconoscere tali forme di violenza all&#8217;interno di un contesto di abuso emotivo non \u00e8 mai accettabile e, al pari della violenza fisica, la questione dovrebbe essere affrontata con seriet\u00e0. La consapevolezza di queste dinamiche \u00e8, in ogni caso, il primo passo per <strong>porre fine all&#8217;abuso<\/strong> e iniziare il processo di guarigione.<\/span><\/p>\n<p><a class=\"content-cta\" href=\"https:\/\/www.santagostino.it\/it\/psiche\/?utm_source=Psiche&amp;utm_medium=direct&amp;utm_campaign=CTA_Psiche_violenza_verbale\"><img decoding=\"async\" class=\"visible-md\" src=\"\/wp-content\/uploads\/2024\/06\/Rev_04_SanAgostino_banner_desktop_low.gif\" \/><img decoding=\"async\" class=\"hidden-md\" src=\"\/wp-content\/uploads\/2024\/06\/Rev_04_SanAgostino_banner_mobile_low.gif\" \/><\/a><\/p>\n<h2><strong>Cosa si rischia per aggressione verbale?<\/strong><\/h2>\n<p><span style=\"font-weight: 400;\">Le<strong> conseguenze dell&#8217;aggressione verbale<\/strong> possono essere devastanti. A livello emotivo, le vittime possono sentirsi intrappolate e sperimentare bassa <a href=\"https:\/\/www.santagostino.it\/magazine-psiche\/autostima\/\">autostima<\/a> e <a href=\"https:\/\/www.santagostino.it\/magazine-psiche\/ansia\/\">ansia,<\/a> sviluppando problematiche come la <strong><a href=\"https:\/\/www.santagostino.it\/magazine-psiche\/depressione-reattiva\/\">depressione<\/a>, <a href=\"https:\/\/www.santagostino.it\/magazine-psiche\/disturbi-alimentari\/\">disordini alimentari<\/a> <\/strong>o persino il <strong><a href=\"https:\/\/www.santagostino.it\/magazine-psiche\/disturbo-da-stress-post-traumatico-ptsd\/\">disturbo da stress post traumatico.<\/a><\/strong><\/span><\/p>\n<p><span style=\"font-weight: 400;\">\u00c8 essenziale quindi che la vittima cerchi (e ovviamente trovi) il supporto di amici, familiari e professionisti per<strong> rompere il ciclo dannoso di negativit\u00e0 e violenza<\/strong> perpetrato dall\u2019aggressore e sentirsi meglio riuscendo a osservarsi da un altro punto di vista al fine di riappropriarsi emotivamente del proprio valore.\u00a0\u00a0<\/span><\/p>\n<p><span style=\"font-weight: 400;\">Non bisogna dimenticare, del resto, che in alcuni casi la violenza verbale pu\u00f2 costituire un <strong>reato penale.<\/strong> Se opportunamente denunciati dalla vittime, infatti, gli aggressori possono essere accusati di <strong>diffamazione, molestie, mobbing<\/strong> o <strong><a href=\"https:\/\/www.santagostino.it\/magazine-psiche\/stalking-come-difendersi\/\">stalking,<\/a> <\/strong>trovandosi a dover affrontare importanti conseguenze legali.<\/span><\/p>\n<p><span style=\"font-weight: 400;\">In definitiva, l&#8217;<strong>aggressione verbale<\/strong> non \u00e8 da sottovalutare. Le sue conseguenze possono influenzare molti aspetti della vita di una persona, infliggendo ferite profonde. Riconoscere i segnali, sviluppare abilit\u00e0 di comunicazione assertiva e stabilire limiti sono elementi chiave per affrontare questa sfida.\u00a0<\/span><\/p>\n<p><span style=\"font-weight: 400;\">\u00c8 importante ricordare che la <strong>comunicazione rispettosa<\/strong> \u00e8 fondamentale per il benessere individuale e per la costruzione di relazioni sane. Se ti trovi coinvolto in una situazione di violenza verbale, cerca supporto e considera l&#8217;aiuto di professionisti qualificati per affrontare e superare questa difficile esperienza.<\/span><\/p>\n","protected":false},"excerpt":{"rendered":"<p>L&#8217;aggressione pu\u00f2 essere non solo fisica, ma anche psicologica e comunicativa. Imparare a riconoscere i segnali \u00e8 fondamentale per stabilire confini. E intervenire per tempo, quando necessario<\/p>\n","protected":false},"author":30,"featured_media":20087,"comment_status":"closed","ping_status":"closed","sticky":false,"template":"","format":"standard","meta":{"footnotes":""},"categories":[279],"tags":[],"temi":[],"typology":[3],"class_list":["post-19638","post","type-post","status-publish","format-standard","has-post-thumbnail","hentry","category-adulti","typology-text"],"yoast_head":"<!-- This site is optimized with the Yoast SEO Premium plugin v25.3.1 (Yoast SEO v25.3.1) - https:\/\/yoast.com\/wordpress\/plugins\/seo\/ -->\n<title>La violenza verbale: quando le parole feriscono - Santagostino Psiche<\/title>\n<meta name=\"description\" content=\"Violenza verbale: scopri come stabilire confini, chiedere rispetto e ottenere supporto per il tuo benessere emotivo se ne sei vittima.\" \/>\n<meta name=\"robots\" content=\"index, follow, max-snippet:-1, max-image-preview:large, max-video-preview:-1\" \/>\n<link rel=\"canonical\" href=\"https:\/\/psiche.santagostino.it\/violenza-verbale\/\" \/>\n<meta name=\"twitter:label1\" content=\"Scritto da\" \/>\n\t<meta name=\"twitter:data1\" content=\"Lorena Lombardi\" \/>\n\t<meta name=\"twitter:label2\" content=\"Tempo di lettura stimato\" \/>\n\t<meta name=\"twitter:data2\" content=\"6 minuti\" \/>\n<script type=\"application\/ld+json\" class=\"yoast-schema-graph\">{\"@context\":\"https:\/\/schema.org\",\"@graph\":[{\"@type\":\"Article\",\"@id\":\"https:\/\/psiche.santagostino.it\/violenza-verbale\/#article\",\"isPartOf\":{\"@id\":\"https:\/\/psiche.santagostino.it\/violenza-verbale\/\"},\"author\":{\"name\":\"Lorena Lombardi\",\"@id\":\"https:\/\/psiche.santagostino.it\/#\/schema\/person\/9f9580e23a1edcce6dec9fed86447713\"},\"headline\":\"Parole che feriscono: riconoscere e affrontare la violenza verbale\",\"datePublished\":\"2023-09-21T14:10:21+00:00\",\"mainEntityOfPage\":{\"@id\":\"https:\/\/psiche.santagostino.it\/violenza-verbale\/\"},\"wordCount\":903,\"publisher\":{\"@id\":\"https:\/\/psiche.santagostino.it\/#organization\"},\"image\":{\"@id\":\"https:\/\/psiche.santagostino.it\/violenza-verbale\/#primaryimage\"},\"thumbnailUrl\":\"https:\/\/www.santagostino.it\/magazine-psiche\/wp-content\/uploads\/2023\/09\/violenza-verbale-santagostino.jpg\",\"articleSection\":[\"Adulti\"],\"inLanguage\":\"it-IT\"},{\"@type\":\"WebPage\",\"@id\":\"https:\/\/psiche.santagostino.it\/violenza-verbale\/\",\"url\":\"https:\/\/psiche.santagostino.it\/violenza-verbale\/\",\"name\":\"La violenza verbale: quando le parole feriscono - Santagostino Psiche\",\"isPartOf\":{\"@id\":\"https:\/\/psiche.santagostino.it\/#website\"},\"primaryImageOfPage\":{\"@id\":\"https:\/\/psiche.santagostino.it\/violenza-verbale\/#primaryimage\"},\"image\":{\"@id\":\"https:\/\/psiche.santagostino.it\/violenza-verbale\/#primaryimage\"},\"thumbnailUrl\":\"https:\/\/www.santagostino.it\/magazine-psiche\/wp-content\/uploads\/2023\/09\/violenza-verbale-santagostino.jpg\",\"datePublished\":\"2023-09-21T14:10:21+00:00\",\"description\":\"Violenza verbale: scopri come stabilire confini, chiedere rispetto e ottenere supporto per il tuo benessere emotivo se ne sei vittima.\",\"breadcrumb\":{\"@id\":\"https:\/\/psiche.santagostino.it\/violenza-verbale\/#breadcrumb\"},\"inLanguage\":\"it-IT\",\"potentialAction\":[{\"@type\":\"ReadAction\",\"target\":[\"https:\/\/psiche.santagostino.it\/violenza-verbale\/\"]}]},{\"@type\":\"ImageObject\",\"inLanguage\":\"it-IT\",\"@id\":\"https:\/\/psiche.santagostino.it\/violenza-verbale\/#primaryimage\",\"url\":\"https:\/\/www.santagostino.it\/magazine-psiche\/wp-content\/uploads\/2023\/09\/violenza-verbale-santagostino.jpg\",\"contentUrl\":\"https:\/\/www.santagostino.it\/magazine-psiche\/wp-content\/uploads\/2023\/09\/violenza-verbale-santagostino.jpg\",\"width\":1200,\"height\":580,\"caption\":\"violenza verbale\"},{\"@type\":\"BreadcrumbList\",\"@id\":\"https:\/\/psiche.santagostino.it\/violenza-verbale\/#breadcrumb\",\"itemListElement\":[{\"@type\":\"ListItem\",\"position\":1,\"name\":\"Home\",\"item\":\"https:\/\/psiche.santagostino.it\/\"},{\"@type\":\"ListItem\",\"position\":2,\"name\":\"Parole che feriscono: riconoscere e affrontare la violenza verbale\"}]},{\"@type\":\"WebSite\",\"@id\":\"https:\/\/psiche.santagostino.it\/#website\",\"url\":\"https:\/\/psiche.santagostino.it\/\",\"name\":\"https:\/\/www.santagostino.it\/magazine-psiche\",\"description\":\"La finestra sulla mente\",\"publisher\":{\"@id\":\"https:\/\/psiche.santagostino.it\/#organization\"},\"alternateName\":\"Psiche Santagostino\",\"potentialAction\":[{\"@type\":\"SearchAction\",\"target\":{\"@type\":\"EntryPoint\",\"urlTemplate\":\"https:\/\/psiche.santagostino.it\/?s={search_term_string}\"},\"query-input\":{\"@type\":\"PropertyValueSpecification\",\"valueRequired\":true,\"valueName\":\"search_term_string\"}}],\"inLanguage\":\"it-IT\"},{\"@type\":\"Organization\",\"@id\":\"https:\/\/psiche.santagostino.it\/#organization\",\"name\":\"https:\/\/www.santagostino.it\/magazine-psiche\",\"url\":\"https:\/\/psiche.santagostino.it\/\",\"logo\":{\"@type\":\"ImageObject\",\"inLanguage\":\"it-IT\",\"@id\":\"https:\/\/psiche.santagostino.it\/#\/schema\/logo\/image\/\",\"url\":\"https:\/\/www.santagostino.it\/magazine-psiche\/wp-content\/uploads\/2023\/07\/Santagostino-psiche-logo.png\",\"contentUrl\":\"https:\/\/www.santagostino.it\/magazine-psiche\/wp-content\/uploads\/2023\/07\/Santagostino-psiche-logo.png\",\"width\":430,\"height\":71,\"caption\":\"https:\/\/www.santagostino.it\/magazine-psiche\"},\"image\":{\"@id\":\"https:\/\/psiche.santagostino.it\/#\/schema\/logo\/image\/\"},\"sameAs\":[\"https:\/\/www.facebook.com\/santagostinopsiche\/\"]},{\"@type\":\"Person\",\"@id\":\"https:\/\/psiche.santagostino.it\/#\/schema\/person\/9f9580e23a1edcce6dec9fed86447713\",\"name\":\"Lorena Lombardi\",\"image\":{\"@type\":\"ImageObject\",\"inLanguage\":\"it-IT\",\"@id\":\"https:\/\/psiche.santagostino.it\/#\/schema\/person\/image\/\",\"url\":\"https:\/\/secure.gravatar.com\/avatar\/3ff392284e58d7cfd822c8ad2f8c17a7?s=96&d=mm&r=g\",\"contentUrl\":\"https:\/\/secure.gravatar.com\/avatar\/3ff392284e58d7cfd822c8ad2f8c17a7?s=96&d=mm&r=g\",\"caption\":\"Lorena Lombardi\"},\"url\":\"https:\/\/www.santagostino.it\/magazine-psiche\/author\/lorena-lombardi\/\"}]}<\/script>\n<!-- \/ Yoast SEO Premium plugin. -->","yoast_head_json":{"title":"La violenza verbale: quando le parole feriscono - Santagostino Psiche","description":"Violenza verbale: scopri come stabilire confini, chiedere rispetto e ottenere supporto per il tuo benessere emotivo se ne sei vittima.","robots":{"index":"index","follow":"follow","max-snippet":"max-snippet:-1","max-image-preview":"max-image-preview:large","max-video-preview":"max-video-preview:-1"},"canonical":"https:\/\/psiche.santagostino.it\/violenza-verbale\/","twitter_misc":{"Scritto da":"Lorena Lombardi","Tempo di lettura stimato":"6 minuti"},"schema":{"@context":"https:\/\/schema.org","@graph":[{"@type":"Article","@id":"https:\/\/psiche.santagostino.it\/violenza-verbale\/#article","isPartOf":{"@id":"https:\/\/psiche.santagostino.it\/violenza-verbale\/"},"author":{"name":"Lorena Lombardi","@id":"https:\/\/psiche.santagostino.it\/#\/schema\/person\/9f9580e23a1edcce6dec9fed86447713"},"headline":"Parole che feriscono: riconoscere e affrontare la violenza verbale","datePublished":"2023-09-21T14:10:21+00:00","mainEntityOfPage":{"@id":"https:\/\/psiche.santagostino.it\/violenza-verbale\/"},"wordCount":903,"publisher":{"@id":"https:\/\/psiche.santagostino.it\/#organization"},"image":{"@id":"https:\/\/psiche.santagostino.it\/violenza-verbale\/#primaryimage"},"thumbnailUrl":"https:\/\/www.santagostino.it\/magazine-psiche\/wp-content\/uploads\/2023\/09\/violenza-verbale-santagostino.jpg","articleSection":["Adulti"],"inLanguage":"it-IT"},{"@type":"WebPage","@id":"https:\/\/psiche.santagostino.it\/violenza-verbale\/","url":"https:\/\/psiche.santagostino.it\/violenza-verbale\/","name":"La violenza verbale: quando le parole feriscono - Santagostino Psiche","isPartOf":{"@id":"https:\/\/psiche.santagostino.it\/#website"},"primaryImageOfPage":{"@id":"https:\/\/psiche.santagostino.it\/violenza-verbale\/#primaryimage"},"image":{"@id":"https:\/\/psiche.santagostino.it\/violenza-verbale\/#primaryimage"},"thumbnailUrl":"https:\/\/www.santagostino.it\/magazine-psiche\/wp-content\/uploads\/2023\/09\/violenza-verbale-santagostino.jpg","datePublished":"2023-09-21T14:10:21+00:00","description":"Violenza verbale: scopri come stabilire confini, chiedere rispetto e ottenere supporto per il tuo benessere emotivo se ne sei vittima.","breadcrumb":{"@id":"https:\/\/psiche.santagostino.it\/violenza-verbale\/#breadcrumb"},"inLanguage":"it-IT","potentialAction":[{"@type":"ReadAction","target":["https:\/\/psiche.santagostino.it\/violenza-verbale\/"]}]},{"@type":"ImageObject","inLanguage":"it-IT","@id":"https:\/\/psiche.santagostino.it\/violenza-verbale\/#primaryimage","url":"https:\/\/www.santagostino.it\/magazine-psiche\/wp-content\/uploads\/2023\/09\/violenza-verbale-santagostino.jpg","contentUrl":"https:\/\/www.santagostino.it\/magazine-psiche\/wp-content\/uploads\/2023\/09\/violenza-verbale-santagostino.jpg","width":1200,"height":580,"caption":"violenza verbale"},{"@type":"BreadcrumbList","@id":"https:\/\/psiche.santagostino.it\/violenza-verbale\/#breadcrumb","itemListElement":[{"@type":"ListItem","position":1,"name":"Home","item":"https:\/\/psiche.santagostino.it\/"},{"@type":"ListItem","position":2,"name":"Parole che feriscono: riconoscere e affrontare la violenza verbale"}]},{"@type":"WebSite","@id":"https:\/\/psiche.santagostino.it\/#website","url":"https:\/\/psiche.santagostino.it\/","name":"https:\/\/www.santagostino.it\/magazine-psiche","description":"La finestra sulla mente","publisher":{"@id":"https:\/\/psiche.santagostino.it\/#organization"},"alternateName":"Psiche Santagostino","potentialAction":[{"@type":"SearchAction","target":{"@type":"EntryPoint","urlTemplate":"https:\/\/psiche.santagostino.it\/?s={search_term_string}"},"query-input":{"@type":"PropertyValueSpecification","valueRequired":true,"valueName":"search_term_string"}}],"inLanguage":"it-IT"},{"@type":"Organization","@id":"https:\/\/psiche.santagostino.it\/#organization","name":"https:\/\/www.santagostino.it\/magazine-psiche","url":"https:\/\/psiche.santagostino.it\/","logo":{"@type":"ImageObject","inLanguage":"it-IT","@id":"https:\/\/psiche.santagostino.it\/#\/schema\/logo\/image\/","url":"https:\/\/www.santagostino.it\/magazine-psiche\/wp-content\/uploads\/2023\/07\/Santagostino-psiche-logo.png","contentUrl":"https:\/\/www.santagostino.it\/magazine-psiche\/wp-content\/uploads\/2023\/07\/Santagostino-psiche-logo.png","width":430,"height":71,"caption":"https:\/\/www.santagostino.it\/magazine-psiche"},"image":{"@id":"https:\/\/psiche.santagostino.it\/#\/schema\/logo\/image\/"},"sameAs":["https:\/\/www.facebook.com\/santagostinopsiche\/"]},{"@type":"Person","@id":"https:\/\/psiche.santagostino.it\/#\/schema\/person\/9f9580e23a1edcce6dec9fed86447713","name":"Lorena Lombardi","image":{"@type":"ImageObject","inLanguage":"it-IT","@id":"https:\/\/psiche.santagostino.it\/#\/schema\/person\/image\/","url":"https:\/\/secure.gravatar.com\/avatar\/3ff392284e58d7cfd822c8ad2f8c17a7?s=96&d=mm&r=g","contentUrl":"https:\/\/secure.gravatar.com\/avatar\/3ff392284e58d7cfd822c8ad2f8c17a7?s=96&d=mm&r=g","caption":"Lorena Lombardi"},"url":"https:\/\/www.santagostino.it\/magazine-psiche\/author\/lorena-lombardi\/"}]}},"_links":{"self":[{"href":"https:\/\/www.santagostino.it\/magazine-psiche\/wp-json\/wp\/v2\/posts\/19638","targetHints":{"allow":["GET"]}}],"collection":[{"href":"https:\/\/www.santagostino.it\/magazine-psiche\/wp-json\/wp\/v2\/posts"}],"about":[{"href":"https:\/\/www.santagostino.it\/magazine-psiche\/wp-json\/wp\/v2\/types\/post"}],"author":[{"embeddable":true,"href":"https:\/\/www.santagostino.it\/magazine-psiche\/wp-json\/wp\/v2\/users\/30"}],"replies":[{"embeddable":true,"href":"https:\/\/www.santagostino.it\/magazine-psiche\/wp-json\/wp\/v2\/comments?post=19638"}],"version-history":[{"count":5,"href":"https:\/\/www.santagostino.it\/magazine-psiche\/wp-json\/wp\/v2\/posts\/19638\/revisions"}],"predecessor-version":[{"id":20092,"href":"https:\/\/www.santagostino.it\/magazine-psiche\/wp-json\/wp\/v2\/posts\/19638\/revisions\/20092"}],"wp:featuredmedia":[{"embeddable":true,"href":"https:\/\/www.santagostino.it\/magazine-psiche\/wp-json\/wp\/v2\/media\/20087"}],"wp:attachment":[{"href":"https:\/\/www.santagostino.it\/magazine-psiche\/wp-json\/wp\/v2\/media?parent=19638"}],"wp:term":[{"taxonomy":"category","embeddable":true,"href":"https:\/\/www.santagostino.it\/magazine-psiche\/wp-json\/wp\/v2\/categories?post=19638"},{"taxonomy":"post_tag","embeddable":true,"href":"https:\/\/www.santagostino.it\/magazine-psiche\/wp-json\/wp\/v2\/tags?post=19638"},{"taxonomy":"temi","embeddable":true,"href":"https:\/\/www.santagostino.it\/magazine-psiche\/wp-json\/wp\/v2\/temi?post=19638"},{"taxonomy":"typology","embeddable":true,"href":"https:\/\/www.santagostino.it\/magazine-psiche\/wp-json\/wp\/v2\/typology?post=19638"}],"curies":[{"name":"wp","href":"https:\/\/api.w.org\/{rel}","templated":true}]}}