{"id":19335,"date":"2023-09-07T09:02:33","date_gmt":"2023-09-07T09:02:33","guid":{"rendered":"https:\/\/www.santagostino.it\/magazine-psiche\/?p=19335"},"modified":"2024-04-15T15:03:07","modified_gmt":"2024-04-15T15:03:07","slug":"demofobia","status":"publish","type":"post","link":"https:\/\/www.santagostino.it\/magazine-psiche\/demofobia\/","title":{"rendered":"La demofobia e il suo significato: affrontare la paura della folla"},"content":{"rendered":"<p>La demofobia \u00e8 la paura ossessiva e irrazionale della folla. Si tratta di una paura particolarmente invalidante per chi ne soffre.<\/p>\n<p>Imparare a comprenderla e gestirla \u00e8 fondamentale per vivere appieno la propria vita sociale.<\/p>\n<p>Scopriamo insieme il suo significato e come affrontare questa grande preoccupazione per superare gli ostacoli che pu\u00f2 generare.<\/p>\n<p><a class=\"content-cta\" href=\"https:\/\/www.santagostino.it\/it\/psiche\/?utm_source=Psiche&amp;utm_medium=direct&amp;utm_campaign=CTA_Psiche_demofobia\"> <img decoding=\"async\" class=\"visible-md\" src=\"\/wp-content\/uploads\/2024\/04\/banner_vr_desktop.png\" \/><img decoding=\"async\" class=\"hidden-md\" src=\"\/wp-content\/uploads\/2024\/04\/banner_vr_mobile.png\" \/><\/a><\/p>\n<h2>Significato del termine demofobia<\/h2>\n<p>La <strong>demofobia<\/strong>, una parola derivante dal greco antico &#8220;<em>demos<\/em>&#8221; (popolo) e &#8220;<em>phobos<\/em>&#8221; (paura), rappresenta letteralmente la &#8220;<strong>paura della folla<\/strong>&#8220;.<\/p>\n<p>Questo disturbo pu\u00f2 emergere in varie circostanze come concerti, eventi sportivi o nelle comuni esperienze di tutti i giorni in luoghi pubblici, quali piazze, centri commerciali, cinema, teatri e mezzi di trasporto. <strong>Il demofobico prova terrore non solo quando si trova in mezzo alla folla<\/strong>, ma anche osservando semplicemente una moltitudine da lontano o immaginando di trovarsi tra molta gente.<\/p>\n<p>Si tratta di una <strong><a href=\"https:\/\/www.santagostino.it\/magazine-psiche\/2020\/10\/19\/paura\/\">paura<\/a> irrazionale e immotivata<\/strong> nei confronti di situazioni affollate, in cui la presenza di un gran numero di persone crea un senso di confusione e <a href=\"https:\/\/www.santagostino.it\/magazine-psiche\/angoscia\/\">angoscia<\/a>. Nei casi pi\u00f9 gravi questa <a href=\"https:\/\/www.santagostino.it\/magazine-psiche\/fobia\/\"><strong>fobia<\/strong><\/a> si pu\u00f2 sviluppare anche in presenza di gruppi composti da pochi singoli, perch\u00e9 chi ne soffre percepisce lo spazio e il numero di individui in modo differente rispetto a chi non \u00e8 affetto da questo disturbo.<\/p>\n<p>L&#8217;<a href=\"https:\/\/www.santagostino.it\/magazine-psiche\/ansia\/\">ansia<\/a> che si scatena genera un <strong>profondo malessere<\/strong> e una serie di sintomi la cui gravit\u00e0 varia da persona a persona, influenzata dalle esperienze individuali.<\/p>\n<p>Tuttavia chi soffre di demofobia si sente spesso solo e incompreso, poich\u00e9 l\u2019intensit\u00e0 di questa paura non viene riconosciuta nella sua piena portata e coloro che non ne sono affetti tendono a minimizzare il problema.<\/p>\n<h3>Demofobia e agorafobia. Quali sono le differenze?<\/h3>\n<p>L&#8217;<a href=\"https:\/\/www.santagostino.it\/magazine-psiche\/agorafobia\/\"><strong>agorafobia<\/strong><\/a> rappresenta la paura degli spazi aperti, ma a differenza della demofobia, l\u2019ansia non \u00e8 legata all&#8217;essere tra la folla, quanto all&#8217;idea di trovarsi intrappolati in situazioni difficilmente controllabili da cui non c&#8217;\u00e8 via di fuga.<\/p>\n<p>Tuttavia <strong>agorafobia e demofobia possono sovrapporsi<\/strong>, specialmente quando la paura della ressa si mescola con il terrore di non poter fuggire da certi luoghi. In questi casi la demofobia emerge come un sintomo specifico dell&#8217;agorafobia.<\/p>\n<h2>Cause della demofobia<\/h2>\n<p>Le cause alla base della demofobia possono variare da individuo a individuo, ma sono spesso legate a <strong>esperienze traumatiche <\/strong>vissute in contesti affollati durante l&#8217;infanzia o l&#8217;<a href=\"https:\/\/www.santagostino.it\/magazine-psiche\/2019\/06\/03\/adolescenza-linee-guida\/\">adolescenza<\/a>.<\/p>\n<p>Un <a href=\"https:\/\/www.santagostino.it\/magazine-psiche\/attacchi-di-panico\/\">attacco di panico<\/a> avuto in un luogo pieno di gente quando si era bambini potrebbe innescare una risposta di paura condizionata che si ripresenta in situazioni simili da adulti. La demofobia pu\u00f2 anche essere influenzata da fattori genetici o predisposizioni personali ed \u00e8 spesso collegata alla <strong>paura di perdere il controllo<\/strong> o di <strong>svelare le proprie fragilit\u00e0 agli altri<\/strong>.<\/p>\n<p>Un motivo emerso di recente \u00e8 l&#8217;esperienza condivisa durante l&#8217;<strong>epidemia di Coronavirus<\/strong>, un\u2019epoca che ha avuto un impatto significativo su molte persone, portando coloro che in precedenza non avevano mai sperimentato la demofobia a diventarne suscettibili. Chi ha sofferto di <a href=\"https:\/\/www.santagostino.it\/magazine-psiche\/covid-19-salute-mentale\/\">ansia legata al Covid<\/a>, durante i periodi pi\u00f9 critici della pandemia, ha preferito evitare situazioni che venivano identificate come assembramenti.<br \/>\nPer molti questa apprensione persiste nonostante il Covid sembra essere ormai un ricordo lontano.<\/p>\n<h2>Come si manifesta la demofobia?<\/h2>\n<p>La demofobia si manifesta attraverso una serie di <strong>sintomi fisici<\/strong>, <strong>emotivi<\/strong> e <strong>comportamentali<\/strong>.<br \/>\nChi ne soffre pu\u00f2 sperimentare:<\/p>\n<ul>\n<li>sudorazione e tremori<\/li>\n<li><a href=\"https:\/\/www.santagostino.it\/it\/santagostinopedia\/tachicardia\">tachicardia<\/a><\/li>\n<li>tachipnea (aumento della frequenza respiratoria)<\/li>\n<li><a href=\"https:\/\/www.msdmanuals.com\/it-it\/professionale\/malattie-polmonari\/sintomi-delle-patologie-polmonari\/dispnea\">dispnea<\/a> (sensazione di mancanza d\u2019aria)<\/li>\n<li>pianto improvviso<\/li>\n<li><a href=\"https:\/\/www.santagostino.it\/it\/santagostinopedia\/nausea\">nausea<\/a> e <a href=\"https:\/\/www.santagostino.it\/it\/santagostinopedia\/vomito\">vomito<\/a><\/li>\n<li>necessit\u00e0 urgente di allontanarsi dalla situazione che crea disagio<\/li>\n<\/ul>\n<p>A livello emotivo, la paura intensa pu\u00f2 portare a sentimenti di <a href=\"https:\/\/www.santagostino.it\/magazine-psiche\/2019\/12\/09\/emozioni-rabbia\/\"><strong>rabbia<\/strong><\/a>, <strong><a href=\"https:\/\/www.santagostino.it\/magazine-psiche\/frustrazione\/\">frustrazione<\/a><\/strong> e <a href=\"https:\/\/www.santagostino.it\/magazine-psiche\/2023\/01\/27\/tristezza\/\"><strong>tristezza<\/strong><\/a>. Questi sintomi possono diventare cos\u00ec intensi da indurre a evitare regolarmente luoghi affollati, determinando una reale limitazione nella routine quotidiana.<\/p>\n<p><a class=\"content-cta\" href=\"https:\/\/www.santagostino.it\/it\/psiche\/?utm_source=Psiche&amp;utm_medium=direct&amp;utm_campaign=CTA_Psiche_demofobia\"> <img decoding=\"async\" class=\"visible-md\" src=\"\/wp-content\/uploads\/2024\/04\/banner_vr_desktop.png\" \/><img decoding=\"async\" class=\"hidden-md\" src=\"\/wp-content\/uploads\/2024\/04\/banner_vr_mobile.png\" \/><\/a><\/p>\n<h2>Come sconfiggere la paura dei luoghi affollati<\/h2>\n<p>Superare la demofobia richiede un approccio graduale e guidato. La <a href=\"https:\/\/www.santagostino.it\/magazine-psiche\/cose-la-terapia-cognitivo-comportamentale-e-quando-farla\/\"><strong>terapia cognitivo-comportamentale<\/strong><\/a> \u00e8 uno dei metodi pi\u00f9 efficaci per affrontare questa paura. Attraverso l&#8217;<strong>esposizione controllata a luoghi affollati,<\/strong> la persona pu\u00f2 imparare a gestire l&#8217;ansia associata e ridurre gradualmente la necessit\u00e0 di evitare tali situazioni. La guida di uno psicoterapeuta esperto \u00e8 fondamentale in questo percorso, perch\u00e9 pu\u00f2 personalizzare l&#8217;approccio terapeutico in base alle esigenze individuali.<\/p>\n<p>La <strong>ristrutturazione cognitiva<\/strong> aiuta a sfidare i pensieri negativi e catastrofici legati alla folla, promuovendo pensieri pi\u00f9 realistici.<\/p>\n<p>L&#8217;apprendimento di <strong>tecniche di rilassamento<\/strong>, come la respirazione diaframmatica o la <a href=\"https:\/\/www.santagostino.it\/magazine-psiche\/meditazione-mindfulness\/\">meditazione<\/a>, pu\u00f2 aiutare a controllare l&#8217;ansia. L&#8217;obiettivo \u00e8 sviluppare una maggiore fiducia nella propria capacit\u00e0 di affrontare circostanze che provocano inquietudine.<\/p>\n","protected":false},"excerpt":{"rendered":"<p>La demofobia \u00e8 la paura esagerata e irrazionale che non permette, a chi ne soffre, di stare in mezzo agli altri.<\/p>\n","protected":false},"author":31,"featured_media":19339,"comment_status":"closed","ping_status":"closed","sticky":false,"template":"","format":"standard","meta":{"footnotes":""},"categories":[1],"tags":[],"temi":[],"typology":[3],"class_list":["post-19335","post","type-post","status-publish","format-standard","has-post-thumbnail","hentry","category-psichiatria","typology-text"],"yoast_head":"<!-- This site is optimized with the Yoast SEO Premium plugin v25.3.1 (Yoast SEO v25.3.1) - https:\/\/yoast.com\/wordpress\/plugins\/seo\/ -->\n<title>La demofobia e il suo significato: affrontare la paura della folla - Santagostino Psiche<\/title>\n<meta name=\"description\" content=\"Scopri cos&#039;\u00e8 la demofobia e come affrontarla. Identifica sintomi, cause e strategie per gestire questo disturbo\" \/>\n<meta name=\"robots\" content=\"index, follow, max-snippet:-1, max-image-preview:large, max-video-preview:-1\" \/>\n<link rel=\"canonical\" href=\"https:\/\/psiche.santagostino.it\/demofobia\/\" \/>\n<meta name=\"twitter:label1\" content=\"Scritto da\" \/>\n\t<meta name=\"twitter:data1\" content=\"Martina Vitali\" \/>\n\t<meta name=\"twitter:label2\" content=\"Tempo di lettura stimato\" \/>\n\t<meta name=\"twitter:data2\" content=\"5 minuti\" \/>\n<script type=\"application\/ld+json\" class=\"yoast-schema-graph\">{\"@context\":\"https:\/\/schema.org\",\"@graph\":[{\"@type\":\"Article\",\"@id\":\"https:\/\/psiche.santagostino.it\/demofobia\/#article\",\"isPartOf\":{\"@id\":\"https:\/\/psiche.santagostino.it\/demofobia\/\"},\"author\":{\"name\":\"Martina Vitali\",\"@id\":\"https:\/\/psiche.santagostino.it\/#\/schema\/person\/ec3bf36a27417e31c05beb1730de6f9e\"},\"headline\":\"La demofobia e il suo significato: affrontare la paura della folla\",\"datePublished\":\"2023-09-07T09:02:33+00:00\",\"dateModified\":\"2024-04-15T15:03:07+00:00\",\"mainEntityOfPage\":{\"@id\":\"https:\/\/psiche.santagostino.it\/demofobia\/\"},\"wordCount\":740,\"publisher\":{\"@id\":\"https:\/\/psiche.santagostino.it\/#organization\"},\"image\":{\"@id\":\"https:\/\/psiche.santagostino.it\/demofobia\/#primaryimage\"},\"thumbnailUrl\":\"https:\/\/www.santagostino.it\/magazine-psiche\/wp-content\/uploads\/2023\/08\/demofobia.jpg\",\"articleSection\":[\"Psichiatria\"],\"inLanguage\":\"it-IT\"},{\"@type\":\"WebPage\",\"@id\":\"https:\/\/psiche.santagostino.it\/demofobia\/\",\"url\":\"https:\/\/psiche.santagostino.it\/demofobia\/\",\"name\":\"La demofobia e il suo significato: affrontare la paura della folla - Santagostino Psiche\",\"isPartOf\":{\"@id\":\"https:\/\/psiche.santagostino.it\/#website\"},\"primaryImageOfPage\":{\"@id\":\"https:\/\/psiche.santagostino.it\/demofobia\/#primaryimage\"},\"image\":{\"@id\":\"https:\/\/psiche.santagostino.it\/demofobia\/#primaryimage\"},\"thumbnailUrl\":\"https:\/\/www.santagostino.it\/magazine-psiche\/wp-content\/uploads\/2023\/08\/demofobia.jpg\",\"datePublished\":\"2023-09-07T09:02:33+00:00\",\"dateModified\":\"2024-04-15T15:03:07+00:00\",\"description\":\"Scopri cos'\u00e8 la demofobia e come affrontarla. Identifica sintomi, cause e strategie per gestire questo disturbo\",\"breadcrumb\":{\"@id\":\"https:\/\/psiche.santagostino.it\/demofobia\/#breadcrumb\"},\"inLanguage\":\"it-IT\",\"potentialAction\":[{\"@type\":\"ReadAction\",\"target\":[\"https:\/\/psiche.santagostino.it\/demofobia\/\"]}]},{\"@type\":\"ImageObject\",\"inLanguage\":\"it-IT\",\"@id\":\"https:\/\/psiche.santagostino.it\/demofobia\/#primaryimage\",\"url\":\"https:\/\/www.santagostino.it\/magazine-psiche\/wp-content\/uploads\/2023\/08\/demofobia.jpg\",\"contentUrl\":\"https:\/\/www.santagostino.it\/magazine-psiche\/wp-content\/uploads\/2023\/08\/demofobia.jpg\",\"width\":1200,\"height\":580,\"caption\":\"demofobia\"},{\"@type\":\"BreadcrumbList\",\"@id\":\"https:\/\/psiche.santagostino.it\/demofobia\/#breadcrumb\",\"itemListElement\":[{\"@type\":\"ListItem\",\"position\":1,\"name\":\"Home\",\"item\":\"https:\/\/psiche.santagostino.it\/\"},{\"@type\":\"ListItem\",\"position\":2,\"name\":\"La demofobia e il suo significato: affrontare la paura della folla\"}]},{\"@type\":\"WebSite\",\"@id\":\"https:\/\/psiche.santagostino.it\/#website\",\"url\":\"https:\/\/psiche.santagostino.it\/\",\"name\":\"https:\/\/www.santagostino.it\/magazine-psiche\",\"description\":\"La finestra sulla mente\",\"publisher\":{\"@id\":\"https:\/\/psiche.santagostino.it\/#organization\"},\"alternateName\":\"Psiche Santagostino\",\"potentialAction\":[{\"@type\":\"SearchAction\",\"target\":{\"@type\":\"EntryPoint\",\"urlTemplate\":\"https:\/\/psiche.santagostino.it\/?s={search_term_string}\"},\"query-input\":{\"@type\":\"PropertyValueSpecification\",\"valueRequired\":true,\"valueName\":\"search_term_string\"}}],\"inLanguage\":\"it-IT\"},{\"@type\":\"Organization\",\"@id\":\"https:\/\/psiche.santagostino.it\/#organization\",\"name\":\"https:\/\/www.santagostino.it\/magazine-psiche\",\"url\":\"https:\/\/psiche.santagostino.it\/\",\"logo\":{\"@type\":\"ImageObject\",\"inLanguage\":\"it-IT\",\"@id\":\"https:\/\/psiche.santagostino.it\/#\/schema\/logo\/image\/\",\"url\":\"https:\/\/www.santagostino.it\/magazine-psiche\/wp-content\/uploads\/2023\/07\/Santagostino-psiche-logo.png\",\"contentUrl\":\"https:\/\/www.santagostino.it\/magazine-psiche\/wp-content\/uploads\/2023\/07\/Santagostino-psiche-logo.png\",\"width\":430,\"height\":71,\"caption\":\"https:\/\/www.santagostino.it\/magazine-psiche\"},\"image\":{\"@id\":\"https:\/\/psiche.santagostino.it\/#\/schema\/logo\/image\/\"},\"sameAs\":[\"https:\/\/www.facebook.com\/santagostinopsiche\/\"]},{\"@type\":\"Person\",\"@id\":\"https:\/\/psiche.santagostino.it\/#\/schema\/person\/ec3bf36a27417e31c05beb1730de6f9e\",\"name\":\"Martina Vitali\",\"image\":{\"@type\":\"ImageObject\",\"inLanguage\":\"it-IT\",\"@id\":\"https:\/\/psiche.santagostino.it\/#\/schema\/person\/image\/\",\"url\":\"https:\/\/secure.gravatar.com\/avatar\/809b9529962994d624aa286701ae6763?s=96&d=mm&r=g\",\"contentUrl\":\"https:\/\/secure.gravatar.com\/avatar\/809b9529962994d624aa286701ae6763?s=96&d=mm&r=g\",\"caption\":\"Martina Vitali\"},\"url\":\"https:\/\/www.santagostino.it\/magazine-psiche\/author\/martina-vitali\/\"}]}<\/script>\n<!-- \/ Yoast SEO Premium plugin. -->","yoast_head_json":{"title":"La demofobia e il suo significato: affrontare la paura della folla - Santagostino Psiche","description":"Scopri cos'\u00e8 la demofobia e come affrontarla. Identifica sintomi, cause e strategie per gestire questo disturbo","robots":{"index":"index","follow":"follow","max-snippet":"max-snippet:-1","max-image-preview":"max-image-preview:large","max-video-preview":"max-video-preview:-1"},"canonical":"https:\/\/psiche.santagostino.it\/demofobia\/","twitter_misc":{"Scritto da":"Martina Vitali","Tempo di lettura stimato":"5 minuti"},"schema":{"@context":"https:\/\/schema.org","@graph":[{"@type":"Article","@id":"https:\/\/psiche.santagostino.it\/demofobia\/#article","isPartOf":{"@id":"https:\/\/psiche.santagostino.it\/demofobia\/"},"author":{"name":"Martina Vitali","@id":"https:\/\/psiche.santagostino.it\/#\/schema\/person\/ec3bf36a27417e31c05beb1730de6f9e"},"headline":"La demofobia e il suo significato: affrontare la paura della folla","datePublished":"2023-09-07T09:02:33+00:00","dateModified":"2024-04-15T15:03:07+00:00","mainEntityOfPage":{"@id":"https:\/\/psiche.santagostino.it\/demofobia\/"},"wordCount":740,"publisher":{"@id":"https:\/\/psiche.santagostino.it\/#organization"},"image":{"@id":"https:\/\/psiche.santagostino.it\/demofobia\/#primaryimage"},"thumbnailUrl":"https:\/\/www.santagostino.it\/magazine-psiche\/wp-content\/uploads\/2023\/08\/demofobia.jpg","articleSection":["Psichiatria"],"inLanguage":"it-IT"},{"@type":"WebPage","@id":"https:\/\/psiche.santagostino.it\/demofobia\/","url":"https:\/\/psiche.santagostino.it\/demofobia\/","name":"La demofobia e il suo significato: affrontare la paura della folla - Santagostino Psiche","isPartOf":{"@id":"https:\/\/psiche.santagostino.it\/#website"},"primaryImageOfPage":{"@id":"https:\/\/psiche.santagostino.it\/demofobia\/#primaryimage"},"image":{"@id":"https:\/\/psiche.santagostino.it\/demofobia\/#primaryimage"},"thumbnailUrl":"https:\/\/www.santagostino.it\/magazine-psiche\/wp-content\/uploads\/2023\/08\/demofobia.jpg","datePublished":"2023-09-07T09:02:33+00:00","dateModified":"2024-04-15T15:03:07+00:00","description":"Scopri cos'\u00e8 la demofobia e come affrontarla. Identifica sintomi, cause e strategie per gestire questo disturbo","breadcrumb":{"@id":"https:\/\/psiche.santagostino.it\/demofobia\/#breadcrumb"},"inLanguage":"it-IT","potentialAction":[{"@type":"ReadAction","target":["https:\/\/psiche.santagostino.it\/demofobia\/"]}]},{"@type":"ImageObject","inLanguage":"it-IT","@id":"https:\/\/psiche.santagostino.it\/demofobia\/#primaryimage","url":"https:\/\/www.santagostino.it\/magazine-psiche\/wp-content\/uploads\/2023\/08\/demofobia.jpg","contentUrl":"https:\/\/www.santagostino.it\/magazine-psiche\/wp-content\/uploads\/2023\/08\/demofobia.jpg","width":1200,"height":580,"caption":"demofobia"},{"@type":"BreadcrumbList","@id":"https:\/\/psiche.santagostino.it\/demofobia\/#breadcrumb","itemListElement":[{"@type":"ListItem","position":1,"name":"Home","item":"https:\/\/psiche.santagostino.it\/"},{"@type":"ListItem","position":2,"name":"La demofobia e il suo significato: affrontare la paura della folla"}]},{"@type":"WebSite","@id":"https:\/\/psiche.santagostino.it\/#website","url":"https:\/\/psiche.santagostino.it\/","name":"https:\/\/www.santagostino.it\/magazine-psiche","description":"La finestra sulla mente","publisher":{"@id":"https:\/\/psiche.santagostino.it\/#organization"},"alternateName":"Psiche Santagostino","potentialAction":[{"@type":"SearchAction","target":{"@type":"EntryPoint","urlTemplate":"https:\/\/psiche.santagostino.it\/?s={search_term_string}"},"query-input":{"@type":"PropertyValueSpecification","valueRequired":true,"valueName":"search_term_string"}}],"inLanguage":"it-IT"},{"@type":"Organization","@id":"https:\/\/psiche.santagostino.it\/#organization","name":"https:\/\/www.santagostino.it\/magazine-psiche","url":"https:\/\/psiche.santagostino.it\/","logo":{"@type":"ImageObject","inLanguage":"it-IT","@id":"https:\/\/psiche.santagostino.it\/#\/schema\/logo\/image\/","url":"https:\/\/www.santagostino.it\/magazine-psiche\/wp-content\/uploads\/2023\/07\/Santagostino-psiche-logo.png","contentUrl":"https:\/\/www.santagostino.it\/magazine-psiche\/wp-content\/uploads\/2023\/07\/Santagostino-psiche-logo.png","width":430,"height":71,"caption":"https:\/\/www.santagostino.it\/magazine-psiche"},"image":{"@id":"https:\/\/psiche.santagostino.it\/#\/schema\/logo\/image\/"},"sameAs":["https:\/\/www.facebook.com\/santagostinopsiche\/"]},{"@type":"Person","@id":"https:\/\/psiche.santagostino.it\/#\/schema\/person\/ec3bf36a27417e31c05beb1730de6f9e","name":"Martina Vitali","image":{"@type":"ImageObject","inLanguage":"it-IT","@id":"https:\/\/psiche.santagostino.it\/#\/schema\/person\/image\/","url":"https:\/\/secure.gravatar.com\/avatar\/809b9529962994d624aa286701ae6763?s=96&d=mm&r=g","contentUrl":"https:\/\/secure.gravatar.com\/avatar\/809b9529962994d624aa286701ae6763?s=96&d=mm&r=g","caption":"Martina Vitali"},"url":"https:\/\/www.santagostino.it\/magazine-psiche\/author\/martina-vitali\/"}]}},"_links":{"self":[{"href":"https:\/\/www.santagostino.it\/magazine-psiche\/wp-json\/wp\/v2\/posts\/19335","targetHints":{"allow":["GET"]}}],"collection":[{"href":"https:\/\/www.santagostino.it\/magazine-psiche\/wp-json\/wp\/v2\/posts"}],"about":[{"href":"https:\/\/www.santagostino.it\/magazine-psiche\/wp-json\/wp\/v2\/types\/post"}],"author":[{"embeddable":true,"href":"https:\/\/www.santagostino.it\/magazine-psiche\/wp-json\/wp\/v2\/users\/31"}],"replies":[{"embeddable":true,"href":"https:\/\/www.santagostino.it\/magazine-psiche\/wp-json\/wp\/v2\/comments?post=19335"}],"version-history":[{"count":18,"href":"https:\/\/www.santagostino.it\/magazine-psiche\/wp-json\/wp\/v2\/posts\/19335\/revisions"}],"predecessor-version":[{"id":23349,"href":"https:\/\/www.santagostino.it\/magazine-psiche\/wp-json\/wp\/v2\/posts\/19335\/revisions\/23349"}],"wp:featuredmedia":[{"embeddable":true,"href":"https:\/\/www.santagostino.it\/magazine-psiche\/wp-json\/wp\/v2\/media\/19339"}],"wp:attachment":[{"href":"https:\/\/www.santagostino.it\/magazine-psiche\/wp-json\/wp\/v2\/media?parent=19335"}],"wp:term":[{"taxonomy":"category","embeddable":true,"href":"https:\/\/www.santagostino.it\/magazine-psiche\/wp-json\/wp\/v2\/categories?post=19335"},{"taxonomy":"post_tag","embeddable":true,"href":"https:\/\/www.santagostino.it\/magazine-psiche\/wp-json\/wp\/v2\/tags?post=19335"},{"taxonomy":"temi","embeddable":true,"href":"https:\/\/www.santagostino.it\/magazine-psiche\/wp-json\/wp\/v2\/temi?post=19335"},{"taxonomy":"typology","embeddable":true,"href":"https:\/\/www.santagostino.it\/magazine-psiche\/wp-json\/wp\/v2\/typology?post=19335"}],"curies":[{"name":"wp","href":"https:\/\/api.w.org\/{rel}","templated":true}]}}