{"id":18865,"date":"2025-02-19T09:00:13","date_gmt":"2025-02-19T09:00:13","guid":{"rendered":"https:\/\/www.santagostino.it\/magazine-psiche\/?p=18865"},"modified":"2025-02-21T16:00:58","modified_gmt":"2025-02-21T16:00:58","slug":"disturbo-ansia-generalizzato","status":"publish","type":"post","link":"https:\/\/www.santagostino.it\/magazine-psiche\/disturbo-ansia-generalizzato\/","title":{"rendered":"Il disturbo d&#8217;ansia generalizzato"},"content":{"rendered":"<p><span style=\"font-weight: 400;\">L&#8217;ansia \u00e8 un&#8217;emozione normale e comune che tutti sperimentano in determinate situazioni della vita. Tuttavia, quando diventa costante, opprimente e persiste anche senza motivo apparente, pu\u00f2 essere il segnale di un disturbo pi\u00f9 grave noto come disturbo d&#8217;ansia generalizzato (GAD).<\/span><\/p>\n<p><span style=\"font-weight: 400;\">Il <\/span><b>disturbo d&#8217;ansia generalizzato <\/b><span style=\"font-weight: 400;\">(GAD) \u00e8 una condizione psicologica che si manifesta come uno <\/span><b>stato cronico di ansia e preoccupazione persistente, non indotto da una causa specifica<\/b><span style=\"font-weight: 400;\">. Le persone affette da questo disturbo tendono a prevedere catastrofi eccessive e si preoccupano costantemente per una vasta gamma di questioni legate alla salute, al lavoro, alla famiglia e ad altre sfere della vita. Queste preoccupazioni sono difficili da controllare e possono interferire in modo significativo con la vita quotidiana.<\/span><\/p>\n<p><span style=\"font-weight: 400;\">A cosa \u00e8 dovuto questo disturbo? Come \u00e8 possibile riconoscerlo? In che modo si guarisce? Ecco tutte le risposte.<\/span><\/p>\n<style> .psiche-banner-mobile{ display:none;} @media (max-width: 720px) { .psiche-banner-desktop{ display:none;} .psiche-banner-mobile{ display:block;} }<\/style><a href=\"https:\/\/www.santagostino.it\/it\/psico\/percorso-psicoterapia-adulti?utm_source=blog&utm_medium=banner&utm_campaign=Psiche_blog_banner_percorso_adulti\"><img decoding=\"async\" class=\"psiche-banner-desktop\" src=\"https:\/\/www.santagostino.it\/magazine-psiche\/wp-content\/uploads\/2024\/07\/banner_adulti-1.png\" \/><img decoding=\"async\" class=\"psiche-banner-mobile\" src=\"https:\/\/www.santagostino.it\/magazine-psiche\/wp-content\/uploads\/2024\/07\/banner_adulti_mobile.png\" \/><\/a>\n<h2><strong>Chi soffre di ansia generalizzata?<\/strong><\/h2>\n<p><span style=\"font-weight: 400;\">Il <\/span><b>disturbo d&#8217;<\/b><b>ansia<\/b><b> generalizzato <\/b><span style=\"font-weight: 400;\">colpisce un vasto numero di individui in tutto il mondo, di et\u00e0, genere e provenienza culturale diversi. Le persone affette da GAD vivono costantemente con una <\/span><b>sensazione di apprensione e preoccupazione eccessive<\/b><span style=\"font-weight: 400;\">\u00a0riguardo a un\u2019ampia serie di eventi o situazioni, spesso senza un motivo specifico. Le <\/span><b>donne sono pi\u00f9 inclini rispetto agli uomini a sviluppare questo disturbo<\/b><span style=\"font-weight: 400;\">, che solitamente si manifesta tra l&#8217;infanzia e la mezza et\u00e0.<\/span><\/p>\n<h2><strong>Perch\u00e9 viene l&#8217;ansia generalizzata?<\/strong><\/h2>\n<p><span style=\"font-weight: 400;\">Il disturbo d&#8217;ansia generalizzato pu\u00f2 derivare da una <\/span><b>combinazione di fattori biologici, psicologici e ambientali<\/b><span style=\"font-weight: 400;\">. Le cause specifiche variano da individuo a individuo, ma \u00e8 possibile individuare alcune ragioni dell&#8217;insorgenza di questo fenomeno:<\/span><\/p>\n<ul>\n<li><b>disfunzioni neurobiologiche<\/b><span style=\"font-weight: 400;\">: il cervello gioca un ruolo fondamentale nell&#8217;ansia, e alterazioni nei livelli di neurotrasmettitori come la <a href=\"https:\/\/www.santagostino.it\/magazine-psiche\/serotonina\/\">serotonina<\/a>, la noradrenalina e il GABA possono contribuire allo sviluppo dell&#8217;ansia generalizzata<\/span><\/li>\n<li><b>fattori genetici<\/b><span style=\"font-weight: 400;\">: l\u2019ansia pu\u00f2 avere una predisposizione familiare, quindi le persone con parenti affetti da disturbi d&#8217;ansia hanno un rischio leggermente maggiore di svilupparlo a loro volta\u00a0<\/span><\/li>\n<li><b>eventi stressanti o <a href=\"https:\/\/www.santagostino.it\/magazine-psiche\/psicologia-trauma\/\">traumatici<\/a><\/b><span style=\"font-weight: 400;\"> come perdite, conflitti interpersonali, abusi o eventi inaspettati possono scatenare o contribuire allo sviluppo del disturbo<\/span><\/li>\n<li><b>cattiva gestione dello <\/b><a href=\"https:\/\/www.santagostino.it\/it\/santagostinopedia\/lo-stress\"><b>stress<\/b><\/a><span style=\"font-weight: 400;\">, responsabile di un accumulo di ansia e preoccupazioni\u00a0<\/span><\/li>\n<li><b>stili di pensiero distorti<\/b><span style=\"font-weight: 400;\">: pensieri catastrofici o negativi possono contribuire alla percezione di minacce immaginarie, aumentando cos\u00ec l&#8217;ansia<\/span><\/li>\n<li><b>conflitti interni ed emotivi<\/b><span style=\"font-weight: 400;\">: sentimenti di insicurezza, bassa <a href=\"https:\/\/www.santagostino.it\/magazine-psiche\/autostima\/\">autostima<\/a> o mancanza di fiducia in s\u00e9 possono essere correlati all&#8217;ansia generalizzata<\/span><\/li>\n<li><b>malattie croniche<\/b><\/li>\n<li><b>ambiente familiare o sociale<\/b><span style=\"font-weight: 400;\">: l&#8217;ansia pu\u00f2 essere appresa e sviluppata in risposta a modelli di comportamento e atteggiamenti negativi presenti nell&#8217;ambiente familiare o sociale in cui si \u00e8 inseriti<\/span><\/li>\n<\/ul>\n<h2><strong>Disturbo d\u2019ansia generalizzato: caratteristiche e sintomi<\/strong><\/h2>\n<p><span style=\"font-weight: 400;\">Il disturbo d\u2019ansia generalizzato si manifesta, come si \u00e8 visto, con uno stato di <\/span><b>preoccupazione eccessiva e infondata<\/b><span style=\"font-weight: 400;\"> che riguarda i molteplici aspetti della vita ed \u00e8 scarsamente controllabile.<\/span><\/p>\n<p><span style=\"font-weight: 400;\">A questo si associano altri sintomi caratteristici:<\/span><\/p>\n<ul>\n<li style=\"font-weight: 400;\" aria-level=\"1\"><b>irritabilit\u00e0<\/b><span style=\"font-weight: 400;\"> e nervosismo nelle situazioni quotidiane<\/span><\/li>\n<li style=\"font-weight: 400;\" aria-level=\"1\"><a href=\"https:\/\/www.santagostino.it\/it\/ambulatori\/disturbi-del-sonno?_ga=2.134318322.2003678208.1690727852-408951423.1686045075\"><b>disturbi del sonno<\/b><\/a><span style=\"font-weight: 400;\">: le difficolt\u00e0 ad addormentarsi o a mantenere il sonno sono comuni nei disturbi d&#8217;ansia generalizzata, causano affaticamento e peggiorano i sintomi ansiosi<\/span><\/li>\n<li style=\"font-weight: 400;\" aria-level=\"1\"><b>sintomi fisici<\/b><span style=\"font-weight: 400;\">: l&#8217;ansia pu\u00f2 manifestarsi anche a livello fisico, con sintomi come tensione muscolare, <a href=\"https:\/\/www.santagostino.it\/it\/santagostinopedia\/il-mal-di-testa\">mal di testa<\/a>, <a href=\"https:\/\/www.santagostino.it\/it\/santagostinopedia\/dolore-addominale\">mal di pancia<\/a>, tremori, <\/span><a href=\"https:\/\/www.santagostino.it\/it\/santagostinopedia\/la-chirurgia-per-l-iperidrosi-sudorazione-eccessiva?_ga=2.152207546.2003678208.1690727852-408951423.1686045075\"><span style=\"font-weight: 400;\">sudorazione<\/span><\/a><span style=\"font-weight: 400;\"> e <\/span><a href=\"https:\/\/www.santagostino.it\/it\/santagostinopedia\/tachicardia?_ga=2.152207546.2003678208.1690727852-408951423.1686045075\"><span style=\"font-weight: 400;\">palpitazioni<\/span><\/a><span style=\"font-weight: 400;\">,\u00a0 brividi, vampate di calore, sensazione di soffocamento o mancanza di respiro, <\/span><a href=\"https:\/\/www.santagostino.it\/it\/santagostinopedia\/nausea?_ga=2.152207546.2003678208.1690727852-408951423.1686045075\"><span style=\"font-weight: 400;\">nausea<\/span><\/a><span style=\"font-weight: 400;\">, bisogno ricorrente di andare in bagno, <a href=\"https:\/\/www.santagostino.it\/it\/santagostinopedia\/astenia\">stanchezza<\/a><\/span><\/li>\n<li style=\"font-weight: 400;\" aria-level=\"1\"><b>difficolt\u00e0 di concentrazione e di memoria<\/b><span style=\"font-weight: 400;\">: le persone con disturbo d\u2019ansia generalizzato possono avere difficolt\u00e0 a concentrarsi a causa dell&#8217;eccessiva preoccupazione e delle distrazioni causate dall&#8217;ansia, oltre che sperimentare vuoti di memoria<\/span><\/li>\n<li style=\"font-weight: 400;\" aria-level=\"1\"><b>ipervigilanza<\/b><span style=\"font-weight: 400;\">: all\u2019<a href=\"https:\/\/www.santagostino.it\/magazine-psiche\/ansia\/\">ansia<\/a> si accompagna uno stato di allerta costante, che porta a percepire come minacce anche situazioni normali<\/span><\/li>\n<li style=\"font-weight: 400;\" aria-level=\"1\"><b>facilit\u00e0 allo spavento<\/b><\/li>\n<li style=\"font-weight: 400;\" aria-level=\"1\"><a href=\"https:\/\/www.santagostino.it\/magazine-psiche\/disturbo-evitante\/\"><b>evitamento<\/b><\/a><span style=\"font-weight: 400;\">: la preoccupazione pu\u00f2 indurre a evitare situazioni o attivit\u00e0 che potrebbero scatenare l&#8217;ansia, con conseguente riduzione della qualit\u00e0 della vita.<\/span><\/li>\n<\/ul>\n<p><span style=\"font-weight: 400;\">Gli effetti del disturbo d&#8217;ansia generalizzato non si limitano solo all&#8217;aspetto emotivo, ma possono avere <\/span><b>impatti significativi sulle relazioni interpersonali, la scuola, il lavoro e le attivit\u00e0 sociali.<\/b><span style=\"font-weight: 400;\"> Le preoccupazioni costanti possono rendere difficile il normale svolgimento delle attivit\u00e0 quotidiane, portando a un senso di <a href=\"https:\/\/www.santagostino.it\/magazine-psiche\/frustrazione\/\">frustrazione<\/a> e impotenza. Molti individui con GAD cercano di nascondere i loro sintomi, temendo di essere giudicati o fraintesi dagli altri.<\/span><\/p>\n<h2><strong>Diagnosi<\/strong><\/h2>\n<p><span style=\"font-weight: 400;\">Il disturbo d&#8217;ansia generalizzato \u00e8 classificato e descritto tra i disturbi d\u2019ansia nel <\/span><a href=\"https:\/\/www.santagostino.it\/magazine-psiche\/dsm5\/\"><b>Manuale Diagnostico e Statistico dei Disturbi Mentali (DSM-5)<\/b><\/a><span style=\"font-weight: 400;\">, che fornisce criteri specifici per la diagnosi. Tra questi deve essere presente uno <\/span><b>stato di ansia e preoccupazione difficilmente controllabili per un periodo non inferiore a sei mesi<\/b><span style=\"font-weight: 400;\">, accompagnato da almeno tre delle seguenti manifestazioni:<\/span><\/p>\n<ul>\n<li style=\"font-weight: 400;\" aria-level=\"1\"><span style=\"font-weight: 400;\">agitazione o sensazione di pericolo<\/span><\/li>\n<li style=\"font-weight: 400;\" aria-level=\"1\"><span style=\"font-weight: 400;\">senso di stanchezza e affaticamento eccessivo<\/span><\/li>\n<li style=\"font-weight: 400;\" aria-level=\"1\"><span style=\"font-weight: 400;\">difficolt\u00e0 di concentrazione<\/span><\/li>\n<li style=\"font-weight: 400;\" aria-level=\"1\"><span style=\"font-weight: 400;\">irritabilit\u00e0<\/span><\/li>\n<li style=\"font-weight: 400;\" aria-level=\"1\"><span style=\"font-weight: 400;\">tensione a livello muscolare<\/span><\/li>\n<li style=\"font-weight: 400;\" aria-level=\"1\"><a href=\"https:\/\/www.santagostino.it\/it\/ambulatori\/disturbi-del-sonno\"><span style=\"font-weight: 400;\">disturbi del sonno<\/span><\/a><\/li>\n<\/ul>\n<p><span style=\"font-weight: 400;\">\u00c8 importante notare che la diagnosi del disturbo d&#8217;ansia generalizzato deve escludere altre cause di ansia, come l&#8217;<a href=\"https:\/\/www.santagostino.it\/magazine-psiche\/effetti-droga-psiche\/\">uso di sostanze<\/a> o disturbi medici.<\/span><\/p>\n<h2><strong>Come calmare l&#8217;ansia generalizzata?<\/strong><\/h2>\n<p><span style=\"font-weight: 400;\">La gestione dell&#8217;ansia generalizzata \u00e8 possibile grazie a diverse <strong>strategie e tecniche che favoriscono il rilassamento<\/strong> e migliorano la qualit\u00e0 della vita. Ecco alcuni degli approcci pi\u00f9 utilizzati:<\/span><\/p>\n<ul>\n<li><a href=\"https:\/\/www.santagostino.it\/magazine-psiche\/terapia-cognitivo-comportamentale\/\"><b>terapia cognitivo-comportamentale<\/b><\/a><span style=\"font-weight: 400;\">: tra i trattamenti pi\u00f9 efficaci per il disturbo d&#8217;ansia generalizzato, questa branca della <\/span><a href=\"https:\/\/www.santagostino.it\/magazine-psiche\/psicoterapia-cose-e\/\"><span style=\"font-weight: 400;\">psicoterapia<\/span><\/a><span style=\"font-weight: 400;\"> si concentra sul cambiamento dei modelli di pensiero negativi e delle abitudini comportamentali disfunzionali. Aiuta i pazienti a identificare i pensieri ansiosi distorti, sostituendoli con pensieri pi\u00f9 realistici e positivi, e a sviluppare nuove abilit\u00e0 per affrontare situazioni ansiose in modo pi\u00f9 efficace<\/span><\/li>\n<li><b>tecniche di rilassamento<\/b><span style=\"font-weight: 400;\">, come il <a href=\"https:\/\/www.santagostino.it\/magazine-psiche\/training-autogeno\">training autogeno<\/a>, la <a href=\"https:\/\/www.santagostino.it\/magazine-psiche\/meditazione\/\">meditazione<\/a> e la <\/span><a href=\"https:\/\/www.santagostino.it\/magazine-psiche\/ansia-sintomi-respirazione\/\"><span style=\"font-weight: 400;\">respirazione profonda<\/span><\/a><span style=\"font-weight: 400;\"> possono aiutare a ridurre i sintomi fisici dell&#8217;ansia e a promuovere una sensazione di calma<\/span><\/li>\n<li><b>terapia farmacologica<\/b><\/li>\n<\/ul>\n<h3><strong>Qual \u00e8 il miglior farmaco per curare l&#8217;ansia?<\/strong><\/h3>\n<p><span style=\"font-weight: 400;\">La scelta dei farmaci per il trattamento dell&#8217;ansia generalizzata dipende dalle esigenze individuali, dalla gravit\u00e0 dei sintomi e dalle condizioni mediche preesistenti del paziente. Gli <\/span><b>antidepressivi <\/b><span style=\"font-weight: 400;\">e gli <\/span><b>ansiolitici<\/b><span style=\"font-weight: 400;\"> sono le classi di farmaci pi\u00f9 comunemente prescritte per gestire l&#8217;ansia cronica:<\/span><\/p>\n<ul>\n<li style=\"font-weight: 400;\" aria-level=\"1\"><span style=\"font-weight: 400;\">gli <\/span><a href=\"https:\/\/www.santagostino.it\/magazine-psiche\/personalizzazione-cure-antidepressivi\/\"><b>antidepressivi<\/b><\/a><span style=\"font-weight: 400;\">, in particolare gli <strong>i<\/strong><\/span><b>nibitori selettivi della ricaptazione della serotonina<\/b><span style=\"font-weight: 400;\"> (SSRI) e gli <\/span><b>inibitori della ricaptazione della serotonina-noradrenalina <\/b><span style=\"font-weight: 400;\">(SNRI), agiscono sull&#8217;umore e possono ridurre l&#8217;ansia nel tempo. Possono richiedere alcune settimane per raggiungere pienamente l&#8217;efficacia<\/span><\/li>\n<li style=\"font-weight: 400;\" aria-level=\"1\"><span style=\"font-weight: 400;\">gli <\/span><a href=\"https:\/\/www.santagostino.it\/magazine-psiche\/ansiolitici\/\"><b>ansiolitici<\/b><\/a><span style=\"font-weight: 400;\">, come le <\/span><a href=\"https:\/\/www.santagostino.it\/magazine-psiche\/benzodiazepine-abuso\/\"><b>benzodiazepine<\/b><\/a><span style=\"font-weight: 400;\">, possono fornire un sollievo rapido dai sintomi dell&#8217;ansia, ma sono generalmente prescritti solo per periodi brevi a causa della progressiva riduzione del loro effetto e del rischio di <\/span><a href=\"https:\/\/www.santagostino.it\/magazine-psiche\/dipendenze-patologiche\/\"><span style=\"font-weight: 400;\">dipendenza<\/span><\/a><span style=\"font-weight: 400;\">, specie nei soggetti inclini a svilupparla<\/span><\/li>\n<li style=\"font-weight: 400;\" aria-level=\"1\"><span style=\"font-weight: 400;\">il <\/span><b>pregabalin<\/b><span style=\"font-weight: 400;\">, un farmaco antiepilettico, si \u00e8 dimostrato efficace nel trattamento dell&#8217;ansia generalizzata, fornendo un&#8217;alternativa agli antidepressivi e agli ansiolitici<\/span><\/li>\n<\/ul>\n<p><span style=\"font-weight: 400;\">Data la presenza degli effetti collaterali descritti, \u00e8 importante che i trattamenti farmacologici siano assunti sempre sotto la supervisione di un medico. Vale la pena ricordare, inoltre, che i farmaci da soli non rappresentano la soluzione definitiva per il trattamento dell&#8217;ansia generalizzata. Spesso, <\/span><b>la combinazione di terapia farmacologica e terapia cognitivo-comportamentale pu\u00f2 essere la strategia pi\u00f9 efficace<\/b><span style=\"font-weight: 400;\"> per gestire e superare il disturbo.<\/span><\/p>\n<h3><strong>Chi soffre d&#8217;ansia cosa dovrebbe evitare?<\/strong><\/h3>\n<p data-sourcepos=\"13:1-13:106\">Ci sono atteggiamenti che possono peggiorare i sintomi di chi soffre di DAG. Tra questi, vi sono:<\/p>\n<ul data-sourcepos=\"15:1-21:0\">\n<li data-sourcepos=\"15:1-15:204\"><strong>il <a href=\"https:\/\/www.santagostino.it\/magazine-psiche\/perfezionismo-patologico\/\">perfezionismo<\/a><\/strong>: cercare la perfezione in ogni cosa pu\u00f2 aumentare l&#8217;ansia e la frustrazione. \u00c8 importante accettare che non si pu\u00f2 controllare tutto e che gli errori fanno parte della vita.<\/li>\n<li data-sourcepos=\"16:1-16:263\"><strong>Rifugiarsi nella fuga<\/strong>: scappare dalle situazioni che spaventano pu\u00f2 sembrare una soluzione a breve termine, ma a lungo andare pu\u00f2 peggiorare l&#8217;ansia. \u00c8 meglio affrontare gradualmente le proprie paure con l&#8217;aiuto di un terapeuta.<\/li>\n<li data-sourcepos=\"17:1-17:202\"><strong>Voler sopprimere le preoccupazioni<\/strong>: cercare di non pensare alle proprie preoccupazioni pu\u00f2 essere controproducente. \u00c8 pi\u00f9 utile riconoscerle e affrontarle in modo costruttivo.<\/li>\n<li data-sourcepos=\"18:1-18:120\"><strong>Isolamento sociale<\/strong>: chi si isola, amplifica le proprie paure. Parlare con amici e familiari pu\u00f2 aiutare, invece, a ridurre l&#8217;ansia e a sentirsi supportati.<\/li>\n<li data-sourcepos=\"19:1-19:122\"><strong>Uso di sostanze eccitanti<\/strong>: caffeina, alcol e droghe possono peggiorare l&#8217;ansia e interferire con il sonno.<\/li>\n<li data-sourcepos=\"20:1-21:0\"><strong>Affidamento solo sui farmaci<\/strong>: come gi\u00e0 indicato, i farmaci possono aiutare a gestire i sintomi dell&#8217;ansia, ma non risolvono il problema alla radice. Non si deve fare affidamento esclusivamente su di essi, ma integrarli con una terapia psicologica.<\/li>\n<\/ul>\n<style> .psiche-banner-mobile{ display:none;} @media (max-width: 720px) { .psiche-banner-desktop{ display:none;} .psiche-banner-mobile{ display:block;} }<\/style><a href=\"https:\/\/www.santagostino.it\/it\/psico\/percorso-psicoterapia-adulti?utm_source=blog&utm_medium=banner&utm_campaign=Psiche_blog_banner_percorso_adulti\"><img decoding=\"async\" class=\"psiche-banner-desktop\" src=\"https:\/\/www.santagostino.it\/magazine-psiche\/wp-content\/uploads\/2024\/07\/banner_adulti-1.png\" \/><img decoding=\"async\" class=\"psiche-banner-mobile\" src=\"https:\/\/www.santagostino.it\/magazine-psiche\/wp-content\/uploads\/2024\/07\/banner_adulti_mobile.png\" \/><\/a>\n<h2><strong>Quanto tempo ci vuole per guarire dall&#8217;ansia generalizzata?<\/strong><\/h2>\n<p><span style=\"font-weight: 400;\">Il tempo necessario per guarire dall&#8217;ansia generalizzata <\/span><b>pu\u00f2 variare da persona a persona<\/b><span style=\"font-weight: 400;\"> e dipende da diversi fattori, in primis dalla risposta del paziente ai trattamenti e alle terapie.<\/span><\/p>\n<p><span style=\"font-weight: 400;\">In molti casi, la diagnosi e l&#8217;intervento tempestivo possono aiutare a ridurre i sintomi e migliorare la qualit\u00e0 della vita del paziente nel breve termine. Tuttavia, per alcune persone, l&#8217;ansia generalizzata <\/span><b>pu\u00f2 essere un disturbo persistente<\/b><span style=\"font-weight: 400;\"> che richiede un impegno a lungo termine.<\/span><\/p>\n<p><span style=\"font-weight: 400;\">La guarigione dall&#8217;ansia generalizzata non significa necessariamente l&#8217;assenza totale di ansia, ma piuttosto il <\/span><b>raggiungimento di una gestione pi\u00f9 efficace dei sintomi e delle preoccupazioni<\/b><span style=\"font-weight: 400;\">, consentendo al paziente di vivere una vita pi\u00f9 soddisfacente e funzionale.<\/span><\/p>\n","protected":false},"excerpt":{"rendered":"<p>Il disturbo d&#8217;ansia generalizzato \u00e8 uno stato psicologico in cui si avverte una costante sensazione di ansia e preoccupazione, non riconducibile a motivi particolari.<\/p>\n","protected":false},"author":32,"featured_media":18868,"comment_status":"closed","ping_status":"closed","sticky":false,"template":"","format":"standard","meta":{"footnotes":""},"categories":[1],"tags":[],"temi":[1106,1110],"typology":[3],"class_list":["post-18865","post","type-post","status-publish","format-standard","has-post-thumbnail","hentry","category-psichiatria","percorsi-psicoterapia-adulti","temi-emozioni","temi-patologie-e-disturbi","typology-text"],"yoast_head":"<!-- This site is optimized with the Yoast SEO Premium plugin v25.3.1 (Yoast SEO v25.3.1) - https:\/\/yoast.com\/wordpress\/plugins\/seo\/ -->\n<title>Il disturbo d&#039;ansia generalizzato - Santagostino Psiche<\/title>\n<meta name=\"description\" content=\"Il disturbo d&#039;ansia generalizzato \u00e8 caratterizzato da una costante sensazione di ansia e preoccupazione, non indotta da un motivo specifico.\" \/>\n<meta name=\"robots\" content=\"index, follow, max-snippet:-1, max-image-preview:large, max-video-preview:-1\" \/>\n<link rel=\"canonical\" href=\"https:\/\/psiche.santagostino.it\/disturbo-ansia-generalizzato\/\" \/>\n<meta name=\"twitter:label1\" content=\"Scritto da\" \/>\n\t<meta name=\"twitter:data1\" content=\"Giulia Vallone\" \/>\n\t<meta name=\"twitter:label2\" content=\"Tempo di lettura stimato\" \/>\n\t<meta name=\"twitter:data2\" content=\"8 minuti\" \/>\n<script type=\"application\/ld+json\" class=\"yoast-schema-graph\">{\"@context\":\"https:\/\/schema.org\",\"@graph\":[{\"@type\":\"Article\",\"@id\":\"https:\/\/psiche.santagostino.it\/disturbo-ansia-generalizzato\/#article\",\"isPartOf\":{\"@id\":\"https:\/\/psiche.santagostino.it\/disturbo-ansia-generalizzato\/\"},\"author\":{\"name\":\"Giulia Vallone\",\"@id\":\"https:\/\/psiche.santagostino.it\/#\/schema\/person\/ec461f05f858dbc3a0b54dccfdfa328b\"},\"headline\":\"Il disturbo d&#8217;ansia generalizzato\",\"datePublished\":\"2025-02-19T09:00:13+00:00\",\"dateModified\":\"2025-02-21T16:00:58+00:00\",\"mainEntityOfPage\":{\"@id\":\"https:\/\/psiche.santagostino.it\/disturbo-ansia-generalizzato\/\"},\"wordCount\":1449,\"publisher\":{\"@id\":\"https:\/\/psiche.santagostino.it\/#organization\"},\"image\":{\"@id\":\"https:\/\/psiche.santagostino.it\/disturbo-ansia-generalizzato\/#primaryimage\"},\"thumbnailUrl\":\"https:\/\/www.santagostino.it\/magazine-psiche\/wp-content\/uploads\/2023\/07\/pexels-mart-production-7278794.jpg\",\"articleSection\":[\"Psichiatria\"],\"inLanguage\":\"it-IT\"},{\"@type\":\"WebPage\",\"@id\":\"https:\/\/psiche.santagostino.it\/disturbo-ansia-generalizzato\/\",\"url\":\"https:\/\/psiche.santagostino.it\/disturbo-ansia-generalizzato\/\",\"name\":\"Il disturbo d'ansia generalizzato - Santagostino Psiche\",\"isPartOf\":{\"@id\":\"https:\/\/psiche.santagostino.it\/#website\"},\"primaryImageOfPage\":{\"@id\":\"https:\/\/psiche.santagostino.it\/disturbo-ansia-generalizzato\/#primaryimage\"},\"image\":{\"@id\":\"https:\/\/psiche.santagostino.it\/disturbo-ansia-generalizzato\/#primaryimage\"},\"thumbnailUrl\":\"https:\/\/www.santagostino.it\/magazine-psiche\/wp-content\/uploads\/2023\/07\/pexels-mart-production-7278794.jpg\",\"datePublished\":\"2025-02-19T09:00:13+00:00\",\"dateModified\":\"2025-02-21T16:00:58+00:00\",\"description\":\"Il disturbo d'ansia generalizzato \u00e8 caratterizzato da una costante sensazione di ansia e preoccupazione, non indotta da un motivo specifico.\",\"breadcrumb\":{\"@id\":\"https:\/\/psiche.santagostino.it\/disturbo-ansia-generalizzato\/#breadcrumb\"},\"inLanguage\":\"it-IT\",\"potentialAction\":[{\"@type\":\"ReadAction\",\"target\":[\"https:\/\/psiche.santagostino.it\/disturbo-ansia-generalizzato\/\"]}]},{\"@type\":\"ImageObject\",\"inLanguage\":\"it-IT\",\"@id\":\"https:\/\/psiche.santagostino.it\/disturbo-ansia-generalizzato\/#primaryimage\",\"url\":\"https:\/\/www.santagostino.it\/magazine-psiche\/wp-content\/uploads\/2023\/07\/pexels-mart-production-7278794.jpg\",\"contentUrl\":\"https:\/\/www.santagostino.it\/magazine-psiche\/wp-content\/uploads\/2023\/07\/pexels-mart-production-7278794.jpg\",\"width\":1200,\"height\":580,\"caption\":\"disturbo ansia generalizzato\"},{\"@type\":\"BreadcrumbList\",\"@id\":\"https:\/\/psiche.santagostino.it\/disturbo-ansia-generalizzato\/#breadcrumb\",\"itemListElement\":[{\"@type\":\"ListItem\",\"position\":1,\"name\":\"Home\",\"item\":\"https:\/\/psiche.santagostino.it\/\"},{\"@type\":\"ListItem\",\"position\":2,\"name\":\"Il disturbo d&#8217;ansia generalizzato\"}]},{\"@type\":\"WebSite\",\"@id\":\"https:\/\/psiche.santagostino.it\/#website\",\"url\":\"https:\/\/psiche.santagostino.it\/\",\"name\":\"https:\/\/www.santagostino.it\/magazine-psiche\",\"description\":\"La finestra sulla mente\",\"publisher\":{\"@id\":\"https:\/\/psiche.santagostino.it\/#organization\"},\"alternateName\":\"Psiche Santagostino\",\"potentialAction\":[{\"@type\":\"SearchAction\",\"target\":{\"@type\":\"EntryPoint\",\"urlTemplate\":\"https:\/\/psiche.santagostino.it\/?s={search_term_string}\"},\"query-input\":{\"@type\":\"PropertyValueSpecification\",\"valueRequired\":true,\"valueName\":\"search_term_string\"}}],\"inLanguage\":\"it-IT\"},{\"@type\":\"Organization\",\"@id\":\"https:\/\/psiche.santagostino.it\/#organization\",\"name\":\"https:\/\/www.santagostino.it\/magazine-psiche\",\"url\":\"https:\/\/psiche.santagostino.it\/\",\"logo\":{\"@type\":\"ImageObject\",\"inLanguage\":\"it-IT\",\"@id\":\"https:\/\/psiche.santagostino.it\/#\/schema\/logo\/image\/\",\"url\":\"https:\/\/www.santagostino.it\/magazine-psiche\/wp-content\/uploads\/2023\/07\/Santagostino-psiche-logo.png\",\"contentUrl\":\"https:\/\/www.santagostino.it\/magazine-psiche\/wp-content\/uploads\/2023\/07\/Santagostino-psiche-logo.png\",\"width\":430,\"height\":71,\"caption\":\"https:\/\/www.santagostino.it\/magazine-psiche\"},\"image\":{\"@id\":\"https:\/\/psiche.santagostino.it\/#\/schema\/logo\/image\/\"},\"sameAs\":[\"https:\/\/www.facebook.com\/santagostinopsiche\/\"]},{\"@type\":\"Person\",\"@id\":\"https:\/\/psiche.santagostino.it\/#\/schema\/person\/ec461f05f858dbc3a0b54dccfdfa328b\",\"name\":\"Giulia Vallone\",\"image\":{\"@type\":\"ImageObject\",\"inLanguage\":\"it-IT\",\"@id\":\"https:\/\/psiche.santagostino.it\/#\/schema\/person\/image\/\",\"url\":\"https:\/\/secure.gravatar.com\/avatar\/d93c1e3b2d8c14f2c5f6963a8d745b33?s=96&d=mm&r=g\",\"contentUrl\":\"https:\/\/secure.gravatar.com\/avatar\/d93c1e3b2d8c14f2c5f6963a8d745b33?s=96&d=mm&r=g\",\"caption\":\"Giulia Vallone\"},\"url\":\"https:\/\/www.santagostino.it\/magazine-psiche\/author\/giulia-vallone\/\"}]}<\/script>\n<!-- \/ Yoast SEO Premium plugin. -->","yoast_head_json":{"title":"Il disturbo d'ansia generalizzato - Santagostino Psiche","description":"Il disturbo d'ansia generalizzato \u00e8 caratterizzato da una costante sensazione di ansia e preoccupazione, non indotta da un motivo specifico.","robots":{"index":"index","follow":"follow","max-snippet":"max-snippet:-1","max-image-preview":"max-image-preview:large","max-video-preview":"max-video-preview:-1"},"canonical":"https:\/\/psiche.santagostino.it\/disturbo-ansia-generalizzato\/","twitter_misc":{"Scritto da":"Giulia Vallone","Tempo di lettura stimato":"8 minuti"},"schema":{"@context":"https:\/\/schema.org","@graph":[{"@type":"Article","@id":"https:\/\/psiche.santagostino.it\/disturbo-ansia-generalizzato\/#article","isPartOf":{"@id":"https:\/\/psiche.santagostino.it\/disturbo-ansia-generalizzato\/"},"author":{"name":"Giulia Vallone","@id":"https:\/\/psiche.santagostino.it\/#\/schema\/person\/ec461f05f858dbc3a0b54dccfdfa328b"},"headline":"Il disturbo d&#8217;ansia generalizzato","datePublished":"2025-02-19T09:00:13+00:00","dateModified":"2025-02-21T16:00:58+00:00","mainEntityOfPage":{"@id":"https:\/\/psiche.santagostino.it\/disturbo-ansia-generalizzato\/"},"wordCount":1449,"publisher":{"@id":"https:\/\/psiche.santagostino.it\/#organization"},"image":{"@id":"https:\/\/psiche.santagostino.it\/disturbo-ansia-generalizzato\/#primaryimage"},"thumbnailUrl":"https:\/\/www.santagostino.it\/magazine-psiche\/wp-content\/uploads\/2023\/07\/pexels-mart-production-7278794.jpg","articleSection":["Psichiatria"],"inLanguage":"it-IT"},{"@type":"WebPage","@id":"https:\/\/psiche.santagostino.it\/disturbo-ansia-generalizzato\/","url":"https:\/\/psiche.santagostino.it\/disturbo-ansia-generalizzato\/","name":"Il disturbo d'ansia generalizzato - Santagostino Psiche","isPartOf":{"@id":"https:\/\/psiche.santagostino.it\/#website"},"primaryImageOfPage":{"@id":"https:\/\/psiche.santagostino.it\/disturbo-ansia-generalizzato\/#primaryimage"},"image":{"@id":"https:\/\/psiche.santagostino.it\/disturbo-ansia-generalizzato\/#primaryimage"},"thumbnailUrl":"https:\/\/www.santagostino.it\/magazine-psiche\/wp-content\/uploads\/2023\/07\/pexels-mart-production-7278794.jpg","datePublished":"2025-02-19T09:00:13+00:00","dateModified":"2025-02-21T16:00:58+00:00","description":"Il disturbo d'ansia generalizzato \u00e8 caratterizzato da una costante sensazione di ansia e preoccupazione, non indotta da un motivo specifico.","breadcrumb":{"@id":"https:\/\/psiche.santagostino.it\/disturbo-ansia-generalizzato\/#breadcrumb"},"inLanguage":"it-IT","potentialAction":[{"@type":"ReadAction","target":["https:\/\/psiche.santagostino.it\/disturbo-ansia-generalizzato\/"]}]},{"@type":"ImageObject","inLanguage":"it-IT","@id":"https:\/\/psiche.santagostino.it\/disturbo-ansia-generalizzato\/#primaryimage","url":"https:\/\/www.santagostino.it\/magazine-psiche\/wp-content\/uploads\/2023\/07\/pexels-mart-production-7278794.jpg","contentUrl":"https:\/\/www.santagostino.it\/magazine-psiche\/wp-content\/uploads\/2023\/07\/pexels-mart-production-7278794.jpg","width":1200,"height":580,"caption":"disturbo ansia generalizzato"},{"@type":"BreadcrumbList","@id":"https:\/\/psiche.santagostino.it\/disturbo-ansia-generalizzato\/#breadcrumb","itemListElement":[{"@type":"ListItem","position":1,"name":"Home","item":"https:\/\/psiche.santagostino.it\/"},{"@type":"ListItem","position":2,"name":"Il disturbo d&#8217;ansia generalizzato"}]},{"@type":"WebSite","@id":"https:\/\/psiche.santagostino.it\/#website","url":"https:\/\/psiche.santagostino.it\/","name":"https:\/\/www.santagostino.it\/magazine-psiche","description":"La finestra sulla mente","publisher":{"@id":"https:\/\/psiche.santagostino.it\/#organization"},"alternateName":"Psiche Santagostino","potentialAction":[{"@type":"SearchAction","target":{"@type":"EntryPoint","urlTemplate":"https:\/\/psiche.santagostino.it\/?s={search_term_string}"},"query-input":{"@type":"PropertyValueSpecification","valueRequired":true,"valueName":"search_term_string"}}],"inLanguage":"it-IT"},{"@type":"Organization","@id":"https:\/\/psiche.santagostino.it\/#organization","name":"https:\/\/www.santagostino.it\/magazine-psiche","url":"https:\/\/psiche.santagostino.it\/","logo":{"@type":"ImageObject","inLanguage":"it-IT","@id":"https:\/\/psiche.santagostino.it\/#\/schema\/logo\/image\/","url":"https:\/\/www.santagostino.it\/magazine-psiche\/wp-content\/uploads\/2023\/07\/Santagostino-psiche-logo.png","contentUrl":"https:\/\/www.santagostino.it\/magazine-psiche\/wp-content\/uploads\/2023\/07\/Santagostino-psiche-logo.png","width":430,"height":71,"caption":"https:\/\/www.santagostino.it\/magazine-psiche"},"image":{"@id":"https:\/\/psiche.santagostino.it\/#\/schema\/logo\/image\/"},"sameAs":["https:\/\/www.facebook.com\/santagostinopsiche\/"]},{"@type":"Person","@id":"https:\/\/psiche.santagostino.it\/#\/schema\/person\/ec461f05f858dbc3a0b54dccfdfa328b","name":"Giulia Vallone","image":{"@type":"ImageObject","inLanguage":"it-IT","@id":"https:\/\/psiche.santagostino.it\/#\/schema\/person\/image\/","url":"https:\/\/secure.gravatar.com\/avatar\/d93c1e3b2d8c14f2c5f6963a8d745b33?s=96&d=mm&r=g","contentUrl":"https:\/\/secure.gravatar.com\/avatar\/d93c1e3b2d8c14f2c5f6963a8d745b33?s=96&d=mm&r=g","caption":"Giulia Vallone"},"url":"https:\/\/www.santagostino.it\/magazine-psiche\/author\/giulia-vallone\/"}]}},"_links":{"self":[{"href":"https:\/\/www.santagostino.it\/magazine-psiche\/wp-json\/wp\/v2\/posts\/18865","targetHints":{"allow":["GET"]}}],"collection":[{"href":"https:\/\/www.santagostino.it\/magazine-psiche\/wp-json\/wp\/v2\/posts"}],"about":[{"href":"https:\/\/www.santagostino.it\/magazine-psiche\/wp-json\/wp\/v2\/types\/post"}],"author":[{"embeddable":true,"href":"https:\/\/www.santagostino.it\/magazine-psiche\/wp-json\/wp\/v2\/users\/32"}],"replies":[{"embeddable":true,"href":"https:\/\/www.santagostino.it\/magazine-psiche\/wp-json\/wp\/v2\/comments?post=18865"}],"version-history":[{"count":12,"href":"https:\/\/www.santagostino.it\/magazine-psiche\/wp-json\/wp\/v2\/posts\/18865\/revisions"}],"predecessor-version":[{"id":27756,"href":"https:\/\/www.santagostino.it\/magazine-psiche\/wp-json\/wp\/v2\/posts\/18865\/revisions\/27756"}],"wp:featuredmedia":[{"embeddable":true,"href":"https:\/\/www.santagostino.it\/magazine-psiche\/wp-json\/wp\/v2\/media\/18868"}],"wp:attachment":[{"href":"https:\/\/www.santagostino.it\/magazine-psiche\/wp-json\/wp\/v2\/media?parent=18865"}],"wp:term":[{"taxonomy":"category","embeddable":true,"href":"https:\/\/www.santagostino.it\/magazine-psiche\/wp-json\/wp\/v2\/categories?post=18865"},{"taxonomy":"post_tag","embeddable":true,"href":"https:\/\/www.santagostino.it\/magazine-psiche\/wp-json\/wp\/v2\/tags?post=18865"},{"taxonomy":"temi","embeddable":true,"href":"https:\/\/www.santagostino.it\/magazine-psiche\/wp-json\/wp\/v2\/temi?post=18865"},{"taxonomy":"typology","embeddable":true,"href":"https:\/\/www.santagostino.it\/magazine-psiche\/wp-json\/wp\/v2\/typology?post=18865"}],"curies":[{"name":"wp","href":"https:\/\/api.w.org\/{rel}","templated":true}]}}