{"id":17264,"date":"2024-10-29T10:00:52","date_gmt":"2024-10-29T10:00:52","guid":{"rendered":"https:\/\/www.santagostino.it\/magazine-psiche\/?p=17264"},"modified":"2024-10-29T14:53:10","modified_gmt":"2024-10-29T14:53:10","slug":"apatia","status":"publish","type":"post","link":"https:\/\/www.santagostino.it\/magazine-psiche\/apatia\/","title":{"rendered":"Apatia: quello che c\u2019\u00e8 da sapere"},"content":{"rendered":"<p><span style=\"font-weight: 400;\">L&#8217;apatia \u00e8 una condizione psicologica caratterizzata da indifferenza e mancanza di interesse, emozioni o entusiasmo verso attivit\u00e0 o situazioni che normalmente li suscitano.<\/span><\/p>\n<p><span style=\"font-weight: 400;\">A tutti \u00e8 capitato almeno una volta nella vita di provare <strong>meno interesse verso le attivit\u00e0 quotidiane<\/strong>, di essere <strong>scarsamente motivati<\/strong> o di avere meno voglia di interagire con gli altri. Quando, tuttavia, questi sentimenti persistono per lungo tempo, si parla di apatia. <\/span><\/p>\n<p><span style=\"font-weight: 400;\">Questa potrebbe essere il sintomo di condizioni neurologiche o psichiatriche da non sottovalutare.<\/span><\/p>\n<p><span style=\"font-weight: 400;\">In questo articolo, la <\/span><b>dottoressa Eva Lucchesi Tagliabue, psicoterapeuta di Santagostino Psiche,<\/b><span style=\"font-weight: 400;\"> spiega cos&#8217;\u00e8 l&#8217;apatia, quali sono le sue principali manifestazioni e le possibili cause.<\/span><\/p>\n<style> .psiche-banner-desktop, .psiche-banner-mobile{ width:100%; height:auto; } .psiche-banner-mobile{ display:none; } @media (max-width: 720px) { .psiche-banner-desktop{ display:none; } .psiche-banner-mobile{ display:block; } } <\/style>\n<p><a class=\"psiche-banner\" data-banner-id=\"25044\" href=\"https:\/\/www.santagostino.it\/it\/psico\/percorso-psicoterapia-adulti?utm_source=blog&#038;utm_medium=banner&#038;utm_campaign=Psiche_blog_banner_percorso_adulti\"><img width=\"1512\" height=\"578\" src=\"https:\/\/www.santagostino.it\/magazine-psiche\/wp-content\/uploads\/2024\/07\/banner_adulti-1.png\" class=\"psiche-banner-desktop\" alt=\"Prenota una seduta\" loading=\"lazy\" decoding=\"async\" style=\"width:100%;height:auto;\" \/><img width=\"700\" height=\"1000\" src=\"https:\/\/www.santagostino.it\/magazine-psiche\/wp-content\/uploads\/2024\/07\/banner_adulti_mobile.png\" class=\"psiche-banner-mobile\" alt=\"Prenota una seduta\" loading=\"lazy\" decoding=\"async\" style=\"width:100%;height:auto;\" \/><\/a><\/p>\n<h2><strong>S<\/strong><b>ignificato psicologico di apatia<\/b><strong><br style=\"font-weight: 400;\" \/><\/strong><\/h2>\n<p><span style=\"font-weight: 400;\">Per <\/span><b>apatia <\/b><span style=\"font-weight: 400;\">s&#8217;intende <\/span><b>l&#8217;assenza di<\/b><a href=\"https:\/\/www.santagostino.it\/magazine-psiche\/motivazione\/\"> <b>motivazione<\/b><\/a><b> con graduale ma costante riduzione delle attivit\u00e0<\/b><span style=\"font-weight: 400;\">. Questo stato psicologico genera un forte congelamento dell\u2019emotivit\u00e0, portando a una sempre pi\u00f9 marcata<\/span><a href=\"https:\/\/www.santagostino.it\/magazine-psiche\/noia\/\"> <b>noia<\/b><\/a><b> di vivere<\/b><span style=\"font-weight: 400;\">.<\/span><\/p>\n<p><span style=\"font-weight: 400;\">Il termine deriva dal greco <\/span><i><span style=\"font-weight: 400;\">&#8220;ap\u00e1theia&#8221;,<\/span><\/i><span style=\"font-weight: 400;\"> che \u00e8 composto dall&#8217;<\/span><b><i>&#8220;a-&#8220;<\/i><\/b><span style=\"font-weight: 400;\"> privativa che significa <\/span><b>&#8220;senza&#8221;,<\/b><span style=\"font-weight: 400;\"> e da <\/span><i><span style=\"font-weight: 400;\">&#8220;pathos&#8221;<\/span><\/i><span style=\"font-weight: 400;\"> che significa <\/span><b>&#8220;sentimento&#8221;, &#8220;passione&#8221; o &#8220;emozione&#8221;<\/b><span style=\"font-weight: 400;\">.<\/span><\/p>\n<p><span style=\"font-weight: 400;\">La persona apatica manifesta:<\/span><\/p>\n<ul>\n<li style=\"font-weight: 400;\" aria-level=\"1\"><b>mancanza di interessi ed emozioni<\/b><\/li>\n<li style=\"font-weight: 400;\" aria-level=\"1\"><b>indifferenza prolungata<\/b><\/li>\n<li style=\"font-weight: 400;\" aria-level=\"1\"><b>indolenza<\/b><\/li>\n<li style=\"font-weight: 400;\" aria-level=\"1\"><b>distacco emotivo nei confronti della propria persona, degli altri e del mondo esterno.<\/b><\/li>\n<\/ul>\n<p><span style=\"font-weight: 400;\">L\u2019impossibilit\u00e0 di sentire e vivere le emozioni si manifesta con una <\/span><b>progressiva riduzione dell\u2019espressivit\u00e0 facciale, vocale e gestuale<\/b><span style=\"font-weight: 400;\">. Inoltre, subentrano alterazioni o <\/span><b>cambiamenti nei comportamenti anche alimentari e\/o sessuali<\/b><span style=\"font-weight: 400;\">.<\/span><\/p>\n<p><span style=\"font-weight: 400;\">L&#8217;apatia non va per\u00f2 confusa con l&#8217;<\/span><a href=\"https:\/\/www.santagostino.it\/magazine-psiche\/abulia\/\"><b>abulia<\/b><\/a><b>,<\/b><span style=\"font-weight: 400;\"> che \u00e8 piuttosto una mancanza di volont\u00e0 o iniziativa.<\/span><\/p>\n<h2><strong>Quali sono i sintomi dell\u2019apatia?<\/strong><\/h2>\n<p><span style=\"font-weight: 400;\">I <\/span><b>sintomi dell\u2019apatia,<\/b><span style=\"font-weight: 400;\"> se isolati o temporanei, di per s\u00e9 non devono destare preoccupazione. Tuttavia, la condizione potrebbe diventare patologica quando gli stessi sono<\/span><b> presenti per almeno 4 settimane<\/b><span style=\"font-weight: 400;\"> e includono:<\/span><\/p>\n<ul>\n<li style=\"font-weight: 400;\" aria-level=\"1\"><b>deficit della motivazione<\/b><span style=\"font-weight: 400;\">, mancanza di interesse nell\u2019imparare nuove cose o fare nuove esperienze<\/span><\/li>\n<li style=\"font-weight: 400;\" aria-level=\"1\"><b>mancanza o drastica<\/b> <b>diminuzione <\/b><span style=\"font-weight: 400;\">degli aspetti cognitivi ed emotivi dei comportamenti finalizzati a uno scopo<\/span><\/li>\n<li style=\"font-weight: 400;\" aria-level=\"1\"><b>riduzione dei comportamenti intenzionali volontari<\/b><span style=\"font-weight: 400;\">, quindi riluttanza ad agire o a compiere qualcosa, che influiscono sulla qualit\u00e0 della vita<\/span><\/li>\n<li style=\"font-weight: 400;\" aria-level=\"1\"><b>livelli di energia molto bassi<\/b><span style=\"font-weight: 400;\"> che condizionano negativamente la capacit\u00e0 di portare a termine le attivit\u00e0 quotidiane<\/span><\/li>\n<li style=\"font-weight: 400;\" aria-level=\"1\"><b>mancanza di risposte emotive e appiattimento affettivo <\/b><span style=\"font-weight: 400;\">(in famiglia come in amore)<\/span><\/li>\n<li style=\"font-weight: 400;\" aria-level=\"1\"><b>imperturbabilit\u00e0 e insensibilit\u00e0<\/b><span style=\"font-weight: 400;\"> di fronte ad eventi positivi o negativi<\/span><\/li>\n<li style=\"font-weight: 400;\" aria-level=\"1\"><b>completo disinteresse delle relazioni interpersonali<\/b><span style=\"font-weight: 400;\">.<\/span><\/li>\n<\/ul>\n<p><span style=\"font-weight: 400;\">L\u2019apatia non deve essere confusa con la<\/span><a href=\"https:\/\/www.santagostino.it\/magazine-psiche\/depressione\/\"> <b>depressione<\/b><\/a><span style=\"font-weight: 400;\">. A differenza di una persona depressa, infatti, <\/span><b>l\u2019apatico non prova disperazione,<\/b><a href=\"https:\/\/www.santagostino.it\/magazine-psiche\/senso-di-colpa\/\"> <b>sensi di colpa<\/b><\/a><b> o autosvalutazione,<\/b><span style=\"font-weight: 400;\"> che possono indurre a pensieri o atti suicidari. Non presenta umore depresso e non prova disagio per la sua condizione.<\/span><\/p>\n<h2><strong>Cosa porta all\u2019apatia?<\/strong><\/h2>\n<p><span style=\"font-weight: 400;\">Le cause dell\u2019apatia non sono ancora del tutto note. Tuttavia, si ritiene che le <\/span><b>vie dopaminergiche<\/b><span style=\"font-weight: 400;\"> siano coinvolte e che l&#8217;apatia possa derivare da lesioni che interessano i <\/span><b>circuiti fronto-sottocorticali<\/b><span style=\"font-weight: 400;\"> e le <\/span><b>vie fronto-striatali<\/b><span style=\"font-weight: 400;\">.<\/span><\/p>\n<p><span style=\"font-weight: 400;\">Spesso l\u2019apatia \u00e8 un <\/span><b>sintomo di diversi disturbi neurologici e psichiatrici,<\/b><span style=\"font-weight: 400;\"> quali:<\/span><\/p>\n<ul>\n<li style=\"font-weight: 400;\" aria-level=\"1\"><a href=\"https:\/\/www.santagostino.it\/it\/santagostinopedia\/l-alzheimer\"><b>morbo di Alzheimer<\/b><\/a><\/li>\n<li style=\"font-weight: 400;\" aria-level=\"1\"><a href=\"https:\/\/www.santagostino.it\/it\/santagostinopedia\/demenza\"><b>demenza<\/b><\/a><span style=\"font-weight: 400;\">\u00a0<\/span><\/li>\n<li style=\"font-weight: 400;\" aria-level=\"1\"><a href=\"https:\/\/www.santagostino.it\/it\/santagostinopedia\/il-parkinson\"><b>morbo di Parkinson<\/b><\/a><\/li>\n<li style=\"font-weight: 400;\" aria-level=\"1\"><a href=\"https:\/\/www.santagostino.it\/it\/santagostinopedia\/corea-huntington\"><b>corea di Huntington<\/b><\/a><span style=\"font-weight: 400;\">\u00a0<\/span><\/li>\n<li style=\"font-weight: 400;\" aria-level=\"1\"><a href=\"https:\/\/www.santagostino.it\/it\/santagostinopedia\/paralisi\"><span style=\"font-weight: 400;\">paralisi<\/span><\/a><span style=\"font-weight: 400;\"> cronica progressiva<\/span><\/li>\n<li style=\"font-weight: 400;\" aria-level=\"1\"><span style=\"font-weight: 400;\">una forte<\/span><a href=\"https:\/\/www.santagostino.it\/it\/santagostinopedia\/l-ipotiroidismo\"> <b>insufficienza tiroidea<\/b><\/a><\/li>\n<li style=\"font-weight: 400;\" aria-level=\"1\"><a href=\"https:\/\/www.santagostino.it\/magazine-psiche\/2022\/04\/20\/schizofrenia\/\"><b>schizofrenia<\/b><\/a><\/li>\n<li style=\"font-weight: 400;\" aria-level=\"1\"><a href=\"https:\/\/www.santagostino.it\/magazine-psiche\/2022\/09\/01\/distimia\/\"><b>distimia<\/b><span style=\"font-weight: 400;\">,<\/span><\/a><span style=\"font-weight: 400;\"> detto anche<\/span> <span style=\"font-weight: 400;\">disturbo depressivo persistente<\/span><\/li>\n<li style=\"font-weight: 400;\" aria-level=\"1\"><b>abuso di sostanze<\/b><span style=\"font-weight: 400;\"> (<\/span><a href=\"https:\/\/www.santagostino.it\/magazine-psiche\/effetti-droga-psiche\/\"><span style=\"font-weight: 400;\">stupefacenti<\/span><\/a><span style=\"font-weight: 400;\">,<\/span><a href=\"https:\/\/www.santagostino.it\/magazine-psiche\/psicofarmaci\/\"> <span style=\"font-weight: 400;\">psicofarmaci<\/span><\/a><span style=\"font-weight: 400;\">,<\/span><a href=\"https:\/\/www.santagostino.it\/magazine-psiche\/2022\/03\/07\/alcolismo\"> <span style=\"font-weight: 400;\">alcol<\/span><\/a><span style=\"font-weight: 400;\">)<\/span><\/li>\n<\/ul>\n<p><span style=\"font-weight: 400;\">Pi\u00f9 precisamente, nell\u2019<\/span><b>apatia emotivo-affettiva<\/b><span style=\"font-weight: 400;\">, sono presenti lesioni del <\/span><b>circuito prefrontale orbito-mediale,<\/b><span style=\"font-weight: 400;\"> che \u00e8 connesso al <\/span><b>sistema limbico<\/b><span style=\"font-weight: 400;\"> (amigdala). Questo circuito \u00e8 responsabile dei processi di integrazione tra gratificazione,<\/span><a href=\"https:\/\/www.santagostino.it\/magazine-psiche\/2021\/02\/23\/a-che-cosa-servono-le-emozioni\/\"> <span style=\"font-weight: 400;\">emozione<\/span><\/a><span style=\"font-weight: 400;\"> e comportamento.<\/span><\/p>\n<p><span style=\"font-weight: 400;\">Nell\u2019<\/span><b>apatia cognitiva, <\/b><span style=\"font-weight: 400;\">che consiste in una riduzione dell\u2019iniziativa e in deficit esecutivi di attenzione, pianificazione, programmazione e flessibilit\u00e0 cognitiva, le lesioni sono presenti nel <\/span><b>circuito prefrontale dorso laterale.<\/b><\/p>\n<h2>Come si fa a sapere se si \u00e8 apatici?<\/h2>\n<p><span style=\"font-weight: 400;\">In assenza di malattie fisiche importanti quali<\/span><a href=\"https:\/\/www.santagostino.it\/it\/santagostinopedia\/l-ictus-attacco-ischemico\"> <b>ictus<\/b><\/a><span style=\"font-weight: 400;\"> o altri <\/span><b>disturbi neurologici, <\/b><span style=\"font-weight: 400;\">e di<\/span><a href=\"https:\/\/www.santagostino.it\/magazine-psiche\/psicologia-trauma\/\"><b> traumi psicologici<\/b><\/a><b> e fisici,<\/b><span style=\"font-weight: 400;\"> i segnali dell\u2019apatia vengono normalmente riscontrati da familiari, amici o colleghi. L\u2019insorgenza dei sintomi \u00e8 graduale e la persona sembra non esserne consapevole.<\/span><\/p>\n<p><span style=\"font-weight: 400;\">Si giunge a una diagnosi clinica dell\u2019apatia quando i <\/span><b>cambiamenti motori, cognitivi, affettivi, relazionali e sociali<\/b><span style=\"font-weight: 400;\"> della persona sono sempre pi\u00f9 evidenti, e hanno ripercussioni negative importanti sulla sua vita.<\/span><\/p>\n<h3><b>Test diagnostici<\/b><\/h3>\n<p><b>I test per la valutazione dell\u2019apatia<\/b><span style=\"font-weight: 400;\"> consistono nella somministrazione di <\/span><b>questionari o prove<\/b><span style=\"font-weight: 400;\"> che valutano le competenze e le abilit\u00e0 cognitive della persona, concentrandosi sulla sua produttivit\u00e0 quotidiana, gli interessi e la sua vita sociale. Tra questi, figurano:<\/span><\/p>\n<ul>\n<li style=\"font-weight: 400;\" aria-level=\"1\"><i><span style=\"font-weight: 400;\">Apathy Evaluation Scale<\/span><\/i><span style=\"font-weight: 400;\"> o <\/span><b>AES<\/b><\/li>\n<li style=\"font-weight: 400;\" aria-level=\"1\"><i><span style=\"font-weight: 400;\">NeuroPsychiatric Inventory<\/span><\/i><span style=\"font-weight: 400;\"> o <\/span><b>NPI<\/b><\/li>\n<li style=\"font-weight: 400;\" aria-level=\"1\"><i><span style=\"font-weight: 400;\">Lille Apathy Rating Scale<\/span><\/i><span style=\"font-weight: 400;\"> o <\/span><b>LARS<\/b><span style=\"font-weight: 400;\">\u00a0<\/span><\/li>\n<\/ul>\n<h2><b>Cosa fare per combattere l&#8217;apatia?<\/b><\/h2>\n<p><span style=\"font-weight: 400;\">A fronte di una diagnosi di apatia, inserita in un quadro patologico pi\u00f9 ampio e che prevede la presenza di lesioni neurologiche, normalmente le <\/span><b>opzioni terapeutiche<\/b><span style=\"font-weight: 400;\"> sono quelle:<\/span><\/p>\n<ul>\n<li style=\"font-weight: 400;\" aria-level=\"1\"><b>farmacologica<\/b><\/li>\n<li style=\"font-weight: 400;\" aria-level=\"1\"><b>riabilitativa\/educativa<\/b><\/li>\n<li style=\"font-weight: 400;\" aria-level=\"1\"><a href=\"https:\/\/www.santagostino.it\/magazine-psiche\/psicoterapia\/\"><b>psicoterapica<\/b><\/a><span style=\"font-weight: 400;\">.<\/span><\/li>\n<\/ul>\n<p><span style=\"font-weight: 400;\">La cura dell\u2019apatia, quindi, \u00e8 mirata al trattamento della condizione sottostante e delle cause che hanno provocato il lento, ma \u201cinesorabile\u201d isolamento della persona.<\/span><\/p>\n<h3><b>Trattamento farmacologico<\/b><\/h3>\n<p><span style=\"font-weight: 400;\">I <\/span><b>farmaci<\/b><span style=\"font-weight: 400;\"> pi\u00f9 utilizzati nel trattamento dell&#8217;apatia devono essere prescritti da neurologi, neuropsichiatri o geriatri. In particolari, questi farmaci possono essere mirati a:<\/span><\/p>\n<ul>\n<li style=\"font-weight: 400;\" aria-level=\"1\"><b>contrastare<\/b> <b>il deterioramento delle cellule cerebrali <\/b><span style=\"font-weight: 400;\">(<a href=\"https:\/\/www.santagostino.it\/it\/santagostinopedia\/demenza\">demenze<\/a>)<\/span><\/li>\n<li style=\"font-weight: 400;\" aria-level=\"1\"><b>stimolare la produzione di<\/b><a href=\"https:\/\/www.santagostino.it\/magazine-psiche\/dopamina-effetti\/\"> <b>dopamina<\/b><\/a><b>, <\/b><span style=\"font-weight: 400;\">come nel trattamento del morbo di Parkinson.<\/span><\/li>\n<\/ul>\n<p><span style=\"font-weight: 400;\">Nella schizofrenia vengono utilizzati agenti<\/span><a href=\"https:\/\/www.santagostino.it\/magazine-psiche\/antipsicotici-2\/\"> <b>antipsicotici<\/b><\/a><b>. <\/b><span style=\"font-weight: 400;\">Nell\u2019apatia senza una causa di fondo nota, possono essere usati gli <\/span><b>psicostimolanti<\/b><span style=\"font-weight: 400;\"> o gli<\/span><a href=\"https:\/\/www.santagostino.it\/magazine-psiche\/antidepressivi\/\"> <b>antidepressivi<\/b><\/a><b>.<\/b><\/p>\n<h3><b>Psicoterapia<\/b><\/h3>\n<p><span style=\"font-weight: 400;\">Oltre al trattamento farmacologico, \u00e8 possibile praticare sedute di:<\/span><\/p>\n<ul>\n<li style=\"font-weight: 400;\" aria-level=\"1\"><a href=\"https:\/\/www.santagostino.it\/magazine-psiche\/terapia-cognitivo-comportamentale\/\"><span style=\"font-weight: 400;\">psicoterapia a indirizzo cognitivo comportamentale<\/span><\/a><\/li>\n<li style=\"font-weight: 400;\" aria-level=\"1\"><span style=\"font-weight: 400;\">tecniche come il condizionamento operante<\/span><\/li>\n<li style=\"font-weight: 400;\" aria-level=\"1\"><span style=\"font-weight: 400;\">programmi educativi di attivit\u00e0 quotidiane significative e personalizzate.<\/span><\/li>\n<\/ul>\n<p><span style=\"font-weight: 400;\">La <\/span><b>psicoterapia cognitivo comportamentale,<\/b><span style=\"font-weight: 400;\"> in particolare, pu\u00f2 essere efficace nel trattamento della condizione grazie al suo focus sull&#8217;identificazione e modifica di pensieri e comportamenti disfunzionali verso approcci pi\u00f9 positivi.<\/span><\/p>\n<p><span style=\"font-weight: 400;\">Attraverso tecniche specifiche, come la <\/span><b>definizione collaborativa degli obiettivi<\/b><span style=\"font-weight: 400;\"> e la<\/span><b> focalizzazione su problemi concreti,<\/b><span style=\"font-weight: 400;\"> questo approccio facilita il coinvolgimento attivo del paziente nel processo terapeutico, incoraggiandolo a riconoscere e modificare i pattern di pensiero che contribuiscono all&#8217;apatia.<\/span><\/p>\n<p><span style=\"font-weight: 400;\">Il trattamento del paziente apatico deve tener conto anche della <\/span><b>presa in carico dei familiari o caregivers<\/b><span style=\"font-weight: 400;\"> che si occupano quotidianamente della persona, attraverso una<\/span><a href=\"https:\/\/www.santagostino.it\/magazine-psiche\/terapia-familiare\/\"> <b>terapia familiare<\/b><\/a><b>.\u00a0<\/b><\/p>\n<p><span style=\"font-weight: 400;\">Grazie alla terapia familiare, i familiari acquisiscono le competenze necessarie per <\/span><b>supportare al meglio il congiunto<\/b><span style=\"font-weight: 400;\">, <\/span><b>prevenendo l&#8217;isolamento e il<\/b><a href=\"https:\/\/www.santagostino.it\/magazine-psiche\/2022\/04\/20\/burnout-sindrome\/\"> <b>burnout.<\/b><\/a> <span style=\"font-weight: 400;\">e promuovendo la sua guarigione. La terapia familiare, inoltre, potenzia positivamente tutti gli altri trattamenti terapeutici.<\/span><\/p>\n<style> .psiche-banner-desktop, .psiche-banner-mobile{ width:100%; height:auto; } .psiche-banner-mobile{ display:none; } @media (max-width: 720px) { .psiche-banner-desktop{ display:none; } .psiche-banner-mobile{ display:block; } } <\/style>\n<p><a class=\"psiche-banner\" data-banner-id=\"25044\" href=\"https:\/\/www.santagostino.it\/it\/psico\/percorso-psicoterapia-adulti?utm_source=blog&#038;utm_medium=banner&#038;utm_campaign=Psiche_blog_banner_percorso_adulti\"><img width=\"1512\" height=\"578\" src=\"https:\/\/www.santagostino.it\/magazine-psiche\/wp-content\/uploads\/2024\/07\/banner_adulti-1.png\" class=\"psiche-banner-desktop\" alt=\"Prenota una seduta\" loading=\"lazy\" decoding=\"async\" style=\"width:100%;height:auto;\" \/><img width=\"700\" height=\"1000\" src=\"https:\/\/www.santagostino.it\/magazine-psiche\/wp-content\/uploads\/2024\/07\/banner_adulti_mobile.png\" class=\"psiche-banner-mobile\" alt=\"Prenota una seduta\" loading=\"lazy\" decoding=\"async\" style=\"width:100%;height:auto;\" \/><\/a><\/p>\n<h3><b>Supporto familiare<\/b><\/h3>\n<p><span style=\"font-weight: 400;\">La <\/span><b>famiglia<\/b><span style=\"font-weight: 400;\"> svolge un ruolo fondamentale nel supporto di una persona con apatia, e pu\u00f2 agire in diversi modi:<\/span><\/p>\n<ul>\n<li style=\"font-weight: 400;\" aria-level=\"1\"><b>incoraggiando la persona a socializzare<\/b><span style=\"font-weight: 400;\">\u00a0<\/span><\/li>\n<li style=\"font-weight: 400;\" aria-level=\"1\"><b>suggerendo la partecipazione in hobby o passatempi<\/b><span style=\"font-weight: 400;\"> che in passato erano di grande interesse per il soggetto apatico<\/span><\/li>\n<li style=\"font-weight: 400;\" aria-level=\"1\"><b>motivando la persona a impegnarsi<\/b><span style=\"font-weight: 400;\"> in esercizio fisico, come una forma di stimolazione sia fisica che mentale.<\/span><\/li>\n<li style=\"font-weight: 400;\" aria-level=\"1\"><b>introducendo nuove esperienze e proponendo nuove attivit\u00e0<\/b><span style=\"font-weight: 400;\"> che possono stimolare interesse e coinvolgimento.<\/span><\/li>\n<\/ul>\n<p><span style=\"font-weight: 400;\">L&#8217;aiuto a una persona apatica richiede un approccio delicato: \u00e8 necessario offrire sostegno senza essere invadenti e creare un ambiente che favorisca la crescita personale, senza aggiungere ulteriori pressioni e aspettative.<\/span><\/p>\n<section>\n<h2>Apatia e temi correlati: tutto quello che c&#039;\u00e8 da sapere<\/h2>\n<\/section>\n<details>\n<summary style=\"cursor:pointer\">\n<h3 style=\"display:inline\">Cos&#039;\u00e8 l&#039;abulia e qual \u00e8 la differenza con l&#039;apatia<\/h3>\n<\/summary>\n<p>L&#8217;<strong>abulia<\/strong> \u00e8 una condizione caratterizzata da una marcata <strong>difficolt\u00e0 nel prendere decisioni<\/strong> e una <strong>perdita di motivazione\u00a0<\/strong>nel compiere anche le azioni pi\u00f9 semplici, come alzarsi dal letto o iniziare una conversazione. La persona abulica si sente incapace di agire, nonostante possa riconoscere l\u2019importanza delle proprie azioni. L&#8217;abulia \u00e8 comune in disturbi come la depressione e alcune patologie neurologiche.<\/p>\n<p>L&#8217;<strong>apatia<\/strong>, invece, \u00e8 uno stato in cui la persona sperimenta una <strong>mancanza generale di interesse e coinvolgimento emotivo<\/strong> verso ci\u00f2 che la circonda. Non prova pi\u00f9 piacere o interesse per attivit\u00e0 che normalmente risultavano gratificanti o stimolanti. L\u2019apatia \u00e8 comune in condizioni come la depressione, il disturbo bipolare e la schizofrenia, oltre che in <a href=\"https:\/\/www.santagostino.it\/it\/santagostinopedia\/malattie-neurodegenerative\">malattie neurodegenerative<\/a>.<\/p>\n<p><a href=\"https:\/\/www.santagostino.it\/magazine-psiche\/abulia\/\">Leggi di pi\u00f9..<\/a><br \/>\n<\/details>\n<details>\n<summary style=\"cursor:pointer\">\n<h3 style=\"display:inline\">Cos&#039;\u00e8 l&#039;anedonia<\/h3>\n<\/summary>\n<p>L\u2019<strong>anedonia<\/strong> \u00e8 la condizione di perdita o riduzione significativa della capacit\u00e0 di provare piacere o interesse per attivit\u00e0 che prima risultavano gratificanti, come socializzare, mangiare, fare esercizio fisico o coltivare hobby.<\/p>\n<p>Le persone che sperimentano anedonia non riescono a provare soddisfazione o gioia, anche se oggettivamente riconoscono che l&#8217;attivit\u00e0 potrebbe essere piacevole.<\/p>\n<p><a href=\"https:\/\/www.santagostino.it\/magazine-psiche\/abulia\/\">Leggi di pi\u00f9..<\/a><br \/>\n<\/details>\n<details>\n<summary style=\"cursor:pointer\">\n<h3 style=\"display:inline\">Sentirsi vuoto<\/h3>\n<\/summary>\n<p>La sensazione di <strong>sentirsi vuoto<\/strong> \u00e8 un\u2019esperienza emotiva caratterizzata da una mancanza profonda di scopo, significato o soddisfazione nella vita.<\/p>\n<p>Le persone che si sentono vuote descrivono spesso un senso di <strong>assenza interiore<\/strong>, come se qualcosa di fondamentale mancasse. Questa sensazione pu\u00f2 manifestarsi come una profonda insoddisfazione o una sensazione di distacco dalle proprie emozioni e dalle relazioni, generando alienazione.<\/p>\n<p><a href=\"https:\/\/www.santagostino.it\/magazine-psiche\/sentirsi-vuoto\/\">Leggi di pi\u00f9..<\/a><br \/>\n<\/details>\n<details>\n<summary style=\"cursor:pointer\">\n<h3 style=\"display:inline\">La depressione<\/h3>\n<\/summary>\n<div class=\"flex-shrink-0 flex flex-col relative items-end\">\n<div>\n<div class=\"pt-0\">\n<div class=\"gizmo-bot-avatar flex h-8 w-8 items-center justify-center overflow-hidden rounded-full\">\n<div class=\"relative p-1 rounded-sm flex items-center justify-center bg-token-main-surface-primary text-token-text-primary h-8 w-8\">La <strong>depressione<\/strong> \u00e8 un disturbo dell\u2019umore caratterizzato da un sentimento persistente di tristezza, vuoto e perdita di interesse o piacere per le attivit\u00e0 quotidiane.<\/div>\n<div><\/div>\n<div class=\"relative p-1 rounded-sm flex items-center justify-center bg-token-main-surface-primary text-token-text-primary h-8 w-8\">Oltre a influenzare l\u2019umore, la depressione pu\u00f2 avere effetti significativi su pensieri, comportamento, energia, appetito e sonno, rendendo difficoltosa la gestione della vita quotidiana. La depressione non vuol dire &#8220;essere tristi&#8221;, ma \u00e8 in realt\u00e0 una condizione debilitante che richiede attenzione e supporto adeguati.<\/div>\n<\/div>\n<\/div>\n<\/div>\n<\/div>\n<p><a href=\"https:\/\/www.santagostino.it\/magazine-psiche\/sentirsi-vuoto\/\">Leggi di pi\u00f9..<\/a><br \/>\n<\/details>\n<div class=\"group\/conversation-turn relative flex w-full min-w-0 flex-col agent-turn\">\n<div class=\"flex-col gap-1 md:gap-3\">\n<div class=\"flex max-w-full flex-col flex-grow\">\n<div class=\"min-h-8 text-message flex w-full flex-col items-end gap-2 whitespace-normal break-words [.text-message+&amp;]:mt-5\" dir=\"auto\" data-message-author-role=\"assistant\" data-message-id=\"7f8f328b-a4bc-4e61-bfed-f963e75a1103\" data-message-model-slug=\"gpt-4o\">\n<div class=\"flex w-full flex-col gap-1 empty:hidden first:pt-[3px]\">\n<div class=\"result-streaming markdown prose w-full break-words dark:prose-invert dark\">\n<details>\n<summary style=\"cursor:pointer\">\n<h3 style=\"display:inline\">Emozioni: cosa sono e a che servono<\/h3>\n<\/summary>\n<div class=\"flex-shrink-0 flex flex-col relative items-end\">\n<div class=\"pt-0\">\n<div class=\"gizmo-bot-avatar flex h-8 w-8 items-center justify-center overflow-hidden rounded-full\">\n<div class=\"relative p-1 rounded-sm flex items-center justify-center bg-token-main-surface-primary text-token-text-primary h-8 w-8\">Le <strong>emozioni<\/strong> sono risposte psicofisiologiche complesse a eventi, pensieri o situazioni che hanno un impatto significativo su di noi. Ogni emozione combina elementi di <strong>esperienza soggettiva<\/strong> (ci\u00f2 che sentiamo), <strong>cambiamenti fisiologici<\/strong> (come il battito cardiaco o il rilascio di ormoni) e <strong>reazioni comportamentali<\/strong> (come espressioni facciali o movimenti corporei).<\/div>\n<div><\/div>\n<div class=\"relative p-1 rounded-sm flex items-center justify-center bg-token-main-surface-primary text-token-text-primary h-8 w-8\">Questi meccanismi sono innati e hanno una funzione adattiva, contribuendo a orientarci e a farci rispondere alle situazioni in modo appropriato.<\/div>\n<\/div>\n<\/div>\n<\/div>\n<p><a href=\"https:\/\/www.santagostino.it\/magazine-psiche\/emozioni\/\">Leggi di pi\u00f9..<\/a><br \/>\n<\/details>\n<\/div>\n<\/div>\n<\/div>\n<\/div>\n<\/div>\n<\/div>\n","protected":false},"excerpt":{"rendered":"<p>L&#8217;apatia consiste in una riduzione o totale assenza di interesse ed emozioni verso attivit\u00e0 e interazioni con gli altri. Deve destare preoccupare se perdura nel tempo o se \u00e8 associata ad altri disturbi psicopatologici.<\/p>\n","protected":false},"author":13,"featured_media":17268,"comment_status":"closed","ping_status":"closed","sticky":false,"template":"","format":"standard","meta":{"footnotes":""},"categories":[279],"tags":[],"temi":[1106,1110],"typology":[3],"class_list":["post-17264","post","type-post","status-publish","format-standard","has-post-thumbnail","hentry","category-adulti","percorsi-psicoterapia-adulti","temi-emozioni","temi-patologie-e-disturbi","typology-text"],"yoast_head":"<!-- This site is optimized with the Yoast SEO Premium plugin v25.3.1 (Yoast SEO v25.3.1) - https:\/\/yoast.com\/wordpress\/plugins\/seo\/ -->\n<title>Apatia: quello che c&#039;\u00e8 da sapere - Santagostino Psiche<\/title>\n<meta name=\"description\" content=\"L\u2019apatia \u00e8 la mancanza di reazioni emotive e interesse verso attivit\u00e0 e interazioni con gli altri, che deve preoccupare se perdura nel tempo\" \/>\n<meta name=\"robots\" content=\"index, follow, max-snippet:-1, max-image-preview:large, max-video-preview:-1\" \/>\n<link rel=\"canonical\" href=\"https:\/\/psiche.santagostino.it\/apatia\/\" \/>\n<meta name=\"twitter:label1\" content=\"Scritto da\" \/>\n\t<meta name=\"twitter:data1\" content=\"massimiliano.decesare\" \/>\n\t<meta name=\"twitter:label2\" content=\"Tempo di lettura stimato\" \/>\n\t<meta name=\"twitter:data2\" content=\"9 minuti\" \/>\n<script type=\"application\/ld+json\" class=\"yoast-schema-graph\">{\"@context\":\"https:\/\/schema.org\",\"@graph\":[{\"@type\":\"Article\",\"@id\":\"https:\/\/psiche.santagostino.it\/apatia\/#article\",\"isPartOf\":{\"@id\":\"https:\/\/psiche.santagostino.it\/apatia\/\"},\"author\":{\"name\":\"massimiliano.decesare\",\"@id\":\"https:\/\/psiche.santagostino.it\/#\/schema\/person\/fabaf2d1a036856b2a70bf7d211fa293\"},\"headline\":\"Apatia: quello che c\u2019\u00e8 da sapere\",\"datePublished\":\"2024-10-29T10:00:52+00:00\",\"dateModified\":\"2024-10-29T14:53:10+00:00\",\"mainEntityOfPage\":{\"@id\":\"https:\/\/psiche.santagostino.it\/apatia\/\"},\"wordCount\":1552,\"publisher\":{\"@id\":\"https:\/\/psiche.santagostino.it\/#organization\"},\"image\":{\"@id\":\"https:\/\/psiche.santagostino.it\/apatia\/#primaryimage\"},\"thumbnailUrl\":\"https:\/\/www.santagostino.it\/magazine-psiche\/wp-content\/uploads\/2023\/03\/Apatia.jpg\",\"articleSection\":[\"Adulti\"],\"inLanguage\":\"it-IT\"},{\"@type\":\"WebPage\",\"@id\":\"https:\/\/psiche.santagostino.it\/apatia\/\",\"url\":\"https:\/\/psiche.santagostino.it\/apatia\/\",\"name\":\"Apatia: quello che c'\u00e8 da sapere - Santagostino Psiche\",\"isPartOf\":{\"@id\":\"https:\/\/psiche.santagostino.it\/#website\"},\"primaryImageOfPage\":{\"@id\":\"https:\/\/psiche.santagostino.it\/apatia\/#primaryimage\"},\"image\":{\"@id\":\"https:\/\/psiche.santagostino.it\/apatia\/#primaryimage\"},\"thumbnailUrl\":\"https:\/\/www.santagostino.it\/magazine-psiche\/wp-content\/uploads\/2023\/03\/Apatia.jpg\",\"datePublished\":\"2024-10-29T10:00:52+00:00\",\"dateModified\":\"2024-10-29T14:53:10+00:00\",\"description\":\"L\u2019apatia \u00e8 la mancanza di reazioni emotive e interesse verso attivit\u00e0 e interazioni con gli altri, che deve preoccupare se perdura nel tempo\",\"breadcrumb\":{\"@id\":\"https:\/\/psiche.santagostino.it\/apatia\/#breadcrumb\"},\"inLanguage\":\"it-IT\",\"potentialAction\":[{\"@type\":\"ReadAction\",\"target\":[\"https:\/\/psiche.santagostino.it\/apatia\/\"]}]},{\"@type\":\"ImageObject\",\"inLanguage\":\"it-IT\",\"@id\":\"https:\/\/psiche.santagostino.it\/apatia\/#primaryimage\",\"url\":\"https:\/\/www.santagostino.it\/magazine-psiche\/wp-content\/uploads\/2023\/03\/Apatia.jpg\",\"contentUrl\":\"https:\/\/www.santagostino.it\/magazine-psiche\/wp-content\/uploads\/2023\/03\/Apatia.jpg\",\"width\":1200,\"height\":580,\"caption\":\"Apatia\"},{\"@type\":\"BreadcrumbList\",\"@id\":\"https:\/\/psiche.santagostino.it\/apatia\/#breadcrumb\",\"itemListElement\":[{\"@type\":\"ListItem\",\"position\":1,\"name\":\"Home\",\"item\":\"https:\/\/psiche.santagostino.it\/\"},{\"@type\":\"ListItem\",\"position\":2,\"name\":\"Apatia: quello che c\u2019\u00e8 da sapere\"}]},{\"@type\":\"WebSite\",\"@id\":\"https:\/\/psiche.santagostino.it\/#website\",\"url\":\"https:\/\/psiche.santagostino.it\/\",\"name\":\"https:\/\/www.santagostino.it\/magazine-psiche\",\"description\":\"La finestra sulla mente\",\"publisher\":{\"@id\":\"https:\/\/psiche.santagostino.it\/#organization\"},\"alternateName\":\"Psiche Santagostino\",\"potentialAction\":[{\"@type\":\"SearchAction\",\"target\":{\"@type\":\"EntryPoint\",\"urlTemplate\":\"https:\/\/psiche.santagostino.it\/?s={search_term_string}\"},\"query-input\":{\"@type\":\"PropertyValueSpecification\",\"valueRequired\":true,\"valueName\":\"search_term_string\"}}],\"inLanguage\":\"it-IT\"},{\"@type\":\"Organization\",\"@id\":\"https:\/\/psiche.santagostino.it\/#organization\",\"name\":\"https:\/\/www.santagostino.it\/magazine-psiche\",\"url\":\"https:\/\/psiche.santagostino.it\/\",\"logo\":{\"@type\":\"ImageObject\",\"inLanguage\":\"it-IT\",\"@id\":\"https:\/\/psiche.santagostino.it\/#\/schema\/logo\/image\/\",\"url\":\"https:\/\/www.santagostino.it\/magazine-psiche\/wp-content\/uploads\/2023\/07\/Santagostino-psiche-logo.png\",\"contentUrl\":\"https:\/\/www.santagostino.it\/magazine-psiche\/wp-content\/uploads\/2023\/07\/Santagostino-psiche-logo.png\",\"width\":430,\"height\":71,\"caption\":\"https:\/\/www.santagostino.it\/magazine-psiche\"},\"image\":{\"@id\":\"https:\/\/psiche.santagostino.it\/#\/schema\/logo\/image\/\"},\"sameAs\":[\"https:\/\/www.facebook.com\/santagostinopsiche\/\"]},{\"@type\":\"Person\",\"@id\":\"https:\/\/psiche.santagostino.it\/#\/schema\/person\/fabaf2d1a036856b2a70bf7d211fa293\",\"name\":\"massimiliano.decesare\",\"image\":{\"@type\":\"ImageObject\",\"inLanguage\":\"it-IT\",\"@id\":\"https:\/\/psiche.santagostino.it\/#\/schema\/person\/image\/\",\"url\":\"https:\/\/secure.gravatar.com\/avatar\/60ca167434e25b02e9f5c48d72cc03a6?s=96&d=mm&r=g\",\"contentUrl\":\"https:\/\/secure.gravatar.com\/avatar\/60ca167434e25b02e9f5c48d72cc03a6?s=96&d=mm&r=g\",\"caption\":\"massimiliano.decesare\"},\"url\":\"https:\/\/www.santagostino.it\/magazine-psiche\/author\/massimiliano-decesare\/\"}]}<\/script>\n<!-- \/ Yoast SEO Premium plugin. -->","yoast_head_json":{"title":"Apatia: quello che c'\u00e8 da sapere - Santagostino Psiche","description":"L\u2019apatia \u00e8 la mancanza di reazioni emotive e interesse verso attivit\u00e0 e interazioni con gli altri, che deve preoccupare se perdura nel tempo","robots":{"index":"index","follow":"follow","max-snippet":"max-snippet:-1","max-image-preview":"max-image-preview:large","max-video-preview":"max-video-preview:-1"},"canonical":"https:\/\/psiche.santagostino.it\/apatia\/","twitter_misc":{"Scritto da":"massimiliano.decesare","Tempo di lettura stimato":"9 minuti"},"schema":{"@context":"https:\/\/schema.org","@graph":[{"@type":"Article","@id":"https:\/\/psiche.santagostino.it\/apatia\/#article","isPartOf":{"@id":"https:\/\/psiche.santagostino.it\/apatia\/"},"author":{"name":"massimiliano.decesare","@id":"https:\/\/psiche.santagostino.it\/#\/schema\/person\/fabaf2d1a036856b2a70bf7d211fa293"},"headline":"Apatia: quello che c\u2019\u00e8 da sapere","datePublished":"2024-10-29T10:00:52+00:00","dateModified":"2024-10-29T14:53:10+00:00","mainEntityOfPage":{"@id":"https:\/\/psiche.santagostino.it\/apatia\/"},"wordCount":1552,"publisher":{"@id":"https:\/\/psiche.santagostino.it\/#organization"},"image":{"@id":"https:\/\/psiche.santagostino.it\/apatia\/#primaryimage"},"thumbnailUrl":"https:\/\/www.santagostino.it\/magazine-psiche\/wp-content\/uploads\/2023\/03\/Apatia.jpg","articleSection":["Adulti"],"inLanguage":"it-IT"},{"@type":"WebPage","@id":"https:\/\/psiche.santagostino.it\/apatia\/","url":"https:\/\/psiche.santagostino.it\/apatia\/","name":"Apatia: quello che c'\u00e8 da sapere - Santagostino Psiche","isPartOf":{"@id":"https:\/\/psiche.santagostino.it\/#website"},"primaryImageOfPage":{"@id":"https:\/\/psiche.santagostino.it\/apatia\/#primaryimage"},"image":{"@id":"https:\/\/psiche.santagostino.it\/apatia\/#primaryimage"},"thumbnailUrl":"https:\/\/www.santagostino.it\/magazine-psiche\/wp-content\/uploads\/2023\/03\/Apatia.jpg","datePublished":"2024-10-29T10:00:52+00:00","dateModified":"2024-10-29T14:53:10+00:00","description":"L\u2019apatia \u00e8 la mancanza di reazioni emotive e interesse verso attivit\u00e0 e interazioni con gli altri, che deve preoccupare se perdura nel tempo","breadcrumb":{"@id":"https:\/\/psiche.santagostino.it\/apatia\/#breadcrumb"},"inLanguage":"it-IT","potentialAction":[{"@type":"ReadAction","target":["https:\/\/psiche.santagostino.it\/apatia\/"]}]},{"@type":"ImageObject","inLanguage":"it-IT","@id":"https:\/\/psiche.santagostino.it\/apatia\/#primaryimage","url":"https:\/\/www.santagostino.it\/magazine-psiche\/wp-content\/uploads\/2023\/03\/Apatia.jpg","contentUrl":"https:\/\/www.santagostino.it\/magazine-psiche\/wp-content\/uploads\/2023\/03\/Apatia.jpg","width":1200,"height":580,"caption":"Apatia"},{"@type":"BreadcrumbList","@id":"https:\/\/psiche.santagostino.it\/apatia\/#breadcrumb","itemListElement":[{"@type":"ListItem","position":1,"name":"Home","item":"https:\/\/psiche.santagostino.it\/"},{"@type":"ListItem","position":2,"name":"Apatia: quello che c\u2019\u00e8 da sapere"}]},{"@type":"WebSite","@id":"https:\/\/psiche.santagostino.it\/#website","url":"https:\/\/psiche.santagostino.it\/","name":"https:\/\/www.santagostino.it\/magazine-psiche","description":"La finestra sulla mente","publisher":{"@id":"https:\/\/psiche.santagostino.it\/#organization"},"alternateName":"Psiche Santagostino","potentialAction":[{"@type":"SearchAction","target":{"@type":"EntryPoint","urlTemplate":"https:\/\/psiche.santagostino.it\/?s={search_term_string}"},"query-input":{"@type":"PropertyValueSpecification","valueRequired":true,"valueName":"search_term_string"}}],"inLanguage":"it-IT"},{"@type":"Organization","@id":"https:\/\/psiche.santagostino.it\/#organization","name":"https:\/\/www.santagostino.it\/magazine-psiche","url":"https:\/\/psiche.santagostino.it\/","logo":{"@type":"ImageObject","inLanguage":"it-IT","@id":"https:\/\/psiche.santagostino.it\/#\/schema\/logo\/image\/","url":"https:\/\/www.santagostino.it\/magazine-psiche\/wp-content\/uploads\/2023\/07\/Santagostino-psiche-logo.png","contentUrl":"https:\/\/www.santagostino.it\/magazine-psiche\/wp-content\/uploads\/2023\/07\/Santagostino-psiche-logo.png","width":430,"height":71,"caption":"https:\/\/www.santagostino.it\/magazine-psiche"},"image":{"@id":"https:\/\/psiche.santagostino.it\/#\/schema\/logo\/image\/"},"sameAs":["https:\/\/www.facebook.com\/santagostinopsiche\/"]},{"@type":"Person","@id":"https:\/\/psiche.santagostino.it\/#\/schema\/person\/fabaf2d1a036856b2a70bf7d211fa293","name":"massimiliano.decesare","image":{"@type":"ImageObject","inLanguage":"it-IT","@id":"https:\/\/psiche.santagostino.it\/#\/schema\/person\/image\/","url":"https:\/\/secure.gravatar.com\/avatar\/60ca167434e25b02e9f5c48d72cc03a6?s=96&d=mm&r=g","contentUrl":"https:\/\/secure.gravatar.com\/avatar\/60ca167434e25b02e9f5c48d72cc03a6?s=96&d=mm&r=g","caption":"massimiliano.decesare"},"url":"https:\/\/www.santagostino.it\/magazine-psiche\/author\/massimiliano-decesare\/"}]}},"_links":{"self":[{"href":"https:\/\/www.santagostino.it\/magazine-psiche\/wp-json\/wp\/v2\/posts\/17264","targetHints":{"allow":["GET"]}}],"collection":[{"href":"https:\/\/www.santagostino.it\/magazine-psiche\/wp-json\/wp\/v2\/posts"}],"about":[{"href":"https:\/\/www.santagostino.it\/magazine-psiche\/wp-json\/wp\/v2\/types\/post"}],"author":[{"embeddable":true,"href":"https:\/\/www.santagostino.it\/magazine-psiche\/wp-json\/wp\/v2\/users\/13"}],"replies":[{"embeddable":true,"href":"https:\/\/www.santagostino.it\/magazine-psiche\/wp-json\/wp\/v2\/comments?post=17264"}],"version-history":[{"count":21,"href":"https:\/\/www.santagostino.it\/magazine-psiche\/wp-json\/wp\/v2\/posts\/17264\/revisions"}],"predecessor-version":[{"id":26705,"href":"https:\/\/www.santagostino.it\/magazine-psiche\/wp-json\/wp\/v2\/posts\/17264\/revisions\/26705"}],"wp:featuredmedia":[{"embeddable":true,"href":"https:\/\/www.santagostino.it\/magazine-psiche\/wp-json\/wp\/v2\/media\/17268"}],"wp:attachment":[{"href":"https:\/\/www.santagostino.it\/magazine-psiche\/wp-json\/wp\/v2\/media?parent=17264"}],"wp:term":[{"taxonomy":"category","embeddable":true,"href":"https:\/\/www.santagostino.it\/magazine-psiche\/wp-json\/wp\/v2\/categories?post=17264"},{"taxonomy":"post_tag","embeddable":true,"href":"https:\/\/www.santagostino.it\/magazine-psiche\/wp-json\/wp\/v2\/tags?post=17264"},{"taxonomy":"temi","embeddable":true,"href":"https:\/\/www.santagostino.it\/magazine-psiche\/wp-json\/wp\/v2\/temi?post=17264"},{"taxonomy":"typology","embeddable":true,"href":"https:\/\/www.santagostino.it\/magazine-psiche\/wp-json\/wp\/v2\/typology?post=17264"}],"curies":[{"name":"wp","href":"https:\/\/api.w.org\/{rel}","templated":true}]}}