{"id":16857,"date":"2024-07-13T10:58:42","date_gmt":"2024-07-13T10:58:42","guid":{"rendered":"https:\/\/www.santagostino.it\/magazine-psiche\/?p=16857"},"modified":"2024-07-21T15:42:02","modified_gmt":"2024-07-21T15:42:02","slug":"ansia-sociale","status":"publish","type":"post","link":"https:\/\/www.santagostino.it\/magazine-psiche\/ansia-sociale\/","title":{"rendered":"Ansia (o fobia) sociale: strategie pratiche per affrontarla"},"content":{"rendered":"<p><span style=\"font-weight: 400;\">L&#8217;ansia sociale, nota anche come fobia sociale, \u00e8 un disturbo caratterizzato da un&#8217;intensa paura o disagio in situazioni sociali o prestazionali, dove la persona teme di essere giudicata o valutata negativamente dagli altri.<\/span><\/p>\n<p><span style=\"font-weight: 400;\">Ma cosa si intende esattamente con il termine<\/span><b> ansia sociale<\/b><span style=\"font-weight: 400;\">?<\/span><span style=\"font-weight: 400;\"><br \/>\n<\/span><span style=\"font-weight: 400;\">Scopriamolo insieme in questo articolo, cercando di capire in cosa consiste, quali sono le sue principali manifestazioni e come intervenire per provare a superarla.<\/span><\/p>\n<p><a class=\"content-cta\" href=\"https:\/\/www.santagostino.it\/it\/psiche\/?utm_source=Psiche&amp;utm_medium=direct&amp;utm_campaign=CTA_Psiche_ansia_sociale\"><img decoding=\"async\" class=\"visible-md\" src=\"\/wp-content\/uploads\/2024\/06\/Rev_04_SanAgostino_banner_desktop_low.gif\" \/><img decoding=\"async\" class=\"hidden-md\" src=\"\/wp-content\/uploads\/2024\/06\/Rev_04_SanAgostino_banner_mobile_low.gif\" \/><\/a><\/p>\n<h2><strong>Che cosa si intende per fobia sociale?<\/strong><\/h2>\n<p><span style=\"font-weight: 400;\">La fobia sociale \u00e8 un disturbo mentale che porta le persone colpite a provare <a href=\"https:\/\/www.santagostino.it\/magazine-psiche\/paura\/\">paura<\/a> o disagio in <\/span><b>contesti sociali<\/b><span style=\"font-weight: 400;\"> in cui si pu\u00f2 essere<\/span><b> giudicati, valutati negativamente o osservati dagli altri<\/b><span style=\"font-weight: 400;\">.<\/span><\/p>\n<p><span style=\"font-weight: 400;\">\u00c8 normale provare un po\u2019 di agitazione o timore quando ci si trova in <\/span><b>situazioni che ci espongono al giudizio degli altri<\/b><span style=\"font-weight: 400;\">. Basta pensare da ragazzi, a scuola, quando l&#8217;insegnante ci chiamava alla lavagna per l&#8217;interrogazione e improvvisamente tutti gli sguardi dei compagni si concentravano su di noi, pronti a valutare la nostra risposta. Oppure quando, da adulti, durante un meeting aziendale si deve esporre un progetto di fronte al capo e ai colleghi, o si deve intervenire pubblicamente in un dibattito.<\/span><\/p>\n<p><span style=\"font-weight: 400;\">In questi frangenti, tutte le persone, anche le pi\u00f9 estroverse, possono provare un senso di insicurezza e trepidazione. \u00c8 del tutto normale<\/span><b> vivere uno stato di ansia e apprensione per la prestazione da avere e preoccupazione per il possibile giudizio del pubblico<\/b><span style=\"font-weight: 400;\">.\u00a0<\/span><\/p>\n<p><span style=\"font-weight: 400;\">La situazione, per\u00f2, cambia quando l\u2019<a href=\"https:\/\/www.santagostino.it\/magazine-psiche\/ansia\/\">ansia<\/a> e il timore per la situazione che si deve affrontare <\/span><b>sono eccessivi ed interferiscono con la prestazione stessa<\/b><span style=\"font-weight: 400;\">. <\/span><span style=\"font-weight: 400;\"><br \/>\n<\/span><span style=\"font-weight: 400;\">Ossia nel momento in cui la paura \u00e8 cos\u00ec intensa da spingere la persona ad evitare la situazione temuta, a impedirne la realizzazione, oppure ad evitare anche future situazioni simili. In tutti questi casi, \u00e8 presente un disturbo da fobia sociale.<\/span><\/p>\n<h3>L&#8217;incidenza di questo disturbo<\/h3>\n<p><span style=\"font-weight: 400;\">La fobia sociale pu\u00f2 interessare chiunque, ma pi\u00f9 spesso \u00e8 un <\/span><b>disturbo che insorge nell\u2019infanzia e nella prima <a href=\"https:\/\/www.santagostino.it\/magazine-psiche\/2019\/06\/03\/adolescenza-linee-guida\/\">adolescenza<\/a><\/b><span style=\"font-weight: 400;\">. Statisticamente <\/span><b>colpisce maggiormente le donne<\/b><span style=\"font-weight: 400;\">. <\/span><\/p>\n<p><span style=\"font-weight: 400;\">Tuttavia <\/span><b>gli uomini tendono a sviluppare le forme pi\u00f9 gravi ed invalidanti<\/b><span style=\"font-weight: 400;\">.<\/span><\/p>\n<h2><strong>In che cosa consiste l&#8217;ansia sociale?<\/strong><\/h2>\n<p><span style=\"font-weight: 400;\">La caratteristica principale della fobia sociale <\/span><b>\u00e8 la paura del giudizio negativo delle altre persone<\/b><span style=\"font-weight: 400;\">, insieme alla <\/span><b>paura di essere criticati<\/b><span style=\"font-weight: 400;\">. Per comprendere meglio il meccanismo che alimenta e sostiene questi timori, \u00e8 fondamentale approfondire due aspetti chiave.<\/span><\/p>\n<p><span style=\"font-weight: 400;\">All\u2019origine del timore della critica vi sono un <\/span><b>forte desiderio di approvazione da parte e degli altri<\/b><span style=\"font-weight: 400;\">, ovvero il voler dare una buona impressione di s\u00e9, e, un\u2019<\/span><b>incertezza<\/b><span style=\"font-weight: 400;\"> riguardo al raggiungimento di tale obiettivo, riflettendo cos\u00ec un\u2019<\/span><b>insicurezza personale<\/b><span style=\"font-weight: 400;\">.<\/span><\/p>\n<h3>Qualche esempio di ansia sociale<\/h3>\n<p><span style=\"font-weight: 400;\">La persona con fobia sociale mette in atto <\/span><b>due principali strategie<\/b><span style=\"font-weight: 400;\"> per far fronte al timore del giudizio:<\/span><\/p>\n<ul>\n<li style=\"font-weight: 400;\" aria-level=\"1\"><a href=\"https:\/\/www.santagostino.it\/magazine-psiche\/disturbo-evitante\/\"><b>evitamento<\/b><\/a><span style=\"font-weight: 400;\">: la strategia pi\u00f9 comune \u00e8 evitare il pi\u00f9 possibile le situazioni sociali in cui potrebbe essere valutata o criticata dagli altri. Questo pu\u00f2 includere evitare di parlare in pubblico, partecipare a feste, usare mezzi di trasporto affollati o anche avere conversazioni con persone sconosciute. Questo comportamento pu\u00f2 portare a un restringimento significativo della vita sociale e delle opportunit\u00e0 della persona.<\/span><\/li>\n<li style=\"font-weight: 400;\" aria-level=\"1\"><b>Affrontare la situazione con disagio<\/b><span style=\"font-weight: 400;\">: in alcuni casi la persona con fobia sociale non evita completamente le situazioni temute, ma le vive con intensa <\/span><b>sofferenza<\/b><span style=\"font-weight: 400;\">. Questo pu\u00f2 manifestarsi con sintomi fisici come <a href=\"https:\/\/www.santagostino.it\/it\/santagostinopedia\/la-chirurgia-per-l-iperidrosi-sudorazione-eccessiva\">sudorazione<\/a>, tremore, <a href=\"https:\/\/www.santagostino.it\/it\/santagostinopedia\/tachicardia\">battito cardiaco accelerato<\/a> e <a href=\"https:\/\/www.santagostino.it\/it\/santagostinopedia\/nausea\">nausea<\/a>, oltre a sintomi psicologici come paura e imbarazzo.<\/span><\/li>\n<\/ul>\n<p><span style=\"font-weight: 400;\">Esistono anche <\/span><b>forme di fobia sociale altamente specifiche<\/b><span style=\"font-weight: 400;\">, denominate fobie sociali circoscritte, che si manifestano esclusivamente in <\/span><b>determinate circostanze.<\/b><span style=\"font-weight: 400;\"> A differenza della fobia sociale generalizzata, in cui l&#8217;ansia si presenta in una vasta gamma di contesti sociali, le fobie sociali circoscritte si limitano a situazioni ben definite.<\/span><\/p>\n<p><span style=\"font-weight: 400;\">Facciamo l\u2019esempio di un professore universitario che tutti i giorni va in aula e parla a centinaia di giovani allievi: il parlare di fronte agli alunni non genera in lui alcuna difficolt\u00e0, ma se viene invitato ad un congresso, dove gli viene chiesto di parlare di fronte ad una platea di altri professori o massimi esponenti di quelle tematiche, si blocca. Di fronte a un pubblico diverso, il professore potrebbe quindi sentire un forte disagio o il bisogno di fuggire.<\/span><\/p>\n<p><span style=\"font-weight: 400;\">Questo \u00e8 un <\/span><b>esempio di fobia sociale<\/b><span style=\"font-weight: 400;\"> che porta la persona a vivere uno stato di intenso malessere, tale da fargli evitare la prestazione in pubblico.<\/span><\/p>\n<p><span style=\"font-weight: 400;\">Nella forma pi\u00f9 grave di fobia sociale, l\u2019<\/span><b>ansia<\/b><span style=\"font-weight: 400;\"> e l\u2019evitamento riguardano la quasi totalit\u00e0 delle situazioni sociali ed interpersonali.<\/span><\/p>\n<h2>Perch\u00e9 viene l&#8217;ansia sociale?<\/h2>\n<p><span style=\"font-weight: 400;\">L&#8217;<\/span><b>ansia sociale<\/b><span style=\"font-weight: 400;\"> \u00e8 influenzata da diversi fattori, tra cui predisposizione genetica, squilibri neurochimici (come le alterazioni in <a href=\"https:\/\/www.santagostino.it\/magazine-psiche\/serotonina\">serotonina<\/a> e\u00a0 <a href=\"https:\/\/www.santagostino.it\/magazine-psiche\/dopamina-effetti\/\">dopamina<\/a>),<\/span><a href=\"https:\/\/www.santagostino.it\/magazine-psiche\/depressione-reattiva\/\"> <b>eventi traumatici<\/b><\/a><span style=\"font-weight: 400;\"> o esperienze negative legate alle interazioni sociali, come<\/span><a href=\"https:\/\/www.santagostino.it\/magazine-psiche\/bullismo\/\"> <b>bullismo<\/b><\/a><span style=\"font-weight: 400;\">, <\/span><b>umiliazioni o rifiuti, <\/b><span style=\"font-weight: 400;\">un ambiente familiare che incoraggia l&#8217;isolamento e la critica, una<\/span><a href=\"https:\/\/www.santagostino.it\/magazine-psiche\/autostima\/\"> <b>bassa autostima<\/b><\/a><span style=\"font-weight: 400;\"> o il condizionamento sociale dovuto all&#8217;esposizione ripetuta a situazioni sociali negative o traumatiche.<\/span><\/p>\n<h2><strong>Quali sono i sintomi principali della fobia sociale?<\/strong><\/h2>\n<p><span style=\"font-weight: 400;\">I principali sintomi emotivi sono:<\/span><\/p>\n<ul>\n<li style=\"font-weight: 400;\" aria-level=\"1\"><span style=\"font-weight: 400;\">intensa <strong>paura di interagire<\/strong> con le altre persone;<\/span><\/li>\n<li style=\"font-weight: 400;\" aria-level=\"1\"><span style=\"font-weight: 400;\">timore che gli altri si<strong> accorgano di questa paura;<\/strong><\/span><\/li>\n<li style=\"font-weight: 400;\" aria-level=\"1\"><span style=\"font-weight: 400;\">impossibilit\u00e0 di controllare la paura e l\u2019ansia;<\/span><\/li>\n<li style=\"font-weight: 400;\" aria-level=\"1\"><span style=\"font-weight: 400;\"><strong>forte <a href=\"https:\/\/www.santagostino.it\/magazine-psiche\/senso-di-colpa\/\">senso di colpa<\/a><\/strong> per il proprio imbarazzo;<\/span><\/li>\n<li style=\"font-weight: 400;\" aria-level=\"1\"><span style=\"font-weight: 400;\"><strong>terrore del giudizio<\/strong> o della critica dell\u2019altro;<\/span><\/li>\n<li style=\"font-weight: 400;\" aria-level=\"1\"><span style=\"font-weight: 400;\">(in alcuni casi) evitamento delle situazioni che causano questa intensa ansia e disagio;<\/span><\/li>\n<li style=\"font-weight: 400;\" aria-level=\"1\"><span style=\"font-weight: 400;\">difficolt\u00e0 o <\/span><b>impossibilit\u00e0 di interagire con altre persone<\/b><span style=\"font-weight: 400;\"> (soprattutto con estranei).<\/span><\/li>\n<\/ul>\n<p><span style=\"font-weight: 400;\">Talvolta l\u2019ansia intensa pu\u00f2 interferire con le situazioni quotidiane divenendo estremamente invalidante. <\/span><span style=\"font-weight: 400;\">Tra i sintomi fisici che caratterizzano questa condizione, vi sono:\u00a0<\/span><\/p>\n<ul>\n<li style=\"font-weight: 400;\" aria-level=\"1\"><strong>accelerazione del battito cardiaco<\/strong><\/li>\n<li style=\"font-weight: 400;\" aria-level=\"1\"><span style=\"font-weight: 400;\">difficolt\u00e0 respiratorie<\/span><\/li>\n<li style=\"font-weight: 400;\" aria-level=\"1\"><span style=\"font-weight: 400;\">tremori e movimenti involontari<\/span><\/li>\n<li style=\"font-weight: 400;\" aria-level=\"1\"><span style=\"font-weight: 400;\">tensione muscolare<\/span><\/li>\n<li style=\"font-weight: 400;\" aria-level=\"1\"><strong><a href=\"https:\/\/www.santagostino.it\/it\/santagostinopedia\/parestesia\">parestesie<\/a><\/strong><\/li>\n<li style=\"font-weight: 400;\" aria-level=\"1\"><span style=\"font-weight: 400;\">rossori e vampate<\/span><\/li>\n<li style=\"font-weight: 400;\" aria-level=\"1\"><strong><a href=\"https:\/\/www.santagostino.it\/it\/santagostinopedia\/crampi-stomaco\">mal di stomaco<\/a> e <a href=\"https:\/\/www.santagostino.it\/it\/santagostinopedia\/nausea\">nausea<\/a> (anche <a href=\"https:\/\/www.santagostino.it\/it\/santagostinopedia\/vomito\">vomito<\/a>)<\/strong><\/li>\n<li style=\"font-weight: 400;\" aria-level=\"1\"><strong>dolori gastrointestinali e <a href=\"https:\/\/www.santagostino.it\/it\/santagostinopedia\/dissenteria\">diarrea<\/a><\/strong><\/li>\n<li style=\"font-weight: 400;\" aria-level=\"1\"><span style=\"font-weight: 400;\">alterazione del tono della voce<\/span><\/li>\n<li style=\"font-weight: 400;\" aria-level=\"1\"><strong>sudorazione profusa<\/strong><\/li>\n<li style=\"font-weight: 400;\" aria-level=\"1\"><strong><a href=\"https:\/\/www.santagostino.it\/magazine-psiche\/confusione-mentale\/\">confusione mentale.<\/a><\/strong><\/li>\n<\/ul>\n<h2><strong>Come si diagnostica l&#8217;ansia sociale?<\/strong><\/h2>\n<p><span style=\"font-weight: 400;\">Basandosi sul<\/span><a href=\"https:\/\/www.santagostino.it\/magazine-psiche\/dsm5\/\"> <b>DSM-5<\/b><\/a><span style=\"font-weight: 400;\"> (manuale diagnostico e statistico dei disturbi mentali), i criteri per fare la diagnosi sono:<\/span><\/p>\n<ul>\n<li style=\"font-weight: 400;\" aria-level=\"1\"><b>paura o<\/b> <b>ansia<\/b><b> marcate<\/b><span style=\"font-weight: 400;\"> relative a una o pi\u00f9 situazioni sociali nelle quali l\u2019individuo \u00e8 esposto al possibile esame degli altri<\/span><\/li>\n<li style=\"font-weight: 400;\" aria-level=\"1\"><span style=\"font-weight: 400;\">l\u2019individuo teme che agir\u00e0 in modo tale o manifesta sintomi di ansia che saranno valutati negativamente (umilianti o imbarazzanti, che porteranno a rifiuto o risulteranno offensivi per gli altri);<\/span><\/li>\n<li style=\"font-weight: 400;\" aria-level=\"1\"><span style=\"font-weight: 400;\">le situazioni sociali temute sono evitate oppure sopportate con fatica<\/span><\/li>\n<li style=\"font-weight: 400;\" aria-level=\"1\"><span style=\"font-weight: 400;\">la paura o l\u2019ansia sono sproporzionate rispetto alla reale minaccia posta dalla situazione sociale e al contesto socio-culturale<\/span><\/li>\n<li style=\"font-weight: 400;\" aria-level=\"1\"><span style=\"font-weight: 400;\">la paura, l\u2019ansia o l\u2019evitamento sono persistenti e <\/span><b>durano per almeno 6 mesi o pi\u00f9<\/b><span style=\"font-weight: 400;\">, causano disagio clinicamente significativo e compromettendo la vita quotidiana in ambito sociale, lavorativo o in altre aree importanti<\/span><\/li>\n<li style=\"font-weight: 400;\" aria-level=\"1\"><span style=\"font-weight: 400;\">la paura, l\u2019ansia o l\u2019evitamento non sono attribuibili agli effetti fisiologici di una sostanza (per esempio farmaci o droghe) o a un\u2019altra condizione medica.<\/span><\/li>\n<\/ul>\n<p>Sono disponibili diversi strumenti per valutare l&#8217;ansia sociale, tra cui il<strong> Test di ansia sociale di Connor (CAST)<\/strong>, un<strong> questionario di 49 domande <\/strong>svolto da uno psicoterapeuta<strong>.<\/strong> Il CAST valuta una vasta gamma di sintomi dell&#8217;ansia sociale, inclusi pensieri, <a href=\"https:\/\/www.santagostino.it\/magazine-psiche\/emozioni\/\">emozioni<\/a> e comportamenti.<\/p>\n<p>Questi test non sono per\u00f2 sufficienti<b> per una diagnosi definitiva.<\/b><span style=\"font-weight: 400;\"> La diagnosi richiede una valutazione completa da parte di uno psicoterapeuta qualificato, in grado di determinare se una persona soffre o meno l&#8217;ansia sociale.<\/span><\/p>\n<h2><b>Quanto dura l&#8217;ansia sociale?<\/b><\/h2>\n<p><span style=\"font-weight: 400;\">La durata pu\u00f2 dipendere da diversi fattori, tra cui la gravit\u00e0 del disturbo, il tipo di trattamento ricevuto e le caratteristiche individuali.<\/span><\/p>\n<p><span style=\"font-weight: 400;\">In alcuni casi pu\u00f2 manifestarsi per un <\/span><b>periodo di tempo limitato<\/b><span style=\"font-weight: 400;\">, ad esempio in seguito a un <\/span><b>evento stressante<\/b><span style=\"font-weight: 400;\"> o <\/span><b>traumatico<\/b><span style=\"font-weight: 400;\">. In altri casi, il disturbo pu\u00f2 essere di <\/span><b>lunga durata<\/b><span style=\"font-weight: 400;\">, persistendo per anni o addirittura per tutta la vita.<\/span><\/p>\n<h2>Come si cura l&#8217;ansia sociale?<\/h2>\n<p><span style=\"font-weight: 400;\">Chi soffre di fobia sociale tende costantemente ad evitare le situazioni fonte di disagio, rischiando di rinforzare il disturbo, creando un circolo vizioso di <a href=\"https:\/\/www.santagostino.it\/magazine-psiche\/angoscia\">angoscia<\/a>, evitamento e ulteriore ansia.<\/span><\/p>\n<p><span style=\"font-weight: 400;\">Tuttavia, <strong>l\u2019ansia sociale pu\u00f2 essere curata<\/strong> e con il trattamento adeguato, la maggior parte delle persone pu\u00f2 imparare a gestire i propri sintomi e vivere una vita serena.<\/span><\/p>\n<p><span style=\"font-weight: 400;\">La <\/span><a href=\"https:\/\/www.santagostino.it\/magazine-psiche\/psicoterapia\/\"><span style=\"font-weight: 400;\">psicoterapia<\/span><\/a><span style=\"font-weight: 400;\"> si \u00e8 dimostrata efficace nel trattamento di questa disturbo, in particolar modo la<\/span><a href=\"https:\/\/www.santagostino.it\/magazine-psiche\/terapia-cognitivo-comportamentale\/\"> <b>terapia cognitivo comportamentale<\/b><\/a><span style=\"font-weight: 400;\"> che aiuta le persone a identificare e modificare i pensieri e i comportamenti negativi che contribuiscono alla loro condizione.\u00a0<\/span><\/p>\n<p><span style=\"font-weight: 400;\">Terapeuta e paziente collaborano e lavorano per modificare le<\/span><a href=\"https:\/\/www.santagostino.it\/magazine-psiche\/mentalizzazione\/\"> <span style=\"font-weight: 400;\">rappresentazioni mentali<\/span><\/a><span style=\"font-weight: 400;\"> e le credenze patogene alla base del disturbo. Si interviene sull\u2019accettazione del rischio di critica e di fare brutte figure, riducendo cos\u00ec la vulnerabilit\u00e0 personale al giudizio e alla<\/span><a href=\"https:\/\/www.santagostino.it\/magazine-psiche\/vergogna-psicologia\/\"> <b>vergogna<\/b><\/a><span style=\"font-weight: 400;\"> ed esponendosi gradualmente alle situazioni temute.<\/span><\/p>\n<p><span style=\"font-weight: 400;\">Nelle situazioni pi\u00f9 gravi e croniche pu\u00f2 essere utile un <\/span><b>approccio integrato<\/b><span style=\"font-weight: 400;\">, in cui l\u2019intervento psicoterapico viene associato a terapie farmacologiche.<\/span><\/p>\n<p><a class=\"content-cta\" href=\"https:\/\/www.santagostino.it\/it\/psiche\/?utm_source=Psiche&amp;utm_medium=direct&amp;utm_campaign=CTA_Psiche_ansia_sociale\"><img decoding=\"async\" class=\"visible-md\" src=\"\/wp-content\/uploads\/2024\/06\/Rev_04_SanAgostino_banner_desktop_low.gif\" \/><img decoding=\"async\" class=\"hidden-md\" src=\"\/wp-content\/uploads\/2024\/06\/Rev_04_SanAgostino_banner_mobile_low.gif\" \/><\/a><\/p>\n<h2><b>Cosa succede se non si cura l&#8217;ansia sociale?<\/b><\/h2>\n<p><b>Se non trattata,<\/b><span style=\"font-weight: 400;\"> l&#8217;ansia sociale tende a <\/span><b>peggiorare nel tempo e a cronicizzarsi, <\/b><span style=\"font-weight: 400;\">diventando maggiormente<\/span><b> invasiva e invalidante per il soggetto<\/b><span style=\"font-weight: 400;\">.<\/span><\/p>\n<p><span style=\"font-weight: 400;\">La paura costante del giudizio degli altri e il conseguente evitamento delle situazioni sociali, infatti, influisce negativamente sulle <\/span><b>relazioni interpersonali,<\/b><span style=\"font-weight: 400;\"> rendendo difficile la formazione e il mantenimento di legami significativi e <\/span><b>limitando fortemente la carriera<\/b><span style=\"font-weight: 400;\"> lavorativa e accademica.<\/span><\/p>\n<p><span style=\"font-weight: 400;\">La persistenza dell&#8217;ansia sociale, inoltre, pu\u00f2 contribuire allo sviluppo di <a href=\"https:\/\/www.santagostino.it\/magazine-psiche\/depressione\/\">sintomi depressivi cronici<\/a>, poich\u00e9 l&#8217;individuo pu\u00f2 sentirsi intrappolato in un ciclo di pensieri negativi . Ci\u00f2 contribuisce anche allo sviluppo e il persistere dei gi\u00e0 citati fastidiosi sintomi fisici come il<\/span><a href=\"https:\/\/www.santagostino.it\/it\/santagostinopedia\/il-mal-di-testa\"> <span style=\"font-weight: 400;\">mal di testa<\/span><\/a><span style=\"font-weight: 400;\"> e di stomaco, la tensione muscolare o i<\/span><a href=\"https:\/\/www.santagostino.it\/it\/ambulatori\/disturbi-del-sonno\"> <span style=\"font-weight: 400;\">disturbi del sonno<\/span><\/a><span style=\"font-weight: 400;\">.<\/span><\/p>\n","protected":false},"excerpt":{"rendered":"<p>\u00c8 un disturbo che insorge pi\u00f9 spesso nell\u2019infanzia e nella prima adolescenza. Statisticamente colpisce maggiormente le donne, ma gli uomini tendono a sviluppare le forme pi\u00f9 gravi ed invalidanti<\/p>\n","protected":false},"author":13,"featured_media":16862,"comment_status":"closed","ping_status":"closed","sticky":false,"template":"","format":"standard","meta":{"footnotes":""},"categories":[279,1],"tags":[],"temi":[1111,1102,1110],"typology":[3],"class_list":["post-16857","post","type-post","status-publish","format-standard","has-post-thumbnail","hentry","category-adulti","category-psichiatria","percorsi-psicoterapia-adolescenti","percorsi-psicoterapia-adulti","temi-attualita","temi-fobie","temi-patologie-e-disturbi","typology-text"],"yoast_head":"<!-- This site is optimized with the Yoast SEO Premium plugin v25.3.1 (Yoast SEO v25.3.1) - https:\/\/yoast.com\/wordpress\/plugins\/seo\/ -->\n<title>L&#039;ansia (o fobia) sociale - Santagostino Psiche<\/title>\n<meta name=\"description\" content=\"L\u2019ansia o fobia sociale \u00e8 un disturbo caratterizzato da un&#039;ansia intensa associata a determinate situazioni interpersonali o prestazionali.\" \/>\n<meta name=\"robots\" content=\"index, follow, max-snippet:-1, max-image-preview:large, max-video-preview:-1\" \/>\n<link rel=\"canonical\" href=\"https:\/\/psiche.santagostino.it\/ansia-sociale\/\" \/>\n<meta name=\"twitter:label1\" content=\"Scritto da\" \/>\n\t<meta name=\"twitter:data1\" content=\"massimiliano.decesare\" \/>\n\t<meta name=\"twitter:label2\" content=\"Tempo di lettura stimato\" \/>\n\t<meta name=\"twitter:data2\" content=\"10 minuti\" \/>\n<script type=\"application\/ld+json\" class=\"yoast-schema-graph\">{\"@context\":\"https:\/\/schema.org\",\"@graph\":[{\"@type\":\"Article\",\"@id\":\"https:\/\/psiche.santagostino.it\/ansia-sociale\/#article\",\"isPartOf\":{\"@id\":\"https:\/\/psiche.santagostino.it\/ansia-sociale\/\"},\"author\":{\"name\":\"massimiliano.decesare\",\"@id\":\"https:\/\/psiche.santagostino.it\/#\/schema\/person\/fabaf2d1a036856b2a70bf7d211fa293\"},\"headline\":\"Ansia (o fobia) sociale: strategie pratiche per affrontarla\",\"datePublished\":\"2024-07-13T10:58:42+00:00\",\"dateModified\":\"2024-07-21T15:42:02+00:00\",\"mainEntityOfPage\":{\"@id\":\"https:\/\/psiche.santagostino.it\/ansia-sociale\/\"},\"wordCount\":1539,\"publisher\":{\"@id\":\"https:\/\/psiche.santagostino.it\/#organization\"},\"image\":{\"@id\":\"https:\/\/psiche.santagostino.it\/ansia-sociale\/#primaryimage\"},\"thumbnailUrl\":\"https:\/\/www.santagostino.it\/magazine-psiche\/wp-content\/uploads\/2023\/01\/Ansia-fobia-sociale.jpg\",\"articleSection\":[\"Adulti\",\"Psichiatria\"],\"inLanguage\":\"it-IT\"},{\"@type\":\"WebPage\",\"@id\":\"https:\/\/psiche.santagostino.it\/ansia-sociale\/\",\"url\":\"https:\/\/psiche.santagostino.it\/ansia-sociale\/\",\"name\":\"L'ansia (o fobia) sociale - Santagostino Psiche\",\"isPartOf\":{\"@id\":\"https:\/\/psiche.santagostino.it\/#website\"},\"primaryImageOfPage\":{\"@id\":\"https:\/\/psiche.santagostino.it\/ansia-sociale\/#primaryimage\"},\"image\":{\"@id\":\"https:\/\/psiche.santagostino.it\/ansia-sociale\/#primaryimage\"},\"thumbnailUrl\":\"https:\/\/www.santagostino.it\/magazine-psiche\/wp-content\/uploads\/2023\/01\/Ansia-fobia-sociale.jpg\",\"datePublished\":\"2024-07-13T10:58:42+00:00\",\"dateModified\":\"2024-07-21T15:42:02+00:00\",\"description\":\"L\u2019ansia o fobia sociale \u00e8 un disturbo caratterizzato da un'ansia intensa associata a determinate situazioni interpersonali o prestazionali.\",\"breadcrumb\":{\"@id\":\"https:\/\/psiche.santagostino.it\/ansia-sociale\/#breadcrumb\"},\"inLanguage\":\"it-IT\",\"potentialAction\":[{\"@type\":\"ReadAction\",\"target\":[\"https:\/\/psiche.santagostino.it\/ansia-sociale\/\"]}]},{\"@type\":\"ImageObject\",\"inLanguage\":\"it-IT\",\"@id\":\"https:\/\/psiche.santagostino.it\/ansia-sociale\/#primaryimage\",\"url\":\"https:\/\/www.santagostino.it\/magazine-psiche\/wp-content\/uploads\/2023\/01\/Ansia-fobia-sociale.jpg\",\"contentUrl\":\"https:\/\/www.santagostino.it\/magazine-psiche\/wp-content\/uploads\/2023\/01\/Ansia-fobia-sociale.jpg\",\"width\":1200,\"height\":580,\"caption\":\"Ansia o fobia sociale\"},{\"@type\":\"BreadcrumbList\",\"@id\":\"https:\/\/psiche.santagostino.it\/ansia-sociale\/#breadcrumb\",\"itemListElement\":[{\"@type\":\"ListItem\",\"position\":1,\"name\":\"Home\",\"item\":\"https:\/\/psiche.santagostino.it\/\"},{\"@type\":\"ListItem\",\"position\":2,\"name\":\"Ansia (o fobia) sociale: strategie pratiche per affrontarla\"}]},{\"@type\":\"WebSite\",\"@id\":\"https:\/\/psiche.santagostino.it\/#website\",\"url\":\"https:\/\/psiche.santagostino.it\/\",\"name\":\"https:\/\/www.santagostino.it\/magazine-psiche\",\"description\":\"La finestra sulla mente\",\"publisher\":{\"@id\":\"https:\/\/psiche.santagostino.it\/#organization\"},\"alternateName\":\"Psiche Santagostino\",\"potentialAction\":[{\"@type\":\"SearchAction\",\"target\":{\"@type\":\"EntryPoint\",\"urlTemplate\":\"https:\/\/psiche.santagostino.it\/?s={search_term_string}\"},\"query-input\":{\"@type\":\"PropertyValueSpecification\",\"valueRequired\":true,\"valueName\":\"search_term_string\"}}],\"inLanguage\":\"it-IT\"},{\"@type\":\"Organization\",\"@id\":\"https:\/\/psiche.santagostino.it\/#organization\",\"name\":\"https:\/\/www.santagostino.it\/magazine-psiche\",\"url\":\"https:\/\/psiche.santagostino.it\/\",\"logo\":{\"@type\":\"ImageObject\",\"inLanguage\":\"it-IT\",\"@id\":\"https:\/\/psiche.santagostino.it\/#\/schema\/logo\/image\/\",\"url\":\"https:\/\/www.santagostino.it\/magazine-psiche\/wp-content\/uploads\/2023\/07\/Santagostino-psiche-logo.png\",\"contentUrl\":\"https:\/\/www.santagostino.it\/magazine-psiche\/wp-content\/uploads\/2023\/07\/Santagostino-psiche-logo.png\",\"width\":430,\"height\":71,\"caption\":\"https:\/\/www.santagostino.it\/magazine-psiche\"},\"image\":{\"@id\":\"https:\/\/psiche.santagostino.it\/#\/schema\/logo\/image\/\"},\"sameAs\":[\"https:\/\/www.facebook.com\/santagostinopsiche\/\"]},{\"@type\":\"Person\",\"@id\":\"https:\/\/psiche.santagostino.it\/#\/schema\/person\/fabaf2d1a036856b2a70bf7d211fa293\",\"name\":\"massimiliano.decesare\",\"image\":{\"@type\":\"ImageObject\",\"inLanguage\":\"it-IT\",\"@id\":\"https:\/\/psiche.santagostino.it\/#\/schema\/person\/image\/\",\"url\":\"https:\/\/secure.gravatar.com\/avatar\/60ca167434e25b02e9f5c48d72cc03a6?s=96&d=mm&r=g\",\"contentUrl\":\"https:\/\/secure.gravatar.com\/avatar\/60ca167434e25b02e9f5c48d72cc03a6?s=96&d=mm&r=g\",\"caption\":\"massimiliano.decesare\"},\"url\":\"https:\/\/www.santagostino.it\/magazine-psiche\/author\/massimiliano-decesare\/\"}]}<\/script>\n<!-- \/ Yoast SEO Premium plugin. -->","yoast_head_json":{"title":"L'ansia (o fobia) sociale - Santagostino Psiche","description":"L\u2019ansia o fobia sociale \u00e8 un disturbo caratterizzato da un'ansia intensa associata a determinate situazioni interpersonali o prestazionali.","robots":{"index":"index","follow":"follow","max-snippet":"max-snippet:-1","max-image-preview":"max-image-preview:large","max-video-preview":"max-video-preview:-1"},"canonical":"https:\/\/psiche.santagostino.it\/ansia-sociale\/","twitter_misc":{"Scritto da":"massimiliano.decesare","Tempo di lettura stimato":"10 minuti"},"schema":{"@context":"https:\/\/schema.org","@graph":[{"@type":"Article","@id":"https:\/\/psiche.santagostino.it\/ansia-sociale\/#article","isPartOf":{"@id":"https:\/\/psiche.santagostino.it\/ansia-sociale\/"},"author":{"name":"massimiliano.decesare","@id":"https:\/\/psiche.santagostino.it\/#\/schema\/person\/fabaf2d1a036856b2a70bf7d211fa293"},"headline":"Ansia (o fobia) sociale: strategie pratiche per affrontarla","datePublished":"2024-07-13T10:58:42+00:00","dateModified":"2024-07-21T15:42:02+00:00","mainEntityOfPage":{"@id":"https:\/\/psiche.santagostino.it\/ansia-sociale\/"},"wordCount":1539,"publisher":{"@id":"https:\/\/psiche.santagostino.it\/#organization"},"image":{"@id":"https:\/\/psiche.santagostino.it\/ansia-sociale\/#primaryimage"},"thumbnailUrl":"https:\/\/www.santagostino.it\/magazine-psiche\/wp-content\/uploads\/2023\/01\/Ansia-fobia-sociale.jpg","articleSection":["Adulti","Psichiatria"],"inLanguage":"it-IT"},{"@type":"WebPage","@id":"https:\/\/psiche.santagostino.it\/ansia-sociale\/","url":"https:\/\/psiche.santagostino.it\/ansia-sociale\/","name":"L'ansia (o fobia) sociale - Santagostino Psiche","isPartOf":{"@id":"https:\/\/psiche.santagostino.it\/#website"},"primaryImageOfPage":{"@id":"https:\/\/psiche.santagostino.it\/ansia-sociale\/#primaryimage"},"image":{"@id":"https:\/\/psiche.santagostino.it\/ansia-sociale\/#primaryimage"},"thumbnailUrl":"https:\/\/www.santagostino.it\/magazine-psiche\/wp-content\/uploads\/2023\/01\/Ansia-fobia-sociale.jpg","datePublished":"2024-07-13T10:58:42+00:00","dateModified":"2024-07-21T15:42:02+00:00","description":"L\u2019ansia o fobia sociale \u00e8 un disturbo caratterizzato da un'ansia intensa associata a determinate situazioni interpersonali o prestazionali.","breadcrumb":{"@id":"https:\/\/psiche.santagostino.it\/ansia-sociale\/#breadcrumb"},"inLanguage":"it-IT","potentialAction":[{"@type":"ReadAction","target":["https:\/\/psiche.santagostino.it\/ansia-sociale\/"]}]},{"@type":"ImageObject","inLanguage":"it-IT","@id":"https:\/\/psiche.santagostino.it\/ansia-sociale\/#primaryimage","url":"https:\/\/www.santagostino.it\/magazine-psiche\/wp-content\/uploads\/2023\/01\/Ansia-fobia-sociale.jpg","contentUrl":"https:\/\/www.santagostino.it\/magazine-psiche\/wp-content\/uploads\/2023\/01\/Ansia-fobia-sociale.jpg","width":1200,"height":580,"caption":"Ansia o fobia sociale"},{"@type":"BreadcrumbList","@id":"https:\/\/psiche.santagostino.it\/ansia-sociale\/#breadcrumb","itemListElement":[{"@type":"ListItem","position":1,"name":"Home","item":"https:\/\/psiche.santagostino.it\/"},{"@type":"ListItem","position":2,"name":"Ansia (o fobia) sociale: strategie pratiche per affrontarla"}]},{"@type":"WebSite","@id":"https:\/\/psiche.santagostino.it\/#website","url":"https:\/\/psiche.santagostino.it\/","name":"https:\/\/www.santagostino.it\/magazine-psiche","description":"La finestra sulla mente","publisher":{"@id":"https:\/\/psiche.santagostino.it\/#organization"},"alternateName":"Psiche Santagostino","potentialAction":[{"@type":"SearchAction","target":{"@type":"EntryPoint","urlTemplate":"https:\/\/psiche.santagostino.it\/?s={search_term_string}"},"query-input":{"@type":"PropertyValueSpecification","valueRequired":true,"valueName":"search_term_string"}}],"inLanguage":"it-IT"},{"@type":"Organization","@id":"https:\/\/psiche.santagostino.it\/#organization","name":"https:\/\/www.santagostino.it\/magazine-psiche","url":"https:\/\/psiche.santagostino.it\/","logo":{"@type":"ImageObject","inLanguage":"it-IT","@id":"https:\/\/psiche.santagostino.it\/#\/schema\/logo\/image\/","url":"https:\/\/www.santagostino.it\/magazine-psiche\/wp-content\/uploads\/2023\/07\/Santagostino-psiche-logo.png","contentUrl":"https:\/\/www.santagostino.it\/magazine-psiche\/wp-content\/uploads\/2023\/07\/Santagostino-psiche-logo.png","width":430,"height":71,"caption":"https:\/\/www.santagostino.it\/magazine-psiche"},"image":{"@id":"https:\/\/psiche.santagostino.it\/#\/schema\/logo\/image\/"},"sameAs":["https:\/\/www.facebook.com\/santagostinopsiche\/"]},{"@type":"Person","@id":"https:\/\/psiche.santagostino.it\/#\/schema\/person\/fabaf2d1a036856b2a70bf7d211fa293","name":"massimiliano.decesare","image":{"@type":"ImageObject","inLanguage":"it-IT","@id":"https:\/\/psiche.santagostino.it\/#\/schema\/person\/image\/","url":"https:\/\/secure.gravatar.com\/avatar\/60ca167434e25b02e9f5c48d72cc03a6?s=96&d=mm&r=g","contentUrl":"https:\/\/secure.gravatar.com\/avatar\/60ca167434e25b02e9f5c48d72cc03a6?s=96&d=mm&r=g","caption":"massimiliano.decesare"},"url":"https:\/\/www.santagostino.it\/magazine-psiche\/author\/massimiliano-decesare\/"}]}},"_links":{"self":[{"href":"https:\/\/www.santagostino.it\/magazine-psiche\/wp-json\/wp\/v2\/posts\/16857","targetHints":{"allow":["GET"]}}],"collection":[{"href":"https:\/\/www.santagostino.it\/magazine-psiche\/wp-json\/wp\/v2\/posts"}],"about":[{"href":"https:\/\/www.santagostino.it\/magazine-psiche\/wp-json\/wp\/v2\/types\/post"}],"author":[{"embeddable":true,"href":"https:\/\/www.santagostino.it\/magazine-psiche\/wp-json\/wp\/v2\/users\/13"}],"replies":[{"embeddable":true,"href":"https:\/\/www.santagostino.it\/magazine-psiche\/wp-json\/wp\/v2\/comments?post=16857"}],"version-history":[{"count":18,"href":"https:\/\/www.santagostino.it\/magazine-psiche\/wp-json\/wp\/v2\/posts\/16857\/revisions"}],"predecessor-version":[{"id":24916,"href":"https:\/\/www.santagostino.it\/magazine-psiche\/wp-json\/wp\/v2\/posts\/16857\/revisions\/24916"}],"wp:featuredmedia":[{"embeddable":true,"href":"https:\/\/www.santagostino.it\/magazine-psiche\/wp-json\/wp\/v2\/media\/16862"}],"wp:attachment":[{"href":"https:\/\/www.santagostino.it\/magazine-psiche\/wp-json\/wp\/v2\/media?parent=16857"}],"wp:term":[{"taxonomy":"category","embeddable":true,"href":"https:\/\/www.santagostino.it\/magazine-psiche\/wp-json\/wp\/v2\/categories?post=16857"},{"taxonomy":"post_tag","embeddable":true,"href":"https:\/\/www.santagostino.it\/magazine-psiche\/wp-json\/wp\/v2\/tags?post=16857"},{"taxonomy":"temi","embeddable":true,"href":"https:\/\/www.santagostino.it\/magazine-psiche\/wp-json\/wp\/v2\/temi?post=16857"},{"taxonomy":"typology","embeddable":true,"href":"https:\/\/www.santagostino.it\/magazine-psiche\/wp-json\/wp\/v2\/typology?post=16857"}],"curies":[{"name":"wp","href":"https:\/\/api.w.org\/{rel}","templated":true}]}}