{"id":16846,"date":"2023-01-19T10:58:30","date_gmt":"2023-01-19T10:58:30","guid":{"rendered":"https:\/\/www.santagostino.it\/magazine-psiche\/?p=16846"},"modified":"2023-01-19T10:58:30","modified_gmt":"2023-01-19T10:58:30","slug":"paralisi-del-sonno","status":"publish","type":"post","link":"https:\/\/www.santagostino.it\/magazine-psiche\/paralisi-del-sonno\/","title":{"rendered":"Quali sono le cause della paralisi del sonno e come trattarla"},"content":{"rendered":"<p>La paralisi del sonno porta, chi ne soffre, ad una temporanea incapacit\u00e0 di muoversi. Questa condizione pu\u00f2 manifestarsi sia durante il risveglio, sia poco prima che la persona si addormenti.<\/p>\n<p>Da cosa pu\u00f2 essere determinato questo <strong>disturbo del sonno?<\/strong> Si tratta di una condizione tutto sommato benigna, anche se risulta consigliabile escludere cause organiche accertabili attraverso esami medico-specialistici. Questa condizione pu\u00f2 essere <strong>fonte di disagio psicologico, di ansia o di paura<\/strong>.<\/p>\n<p>Con la dottoressa <a href=\"https:\/\/www.santagostino.it\/en\/person\/ilaria-bellavia\"><u><strong>Ilaria Bellavia<\/strong><\/u><\/a> approfondiamo le <strong>dinamiche della paralisi del sonno<\/strong>, cercando di comprenderne le <strong>cause<\/strong> e le <strong>possibilit\u00e0 di intervento<\/strong>.<\/p>\n<p><a class=\"content-cta\" href=\"https:\/\/www.santagostino.it\/it\/psiche\/?utm_source=Psiche&#038;utm_medium=direct&#038;utm_campaign=CTA_Psiche_paralisi-sonno\"><img decoding=\"async\" class=\"visible-md\" src=\"\/wp-content\/uploads\/2024\/06\/Rev_04_SanAgostino_banner_desktop_low.gif\" \/><img decoding=\"async\" class=\"hidden-md\" src=\"\/wp-content\/uploads\/2024\/06\/Rev_04_SanAgostino_banner_mobile_low.gif\" \/><\/a><\/p>\n<h2>Che cos&#8217;\u00e8 la paralisi del sonno?<\/h2>\n<p>La <strong>paralisi del sonno<\/strong>, che viene anche definita <strong>paralisi ipnagogica<\/strong>, \u00e8 un <strong>disturbo del sonno <\/strong>che si declina nella <strong>incapacit\u00e0 transitoria di movimento e di parola <\/strong>da parte della persona. Questa incapacit\u00e0 si manifesta, specificamente, poco prima rispetto all\u2019addormentamento oppure quando la persona si sta risvegliando.<\/p>\n<p>Durante un episodio di paralisi del sonno il soggetto va incontro ad <strong>atonia muscolare<\/strong>. La persona \u00e8 comunque cosciente, ma non \u00e8 sostanzialmente in grado di muoversi. <strong>Al termine dell\u2019episodio<\/strong>, che pu\u00f2 durare pochi secondi o pochi minuti, <strong>la persona \u00e8 perfettamente in grado di parlare e di muoversi<\/strong>.<\/p>\n<p>L\u2019unico strascico degno di nota \u00e8 rappresentato da una <strong>passeggera sensazione di disagio o un leggero <a href=\"https:\/\/www.santagostino.it\/magazine-psiche\/2017\/07\/10\/ansia-paura-gestione\/\"><u>stato d\u2019ansia<\/u><\/a><\/strong>.<\/p>\n<h2>Come si manifesta?<\/h2>\n<p>Questo tipo di paralisi momentanea \u00e8 classificato tra le <strong>parasonnie<\/strong>. Si tratta di uno specifico disturbo del sonno di tipo episodico che si caratterizza per <strong>comportamenti anomali<\/strong>, o per <strong>avvenimenti fisiologici indesiderati<\/strong>, che possono verificarsi in precisi cicli del sonno o nella transizione tra sonno e veglia.<\/p>\n<p>Il sintomo distintivo di questa condizione \u00e8, ripetiamo, una <strong>incapacit\u00e0 di parlare e di muoversi che perdura alcuni secondi e pu\u00f2 durare complessivamente alcuni minuti<\/strong>. Quando l\u2019episodio si \u00e8 esaurito, la persona non subisce alcuna ripercussione a carico delle proprie capacit\u00e0 cognitive e motorie.<\/p>\n<h2>Paralisi del sonno e allucinazioni<\/h2>\n<p>\u00c8 possibile che durante un episodio di paralisi del sonno si abbiano delle <a href=\"https:\/\/www.santagostino.it\/magazine-psiche\/2022\/11\/03\/allucinazione\/\"><strong>allucinazioni<\/strong><\/a>, o siano percepite delle presenze, oppure dei suoni, che non sono reali. Spesso viene riferita la sensazione, ad esempio, che non ci si senta da soli nella stanza. Le allucinazioni possono essere di due tipi:<\/p>\n<ul>\n<li><strong>allucinazioni ipnagogiche<\/strong>, se accadono non durante il sonno ma nella fase di passaggio tra la veglia e il sonno<\/li>\n<li><strong>allucinazioni ipnopompiche <\/strong>quando accadono al risveglio.<\/li>\n<\/ul>\n<h2>Chi soffre di paralisi del sonno?<\/h2>\n<p>A soffrire di questo disturbo \u00e8, nei Paesi industrializzati, circa il 6% della popolazione. Si tratta per lo pi\u00f9 di <strong>episodi di tipo sporadico<\/strong>, che nella maggior parte dei casi tende a verificarsi in una sola circostanza durante l\u2019intero arco di una vita.<\/p>\n<p>In merito alla fascia di popolazione che soffre di paralisi del sonno, non c\u2019\u00e8 una particolare differenza d\u2019incidenza tra la popolazione maschile e femminile, ma sembra esserci una <strong>concentrazione di et\u00e0 compresa tra i 25 anni e i 44 anni<\/strong>. Si tratta quindi di <a href=\"https:\/\/www.santagostino.it\/magazine-psiche\/2019\/06\/03\/adolescenza-linee-guida\/\"><u>adolescenti<\/u><\/a> e giovani adulti.<\/p>\n<p>Tra il 30% e il 50% delle persone che soffrono di <a href=\"https:\/\/www.santagostino.it\/it\/santagostinopedia\/la-narcolessia\"><strong><u>narcolessia<\/u> <\/strong><\/a>tende a soffrire di paralisi del sonno.<\/p>\n<h2>A cosa \u00e8 dovuta la paralisi del sonno?<\/h2>\n<p>Ci possono essere due ordini di cause all\u2019origine di questa condizione: <strong>meccanismi di tipo neurologico <\/strong>o quelle che possono essere definite <strong>cause psicologiche<\/strong>.<\/p>\n<p>Nel primo caso, \u00e8 stata ipotizzata una <strong>alterazione nei processi dei neurotrasmettitori <\/strong>che causano sia la paralisi che il rilassamento muscolare, aspetti <strong>tipici della <a href=\"https:\/\/www.treccani.it\/vocabolario\/rem_res-ef9fb478-002e-11de-9d89-0016357eee51\/\" target=\"_blank\" rel=\"noopener noreferrer\">fase REM<\/a><\/strong>. Questo errore di tempistica, per cos\u00ec dire, sfocia in una condizione di paralisi muscolare appena prima dell\u2019addormentamento o appena dopo il risveglio.<\/p>\n<p>Questa alterazione di sincronia pu\u00f2, quindi, essere innescata da una serie di altri fattori quali:<\/p>\n<ul>\n<li>deprivazione di sonno<\/li>\n<li>irregolarit\u00e0 del sonno<\/li>\n<li>et\u00e0, ovvero nel periodo compreso tra i 15 e i 40 anni<\/li>\n<li>narcolessia<\/li>\n<li>storia familiare. \u00c8 possibile che chi ha familiari affetti da paralisi del sonno abbia pi\u00f9 probabilit\u00e0 di manifestare questo disturbo.<\/li>\n<\/ul>\n<h2>Come viene diagnosticata?<\/h2>\n<p>Una <strong>anamnesi approfondita <\/strong>aiuter\u00e0 lo specialista nella diagnosi, che si ha quando si siano verificati almeno 2 episodi di paralisi in un semestre e ci siano ansia e disagio prima di andare a letto. Le domande rivolte al paziente vertono a conoscere:<\/p>\n<ul>\n<li><strong>durata ed evoluzione <\/strong>delle paralisi<\/li>\n<li>eventuali <a href=\"https:\/\/www.santagostino.it\/magazine-psiche\/2022\/11\/03\/allucinazione\/\"><strong>allucinazioni <\/strong><\/a>di sorta<\/li>\n<li>la possibilit\u00e0 di un <strong>cambiamento nelle abitudini <\/strong>poco prima dell\u2019insorgenza del primo episodio<\/li>\n<li>possibilit\u00e0 di soffrire di <strong>cataplessia<\/strong>, ovvero di una improvvisa perdita di controllo muscolare, oppure del cosiddetto <strong>comportamento automatico<\/strong>.<\/li>\n<\/ul>\n<p>La perdita di controllo muscolare e il comportamento automatico, ovvero la prosecuzione senza sosta di una attivit\u00e0 in cui si \u00e8 presi, possono essere <strong>indicativi di come questa paralisi <\/strong>abbia nella narcolessia la propria causa.<\/p>\n<p><a class=\"content-cta\" href=\"https:\/\/www.santagostino.it\/it\/psiche\/?utm_source=Psiche&#038;utm_medium=direct&#038;utm_campaign=CTA_Psiche_paralisi-sonno\"><img decoding=\"async\" class=\"visible-md\" src=\"\/wp-content\/uploads\/2024\/06\/Rev_04_SanAgostino_banner_desktop_low.gif\" \/><img decoding=\"async\" class=\"hidden-md\" src=\"\/wp-content\/uploads\/2024\/06\/Rev_04_SanAgostino_banner_mobile_low.gif\" \/><\/a><\/p>\n<h2>Cosa fare in caso di paralisi del sonno?<\/h2>\n<p>La paralisi del sonno <strong>pu\u00f2 coinvolgere corpo e mente del soggetto<\/strong> ed essere fonte di disagio psichico, vista anche la sua correlazione nell\u2019insorgenza degli attacchi di panico in un caso su dieci.<\/p>\n<p>Questa condizione pu\u00f2 essere contrastata innanzitutto attraverso una <strong>buona pratica del sonno<\/strong>. Spesso infatti chi soffre di questo disagio dorme poco, o male.<\/p>\n<p>E per <strong>dormire bene <\/strong>si pu\u00f2:<\/p>\n<ul>\n<li>limitare l\u2019assunzione di <strong>caffeina<\/strong><\/li>\n<li>non mangiare, non fumare n\u00e9 bere alcolici poco prima di coricarsi<\/li>\n<li>fare in modo che la camera da letto sia in un <strong>ambiente confortevole e accogliente<\/strong><\/li>\n<li>svolgere <a href=\"https:\/\/magazine.santagostino.it\/attivita-fisica-un-toccasana-a-tutte-le-eta\/\"><strong><u>attivit\u00e0 fisica<\/u> <\/strong><\/a>regolarmente<\/li>\n<li>dedicarsi alla <a href=\"https:\/\/www.santagostino.it\/magazine-psiche\/2016\/12\/20\/meditazione-mindfulness\/\"><strong><u>meditazione<\/u><\/strong><\/a><\/li>\n<li>praticare <a href=\"https:\/\/www.santagostino.it\/magazine-psiche\/2020\/03\/19\/training-autogeno-ansia\/\"><strong><u>training autogeno<\/u><\/strong><\/a><\/li>\n<li>cercare di gestire al meglio stati di <a href=\"https:\/\/www.santagostino.it\/it\/santagostinopedia\/lo-stress\">stress<\/a> elevato, ansia e tono dell\u2019umore basso<\/li>\n<\/ul>\n<p>\u00c8 altres\u00ec possibile intraprendere un percorso di psicoterapia; la cognitivo-comportamentale ha dimostrato risultati in questo senso. La <strong>psicoterapia ad indirizzo psicoanalitico<\/strong> permette alla persona di essere <strong>consapevole delle proprie difficolt\u00e0<\/strong> e di poter quindi imparare a gestirle al meglio.<\/p>\n<p>Nei casi invece di <strong>cronicit\u00e0 <\/strong>della paralisi del sonno, si pu\u00f2 ricorrere ad un<strong> approccio farmacologico<\/strong>, sotto prescrizione e stretta osservanza medica. Tra i farmaci pi\u00f9 adottati pu\u00f2 essere menzionata la ciclopramina, un tipo di antidepressivo triciclico, solitamente somministrato nell\u2019arco di uno, due mesi.<\/p>\n","protected":false},"excerpt":{"rendered":"<p>La paralisi del sonno \u00e8 un disturbo sostanzialmente benigno, capita almeno una volta nella vita di ognuno. Allo stesso tempo pu\u00f2 essere fonte di disagio e di ansia, e in questo caso richiede un trattamento adeguato.<\/p>\n","protected":false},"author":15,"featured_media":16847,"comment_status":"closed","ping_status":"closed","sticky":false,"template":"","format":"standard","meta":{"footnotes":""},"categories":[1],"tags":[],"temi":[],"typology":[],"class_list":["post-16846","post","type-post","status-publish","format-standard","has-post-thumbnail","hentry","category-psichiatria"],"yoast_head":"<!-- This site is optimized with the Yoast SEO Premium plugin v25.3.1 (Yoast SEO v25.3.1) - https:\/\/yoast.com\/wordpress\/plugins\/seo\/ -->\n<title>Cos&#039;\u00e8 la paralisi del sonno - Santagostino Psiche<\/title>\n<meta name=\"description\" content=\"La paralisi del sonno \u00e8 un fenomeno temporaneo. Quali sono le cause? E in che modo si cura? Le risposte della psicologa del Santagostino.\" \/>\n<meta name=\"robots\" content=\"index, follow, max-snippet:-1, max-image-preview:large, max-video-preview:-1\" \/>\n<link rel=\"canonical\" href=\"https:\/\/psiche.santagostino.it\/paralisi-del-sonno\/\" \/>\n<meta name=\"twitter:label1\" content=\"Scritto da\" \/>\n\t<meta name=\"twitter:data1\" content=\"giuseppe.martella\" \/>\n\t<meta name=\"twitter:label2\" content=\"Tempo di lettura stimato\" \/>\n\t<meta name=\"twitter:data2\" content=\"5 minuti\" \/>\n<script type=\"application\/ld+json\" class=\"yoast-schema-graph\">{\"@context\":\"https:\/\/schema.org\",\"@graph\":[{\"@type\":\"Article\",\"@id\":\"https:\/\/psiche.santagostino.it\/paralisi-del-sonno\/#article\",\"isPartOf\":{\"@id\":\"https:\/\/psiche.santagostino.it\/paralisi-del-sonno\/\"},\"author\":{\"name\":\"giuseppe.martella\",\"@id\":\"https:\/\/psiche.santagostino.it\/#\/schema\/person\/2799df3a3271317df0314f939d27a43c\"},\"headline\":\"Quali sono le cause della paralisi del sonno e come trattarla\",\"datePublished\":\"2023-01-19T10:58:30+00:00\",\"mainEntityOfPage\":{\"@id\":\"https:\/\/psiche.santagostino.it\/paralisi-del-sonno\/\"},\"wordCount\":962,\"publisher\":{\"@id\":\"https:\/\/psiche.santagostino.it\/#organization\"},\"image\":{\"@id\":\"https:\/\/psiche.santagostino.it\/paralisi-del-sonno\/#primaryimage\"},\"thumbnailUrl\":\"https:\/\/www.santagostino.it\/magazine-psiche\/wp-content\/uploads\/2023\/01\/paralisi-del-sonno.jpeg\",\"articleSection\":[\"Psichiatria\"],\"inLanguage\":\"it-IT\"},{\"@type\":\"WebPage\",\"@id\":\"https:\/\/psiche.santagostino.it\/paralisi-del-sonno\/\",\"url\":\"https:\/\/psiche.santagostino.it\/paralisi-del-sonno\/\",\"name\":\"Cos'\u00e8 la paralisi del sonno - Santagostino Psiche\",\"isPartOf\":{\"@id\":\"https:\/\/psiche.santagostino.it\/#website\"},\"primaryImageOfPage\":{\"@id\":\"https:\/\/psiche.santagostino.it\/paralisi-del-sonno\/#primaryimage\"},\"image\":{\"@id\":\"https:\/\/psiche.santagostino.it\/paralisi-del-sonno\/#primaryimage\"},\"thumbnailUrl\":\"https:\/\/www.santagostino.it\/magazine-psiche\/wp-content\/uploads\/2023\/01\/paralisi-del-sonno.jpeg\",\"datePublished\":\"2023-01-19T10:58:30+00:00\",\"description\":\"La paralisi del sonno \u00e8 un fenomeno temporaneo. Quali sono le cause? E in che modo si cura? Le risposte della psicologa del Santagostino.\",\"breadcrumb\":{\"@id\":\"https:\/\/psiche.santagostino.it\/paralisi-del-sonno\/#breadcrumb\"},\"inLanguage\":\"it-IT\",\"potentialAction\":[{\"@type\":\"ReadAction\",\"target\":[\"https:\/\/psiche.santagostino.it\/paralisi-del-sonno\/\"]}]},{\"@type\":\"ImageObject\",\"inLanguage\":\"it-IT\",\"@id\":\"https:\/\/psiche.santagostino.it\/paralisi-del-sonno\/#primaryimage\",\"url\":\"https:\/\/www.santagostino.it\/magazine-psiche\/wp-content\/uploads\/2023\/01\/paralisi-del-sonno.jpeg\",\"contentUrl\":\"https:\/\/www.santagostino.it\/magazine-psiche\/wp-content\/uploads\/2023\/01\/paralisi-del-sonno.jpeg\",\"width\":1200,\"height\":580,\"caption\":\"paralisi del sonno cosa \u00e8 come si cura\"},{\"@type\":\"BreadcrumbList\",\"@id\":\"https:\/\/psiche.santagostino.it\/paralisi-del-sonno\/#breadcrumb\",\"itemListElement\":[{\"@type\":\"ListItem\",\"position\":1,\"name\":\"Home\",\"item\":\"https:\/\/psiche.santagostino.it\/\"},{\"@type\":\"ListItem\",\"position\":2,\"name\":\"Quali sono le cause della paralisi del sonno e come trattarla\"}]},{\"@type\":\"WebSite\",\"@id\":\"https:\/\/psiche.santagostino.it\/#website\",\"url\":\"https:\/\/psiche.santagostino.it\/\",\"name\":\"https:\/\/www.santagostino.it\/magazine-psiche\",\"description\":\"La finestra sulla mente\",\"publisher\":{\"@id\":\"https:\/\/psiche.santagostino.it\/#organization\"},\"alternateName\":\"Psiche Santagostino\",\"potentialAction\":[{\"@type\":\"SearchAction\",\"target\":{\"@type\":\"EntryPoint\",\"urlTemplate\":\"https:\/\/psiche.santagostino.it\/?s={search_term_string}\"},\"query-input\":{\"@type\":\"PropertyValueSpecification\",\"valueRequired\":true,\"valueName\":\"search_term_string\"}}],\"inLanguage\":\"it-IT\"},{\"@type\":\"Organization\",\"@id\":\"https:\/\/psiche.santagostino.it\/#organization\",\"name\":\"https:\/\/www.santagostino.it\/magazine-psiche\",\"url\":\"https:\/\/psiche.santagostino.it\/\",\"logo\":{\"@type\":\"ImageObject\",\"inLanguage\":\"it-IT\",\"@id\":\"https:\/\/psiche.santagostino.it\/#\/schema\/logo\/image\/\",\"url\":\"https:\/\/www.santagostino.it\/magazine-psiche\/wp-content\/uploads\/2023\/07\/Santagostino-psiche-logo.png\",\"contentUrl\":\"https:\/\/www.santagostino.it\/magazine-psiche\/wp-content\/uploads\/2023\/07\/Santagostino-psiche-logo.png\",\"width\":430,\"height\":71,\"caption\":\"https:\/\/www.santagostino.it\/magazine-psiche\"},\"image\":{\"@id\":\"https:\/\/psiche.santagostino.it\/#\/schema\/logo\/image\/\"},\"sameAs\":[\"https:\/\/www.facebook.com\/santagostinopsiche\/\"]},{\"@type\":\"Person\",\"@id\":\"https:\/\/psiche.santagostino.it\/#\/schema\/person\/2799df3a3271317df0314f939d27a43c\",\"name\":\"giuseppe.martella\",\"image\":{\"@type\":\"ImageObject\",\"inLanguage\":\"it-IT\",\"@id\":\"https:\/\/psiche.santagostino.it\/#\/schema\/person\/image\/\",\"url\":\"https:\/\/secure.gravatar.com\/avatar\/837c5edb4d59ef07ec81cde06f3d3019?s=96&d=mm&r=g\",\"contentUrl\":\"https:\/\/secure.gravatar.com\/avatar\/837c5edb4d59ef07ec81cde06f3d3019?s=96&d=mm&r=g\",\"caption\":\"giuseppe.martella\"},\"url\":\"https:\/\/www.santagostino.it\/magazine-psiche\/author\/giuseppe-martella\/\"}]}<\/script>\n<!-- \/ Yoast SEO Premium plugin. -->","yoast_head_json":{"title":"Cos'\u00e8 la paralisi del sonno - Santagostino Psiche","description":"La paralisi del sonno \u00e8 un fenomeno temporaneo. Quali sono le cause? E in che modo si cura? Le risposte della psicologa del Santagostino.","robots":{"index":"index","follow":"follow","max-snippet":"max-snippet:-1","max-image-preview":"max-image-preview:large","max-video-preview":"max-video-preview:-1"},"canonical":"https:\/\/psiche.santagostino.it\/paralisi-del-sonno\/","twitter_misc":{"Scritto da":"giuseppe.martella","Tempo di lettura stimato":"5 minuti"},"schema":{"@context":"https:\/\/schema.org","@graph":[{"@type":"Article","@id":"https:\/\/psiche.santagostino.it\/paralisi-del-sonno\/#article","isPartOf":{"@id":"https:\/\/psiche.santagostino.it\/paralisi-del-sonno\/"},"author":{"name":"giuseppe.martella","@id":"https:\/\/psiche.santagostino.it\/#\/schema\/person\/2799df3a3271317df0314f939d27a43c"},"headline":"Quali sono le cause della paralisi del sonno e come trattarla","datePublished":"2023-01-19T10:58:30+00:00","mainEntityOfPage":{"@id":"https:\/\/psiche.santagostino.it\/paralisi-del-sonno\/"},"wordCount":962,"publisher":{"@id":"https:\/\/psiche.santagostino.it\/#organization"},"image":{"@id":"https:\/\/psiche.santagostino.it\/paralisi-del-sonno\/#primaryimage"},"thumbnailUrl":"https:\/\/www.santagostino.it\/magazine-psiche\/wp-content\/uploads\/2023\/01\/paralisi-del-sonno.jpeg","articleSection":["Psichiatria"],"inLanguage":"it-IT"},{"@type":"WebPage","@id":"https:\/\/psiche.santagostino.it\/paralisi-del-sonno\/","url":"https:\/\/psiche.santagostino.it\/paralisi-del-sonno\/","name":"Cos'\u00e8 la paralisi del sonno - Santagostino Psiche","isPartOf":{"@id":"https:\/\/psiche.santagostino.it\/#website"},"primaryImageOfPage":{"@id":"https:\/\/psiche.santagostino.it\/paralisi-del-sonno\/#primaryimage"},"image":{"@id":"https:\/\/psiche.santagostino.it\/paralisi-del-sonno\/#primaryimage"},"thumbnailUrl":"https:\/\/www.santagostino.it\/magazine-psiche\/wp-content\/uploads\/2023\/01\/paralisi-del-sonno.jpeg","datePublished":"2023-01-19T10:58:30+00:00","description":"La paralisi del sonno \u00e8 un fenomeno temporaneo. Quali sono le cause? E in che modo si cura? Le risposte della psicologa del Santagostino.","breadcrumb":{"@id":"https:\/\/psiche.santagostino.it\/paralisi-del-sonno\/#breadcrumb"},"inLanguage":"it-IT","potentialAction":[{"@type":"ReadAction","target":["https:\/\/psiche.santagostino.it\/paralisi-del-sonno\/"]}]},{"@type":"ImageObject","inLanguage":"it-IT","@id":"https:\/\/psiche.santagostino.it\/paralisi-del-sonno\/#primaryimage","url":"https:\/\/www.santagostino.it\/magazine-psiche\/wp-content\/uploads\/2023\/01\/paralisi-del-sonno.jpeg","contentUrl":"https:\/\/www.santagostino.it\/magazine-psiche\/wp-content\/uploads\/2023\/01\/paralisi-del-sonno.jpeg","width":1200,"height":580,"caption":"paralisi del sonno cosa \u00e8 come si cura"},{"@type":"BreadcrumbList","@id":"https:\/\/psiche.santagostino.it\/paralisi-del-sonno\/#breadcrumb","itemListElement":[{"@type":"ListItem","position":1,"name":"Home","item":"https:\/\/psiche.santagostino.it\/"},{"@type":"ListItem","position":2,"name":"Quali sono le cause della paralisi del sonno e come trattarla"}]},{"@type":"WebSite","@id":"https:\/\/psiche.santagostino.it\/#website","url":"https:\/\/psiche.santagostino.it\/","name":"https:\/\/www.santagostino.it\/magazine-psiche","description":"La finestra sulla mente","publisher":{"@id":"https:\/\/psiche.santagostino.it\/#organization"},"alternateName":"Psiche Santagostino","potentialAction":[{"@type":"SearchAction","target":{"@type":"EntryPoint","urlTemplate":"https:\/\/psiche.santagostino.it\/?s={search_term_string}"},"query-input":{"@type":"PropertyValueSpecification","valueRequired":true,"valueName":"search_term_string"}}],"inLanguage":"it-IT"},{"@type":"Organization","@id":"https:\/\/psiche.santagostino.it\/#organization","name":"https:\/\/www.santagostino.it\/magazine-psiche","url":"https:\/\/psiche.santagostino.it\/","logo":{"@type":"ImageObject","inLanguage":"it-IT","@id":"https:\/\/psiche.santagostino.it\/#\/schema\/logo\/image\/","url":"https:\/\/www.santagostino.it\/magazine-psiche\/wp-content\/uploads\/2023\/07\/Santagostino-psiche-logo.png","contentUrl":"https:\/\/www.santagostino.it\/magazine-psiche\/wp-content\/uploads\/2023\/07\/Santagostino-psiche-logo.png","width":430,"height":71,"caption":"https:\/\/www.santagostino.it\/magazine-psiche"},"image":{"@id":"https:\/\/psiche.santagostino.it\/#\/schema\/logo\/image\/"},"sameAs":["https:\/\/www.facebook.com\/santagostinopsiche\/"]},{"@type":"Person","@id":"https:\/\/psiche.santagostino.it\/#\/schema\/person\/2799df3a3271317df0314f939d27a43c","name":"giuseppe.martella","image":{"@type":"ImageObject","inLanguage":"it-IT","@id":"https:\/\/psiche.santagostino.it\/#\/schema\/person\/image\/","url":"https:\/\/secure.gravatar.com\/avatar\/837c5edb4d59ef07ec81cde06f3d3019?s=96&d=mm&r=g","contentUrl":"https:\/\/secure.gravatar.com\/avatar\/837c5edb4d59ef07ec81cde06f3d3019?s=96&d=mm&r=g","caption":"giuseppe.martella"},"url":"https:\/\/www.santagostino.it\/magazine-psiche\/author\/giuseppe-martella\/"}]}},"_links":{"self":[{"href":"https:\/\/www.santagostino.it\/magazine-psiche\/wp-json\/wp\/v2\/posts\/16846","targetHints":{"allow":["GET"]}}],"collection":[{"href":"https:\/\/www.santagostino.it\/magazine-psiche\/wp-json\/wp\/v2\/posts"}],"about":[{"href":"https:\/\/www.santagostino.it\/magazine-psiche\/wp-json\/wp\/v2\/types\/post"}],"author":[{"embeddable":true,"href":"https:\/\/www.santagostino.it\/magazine-psiche\/wp-json\/wp\/v2\/users\/15"}],"replies":[{"embeddable":true,"href":"https:\/\/www.santagostino.it\/magazine-psiche\/wp-json\/wp\/v2\/comments?post=16846"}],"version-history":[{"count":5,"href":"https:\/\/www.santagostino.it\/magazine-psiche\/wp-json\/wp\/v2\/posts\/16846\/revisions"}],"predecessor-version":[{"id":16911,"href":"https:\/\/www.santagostino.it\/magazine-psiche\/wp-json\/wp\/v2\/posts\/16846\/revisions\/16911"}],"wp:featuredmedia":[{"embeddable":true,"href":"https:\/\/www.santagostino.it\/magazine-psiche\/wp-json\/wp\/v2\/media\/16847"}],"wp:attachment":[{"href":"https:\/\/www.santagostino.it\/magazine-psiche\/wp-json\/wp\/v2\/media?parent=16846"}],"wp:term":[{"taxonomy":"category","embeddable":true,"href":"https:\/\/www.santagostino.it\/magazine-psiche\/wp-json\/wp\/v2\/categories?post=16846"},{"taxonomy":"post_tag","embeddable":true,"href":"https:\/\/www.santagostino.it\/magazine-psiche\/wp-json\/wp\/v2\/tags?post=16846"},{"taxonomy":"temi","embeddable":true,"href":"https:\/\/www.santagostino.it\/magazine-psiche\/wp-json\/wp\/v2\/temi?post=16846"},{"taxonomy":"typology","embeddable":true,"href":"https:\/\/www.santagostino.it\/magazine-psiche\/wp-json\/wp\/v2\/typology?post=16846"}],"curies":[{"name":"wp","href":"https:\/\/api.w.org\/{rel}","templated":true}]}}