{"id":16484,"date":"2022-11-09T10:20:01","date_gmt":"2022-11-09T10:20:01","guid":{"rendered":"https:\/\/www.santagostino.it\/magazine-psiche\/?p=16484"},"modified":"2023-08-08T08:46:42","modified_gmt":"2023-08-08T08:46:42","slug":"senso-di-colpa","status":"publish","type":"post","link":"https:\/\/www.santagostino.it\/magazine-psiche\/senso-di-colpa\/","title":{"rendered":"Il senso di colpa, che cos\u2019\u00e8 e come gestirlo"},"content":{"rendered":"<p><span style=\"font-weight: 400;\">Il senso di colpa \u00e8 uno stato emotivo determinato dall\u2019aver compiuto uno specifico atto giudicato negativo.<\/span><\/p>\n<p><span style=\"font-weight: 400;\">Il fatto che venga innescato o meno, evidentemente, <\/span><b>dipende anche e soprattutto dal contesto culturale e sociale nel quale una persona \u00e8 immersa<\/b><span style=\"font-weight: 400;\"> e, quindi, da ci\u00f2 che viene comunemente ritenuto giusto o sbagliato.<\/span><\/p>\n<p><span style=\"font-weight: 400;\">Vediamo allora quando nasce il senso di colpa, quali sono le manifestazioni principali di questa emozione nelle persone e come fare ad affrontarlo al meglio.<\/span><\/p>\n<p><a class=\"content-cta\" href=\"https:\/\/www.santagostino.it\/it\/psiche\/?utm_source=Psiche&amp;utm_medium=direct&amp;utm_campaign=CTA_Psiche_senso_di_colpa\"><img decoding=\"async\" class=\"visible-md\" src=\"\/wp-content\/uploads\/2024\/06\/Rev_04_SanAgostino_banner_desktop_low.gif\" \/><img decoding=\"async\" class=\"hidden-md\" src=\"\/wp-content\/uploads\/2024\/06\/Rev_04_SanAgostino_banner_mobile_low.gif\" \/><\/a><\/p>\n<h2><span style=\"font-weight: 400;\">Quando nasce il senso di colpa?<\/span><\/h2>\n<p><span style=\"font-weight: 400;\">Il senso di colpa deriva da <\/span><b>un disallineamento tra ci\u00f2 che si ritiene giusto in base ai propri ideali, regole morali e al contesto sociale e il proprio comportamento<\/b><span style=\"font-weight: 400;\">.\u00a0<\/span><\/p>\n<p><span style=\"font-weight: 400;\">Per questa ragione, viene definita come un\u2019emozione \u201cmorale\u201d, che \u00e8 conseguenza di un comportamento non ritenuto tale, ma contrario alla propria etica e che, allo stesso tempo, inibisce dal compiere ulteriori azioni giudicate immorali.\u00a0<\/span><\/p>\n<p><span style=\"font-weight: 400;\">La psicologia generale definisce il senso di colpa come un\u2019<\/span><b>emozione complessa<\/b><span style=\"font-weight: 400;\">, in quanto si sviluppa successivamente a quelle che sono considerate emozioni primarie, ossia la <\/span><a href=\"https:\/\/www.santagostino.it\/magazine-psiche\/2019\/12\/09\/emozioni-rabbia\/\"><b>rabbia<\/b><\/a><span style=\"font-weight: 400;\"> e la <\/span><a href=\"https:\/\/www.santagostino.it\/magazine-psiche\/2020\/10\/19\/paura\/\"><b>paura<\/b><\/a><span style=\"font-weight: 400;\">, che sono presenti nelle persone fin dalla loro nascita.<\/span><\/p>\n<p><span style=\"font-weight: 400;\">L\u2019esperienza della colpa, dunque, si acquisisce con il tempo e nasce dalla consapevolezza di aver fatto qualcosa di sbagliato rispetto ai propri canoni morali determinati dal contesto sociale e culturale in cui ci si trova.<\/span><\/p>\n<p><span style=\"font-weight: 400;\">Pu\u00f2 essere considerata sia un\u2019emozione positiva, quando \u00e8 associata al senso di <\/span><a href=\"https:\/\/www.santagostino.it\/magazine-psiche\/2018\/05\/24\/empatia-parlare-chi-soffre\/\"><b>empatia<\/b><\/a><span style=\"font-weight: 400;\"> e <\/span><b>altruismo<\/b><span style=\"font-weight: 400;\"> (la colpa pu\u00f2 essere legata all\u2019aver fatto del male a qualcuno), sia negativa quando, invece, \u00e8 legata al <\/span><b>concetto di punizione<\/b><span style=\"font-weight: 400;\">, che la persona sente di meritare quando ritiene di aver commesso qualcosa di sbagliato.<\/span><\/p>\n<p><span style=\"font-weight: 400;\">Generalmente, il senso di colpa \u00e8 un sentimento che si esaurisce con il tempo, ma pu\u00f2 perdurare a lungo nel momento in cui la persona non riesce ad accettare di aver sbagliato e continua a tormentarsi fino a quando non ritiene che l\u2019errore sia stato finalmente espiato, magari dopo aver messo in atto gesti riparativi.<\/span><\/p>\n<h2><span style=\"font-weight: 400;\">Colpa e psicopatologie<\/span><\/h2>\n<p><span style=\"font-weight: 400;\">Anche la psicopatologia ha affrontato i sensi di colpa per provare a coglierne le differenze nei diversi disturbi.\u00a0<\/span><\/p>\n<p><span style=\"font-weight: 400;\">Ad esempio, nelle <\/span><a href=\"https:\/\/www.santagostino.it\/it\/santagostinopedia\/la-depressione\"><b>forme depressive<\/b><\/a><span style=\"font-weight: 400;\">, il senso di colpa si declina nell\u2019auto-rammarico, mentre nei <\/span><a href=\"https:\/\/www.santagostino.it\/magazine-psiche\/2022\/05\/26\/disturbo-antisociale\"><b>disturbi di personalit\u00e0 antisociale<\/b><\/a><span style=\"font-weight: 400;\"> pu\u00f2 essere totalmente assente.\u00a0<\/span><\/p>\n<p><span style=\"font-weight: 400;\">Il ruolo della colpa, infine, \u00e8 assolutamente centrale nei <\/span><a href=\"https:\/\/www.santagostino.it\/magazine-psiche\/2019\/05\/09\/disturbo-ossessivo-compulsivo\"><b>disturbi ossessivo compulsivi<\/b><\/a><span style=\"font-weight: 400;\">. Essa viene analizzata secondo diversi costrutti: dal timore della colpa, alla propensione alla colpa fino alla sensibilit\u00e0 alla colpa.<\/span><\/p>\n<h2><span style=\"font-weight: 400;\">Senso di colpa: i sintomi fisici<\/span><\/h2>\n<p><span style=\"font-weight: 400;\">Il senso di colpa genera innanzitutto un malessere interiore che si pu\u00f2 tradurre in un senso di turbamento pi\u00f9 o meno profondo. A questa emozione, se ne possono poi associare altre, quali rabbia, paura e anche tristezza, determinati dall\u2019aver violato i propri principi morali.\u00a0<\/span><\/p>\n<p><span style=\"font-weight: 400;\">Il senso di colpa, a sua volta, pu\u00f2 generare anche altri sentimenti come il rimorso per ci\u00f2 che \u00e8 stato fatto, il quale pu\u00f2 raggiungere diversi gradi di intensit\u00e0. La persona che prova senso di colpa pu\u00f2 patire tensioni interne tali da somatizzare questi sentimenti, che possono tradursi in veri e propri sintomi fisici quali:<\/span><\/p>\n<ul>\n<li style=\"font-weight: 400;\" aria-level=\"1\"><a href=\"https:\/\/www.santagostino.it\/it\/santagostinopedia\/il-mal-di-testa\"><span style=\"font-weight: 400;\">mal di testa<\/span><\/a><\/li>\n<li style=\"font-weight: 400;\" aria-level=\"1\"><a href=\"https:\/\/www.santagostino.it\/it\/santagostinopedia\/crampi-stomaco\"><span style=\"font-weight: 400;\">dolori allo stomaco<\/span><\/a><\/li>\n<\/ul>\n<p><span style=\"font-weight: 400;\">Il soggetto che soffre di sensi di colpa pu\u00f2 accusare anche <\/span><a href=\"https:\/\/www.santagostino.it\/it\/santagostinopedia\/l-ansia\"><b>ansia<\/b><\/a><span style=\"font-weight: 400;\"> con tutta la sintomatologia fisica associata, tra cui tachicardia, respiro corto e tensione muscolare e <\/span><b>disturbi del sonno<\/b><span style=\"font-weight: 400;\"> come l\u2019<\/span><a href=\"https:\/\/www.santagostino.it\/it\/santagostinopedia\/l-insonnia\"><b>insonnia<\/b><\/a><span style=\"font-weight: 400;\">.\u00a0<\/span><\/p>\n<p><span style=\"font-weight: 400;\">Nei casi pi\u00f9 gravi, potrebbe anche arrivare a punirsi da solo.<\/span><\/p>\n<p><a class=\"content-cta\" href=\"https:\/\/www.santagostino.it\/it\/psiche\/?utm_source=Psiche&amp;utm_medium=direct&amp;utm_campaign=CTA_Psiche_senso_di_colpa\"><img decoding=\"async\" class=\"visible-md\" src=\"\/wp-content\/uploads\/2024\/06\/Rev_04_SanAgostino_banner_desktop_low.gif\" \/><img decoding=\"async\" class=\"hidden-md\" src=\"\/wp-content\/uploads\/2024\/06\/Rev_04_SanAgostino_banner_mobile_low.gif\" \/><\/a><\/p>\n<h2><span style=\"font-weight: 400;\">Come liberarsi dal senso di colpa?<\/span><\/h2>\n<p><span style=\"font-weight: 400;\">Per riuscire a risolvere il proprio senso di colpa, ci si pu\u00f2 rivolgere anche ad uno psicoterapeuta. Pu\u00f2 essere utile soprattutto nei casi in cui ci si rende conto di non farcela da soli. Grazie allo specialista, infatti, sar\u00e0 pi\u00f9 semplice elaborare le proprie emozioni e riuscire a riconciliarsi con se stessi.\u00a0<\/span><\/p>\n<p><span style=\"font-weight: 400;\">Di seguito, vediamo alcune strategie che possono rivelarsi utili a facilitare questo percorso.<\/span><\/p>\n<h3><span style=\"font-weight: 400;\">Confrontarsi con le proprie emozioni<\/span><\/h3>\n<p><span style=\"font-weight: 400;\">La prima cosa da fare, come gi\u00e0 accennato precedentemente, \u00e8 <strong>elaborare le proprie emozioni<\/strong>. In particolare, \u00e8 necessario confrontarsi con i propri sentimenti e cercare di capire ci\u00f2 che l\u00ec ha innescati.\u00a0<\/span><\/p>\n<p><span style=\"font-weight: 400;\">Comprendere le emozioni, dunque, \u00e8 la chiave per risolvere il conflitto interiore che turba la persona che si sente in colpa.<\/span><\/p>\n<h3><span style=\"font-weight: 400;\">Accettare lo stato delle cose<\/span><\/h3>\n<p><span style=\"font-weight: 400;\"><strong>Bisogna essere consapevoli che non si pu\u00f2 tornare indietro e comportarsi diversamente<\/strong>. Continuare a rimuginare sul passato, quindi, diventa un esercizio fine a se stesso. Certamente, non pu\u00f2 migliorare lo stato delle cose. Ci\u00f2, d&#8217;altro canto, non significa non riconoscere gli errori e assumersi le proprie responsabilit\u00e0.<\/span><\/p>\n<h3><span style=\"font-weight: 400;\">Imparare a perdonarsi<\/span><\/h3>\n<p><span style=\"font-weight: 400;\">Imparare a perdonarsi deriva direttamente dalla consapevolezza di essere fallibili e di poter commettere degli errori. <strong>Accettare lo stato delle cose<\/strong> significa, quindi, anche accettare di averli commessi perch\u00e9 non sempre \u00e8 possibile fare la cosa giusta o comportarsi correttamente. Bisogna imparare a ricostruire la stima verso se stessi, senza evadere dalle proprie responsabilit\u00e0.<\/span><\/p>\n","protected":false},"excerpt":{"rendered":"<p>La psicologia generale la definisce come un\u2019emozione complessa che deriva dalla percezione di aver commesso qualcosa di sbagliato secondo i propri canoni etici<\/p>\n","protected":false},"author":13,"featured_media":16489,"comment_status":"closed","ping_status":"closed","sticky":false,"template":"","format":"standard","meta":{"footnotes":""},"categories":[1],"tags":[],"temi":[],"typology":[3],"class_list":["post-16484","post","type-post","status-publish","format-standard","has-post-thumbnail","hentry","category-psichiatria","typology-text"],"yoast_head":"<!-- This site is optimized with the Yoast SEO Premium plugin v25.3.1 (Yoast SEO v25.3.1) - https:\/\/yoast.com\/wordpress\/plugins\/seo\/ -->\n<title>Il senso di colpa, che cos\u2019\u00e8 e come gestirlo - Santagostino Psiche<\/title>\n<meta name=\"description\" content=\"Il senso di colpa \u00e8 un\u2019emozione complessa che deriva dalla consapevolezza di aver commesso qualcosa di sbagliato secondo i propri canoni etici\" \/>\n<meta name=\"robots\" content=\"index, follow, max-snippet:-1, max-image-preview:large, max-video-preview:-1\" \/>\n<link rel=\"canonical\" href=\"https:\/\/psiche.santagostino.it\/senso-di-colpa\/\" \/>\n<meta name=\"twitter:label1\" content=\"Scritto da\" \/>\n\t<meta name=\"twitter:data1\" content=\"massimiliano.decesare\" \/>\n\t<meta name=\"twitter:label2\" content=\"Tempo di lettura stimato\" \/>\n\t<meta name=\"twitter:data2\" content=\"6 minuti\" \/>\n<script type=\"application\/ld+json\" class=\"yoast-schema-graph\">{\"@context\":\"https:\/\/schema.org\",\"@graph\":[{\"@type\":\"Article\",\"@id\":\"https:\/\/psiche.santagostino.it\/senso-di-colpa\/#article\",\"isPartOf\":{\"@id\":\"https:\/\/psiche.santagostino.it\/senso-di-colpa\/\"},\"author\":{\"name\":\"massimiliano.decesare\",\"@id\":\"https:\/\/psiche.santagostino.it\/#\/schema\/person\/fabaf2d1a036856b2a70bf7d211fa293\"},\"headline\":\"Il senso di colpa, che cos\u2019\u00e8 e come gestirlo\",\"datePublished\":\"2022-11-09T10:20:01+00:00\",\"dateModified\":\"2023-08-08T08:46:42+00:00\",\"mainEntityOfPage\":{\"@id\":\"https:\/\/psiche.santagostino.it\/senso-di-colpa\/\"},\"wordCount\":796,\"publisher\":{\"@id\":\"https:\/\/psiche.santagostino.it\/#organization\"},\"image\":{\"@id\":\"https:\/\/psiche.santagostino.it\/senso-di-colpa\/#primaryimage\"},\"thumbnailUrl\":\"https:\/\/www.santagostino.it\/magazine-psiche\/wp-content\/uploads\/2022\/11\/Senso-di-colpa.jpg\",\"articleSection\":[\"Psichiatria\"],\"inLanguage\":\"it-IT\"},{\"@type\":\"WebPage\",\"@id\":\"https:\/\/psiche.santagostino.it\/senso-di-colpa\/\",\"url\":\"https:\/\/psiche.santagostino.it\/senso-di-colpa\/\",\"name\":\"Il senso di colpa, che cos\u2019\u00e8 e come gestirlo - Santagostino Psiche\",\"isPartOf\":{\"@id\":\"https:\/\/psiche.santagostino.it\/#website\"},\"primaryImageOfPage\":{\"@id\":\"https:\/\/psiche.santagostino.it\/senso-di-colpa\/#primaryimage\"},\"image\":{\"@id\":\"https:\/\/psiche.santagostino.it\/senso-di-colpa\/#primaryimage\"},\"thumbnailUrl\":\"https:\/\/www.santagostino.it\/magazine-psiche\/wp-content\/uploads\/2022\/11\/Senso-di-colpa.jpg\",\"datePublished\":\"2022-11-09T10:20:01+00:00\",\"dateModified\":\"2023-08-08T08:46:42+00:00\",\"description\":\"Il senso di colpa \u00e8 un\u2019emozione complessa che deriva dalla consapevolezza di aver commesso qualcosa di sbagliato secondo i propri canoni etici\",\"breadcrumb\":{\"@id\":\"https:\/\/psiche.santagostino.it\/senso-di-colpa\/#breadcrumb\"},\"inLanguage\":\"it-IT\",\"potentialAction\":[{\"@type\":\"ReadAction\",\"target\":[\"https:\/\/psiche.santagostino.it\/senso-di-colpa\/\"]}]},{\"@type\":\"ImageObject\",\"inLanguage\":\"it-IT\",\"@id\":\"https:\/\/psiche.santagostino.it\/senso-di-colpa\/#primaryimage\",\"url\":\"https:\/\/www.santagostino.it\/magazine-psiche\/wp-content\/uploads\/2022\/11\/Senso-di-colpa.jpg\",\"contentUrl\":\"https:\/\/www.santagostino.it\/magazine-psiche\/wp-content\/uploads\/2022\/11\/Senso-di-colpa.jpg\",\"width\":1200,\"height\":580,\"caption\":\"Il senso di colpa\"},{\"@type\":\"BreadcrumbList\",\"@id\":\"https:\/\/psiche.santagostino.it\/senso-di-colpa\/#breadcrumb\",\"itemListElement\":[{\"@type\":\"ListItem\",\"position\":1,\"name\":\"Home\",\"item\":\"https:\/\/psiche.santagostino.it\/\"},{\"@type\":\"ListItem\",\"position\":2,\"name\":\"Il senso di colpa, che cos\u2019\u00e8 e come gestirlo\"}]},{\"@type\":\"WebSite\",\"@id\":\"https:\/\/psiche.santagostino.it\/#website\",\"url\":\"https:\/\/psiche.santagostino.it\/\",\"name\":\"https:\/\/www.santagostino.it\/magazine-psiche\",\"description\":\"La finestra sulla mente\",\"publisher\":{\"@id\":\"https:\/\/psiche.santagostino.it\/#organization\"},\"alternateName\":\"Psiche Santagostino\",\"potentialAction\":[{\"@type\":\"SearchAction\",\"target\":{\"@type\":\"EntryPoint\",\"urlTemplate\":\"https:\/\/psiche.santagostino.it\/?s={search_term_string}\"},\"query-input\":{\"@type\":\"PropertyValueSpecification\",\"valueRequired\":true,\"valueName\":\"search_term_string\"}}],\"inLanguage\":\"it-IT\"},{\"@type\":\"Organization\",\"@id\":\"https:\/\/psiche.santagostino.it\/#organization\",\"name\":\"https:\/\/www.santagostino.it\/magazine-psiche\",\"url\":\"https:\/\/psiche.santagostino.it\/\",\"logo\":{\"@type\":\"ImageObject\",\"inLanguage\":\"it-IT\",\"@id\":\"https:\/\/psiche.santagostino.it\/#\/schema\/logo\/image\/\",\"url\":\"https:\/\/www.santagostino.it\/magazine-psiche\/wp-content\/uploads\/2023\/07\/Santagostino-psiche-logo.png\",\"contentUrl\":\"https:\/\/www.santagostino.it\/magazine-psiche\/wp-content\/uploads\/2023\/07\/Santagostino-psiche-logo.png\",\"width\":430,\"height\":71,\"caption\":\"https:\/\/www.santagostino.it\/magazine-psiche\"},\"image\":{\"@id\":\"https:\/\/psiche.santagostino.it\/#\/schema\/logo\/image\/\"},\"sameAs\":[\"https:\/\/www.facebook.com\/santagostinopsiche\/\"]},{\"@type\":\"Person\",\"@id\":\"https:\/\/psiche.santagostino.it\/#\/schema\/person\/fabaf2d1a036856b2a70bf7d211fa293\",\"name\":\"massimiliano.decesare\",\"image\":{\"@type\":\"ImageObject\",\"inLanguage\":\"it-IT\",\"@id\":\"https:\/\/psiche.santagostino.it\/#\/schema\/person\/image\/\",\"url\":\"https:\/\/secure.gravatar.com\/avatar\/60ca167434e25b02e9f5c48d72cc03a6?s=96&d=mm&r=g\",\"contentUrl\":\"https:\/\/secure.gravatar.com\/avatar\/60ca167434e25b02e9f5c48d72cc03a6?s=96&d=mm&r=g\",\"caption\":\"massimiliano.decesare\"},\"url\":\"https:\/\/www.santagostino.it\/magazine-psiche\/author\/massimiliano-decesare\/\"}]}<\/script>\n<!-- \/ Yoast SEO Premium plugin. -->","yoast_head_json":{"title":"Il senso di colpa, che cos\u2019\u00e8 e come gestirlo - Santagostino Psiche","description":"Il senso di colpa \u00e8 un\u2019emozione complessa che deriva dalla consapevolezza di aver commesso qualcosa di sbagliato secondo i propri canoni etici","robots":{"index":"index","follow":"follow","max-snippet":"max-snippet:-1","max-image-preview":"max-image-preview:large","max-video-preview":"max-video-preview:-1"},"canonical":"https:\/\/psiche.santagostino.it\/senso-di-colpa\/","twitter_misc":{"Scritto da":"massimiliano.decesare","Tempo di lettura stimato":"6 minuti"},"schema":{"@context":"https:\/\/schema.org","@graph":[{"@type":"Article","@id":"https:\/\/psiche.santagostino.it\/senso-di-colpa\/#article","isPartOf":{"@id":"https:\/\/psiche.santagostino.it\/senso-di-colpa\/"},"author":{"name":"massimiliano.decesare","@id":"https:\/\/psiche.santagostino.it\/#\/schema\/person\/fabaf2d1a036856b2a70bf7d211fa293"},"headline":"Il senso di colpa, che cos\u2019\u00e8 e come gestirlo","datePublished":"2022-11-09T10:20:01+00:00","dateModified":"2023-08-08T08:46:42+00:00","mainEntityOfPage":{"@id":"https:\/\/psiche.santagostino.it\/senso-di-colpa\/"},"wordCount":796,"publisher":{"@id":"https:\/\/psiche.santagostino.it\/#organization"},"image":{"@id":"https:\/\/psiche.santagostino.it\/senso-di-colpa\/#primaryimage"},"thumbnailUrl":"https:\/\/www.santagostino.it\/magazine-psiche\/wp-content\/uploads\/2022\/11\/Senso-di-colpa.jpg","articleSection":["Psichiatria"],"inLanguage":"it-IT"},{"@type":"WebPage","@id":"https:\/\/psiche.santagostino.it\/senso-di-colpa\/","url":"https:\/\/psiche.santagostino.it\/senso-di-colpa\/","name":"Il senso di colpa, che cos\u2019\u00e8 e come gestirlo - Santagostino Psiche","isPartOf":{"@id":"https:\/\/psiche.santagostino.it\/#website"},"primaryImageOfPage":{"@id":"https:\/\/psiche.santagostino.it\/senso-di-colpa\/#primaryimage"},"image":{"@id":"https:\/\/psiche.santagostino.it\/senso-di-colpa\/#primaryimage"},"thumbnailUrl":"https:\/\/www.santagostino.it\/magazine-psiche\/wp-content\/uploads\/2022\/11\/Senso-di-colpa.jpg","datePublished":"2022-11-09T10:20:01+00:00","dateModified":"2023-08-08T08:46:42+00:00","description":"Il senso di colpa \u00e8 un\u2019emozione complessa che deriva dalla consapevolezza di aver commesso qualcosa di sbagliato secondo i propri canoni etici","breadcrumb":{"@id":"https:\/\/psiche.santagostino.it\/senso-di-colpa\/#breadcrumb"},"inLanguage":"it-IT","potentialAction":[{"@type":"ReadAction","target":["https:\/\/psiche.santagostino.it\/senso-di-colpa\/"]}]},{"@type":"ImageObject","inLanguage":"it-IT","@id":"https:\/\/psiche.santagostino.it\/senso-di-colpa\/#primaryimage","url":"https:\/\/www.santagostino.it\/magazine-psiche\/wp-content\/uploads\/2022\/11\/Senso-di-colpa.jpg","contentUrl":"https:\/\/www.santagostino.it\/magazine-psiche\/wp-content\/uploads\/2022\/11\/Senso-di-colpa.jpg","width":1200,"height":580,"caption":"Il senso di colpa"},{"@type":"BreadcrumbList","@id":"https:\/\/psiche.santagostino.it\/senso-di-colpa\/#breadcrumb","itemListElement":[{"@type":"ListItem","position":1,"name":"Home","item":"https:\/\/psiche.santagostino.it\/"},{"@type":"ListItem","position":2,"name":"Il senso di colpa, che cos\u2019\u00e8 e come gestirlo"}]},{"@type":"WebSite","@id":"https:\/\/psiche.santagostino.it\/#website","url":"https:\/\/psiche.santagostino.it\/","name":"https:\/\/www.santagostino.it\/magazine-psiche","description":"La finestra sulla mente","publisher":{"@id":"https:\/\/psiche.santagostino.it\/#organization"},"alternateName":"Psiche Santagostino","potentialAction":[{"@type":"SearchAction","target":{"@type":"EntryPoint","urlTemplate":"https:\/\/psiche.santagostino.it\/?s={search_term_string}"},"query-input":{"@type":"PropertyValueSpecification","valueRequired":true,"valueName":"search_term_string"}}],"inLanguage":"it-IT"},{"@type":"Organization","@id":"https:\/\/psiche.santagostino.it\/#organization","name":"https:\/\/www.santagostino.it\/magazine-psiche","url":"https:\/\/psiche.santagostino.it\/","logo":{"@type":"ImageObject","inLanguage":"it-IT","@id":"https:\/\/psiche.santagostino.it\/#\/schema\/logo\/image\/","url":"https:\/\/www.santagostino.it\/magazine-psiche\/wp-content\/uploads\/2023\/07\/Santagostino-psiche-logo.png","contentUrl":"https:\/\/www.santagostino.it\/magazine-psiche\/wp-content\/uploads\/2023\/07\/Santagostino-psiche-logo.png","width":430,"height":71,"caption":"https:\/\/www.santagostino.it\/magazine-psiche"},"image":{"@id":"https:\/\/psiche.santagostino.it\/#\/schema\/logo\/image\/"},"sameAs":["https:\/\/www.facebook.com\/santagostinopsiche\/"]},{"@type":"Person","@id":"https:\/\/psiche.santagostino.it\/#\/schema\/person\/fabaf2d1a036856b2a70bf7d211fa293","name":"massimiliano.decesare","image":{"@type":"ImageObject","inLanguage":"it-IT","@id":"https:\/\/psiche.santagostino.it\/#\/schema\/person\/image\/","url":"https:\/\/secure.gravatar.com\/avatar\/60ca167434e25b02e9f5c48d72cc03a6?s=96&d=mm&r=g","contentUrl":"https:\/\/secure.gravatar.com\/avatar\/60ca167434e25b02e9f5c48d72cc03a6?s=96&d=mm&r=g","caption":"massimiliano.decesare"},"url":"https:\/\/www.santagostino.it\/magazine-psiche\/author\/massimiliano-decesare\/"}]}},"_links":{"self":[{"href":"https:\/\/www.santagostino.it\/magazine-psiche\/wp-json\/wp\/v2\/posts\/16484","targetHints":{"allow":["GET"]}}],"collection":[{"href":"https:\/\/www.santagostino.it\/magazine-psiche\/wp-json\/wp\/v2\/posts"}],"about":[{"href":"https:\/\/www.santagostino.it\/magazine-psiche\/wp-json\/wp\/v2\/types\/post"}],"author":[{"embeddable":true,"href":"https:\/\/www.santagostino.it\/magazine-psiche\/wp-json\/wp\/v2\/users\/13"}],"replies":[{"embeddable":true,"href":"https:\/\/www.santagostino.it\/magazine-psiche\/wp-json\/wp\/v2\/comments?post=16484"}],"version-history":[{"count":6,"href":"https:\/\/www.santagostino.it\/magazine-psiche\/wp-json\/wp\/v2\/posts\/16484\/revisions"}],"predecessor-version":[{"id":19065,"href":"https:\/\/www.santagostino.it\/magazine-psiche\/wp-json\/wp\/v2\/posts\/16484\/revisions\/19065"}],"wp:featuredmedia":[{"embeddable":true,"href":"https:\/\/www.santagostino.it\/magazine-psiche\/wp-json\/wp\/v2\/media\/16489"}],"wp:attachment":[{"href":"https:\/\/www.santagostino.it\/magazine-psiche\/wp-json\/wp\/v2\/media?parent=16484"}],"wp:term":[{"taxonomy":"category","embeddable":true,"href":"https:\/\/www.santagostino.it\/magazine-psiche\/wp-json\/wp\/v2\/categories?post=16484"},{"taxonomy":"post_tag","embeddable":true,"href":"https:\/\/www.santagostino.it\/magazine-psiche\/wp-json\/wp\/v2\/tags?post=16484"},{"taxonomy":"temi","embeddable":true,"href":"https:\/\/www.santagostino.it\/magazine-psiche\/wp-json\/wp\/v2\/temi?post=16484"},{"taxonomy":"typology","embeddable":true,"href":"https:\/\/www.santagostino.it\/magazine-psiche\/wp-json\/wp\/v2\/typology?post=16484"}],"curies":[{"name":"wp","href":"https:\/\/api.w.org\/{rel}","templated":true}]}}