{"id":16261,"date":"2023-12-19T15:34:38","date_gmt":"2023-12-19T15:34:38","guid":{"rendered":"https:\/\/www.santagostino.it\/magazine-psiche\/?p=16261"},"modified":"2024-04-23T10:26:56","modified_gmt":"2024-04-23T10:26:56","slug":"depressione-reattiva","status":"publish","type":"post","link":"https:\/\/www.santagostino.it\/magazine-psiche\/depressione-reattiva\/","title":{"rendered":"Depressione reattiva, di cosa si tratta e come si cura"},"content":{"rendered":"<p>La depressione reattiva si manifesta solitamente in seguito ad un evento scatenante.<\/p>\n<p><span style=\"font-weight: 400;\">Di norma un <strong>avvenimento doloroso<\/strong>, come la perdita di una persona vicina o un trasloco improvviso e inaspettato, <strong>pu\u00f2 determinare un contraccolpo psichico di forte intensit\u00e0<\/strong>, e dalla durata pi\u00f9 lunga di quanto ci si aspetterebbe. <\/span><span style=\"font-weight: 400;\">In questi casi si parla di reazione depressiva. Pi\u00f9 propriamente, di <\/span><b>depressione reattiva<\/b><span style=\"font-weight: 400;\">, termine dallo specifico significato clinico.<\/span><\/p>\n<p>Con <strong>quali sintomi<\/strong> si manifesta? Per quanto tempo pu\u00f2 colpire la persona e, soprattutto,\u00a0<strong>quali approcci terapeutici<\/strong> permettono di diagnosticarla e risolverla?<\/p>\n<p><a class=\"content-cta\" href=\"https:\/\/www.santagostino.it\/it\/psiche\/?utm_source=Psiche&amp;utm_medium=direct&amp;utm_campaign=CTA_Psiche_depressione_reattiva\"><img decoding=\"async\" class=\"visible-md\" src=\"\/wp-content\/uploads\/2024\/06\/Rev_04_SanAgostino_banner_desktop_low.gif\" \/><img decoding=\"async\" class=\"hidden-md\" src=\"\/wp-content\/uploads\/2024\/06\/Rev_04_SanAgostino_banner_mobile_low.gif\" \/><\/a><\/p>\n<h2>Che cos\u2019\u00e8 la depressione reattiva?<\/h2>\n<p>La\u00a0<strong>depressione reattiva <\/strong>pu\u00f2 essere definita come una <strong>reazione psicologica avversa<\/strong>, per certi aspetti affine ad un <a href=\"https:\/\/www.santagostino.it\/magazine-psiche\/depressione\/\">disturbo depressivo maggiore<\/a>, ma non grave quanto esso. \u00c8 una <strong>risposta prolungata nel tempo ed eccessiva<\/strong> nella sua qualit\u00e0. <strong>Si manifesta in seguito ad un fatto percepito come estremamente doloroso<\/strong>, sia esso un <a href=\"https:\/\/www.santagostino.it\/magazine-psiche\/fasi-del-lutto\/\">lutto<\/a>, quindi la perdita di una persona cara, un problema fisico importante come un <a href=\"https:\/\/www.santagostino.it\/magazine-psiche\/tumore-al-seno-sentirsi-donna\/\">tumore<\/a>, la perdita del proprio posto di lavoro o un fallimento.<\/p>\n<p>Il soggetto sviluppa una\u00a0<strong>reazione del tutto spropositata<\/strong>, che determina inoltre un fortissimo <a href=\"https:\/\/www.santagostino.it\/magazine-psiche\/stress\/\">stress<\/a> e arriva quasi a destrutturarne l\u2019identit\u00e0. L\u2019umore predominante \u00e8 la <a href=\"https:\/\/www.santagostino.it\/magazine-psiche\/tristezza\/\"><strong>tristezza<\/strong><\/a> su tutti gli altri possibili sentimenti.<\/p>\n<p>La diagnosi psicologica di questo disturbo richiede che sia possibile <strong>identificare e delimitare l\u2019evento scatenante<\/strong>, in modo da distinguere la depressione reattiva da altri disturbi depressivi. In una simile condizione, <strong>la ristrutturazione del paziente dipende dal suo coinvolgimento fattivo<\/strong>. Un coinvolgimento volto a riorganizzare il presente modificando riferimenti, abitudini e percezioni della propria identit\u00e0.<\/p>\n<h3>Come ci si comporta di fronte al cambiamento?<\/h3>\n<p>In termini pi\u00f9 generali, <strong>i cambiamenti innescano un insieme di reazioni psicologiche diverse<\/strong>. Rispetto ad un evento traumatizzante, come la <a href=\"https:\/\/www.santagostino.it\/magazine-psiche\/fine-relazione\/\">fine di una relazione<\/a>, il soggetto pu\u00f2 esprimere <strong>resistenza o negazione, <\/strong><a href=\"https:\/\/www.santagostino.it\/magazine-psiche\/ansia\/\"><strong>ansia<\/strong><\/a><strong> e o <\/strong><a href=\"https:\/\/www.santagostino.it\/magazine-psiche\/paura\/\"><strong>paura<\/strong><\/a>.<\/p>\n<p>Altri eventi pi\u00f9 felici, come una nascita, possono determinare ottimismo e speranza o vedere il manifestarsi di condizioni quali la <a href=\"https:\/\/www.santagostino.it\/magazine-psiche\/depressione-post-partum\/\">depressione post-partum<\/a>. <strong>Dopo un periodo di transizione, comunque, molte persone scoprono di essere in grado di adattarsi e accettare il cambiamento<\/strong>, possono anche sperimentare una crescita personale.<\/p>\n<h2>Quali sono i sintomi della depressione reattivi?<\/h2>\n<p>La depressione reattiva, rispetto alla\u00a0<strong>depressione maggiore<\/strong>\u00a0con la quale condivide alcuni aspetti sintomatologici, si distingue, come accennato, per\u00a0<strong>eventi che minano la vulnerabilit\u00e0<\/strong>\u00a0del soggetto. Le cause dei sintomi di questo\u00a0<a href=\"https:\/\/www.santagostino.it\/it\/santagostinopedia\/i-disturbi-dell-umore\"><strong>disturbo dell\u2019umore<\/strong><\/a>\u00a0sono pertanto da ricondurre a\u00a0<strong>fattori ambientali<\/strong>\u00a0e non, come nel caso della depressione maggiore, per fattori di ordine biologico e genetico.<\/p>\n<p>I sintomi determinati da questa condizione possono coinvolgere no<strong>n solo la psiche ma anche il corpo<\/strong>\u00a0del soggetto. Tra i sintomi pi\u00f9 ricorrenti si possono indicare:<\/p>\n<ul>\n<li>una\u00a0<strong>bassa <a href=\"https:\/\/www.santagostino.it\/magazine-psiche\/autostima\/\">autostima<\/a><\/strong>\u00a0e una sensazione di\u00a0<strong>sfiducia<\/strong><\/li>\n<li>un senso pervasivo di\u00a0<strong>tristezza<\/strong>\u00a0e la sensazione che\u00a0<strong>qualcosa di catastrofico<\/strong>\u00a0stia per accadere<\/li>\n<li>una\u00a0<strong>perdita di interessi<\/strong><\/li>\n<li>una condizione di\u00a0<a href=\"https:\/\/www.santagostino.it\/magazine-psiche\/2017\/07\/10\/ansia-paura-gestione\"><strong>ansia<\/strong><\/a><\/li>\n<li><a href=\"https:\/\/www.santagostino.it\/magazine-psiche\/2020\/07\/21\/disturbo-da-insonnia-trattamento\/\"><strong>disturbi del sonno<\/strong><\/a>\u00a0e\u00a0<strong>stanchezza<\/strong><\/li>\n<li>possibili\u00a0<a href=\"https:\/\/www.santagostino.it\/magazine-psiche\/2020\/08\/03\/disturbi-alimentari-dca\/\"><strong>disturbi dell\u2019alimentazione<\/strong><\/a><\/li>\n<li>disturbi pi\u00f9 propriamente fisici, tra i quali bruciori di stomaco oppure\u00a0<a href=\"https:\/\/www.santagostino.it\/it\/ambulatori\/cefalee\"><strong>cefalee<\/strong><\/a><\/li>\n<li>un sensibile\u00a0<a href=\"https:\/\/www.santagostino.it\/magazine-psiche\/calo-del-desiderio-cause-rimedi\/\"><strong>calo del desiderio sessuale<\/strong><\/a>.<\/li>\n<\/ul>\n<p>Il soggetto pu\u00f2 esperire anche\u00a0<strong>sintomi cognitivi<\/strong>\u00a0quali\u00a0<a href=\"https:\/\/www.santagostino.it\/magazine-psiche\/2020\/05\/11\/come-ridurre-ruminazione\/\"><strong>ruminazione<\/strong><\/a>, estrema difficolt\u00e0 nel prendere decisioni, difficolt\u00e0 sia di concentrazione che di\u00a0<a href=\"https:\/\/www.santagostino.it\/it\/santagostinopedia\/i-disturbi-della-memoria-e-la-depressione\"><strong>memoria<\/strong><\/a>. La concomitanza di sintomi si manifesta con\u00a0<strong>maggiore incisivit\u00e0 durante la sera<\/strong>.<\/p>\n<p>In alcuni casi, quando si soffre di\u00a0<strong>depressione reattiva grave<\/strong>, il soggetto pu\u00f2 abbandonarsi all\u2019<strong>abuso di sostanze<\/strong>\u00a0come via di fuga dalla realt\u00e0.<\/p>\n<h3>Quanto dura?<\/h3>\n<p>Questo disturbo, solitamente, ha una <strong>durata di alcuni mesi<\/strong>, laddove una depressione maggiore tende a durare anche per diversi anni. La minore durata non deve tuttavia trarre in inganno, dal momento che <strong>i sintomi della depressione reattiva possono manifestarsi in modo anche particolarmente grave<\/strong>.<\/p>\n<p>\u00c8 possibile affermare come <strong>la durata e l\u2019intensit\u00e0 della condizione dipendono molto dalla\u00a0struttura della personalit\u00e0\u00a0di chi ne soffre<\/strong>, potenzialmente gi\u00e0 resa fragile da eventi traumatici vissuti nel passato, e dal\u00a0significato dell\u2019evento in termini emotivi.<\/p>\n<h2>Depressione reattiva e ambiente di lavoro<\/h2>\n<p><strong>Lavorare in un ambiente tossico<\/strong>, caratterizzato da un clima malsano, aspettative irrealistiche, mancanza di sostegno, scarso riconoscimento e <a href=\"https:\/\/www.santagostino.it\/magazine-psiche\/violenza-verbale\/\">comunicazione violenta<\/a>, pu\u00f2 contribuire al <strong>deterioramento della <\/strong><a href=\"https:\/\/www.santagostino.it\/magazine-psiche\/salute-mentale\/\"><strong>salute mentale<\/strong><\/a>.<\/p>\n<p>Un simile ambiente lavorativo pu\u00f2 generare <strong>stress cronico<\/strong>, causando un <strong>senso di impotenza, <a href=\"https:\/\/www.santagostino.it\/magazine-psiche\/frustrazione\/\">frustrazione<\/a> e <a href=\"https:\/\/www.santagostino.it\/magazine-psiche\/insoddisfazione-cronica\/\">insoddisfazione<\/a><\/strong>. La continua esposizione a queste condizioni pu\u00f2 innescare l\u2019insorgenza di sintomi depressivi, pu\u00f2 erodere l\u2019autostima e la fiducia in s\u00e9 stessi.<\/p>\n<h2>Depressione e lutto<\/h2>\n<p><strong>La depressione e il <a href=\"https:\/\/www.santagostino.it\/magazine-psiche\/fasi-del-lutto\/\">lutto<\/a> sono due esperienze emotive distinte<\/strong>, ma possono sovrapporsi e spesso possono essere difficili da distinguere.<\/p>\n<p>Nel lutto si sperimentano <strong>tristezza intensa e dolore a causa della perdita di una persona cara<\/strong>. Le emozioni sono principalmente correlate alla mancanza di quella persona e alla tristezza che ne deriva. Nel tempo, tendono a diminuire di intensit\u00e0 e in seguito si \u00e8 in grado di ritrovare un senso di normalit\u00e0 nella propria vita.<\/p>\n<p>Sebbene il lutto possa causare sintomi simili alla depressione, come la tristezza e la perdita di interesse, <strong>\u00e8 fondamentale considerare la durata dei sintomi e il comportamento generale <\/strong>della persona. Nel lutto infatti, nonostante la tristezza, la persona pu\u00f2 continuare a svolgere le sue attivit\u00e0, mentre <strong>nella depressione si verifica un significativo disagio e compromissione delle attivit\u00e0 quotidiane<\/strong>.<\/p>\n<h2>In che modo avviene la diagnosi?<\/h2>\n<p>Il\u00a0<strong>DSM-V<\/strong>\u00a0inquadra la depressione reattiva tra i\u00a0<strong>disturbi correlati a eventi traumatici e stressanti<\/strong>. Di riflesso, il primo criterio diagnostico \u00e8 dato dalla comprensione di\u00a0<strong>quale evento scatenante<\/strong>\u00a0abbia determinato l\u2019insorgenza dei sintomi depressivi.<\/p>\n<p>In un contesto pi\u00f9 circostanziato il <a href=\"https:\/\/www.santagostino.it\/magazine-psiche\/dsm5\/\">DSM-V<\/a> fa riferimento, per l\u2019inquadramento diagnostico, ai\u00a0<strong>disturbi dell\u2019adattamento<\/strong>. Si tratta di disturbi che possono determinare ansia oltre a sintomi comportamentali ed emotivi di natura depressiva. Importante, ai fini diagnostici, l\u2019<strong>identificazione di un evento scatenante<\/strong>.<\/p>\n<p>Per avere una diagnosi di depressione reattiva \u00e8 comunque necessaria una\u00a0<strong>manifestazione di questi sintomi entro tre mesi dall\u2019evento traumatico<\/strong>\u00a0e una loro\u00a0<strong>cessazione entro i sei mesi<\/strong>\u00a0dall\u2019accadimento dell\u2019evento scatenante.<\/p>\n<p>Quando i sintomi della depressione reattiva persistono per tempi pi\u00f9 lunghi, si ha una\u00a0<strong>situazione di cronicit\u00e0<\/strong>, che decorre a partire dai due o pi\u00f9 anni dall\u2019esordio, senza che si verifichi alcuna remissione. Superata questa soglia temporale si parla di\u00a0<a href=\"https:\/\/www.santagostino.it\/magazine-psiche\/2022\/09\/01\/distimia\/\"><strong>distimia<\/strong><\/a>.<\/p>\n<h2>Come si cura la depressione reattiva?<\/h2>\n<p>La <a href=\"https:\/\/www.santagostino.it\/magazine-psiche\/psicoterapia\/\"><strong>psicoterapia<\/strong><\/a> pu\u00f2 aiutare la persona a elaborare il trauma o lo stress che ha scatenato la depressione reattiva: offre un ambiente sicuro in cui la persona pu\u00f2 <strong>esplorare i propri sentimenti<\/strong>, <strong>imparare nuove strategie di adattamento<\/strong>.<\/p>\n<p>La psicoterapia pu\u00f2 essere sia a breve termine, come nel caso della <a href=\"https:\/\/www.santagostino.it\/magazine-psiche\/terapia-cognitivo-comportamentale\/\"><strong>terapia cognitivo-comportamentale<\/strong><\/a>, che si concentra sulle abitudini di pensiero negative e sui comportamenti disfunzionali, sia a lungo termine, come la <a href=\"https:\/\/www.santagostino.it\/magazine-psiche\/psicodinamica\/\"><strong>psicoterapia psicodinamica<\/strong><\/a>, che affronta le radici profonde delle emozioni e dei conflitti interni.<\/p>\n<p>Si pu\u00f2 ricorrere, tuttavia, a una\u00a0<strong>terapia farmacologica<\/strong>, segnatamente gli <a href=\"https:\/\/www.santagostino.it\/magazine-psiche\/ansiolitici\/\">ansiolitici<\/a> o gli <a href=\"https:\/\/www.santagostino.it\/magazine-psiche\/antidepressivi\/\">antidepressivi<\/a>, spesso somministrati in fase di avvio del percorso psicoterapeutico.<\/p>\n<h2><a class=\"content-cta\" style=\"font-size: 16px;\" href=\"https:\/\/www.santagostino.it\/magazine-psiche\/prima-visita-gratuita\/?utm_source=Psiche&amp;utm_medium=direct&amp;utm_campaign=CTA_Psiche_depressione_reattiva\"><img decoding=\"async\" class=\"visible-md\" src=\"\/wp-content\/uploads\/2024\/06\/Rev_04_SanAgostino_banner_desktop_low.gif\" \/><img decoding=\"async\" class=\"hidden-md\" src=\"\/wp-content\/uploads\/2024\/06\/Rev_04_SanAgostino_banner_mobile_low.gif\" \/><\/a><\/h2>\n<h2>Cambiamenti nello stile di vita<\/h2>\n<p>A margine, per tornare sulla necessaria partecipazione attiva della persona nel percorso di ricomposizione di s\u00e9, si indicano le <strong>azioni e i cambiamenti che possono essere intrapresi<\/strong>.<\/p>\n<p>Cambiamenti quali una <a href=\"https:\/\/magazine.santagostino.it\/attivita-fisica-un-toccasana-a-tutte-le-eta\/\"><strong>regolare attivit\u00e0 fisica<\/strong><\/a>, una <a href=\"https:\/\/magazine.santagostino.it\/fasi-sonno\/\"><strong>buona igiene del sonno<\/strong><\/a>, fare in modo di <strong>ritagliarsi anche durante la settimana dei momenti per s\u00e9<\/strong>, praticando o cercando degli <strong>hobby<\/strong> cui dedicarsi. N\u00e9 va trascurata una <strong><a href=\"https:\/\/www.santagostino.it\/it\/santagostinopedia\/alimentazione-sana\">alimentazione sana<\/a> e lontana dagli eccessi<\/strong>. Per chiudere, si ricorda l\u2019importanza insostituibile di una rete di rapporti sociali e di amicizia e l\u2019adozione di tecniche di <a href=\"https:\/\/www.santagostino.it\/magazine-psiche\/training-autogeno\/\">rilassamento<\/a>.<\/p>\n","protected":false},"excerpt":{"rendered":"<p>Si presenta solitamente dopo un evento traumatico. Con il giusto supporto professionale, \u00e8 possibile intervenire sui sintomi e permettere alla persona di riprendere la vita con maggiore consapevolezza.<\/p>\n","protected":false},"author":15,"featured_media":16262,"comment_status":"closed","ping_status":"closed","sticky":false,"template":"","format":"standard","meta":{"footnotes":""},"categories":[1],"tags":[],"temi":[1106,1103,1109],"typology":[3],"class_list":["post-16261","post","type-post","status-publish","format-standard","has-post-thumbnail","hentry","category-psichiatria","temi-emozioni","temi-mente","temi-psicoterapia","typology-text"],"yoast_head":"<!-- This site is optimized with the Yoast SEO Premium plugin v25.3.1 (Yoast SEO v25.3.1) - https:\/\/yoast.com\/wordpress\/plugins\/seo\/ -->\n<title>Depressione reattiva, di cosa si tratta e come si cura - Santagostino Psiche<\/title>\n<meta name=\"description\" content=\"La depressione reattiva pu\u00f2 manifestarsi in seguito ad un evento scatenante che mina la solidit\u00e0 psichica di un individuo. Come intervenire per risolverla?\" \/>\n<meta name=\"robots\" content=\"index, follow, max-snippet:-1, max-image-preview:large, max-video-preview:-1\" \/>\n<link rel=\"canonical\" href=\"https:\/\/psiche.santagostino.it\/depressione-reattiva\/\" \/>\n<meta name=\"twitter:label1\" content=\"Scritto da\" \/>\n\t<meta name=\"twitter:data1\" content=\"giuseppe.martella\" \/>\n\t<meta name=\"twitter:label2\" content=\"Tempo di lettura stimato\" \/>\n\t<meta name=\"twitter:data2\" content=\"8 minuti\" \/>\n<script type=\"application\/ld+json\" class=\"yoast-schema-graph\">{\"@context\":\"https:\/\/schema.org\",\"@graph\":[{\"@type\":\"Article\",\"@id\":\"https:\/\/psiche.santagostino.it\/depressione-reattiva\/#article\",\"isPartOf\":{\"@id\":\"https:\/\/psiche.santagostino.it\/depressione-reattiva\/\"},\"author\":{\"name\":\"giuseppe.martella\",\"@id\":\"https:\/\/psiche.santagostino.it\/#\/schema\/person\/2799df3a3271317df0314f939d27a43c\"},\"headline\":\"Depressione reattiva, di cosa si tratta e come si cura\",\"datePublished\":\"2023-12-19T15:34:38+00:00\",\"dateModified\":\"2024-04-23T10:26:56+00:00\",\"mainEntityOfPage\":{\"@id\":\"https:\/\/psiche.santagostino.it\/depressione-reattiva\/\"},\"wordCount\":1216,\"publisher\":{\"@id\":\"https:\/\/psiche.santagostino.it\/#organization\"},\"image\":{\"@id\":\"https:\/\/psiche.santagostino.it\/depressione-reattiva\/#primaryimage\"},\"thumbnailUrl\":\"https:\/\/www.santagostino.it\/magazine-psiche\/wp-content\/uploads\/2022\/09\/depressione-reattiva.jpeg\",\"articleSection\":[\"Psichiatria\"],\"inLanguage\":\"it-IT\"},{\"@type\":\"WebPage\",\"@id\":\"https:\/\/psiche.santagostino.it\/depressione-reattiva\/\",\"url\":\"https:\/\/psiche.santagostino.it\/depressione-reattiva\/\",\"name\":\"Depressione reattiva, di cosa si tratta e come si cura - Santagostino Psiche\",\"isPartOf\":{\"@id\":\"https:\/\/psiche.santagostino.it\/#website\"},\"primaryImageOfPage\":{\"@id\":\"https:\/\/psiche.santagostino.it\/depressione-reattiva\/#primaryimage\"},\"image\":{\"@id\":\"https:\/\/psiche.santagostino.it\/depressione-reattiva\/#primaryimage\"},\"thumbnailUrl\":\"https:\/\/www.santagostino.it\/magazine-psiche\/wp-content\/uploads\/2022\/09\/depressione-reattiva.jpeg\",\"datePublished\":\"2023-12-19T15:34:38+00:00\",\"dateModified\":\"2024-04-23T10:26:56+00:00\",\"description\":\"La depressione reattiva pu\u00f2 manifestarsi in seguito ad un evento scatenante che mina la solidit\u00e0 psichica di un individuo. Come intervenire per risolverla?\",\"breadcrumb\":{\"@id\":\"https:\/\/psiche.santagostino.it\/depressione-reattiva\/#breadcrumb\"},\"inLanguage\":\"it-IT\",\"potentialAction\":[{\"@type\":\"ReadAction\",\"target\":[\"https:\/\/psiche.santagostino.it\/depressione-reattiva\/\"]}]},{\"@type\":\"ImageObject\",\"inLanguage\":\"it-IT\",\"@id\":\"https:\/\/psiche.santagostino.it\/depressione-reattiva\/#primaryimage\",\"url\":\"https:\/\/www.santagostino.it\/magazine-psiche\/wp-content\/uploads\/2022\/09\/depressione-reattiva.jpeg\",\"contentUrl\":\"https:\/\/www.santagostino.it\/magazine-psiche\/wp-content\/uploads\/2022\/09\/depressione-reattiva.jpeg\",\"width\":1200,\"height\":580,\"caption\":\"depressione reattiva definizione cura\"},{\"@type\":\"BreadcrumbList\",\"@id\":\"https:\/\/psiche.santagostino.it\/depressione-reattiva\/#breadcrumb\",\"itemListElement\":[{\"@type\":\"ListItem\",\"position\":1,\"name\":\"Home\",\"item\":\"https:\/\/psiche.santagostino.it\/\"},{\"@type\":\"ListItem\",\"position\":2,\"name\":\"Depressione reattiva, di cosa si tratta e come si cura\"}]},{\"@type\":\"WebSite\",\"@id\":\"https:\/\/psiche.santagostino.it\/#website\",\"url\":\"https:\/\/psiche.santagostino.it\/\",\"name\":\"https:\/\/www.santagostino.it\/magazine-psiche\",\"description\":\"La finestra sulla mente\",\"publisher\":{\"@id\":\"https:\/\/psiche.santagostino.it\/#organization\"},\"alternateName\":\"Psiche Santagostino\",\"potentialAction\":[{\"@type\":\"SearchAction\",\"target\":{\"@type\":\"EntryPoint\",\"urlTemplate\":\"https:\/\/psiche.santagostino.it\/?s={search_term_string}\"},\"query-input\":{\"@type\":\"PropertyValueSpecification\",\"valueRequired\":true,\"valueName\":\"search_term_string\"}}],\"inLanguage\":\"it-IT\"},{\"@type\":\"Organization\",\"@id\":\"https:\/\/psiche.santagostino.it\/#organization\",\"name\":\"https:\/\/www.santagostino.it\/magazine-psiche\",\"url\":\"https:\/\/psiche.santagostino.it\/\",\"logo\":{\"@type\":\"ImageObject\",\"inLanguage\":\"it-IT\",\"@id\":\"https:\/\/psiche.santagostino.it\/#\/schema\/logo\/image\/\",\"url\":\"https:\/\/www.santagostino.it\/magazine-psiche\/wp-content\/uploads\/2023\/07\/Santagostino-psiche-logo.png\",\"contentUrl\":\"https:\/\/www.santagostino.it\/magazine-psiche\/wp-content\/uploads\/2023\/07\/Santagostino-psiche-logo.png\",\"width\":430,\"height\":71,\"caption\":\"https:\/\/www.santagostino.it\/magazine-psiche\"},\"image\":{\"@id\":\"https:\/\/psiche.santagostino.it\/#\/schema\/logo\/image\/\"},\"sameAs\":[\"https:\/\/www.facebook.com\/santagostinopsiche\/\"]},{\"@type\":\"Person\",\"@id\":\"https:\/\/psiche.santagostino.it\/#\/schema\/person\/2799df3a3271317df0314f939d27a43c\",\"name\":\"giuseppe.martella\",\"image\":{\"@type\":\"ImageObject\",\"inLanguage\":\"it-IT\",\"@id\":\"https:\/\/psiche.santagostino.it\/#\/schema\/person\/image\/\",\"url\":\"https:\/\/secure.gravatar.com\/avatar\/837c5edb4d59ef07ec81cde06f3d3019?s=96&d=mm&r=g\",\"contentUrl\":\"https:\/\/secure.gravatar.com\/avatar\/837c5edb4d59ef07ec81cde06f3d3019?s=96&d=mm&r=g\",\"caption\":\"giuseppe.martella\"},\"url\":\"https:\/\/www.santagostino.it\/magazine-psiche\/author\/giuseppe-martella\/\"}]}<\/script>\n<!-- \/ Yoast SEO Premium plugin. -->","yoast_head_json":{"title":"Depressione reattiva, di cosa si tratta e come si cura - Santagostino Psiche","description":"La depressione reattiva pu\u00f2 manifestarsi in seguito ad un evento scatenante che mina la solidit\u00e0 psichica di un individuo. Come intervenire per risolverla?","robots":{"index":"index","follow":"follow","max-snippet":"max-snippet:-1","max-image-preview":"max-image-preview:large","max-video-preview":"max-video-preview:-1"},"canonical":"https:\/\/psiche.santagostino.it\/depressione-reattiva\/","twitter_misc":{"Scritto da":"giuseppe.martella","Tempo di lettura stimato":"8 minuti"},"schema":{"@context":"https:\/\/schema.org","@graph":[{"@type":"Article","@id":"https:\/\/psiche.santagostino.it\/depressione-reattiva\/#article","isPartOf":{"@id":"https:\/\/psiche.santagostino.it\/depressione-reattiva\/"},"author":{"name":"giuseppe.martella","@id":"https:\/\/psiche.santagostino.it\/#\/schema\/person\/2799df3a3271317df0314f939d27a43c"},"headline":"Depressione reattiva, di cosa si tratta e come si cura","datePublished":"2023-12-19T15:34:38+00:00","dateModified":"2024-04-23T10:26:56+00:00","mainEntityOfPage":{"@id":"https:\/\/psiche.santagostino.it\/depressione-reattiva\/"},"wordCount":1216,"publisher":{"@id":"https:\/\/psiche.santagostino.it\/#organization"},"image":{"@id":"https:\/\/psiche.santagostino.it\/depressione-reattiva\/#primaryimage"},"thumbnailUrl":"https:\/\/www.santagostino.it\/magazine-psiche\/wp-content\/uploads\/2022\/09\/depressione-reattiva.jpeg","articleSection":["Psichiatria"],"inLanguage":"it-IT"},{"@type":"WebPage","@id":"https:\/\/psiche.santagostino.it\/depressione-reattiva\/","url":"https:\/\/psiche.santagostino.it\/depressione-reattiva\/","name":"Depressione reattiva, di cosa si tratta e come si cura - Santagostino Psiche","isPartOf":{"@id":"https:\/\/psiche.santagostino.it\/#website"},"primaryImageOfPage":{"@id":"https:\/\/psiche.santagostino.it\/depressione-reattiva\/#primaryimage"},"image":{"@id":"https:\/\/psiche.santagostino.it\/depressione-reattiva\/#primaryimage"},"thumbnailUrl":"https:\/\/www.santagostino.it\/magazine-psiche\/wp-content\/uploads\/2022\/09\/depressione-reattiva.jpeg","datePublished":"2023-12-19T15:34:38+00:00","dateModified":"2024-04-23T10:26:56+00:00","description":"La depressione reattiva pu\u00f2 manifestarsi in seguito ad un evento scatenante che mina la solidit\u00e0 psichica di un individuo. Come intervenire per risolverla?","breadcrumb":{"@id":"https:\/\/psiche.santagostino.it\/depressione-reattiva\/#breadcrumb"},"inLanguage":"it-IT","potentialAction":[{"@type":"ReadAction","target":["https:\/\/psiche.santagostino.it\/depressione-reattiva\/"]}]},{"@type":"ImageObject","inLanguage":"it-IT","@id":"https:\/\/psiche.santagostino.it\/depressione-reattiva\/#primaryimage","url":"https:\/\/www.santagostino.it\/magazine-psiche\/wp-content\/uploads\/2022\/09\/depressione-reattiva.jpeg","contentUrl":"https:\/\/www.santagostino.it\/magazine-psiche\/wp-content\/uploads\/2022\/09\/depressione-reattiva.jpeg","width":1200,"height":580,"caption":"depressione reattiva definizione cura"},{"@type":"BreadcrumbList","@id":"https:\/\/psiche.santagostino.it\/depressione-reattiva\/#breadcrumb","itemListElement":[{"@type":"ListItem","position":1,"name":"Home","item":"https:\/\/psiche.santagostino.it\/"},{"@type":"ListItem","position":2,"name":"Depressione reattiva, di cosa si tratta e come si cura"}]},{"@type":"WebSite","@id":"https:\/\/psiche.santagostino.it\/#website","url":"https:\/\/psiche.santagostino.it\/","name":"https:\/\/www.santagostino.it\/magazine-psiche","description":"La finestra sulla mente","publisher":{"@id":"https:\/\/psiche.santagostino.it\/#organization"},"alternateName":"Psiche Santagostino","potentialAction":[{"@type":"SearchAction","target":{"@type":"EntryPoint","urlTemplate":"https:\/\/psiche.santagostino.it\/?s={search_term_string}"},"query-input":{"@type":"PropertyValueSpecification","valueRequired":true,"valueName":"search_term_string"}}],"inLanguage":"it-IT"},{"@type":"Organization","@id":"https:\/\/psiche.santagostino.it\/#organization","name":"https:\/\/www.santagostino.it\/magazine-psiche","url":"https:\/\/psiche.santagostino.it\/","logo":{"@type":"ImageObject","inLanguage":"it-IT","@id":"https:\/\/psiche.santagostino.it\/#\/schema\/logo\/image\/","url":"https:\/\/www.santagostino.it\/magazine-psiche\/wp-content\/uploads\/2023\/07\/Santagostino-psiche-logo.png","contentUrl":"https:\/\/www.santagostino.it\/magazine-psiche\/wp-content\/uploads\/2023\/07\/Santagostino-psiche-logo.png","width":430,"height":71,"caption":"https:\/\/www.santagostino.it\/magazine-psiche"},"image":{"@id":"https:\/\/psiche.santagostino.it\/#\/schema\/logo\/image\/"},"sameAs":["https:\/\/www.facebook.com\/santagostinopsiche\/"]},{"@type":"Person","@id":"https:\/\/psiche.santagostino.it\/#\/schema\/person\/2799df3a3271317df0314f939d27a43c","name":"giuseppe.martella","image":{"@type":"ImageObject","inLanguage":"it-IT","@id":"https:\/\/psiche.santagostino.it\/#\/schema\/person\/image\/","url":"https:\/\/secure.gravatar.com\/avatar\/837c5edb4d59ef07ec81cde06f3d3019?s=96&d=mm&r=g","contentUrl":"https:\/\/secure.gravatar.com\/avatar\/837c5edb4d59ef07ec81cde06f3d3019?s=96&d=mm&r=g","caption":"giuseppe.martella"},"url":"https:\/\/www.santagostino.it\/magazine-psiche\/author\/giuseppe-martella\/"}]}},"_links":{"self":[{"href":"https:\/\/www.santagostino.it\/magazine-psiche\/wp-json\/wp\/v2\/posts\/16261","targetHints":{"allow":["GET"]}}],"collection":[{"href":"https:\/\/www.santagostino.it\/magazine-psiche\/wp-json\/wp\/v2\/posts"}],"about":[{"href":"https:\/\/www.santagostino.it\/magazine-psiche\/wp-json\/wp\/v2\/types\/post"}],"author":[{"embeddable":true,"href":"https:\/\/www.santagostino.it\/magazine-psiche\/wp-json\/wp\/v2\/users\/15"}],"replies":[{"embeddable":true,"href":"https:\/\/www.santagostino.it\/magazine-psiche\/wp-json\/wp\/v2\/comments?post=16261"}],"version-history":[{"count":14,"href":"https:\/\/www.santagostino.it\/magazine-psiche\/wp-json\/wp\/v2\/posts\/16261\/revisions"}],"predecessor-version":[{"id":22204,"href":"https:\/\/www.santagostino.it\/magazine-psiche\/wp-json\/wp\/v2\/posts\/16261\/revisions\/22204"}],"wp:featuredmedia":[{"embeddable":true,"href":"https:\/\/www.santagostino.it\/magazine-psiche\/wp-json\/wp\/v2\/media\/16262"}],"wp:attachment":[{"href":"https:\/\/www.santagostino.it\/magazine-psiche\/wp-json\/wp\/v2\/media?parent=16261"}],"wp:term":[{"taxonomy":"category","embeddable":true,"href":"https:\/\/www.santagostino.it\/magazine-psiche\/wp-json\/wp\/v2\/categories?post=16261"},{"taxonomy":"post_tag","embeddable":true,"href":"https:\/\/www.santagostino.it\/magazine-psiche\/wp-json\/wp\/v2\/tags?post=16261"},{"taxonomy":"temi","embeddable":true,"href":"https:\/\/www.santagostino.it\/magazine-psiche\/wp-json\/wp\/v2\/temi?post=16261"},{"taxonomy":"typology","embeddable":true,"href":"https:\/\/www.santagostino.it\/magazine-psiche\/wp-json\/wp\/v2\/typology?post=16261"}],"curies":[{"name":"wp","href":"https:\/\/api.w.org\/{rel}","templated":true}]}}