{"id":15943,"date":"2022-08-29T08:35:47","date_gmt":"2022-08-29T08:35:47","guid":{"rendered":"https:\/\/www.santagostino.it\/magazine-psiche\/?p=15943"},"modified":"2023-08-17T14:21:17","modified_gmt":"2023-08-17T14:21:17","slug":"omofobia","status":"publish","type":"post","link":"https:\/\/www.santagostino.it\/magazine-psiche\/omofobia\/","title":{"rendered":"Omofobia, di cosa si tratta?"},"content":{"rendered":"<p><span style=\"font-weight: 400;\">L\u2019Omofobia \u00e8 un insieme di sentimenti negativi nei confronti dell\u2019omosessualit\u00e0 e in generale delle persone LGBT. <\/span><\/p>\n<p><strong>Da dove nasce l\u2019omofobia<\/strong>, da <strong>quali dinamiche<\/strong> origina e <strong>come aiutare chi \u00e8 vittima della cultura omofoba<\/strong>? La dott.ssa <a href=\"https:\/\/www.santagostino.it\/it\/persone\/miriam-baraccani\">Miriam Baraccani<\/a>, psicologa del Santagostino, risponde a queste domande.<\/p>\n<p><a class=\"content-cta\" href=\"https:\/\/www.santagostino.it\/it\/psiche\/?utm_source=Psiche&amp;utm_medium=direct&amp;utm_campaign=CTA_Psiche_omofobia\"><img decoding=\"async\" class=\"visible-md\" src=\"\/wp-content\/uploads\/2024\/06\/Rev_04_SanAgostino_banner_desktop_low.gif\" \/><img decoding=\"async\" class=\"hidden-md\" src=\"\/wp-content\/uploads\/2024\/06\/Rev_04_SanAgostino_banner_mobile_low.gif\" \/><\/a><\/p>\n<h2>Cosa vuol dire omofobia?<\/h2>\n<p><span style=\"font-weight: 400;\">Omofobia \u00e8 un termine composto da \u201c<\/span><i><span style=\"font-weight: 400;\">phobia<\/span><\/i><span style=\"font-weight: 400;\">\u201d, dal greco \u201c<\/span><i><span style=\"font-weight: 400;\">phobos<\/span><\/i><span style=\"font-weight: 400;\">\u201d, e\u00a0 vuol dire timore. Fa riferimento ad una paura persistente verso alcune situazioni, attivit\u00e0, persone.\u00a0<\/span><\/p>\n<p><b>L\u2019omofobia <\/b><span style=\"font-weight: 400;\">indica un\u2019<\/span><b>avversione irrazionale<\/b><span style=\"font-weight: 400;\">, un insieme di sentimenti, pensieri, comportamenti avversi, <\/span><b>nei confronti dell\u2019omosessualit\u00e0, della bisessualit\u00e0 e della transessualit\u00e0<\/b><span style=\"font-weight: 400;\">.<\/span><\/p>\n<p><span style=\"font-weight: 400;\">Il termine omofobia non viene usato in senso clinico, non \u00e8 quindi inserito nelle classificazioni diagnostiche come il DSM o l\u2019ICD. Viene piuttosto inquadrato secondo <\/span><b>tre accezioni<\/b><span style=\"font-weight: 400;\">:<\/span><\/p>\n<ul>\n<li style=\"font-weight: 400;\" aria-level=\"1\"><b>una maggiormente discriminatoria:<\/b><span style=\"font-weight: 400;\"> relativa a tutti quei comportamenti agiti sul luogo di lavoro, nelle istituzioni, nel collettivo che vanno a ledere i diritti e la dignit\u00e0 delle persone. Come nel caso di insulti e maltrattamenti<\/span><\/li>\n<li style=\"font-weight: 400;\" aria-level=\"1\"><b>una seconda accezione pregiudiziale<\/b><span style=\"font-weight: 400;\">, che ha a che fare con un giudizio negativo verso gli omosessuali, con convinzioni personali contrarie all\u2019omosessualit\u00e0. Pensare ad esempio ed essere convinti che l\u2019omosessualit\u00e0 sia contro natura, che gli omosessuali non debbano avere diritti n\u00e9 che possano esprimerli<\/span><\/li>\n<li style=\"font-weight: 400;\" aria-level=\"1\"><b>un\u2019ultima accezione psicopatologica<\/b><span style=\"font-weight: 400;\">, se la paura irrazionale va a compromettere il funzionamento psichico di chi la prova, in questo caso l\u2019omofobia va considerata come appartenente alla categoria diagnostica delle <\/span><a href=\"https:\/\/www.santagostino.it\/magazine-psiche\/2022\/03\/07\/fobia\/\"><b>fobie<\/b><\/a><span style=\"font-weight: 400;\"> specifiche.<\/span><\/li>\n<\/ul>\n<h2>Cosa vuol dire LGBTQ?<\/h2>\n<p><span style=\"font-weight: 400;\">L\u2019acronimo <\/span><b>LGBTQ<\/b><span style=\"font-weight: 400;\"> \u00e8 stato coniato alla fine degli anni \u201980. Una volta sciolto, <\/span><b>l\u2019acronimo sta per Lesbica, Gay, Bisessuale, <\/b><a href=\"https:\/\/www.santagostino.it\/magazine-psiche\/2018\/10\/11\/bambini-transgender-consigli-genitori\/\"><b>Transgender<\/b><\/a><span style=\"font-weight: 400;\">, e indica proprio tutti coloro che sono rappresentati dalla comunit\u00e0 omosessuale.<\/span><\/p>\n<p><span style=\"font-weight: 400;\">L\u2019ultima lettera, <\/span><b>la lettera Q, fa riferimento a Queer<\/b><span style=\"font-weight: 400;\">, termine che va a designare tutti coloro che non si identificano esclusivamente con l\u2019essere gay, lesbica, bisessuale, pansessuale o transgender.<\/span><\/p>\n<p><span style=\"font-weight: 400;\">Nel corso degli anni, la sigla si \u00e8 andata ad aggiornare per garantire una maggiore inclusivit\u00e0: attualmente viene infatti utilizzato l\u2019acronimo <\/span><b>LGBTQIA+<\/b><span style=\"font-weight: 400;\">. Nello specifico, la I si riferisce alle persone intersessuali, la A agli asessuali, e infine il + segnala che l\u2019elenco pu\u00f2 proseguire con altre espressioni di genere e\/o sessualit\u00e0.<\/span><\/p>\n<h2>Cosa si intende per omotransfobia?<\/h2>\n<p><span style=\"font-weight: 400;\">L\u2019omotransfobia indica un\u2019avversione non sono per gli omosessuali, ma anche per<\/span><b> transessuali e transessualit\u00e0<\/b><span style=\"font-weight: 400;\">.<\/span><\/p>\n<p><span style=\"font-weight: 400;\">A partire dal 2004, ogni <\/span><b>17 maggio<\/b><span style=\"font-weight: 400;\"> si celebra in 170 Paesi nel mondo la <\/span><b>Giornata Internazionale contro l\u2019omofobia, la bifobia e la transfobia<\/b><span style=\"font-weight: 400;\">.<\/span><\/p>\n<h2>Cos\u2019\u00e8 l\u2019omofobia interiorizzata?<\/h2>\n<p><b>L\u2019omofobia interiorizzata<\/b><span style=\"font-weight: 400;\"> ha a che fare con delle <\/span><b>reazioni emotive di sofferenza e rifiuto della propria omosessualit\u00e0<\/b><span style=\"font-weight: 400;\">. Rifiuto e sofferenza che possono avvenire per varie motivazioni, per lo pi\u00f9 di tipo socioculturale o religiosa.<\/span><\/p>\n<p><b>George Weinberg<\/b><span style=\"font-weight: 400;\">, psicologo clinico americano di origini ebraiche, e inventore della parola omofobia nel 1969, introdusse il termine <\/span><b>self loathing<\/b><span style=\"font-weight: 400;\">, ovvero rifiuto <\/span><b>per s\u00e9 stessi<\/b><span style=\"font-weight: 400;\">, per descrivere una situazione di profonda inibizione rispetto alla possibilit\u00e0 di <\/span><b>sentirsi liberi di poter vivere il proprio orientamento sessuale in piena consapevolezza<\/b><span style=\"font-weight: 400;\">. L\u2019omofobia \u00e8 considerata il problema centrale del processo di formazione nell\u2019identit\u00e0 omosessuale ed \u00e8 uno dei principali motivi di sviluppo poi, da parte della persona omosessuale, di tutta una serie di sintomi psicopatologici:<\/span><\/p>\n<ul>\n<li style=\"font-weight: 400;\" aria-level=\"1\"><a href=\"https:\/\/www.santagostino.it\/magazine-psiche\/2020\/06\/23\/come-uscire-dalla-depressione\/\"><b>depressione<\/b><\/a><\/li>\n<li style=\"font-weight: 400;\" aria-level=\"1\"><b>ansia<\/b><\/li>\n<li style=\"font-weight: 400;\" aria-level=\"1\"><span style=\"font-weight: 400;\">abuso di sostanze<\/span><\/li>\n<li style=\"font-weight: 400;\" aria-level=\"1\"><span style=\"font-weight: 400;\">disturbi sessuali.<\/span><\/li>\n<\/ul>\n<p><span style=\"font-weight: 400;\">Sintomi che riguardano anche <\/span><b>la non accettazione della propria omosessualit\u00e0<\/b><span style=\"font-weight: 400;\"> con relativa angoscia, <\/span><b>difficolt\u00e0 di coming out<\/b><span style=\"font-weight: 400;\">, pensieri disfunzionali riassumibili con frasi del tipo: \u201cNessuno mi accetter\u00e0 mai, sono una persona sbagliata, l\u2019omosessualit\u00e0 \u00e8 una malattia\u201d. Nei processi terapeutici \u00e8 fondamentale lavorare su questi aspetti per poter sostenere la persona nella <\/span><b>formazione della propria identit\u00e0 sessuale<\/b><span style=\"font-weight: 400;\">.<\/span><\/p>\n<h2><b>Omofobia: cause e diffusione<\/b><\/h2>\n<p>La psicoanalisi ha pi\u00f9 volte tentato di fornire una spiegazione all\u2019origine dell\u2019omofobia. La maggior parte delle teorie sostiene che l\u2019omofobia sarebbe, in realt\u00e0,<strong> un\u2019omosessualit\u00e0 censurata, inibita e repressa<\/strong> del quale l\u2019individuo non \u00e8 consapevole.<\/p>\n<p>Alcuni studi hanno cercato di dimostrare empiricamente queste teorie: nel 1996 <a href=\"https:\/\/psycnet.apa.org\/record\/1996-00463-014\" target=\"_blank\" rel=\"noopener noreferrer\">Wright, Lohr ed Adams<\/a> hanno mostrato, ad alcuni soggetti eterosessuali, <strong>stimoli visivi di natura omosessuale: la maggiore attivazione a livello fisiologico, nella fattispecie l\u2019erezione del pene, avveniva proprio nei soggetti omofobici.<\/strong> Altri studi statunitensi hanno riscontrato dati analoghi, andando quindi, in un qualche modo, a fornire una risposta misurabile alle teorie psicoanalitiche.<\/p>\n<p>Rispetto alla diffusione dell\u2019omofobia, nel 2020 l\u2019omosessualit\u00e0 era un reato in 67 Paesi del mondo, in 5 dei quali (Iran, Arabia Saudita, Yemen, Nigeria e Somalia) \u00e8 punita con la pena di morte. In Italia, solo nell\u2019ultimo anno, i dati raccolti dal sito <a href=\"https:\/\/www.omofobia.org\/pages\/il-progetto\">omofobia.org<\/a> parlano di <strong>148 casi di omofobia denunciati<\/strong>. Aggressioni che avvengono per lo pi\u00f9 in strada, nei locali, in famiglia ed al lavoro.<\/p>\n<h2><b>Omofobia e meccanismi di rinforzo<\/b><\/h2>\n<p>L\u2019omofobia \u00e8 spesso <strong>rinforzata dal contesto socio-familiare di appartenenza<\/strong>: un ambiente rigido, controllante e giudicante favorir\u00e0, nella persona, un profondo conflitto interno tra la propria attrazione verso persone dello stesso sesso e l\u2019ansia di essere attaccati, non accolti, vessati da parte del nucleo di provenienza.<\/p>\n<p>Meccanismi di rinforzo dell&#8217;omofobia sono chiaramente tutti quei <strong>bias cognitivi disfunzionali<\/strong> che si costruiscono e si mantengono in alcune strutture sociali rigide, militari o religiose ad esempio, e relazionali. In primis <strong>la struttura familiare, che spesso non consente l\u2019espressione dell\u2019unicit\u00e0 del figlio<\/strong> ma chiede, spesso in modo implicito di aderire ad un modello di personalit\u00e0 che, seppur non corrisponda alla reale personalit\u00e0 del figlio, non si pu\u00f2 mettere in discussione.<\/p>\n<p><a class=\"content-cta\" href=\"https:\/\/www.santagostino.it\/it\/psiche\/?utm_source=Psiche&amp;utm_medium=direct&amp;utm_campaign=CTA_Psiche_omofobia\"><img decoding=\"async\" class=\"visible-md\" src=\"\/wp-content\/uploads\/2024\/06\/Rev_04_SanAgostino_banner_desktop_low.gif\" \/><img decoding=\"async\" class=\"hidden-md\" src=\"\/wp-content\/uploads\/2024\/06\/Rev_04_SanAgostino_banner_mobile_low.gif\" \/><\/a><\/p>\n<h2>Come aiutare chi \u00e8 in un ambiente omofobico?<\/h2>\n<p><span style=\"font-weight: 400;\">Per aiutare chi subisce la vessazione di un ambiente omofobico \u00e8 utile <\/span><a href=\"https:\/\/www.santagostino.it\/it\/specialita\/psicologia-psicoterapia-e-psichiatria\"><b>supporto psichico<\/b><\/a><b> non solo individuale ma<\/b><span style=\"font-weight: 400;\"> laddove possibile<\/span><b> anche familiare<\/b><span style=\"font-weight: 400;\">, per poter favorire l\u2019accoglienza di tutti quegli aspetti emotivi e di pensiero che vanno a rappresentare l\u2019identit\u00e0, <\/span><a href=\"https:\/\/www.santagostino.it\/magazine-psiche\/2021\/02\/11\/rapporto-affetto-e-sesso\/\"><b>l\u2019affettivit\u00e0<\/b><\/a><span style=\"font-weight: 400;\"> e l\u2019espressione della <\/span><a href=\"https:\/\/www.santagostino.it\/magazine-psiche\/2016\/12\/20\/sessualita-10-consigli-coltivarla-nonostante-lo-stress\/\"><b>sessualit\u00e0<\/b><\/a><span style=\"font-weight: 400;\"> della persona.<\/span><\/p>\n<p><span style=\"font-weight: 400;\">Oltre a questo, \u00e8 importante <\/span><b>favorire il contatto<\/b><span style=\"font-weight: 400;\"> anche <\/span><b>con associazioni o gruppi di persone<\/b><span style=\"font-weight: 400;\"> che favoriscano il <\/span><b>confronto su tematiche e problematiche spesso comuni<\/b><span style=\"font-weight: 400;\">. Molte associazioni hanno anche delle linee telefoniche di supporto in caso di emergenza e necessit\u00e0. L\u2019obiettivo \u00e8 fornire un primo supporto alla persona ed indirizzarla verso la scelta maggiormente autoprotettiva.<\/span><\/p>\n","protected":false},"excerpt":{"rendered":"<p>L&#8217;omofobia, una avversione ossessiva per le persone omosessuali, bisessuali e transessuali, quali origini ha? E come si pu\u00f2 intervenire con chi subisce le conseguenze di una cultura omofoba?<\/p>\n","protected":false},"author":15,"featured_media":15944,"comment_status":"closed","ping_status":"closed","sticky":false,"template":"","format":"standard","meta":{"footnotes":""},"categories":[1],"tags":[],"temi":[],"typology":[3],"class_list":["post-15943","post","type-post","status-publish","format-standard","has-post-thumbnail","hentry","category-psichiatria","typology-text"],"yoast_head":"<!-- This site is optimized with the Yoast SEO Premium plugin v25.3.1 (Yoast SEO v25.3.1) - https:\/\/yoast.com\/wordpress\/plugins\/seo\/ -->\n<title>Omofobia, di cosa si tratta? - Santagostino Psiche<\/title>\n<meta name=\"description\" content=\"L&#039;omofobia \u00e8 una avversione, di tipo ossessivo, verso persone omosessuali, bisessuali e transessuali. Quali sono le cause di questa avversione? Come agire?\" \/>\n<meta name=\"robots\" content=\"index, follow, max-snippet:-1, max-image-preview:large, max-video-preview:-1\" \/>\n<link rel=\"canonical\" href=\"https:\/\/psiche.santagostino.it\/omofobia\/\" \/>\n<meta name=\"twitter:label1\" content=\"Scritto da\" \/>\n\t<meta name=\"twitter:data1\" content=\"giuseppe.martella\" \/>\n\t<meta name=\"twitter:label2\" content=\"Tempo di lettura stimato\" \/>\n\t<meta name=\"twitter:data2\" content=\"6 minuti\" \/>\n<script type=\"application\/ld+json\" class=\"yoast-schema-graph\">{\"@context\":\"https:\/\/schema.org\",\"@graph\":[{\"@type\":\"Article\",\"@id\":\"https:\/\/psiche.santagostino.it\/omofobia\/#article\",\"isPartOf\":{\"@id\":\"https:\/\/psiche.santagostino.it\/omofobia\/\"},\"author\":{\"name\":\"giuseppe.martella\",\"@id\":\"https:\/\/psiche.santagostino.it\/#\/schema\/person\/2799df3a3271317df0314f939d27a43c\"},\"headline\":\"Omofobia, di cosa si tratta?\",\"datePublished\":\"2022-08-29T08:35:47+00:00\",\"dateModified\":\"2023-08-17T14:21:17+00:00\",\"mainEntityOfPage\":{\"@id\":\"https:\/\/psiche.santagostino.it\/omofobia\/\"},\"wordCount\":987,\"publisher\":{\"@id\":\"https:\/\/psiche.santagostino.it\/#organization\"},\"image\":{\"@id\":\"https:\/\/psiche.santagostino.it\/omofobia\/#primaryimage\"},\"thumbnailUrl\":\"https:\/\/www.santagostino.it\/magazine-psiche\/wp-content\/uploads\/2022\/07\/omofobia.jpeg\",\"articleSection\":[\"Psichiatria\"],\"inLanguage\":\"it-IT\"},{\"@type\":\"WebPage\",\"@id\":\"https:\/\/psiche.santagostino.it\/omofobia\/\",\"url\":\"https:\/\/psiche.santagostino.it\/omofobia\/\",\"name\":\"Omofobia, di cosa si tratta? - Santagostino Psiche\",\"isPartOf\":{\"@id\":\"https:\/\/psiche.santagostino.it\/#website\"},\"primaryImageOfPage\":{\"@id\":\"https:\/\/psiche.santagostino.it\/omofobia\/#primaryimage\"},\"image\":{\"@id\":\"https:\/\/psiche.santagostino.it\/omofobia\/#primaryimage\"},\"thumbnailUrl\":\"https:\/\/www.santagostino.it\/magazine-psiche\/wp-content\/uploads\/2022\/07\/omofobia.jpeg\",\"datePublished\":\"2022-08-29T08:35:47+00:00\",\"dateModified\":\"2023-08-17T14:21:17+00:00\",\"description\":\"L'omofobia \u00e8 una avversione, di tipo ossessivo, verso persone omosessuali, bisessuali e transessuali. Quali sono le cause di questa avversione? Come agire?\",\"breadcrumb\":{\"@id\":\"https:\/\/psiche.santagostino.it\/omofobia\/#breadcrumb\"},\"inLanguage\":\"it-IT\",\"potentialAction\":[{\"@type\":\"ReadAction\",\"target\":[\"https:\/\/psiche.santagostino.it\/omofobia\/\"]}]},{\"@type\":\"ImageObject\",\"inLanguage\":\"it-IT\",\"@id\":\"https:\/\/psiche.santagostino.it\/omofobia\/#primaryimage\",\"url\":\"https:\/\/www.santagostino.it\/magazine-psiche\/wp-content\/uploads\/2022\/07\/omofobia.jpeg\",\"contentUrl\":\"https:\/\/www.santagostino.it\/magazine-psiche\/wp-content\/uploads\/2022\/07\/omofobia.jpeg\",\"width\":1200,\"height\":580,\"caption\":\"omofobia definizione cause\"},{\"@type\":\"BreadcrumbList\",\"@id\":\"https:\/\/psiche.santagostino.it\/omofobia\/#breadcrumb\",\"itemListElement\":[{\"@type\":\"ListItem\",\"position\":1,\"name\":\"Home\",\"item\":\"https:\/\/psiche.santagostino.it\/\"},{\"@type\":\"ListItem\",\"position\":2,\"name\":\"Omofobia, di cosa si tratta?\"}]},{\"@type\":\"WebSite\",\"@id\":\"https:\/\/psiche.santagostino.it\/#website\",\"url\":\"https:\/\/psiche.santagostino.it\/\",\"name\":\"https:\/\/www.santagostino.it\/magazine-psiche\",\"description\":\"La finestra sulla mente\",\"publisher\":{\"@id\":\"https:\/\/psiche.santagostino.it\/#organization\"},\"alternateName\":\"Psiche Santagostino\",\"potentialAction\":[{\"@type\":\"SearchAction\",\"target\":{\"@type\":\"EntryPoint\",\"urlTemplate\":\"https:\/\/psiche.santagostino.it\/?s={search_term_string}\"},\"query-input\":{\"@type\":\"PropertyValueSpecification\",\"valueRequired\":true,\"valueName\":\"search_term_string\"}}],\"inLanguage\":\"it-IT\"},{\"@type\":\"Organization\",\"@id\":\"https:\/\/psiche.santagostino.it\/#organization\",\"name\":\"https:\/\/www.santagostino.it\/magazine-psiche\",\"url\":\"https:\/\/psiche.santagostino.it\/\",\"logo\":{\"@type\":\"ImageObject\",\"inLanguage\":\"it-IT\",\"@id\":\"https:\/\/psiche.santagostino.it\/#\/schema\/logo\/image\/\",\"url\":\"https:\/\/www.santagostino.it\/magazine-psiche\/wp-content\/uploads\/2023\/07\/Santagostino-psiche-logo.png\",\"contentUrl\":\"https:\/\/www.santagostino.it\/magazine-psiche\/wp-content\/uploads\/2023\/07\/Santagostino-psiche-logo.png\",\"width\":430,\"height\":71,\"caption\":\"https:\/\/www.santagostino.it\/magazine-psiche\"},\"image\":{\"@id\":\"https:\/\/psiche.santagostino.it\/#\/schema\/logo\/image\/\"},\"sameAs\":[\"https:\/\/www.facebook.com\/santagostinopsiche\/\"]},{\"@type\":\"Person\",\"@id\":\"https:\/\/psiche.santagostino.it\/#\/schema\/person\/2799df3a3271317df0314f939d27a43c\",\"name\":\"giuseppe.martella\",\"image\":{\"@type\":\"ImageObject\",\"inLanguage\":\"it-IT\",\"@id\":\"https:\/\/psiche.santagostino.it\/#\/schema\/person\/image\/\",\"url\":\"https:\/\/secure.gravatar.com\/avatar\/837c5edb4d59ef07ec81cde06f3d3019?s=96&d=mm&r=g\",\"contentUrl\":\"https:\/\/secure.gravatar.com\/avatar\/837c5edb4d59ef07ec81cde06f3d3019?s=96&d=mm&r=g\",\"caption\":\"giuseppe.martella\"},\"url\":\"https:\/\/www.santagostino.it\/magazine-psiche\/author\/giuseppe-martella\/\"}]}<\/script>\n<!-- \/ Yoast SEO Premium plugin. -->","yoast_head_json":{"title":"Omofobia, di cosa si tratta? - Santagostino Psiche","description":"L'omofobia \u00e8 una avversione, di tipo ossessivo, verso persone omosessuali, bisessuali e transessuali. Quali sono le cause di questa avversione? Come agire?","robots":{"index":"index","follow":"follow","max-snippet":"max-snippet:-1","max-image-preview":"max-image-preview:large","max-video-preview":"max-video-preview:-1"},"canonical":"https:\/\/psiche.santagostino.it\/omofobia\/","twitter_misc":{"Scritto da":"giuseppe.martella","Tempo di lettura stimato":"6 minuti"},"schema":{"@context":"https:\/\/schema.org","@graph":[{"@type":"Article","@id":"https:\/\/psiche.santagostino.it\/omofobia\/#article","isPartOf":{"@id":"https:\/\/psiche.santagostino.it\/omofobia\/"},"author":{"name":"giuseppe.martella","@id":"https:\/\/psiche.santagostino.it\/#\/schema\/person\/2799df3a3271317df0314f939d27a43c"},"headline":"Omofobia, di cosa si tratta?","datePublished":"2022-08-29T08:35:47+00:00","dateModified":"2023-08-17T14:21:17+00:00","mainEntityOfPage":{"@id":"https:\/\/psiche.santagostino.it\/omofobia\/"},"wordCount":987,"publisher":{"@id":"https:\/\/psiche.santagostino.it\/#organization"},"image":{"@id":"https:\/\/psiche.santagostino.it\/omofobia\/#primaryimage"},"thumbnailUrl":"https:\/\/www.santagostino.it\/magazine-psiche\/wp-content\/uploads\/2022\/07\/omofobia.jpeg","articleSection":["Psichiatria"],"inLanguage":"it-IT"},{"@type":"WebPage","@id":"https:\/\/psiche.santagostino.it\/omofobia\/","url":"https:\/\/psiche.santagostino.it\/omofobia\/","name":"Omofobia, di cosa si tratta? - Santagostino Psiche","isPartOf":{"@id":"https:\/\/psiche.santagostino.it\/#website"},"primaryImageOfPage":{"@id":"https:\/\/psiche.santagostino.it\/omofobia\/#primaryimage"},"image":{"@id":"https:\/\/psiche.santagostino.it\/omofobia\/#primaryimage"},"thumbnailUrl":"https:\/\/www.santagostino.it\/magazine-psiche\/wp-content\/uploads\/2022\/07\/omofobia.jpeg","datePublished":"2022-08-29T08:35:47+00:00","dateModified":"2023-08-17T14:21:17+00:00","description":"L'omofobia \u00e8 una avversione, di tipo ossessivo, verso persone omosessuali, bisessuali e transessuali. Quali sono le cause di questa avversione? Come agire?","breadcrumb":{"@id":"https:\/\/psiche.santagostino.it\/omofobia\/#breadcrumb"},"inLanguage":"it-IT","potentialAction":[{"@type":"ReadAction","target":["https:\/\/psiche.santagostino.it\/omofobia\/"]}]},{"@type":"ImageObject","inLanguage":"it-IT","@id":"https:\/\/psiche.santagostino.it\/omofobia\/#primaryimage","url":"https:\/\/www.santagostino.it\/magazine-psiche\/wp-content\/uploads\/2022\/07\/omofobia.jpeg","contentUrl":"https:\/\/www.santagostino.it\/magazine-psiche\/wp-content\/uploads\/2022\/07\/omofobia.jpeg","width":1200,"height":580,"caption":"omofobia definizione cause"},{"@type":"BreadcrumbList","@id":"https:\/\/psiche.santagostino.it\/omofobia\/#breadcrumb","itemListElement":[{"@type":"ListItem","position":1,"name":"Home","item":"https:\/\/psiche.santagostino.it\/"},{"@type":"ListItem","position":2,"name":"Omofobia, di cosa si tratta?"}]},{"@type":"WebSite","@id":"https:\/\/psiche.santagostino.it\/#website","url":"https:\/\/psiche.santagostino.it\/","name":"https:\/\/www.santagostino.it\/magazine-psiche","description":"La finestra sulla mente","publisher":{"@id":"https:\/\/psiche.santagostino.it\/#organization"},"alternateName":"Psiche Santagostino","potentialAction":[{"@type":"SearchAction","target":{"@type":"EntryPoint","urlTemplate":"https:\/\/psiche.santagostino.it\/?s={search_term_string}"},"query-input":{"@type":"PropertyValueSpecification","valueRequired":true,"valueName":"search_term_string"}}],"inLanguage":"it-IT"},{"@type":"Organization","@id":"https:\/\/psiche.santagostino.it\/#organization","name":"https:\/\/www.santagostino.it\/magazine-psiche","url":"https:\/\/psiche.santagostino.it\/","logo":{"@type":"ImageObject","inLanguage":"it-IT","@id":"https:\/\/psiche.santagostino.it\/#\/schema\/logo\/image\/","url":"https:\/\/www.santagostino.it\/magazine-psiche\/wp-content\/uploads\/2023\/07\/Santagostino-psiche-logo.png","contentUrl":"https:\/\/www.santagostino.it\/magazine-psiche\/wp-content\/uploads\/2023\/07\/Santagostino-psiche-logo.png","width":430,"height":71,"caption":"https:\/\/www.santagostino.it\/magazine-psiche"},"image":{"@id":"https:\/\/psiche.santagostino.it\/#\/schema\/logo\/image\/"},"sameAs":["https:\/\/www.facebook.com\/santagostinopsiche\/"]},{"@type":"Person","@id":"https:\/\/psiche.santagostino.it\/#\/schema\/person\/2799df3a3271317df0314f939d27a43c","name":"giuseppe.martella","image":{"@type":"ImageObject","inLanguage":"it-IT","@id":"https:\/\/psiche.santagostino.it\/#\/schema\/person\/image\/","url":"https:\/\/secure.gravatar.com\/avatar\/837c5edb4d59ef07ec81cde06f3d3019?s=96&d=mm&r=g","contentUrl":"https:\/\/secure.gravatar.com\/avatar\/837c5edb4d59ef07ec81cde06f3d3019?s=96&d=mm&r=g","caption":"giuseppe.martella"},"url":"https:\/\/www.santagostino.it\/magazine-psiche\/author\/giuseppe-martella\/"}]}},"_links":{"self":[{"href":"https:\/\/www.santagostino.it\/magazine-psiche\/wp-json\/wp\/v2\/posts\/15943","targetHints":{"allow":["GET"]}}],"collection":[{"href":"https:\/\/www.santagostino.it\/magazine-psiche\/wp-json\/wp\/v2\/posts"}],"about":[{"href":"https:\/\/www.santagostino.it\/magazine-psiche\/wp-json\/wp\/v2\/types\/post"}],"author":[{"embeddable":true,"href":"https:\/\/www.santagostino.it\/magazine-psiche\/wp-json\/wp\/v2\/users\/15"}],"replies":[{"embeddable":true,"href":"https:\/\/www.santagostino.it\/magazine-psiche\/wp-json\/wp\/v2\/comments?post=15943"}],"version-history":[{"count":11,"href":"https:\/\/www.santagostino.it\/magazine-psiche\/wp-json\/wp\/v2\/posts\/15943\/revisions"}],"predecessor-version":[{"id":19245,"href":"https:\/\/www.santagostino.it\/magazine-psiche\/wp-json\/wp\/v2\/posts\/15943\/revisions\/19245"}],"wp:featuredmedia":[{"embeddable":true,"href":"https:\/\/www.santagostino.it\/magazine-psiche\/wp-json\/wp\/v2\/media\/15944"}],"wp:attachment":[{"href":"https:\/\/www.santagostino.it\/magazine-psiche\/wp-json\/wp\/v2\/media?parent=15943"}],"wp:term":[{"taxonomy":"category","embeddable":true,"href":"https:\/\/www.santagostino.it\/magazine-psiche\/wp-json\/wp\/v2\/categories?post=15943"},{"taxonomy":"post_tag","embeddable":true,"href":"https:\/\/www.santagostino.it\/magazine-psiche\/wp-json\/wp\/v2\/tags?post=15943"},{"taxonomy":"temi","embeddable":true,"href":"https:\/\/www.santagostino.it\/magazine-psiche\/wp-json\/wp\/v2\/temi?post=15943"},{"taxonomy":"typology","embeddable":true,"href":"https:\/\/www.santagostino.it\/magazine-psiche\/wp-json\/wp\/v2\/typology?post=15943"}],"curies":[{"name":"wp","href":"https:\/\/api.w.org\/{rel}","templated":true}]}}