{"id":15317,"date":"2024-06-25T09:25:36","date_gmt":"2024-06-25T09:25:36","guid":{"rendered":"https:\/\/www.santagostino.it\/magazine-psiche\/?p=15317"},"modified":"2024-06-27T17:23:46","modified_gmt":"2024-06-27T17:23:46","slug":"disturbo-dissociativo-identita","status":"publish","type":"post","link":"https:\/\/www.santagostino.it\/magazine-psiche\/disturbo-dissociativo-identita\/","title":{"rendered":"Il disturbo dissociativo di identit\u00e0"},"content":{"rendered":"<p><span style=\"font-weight: 400;\">Quando in un individuo si alternano almeno due tipi di personalit\u00e0, si parla di disturbo dissociativo di identit\u00e0.<\/span><\/p>\n<p><span style=\"font-weight: 400;\">Chi soffre di questo disturbo accusa anche un&#8217;<\/span><b>incapacit\u00e0 nel ricordare fatti quotidiani, dati che riguardano se stesso e fatti che hanno determinato<\/b><a href=\"https:\/\/www.santagostino.it\/magazine-psiche\/stress\/\"> <b>stress<\/b><\/a><span style=\"font-weight: 400;\">.\u00a0<\/span><\/p>\n<p><span style=\"font-weight: 400;\">Secondo alcune ricerche, alla radice di questo disturbo si ritrova molto spesso un <\/span><b>profondo<\/b><a href=\"https:\/\/www.santagostino.it\/magazine-psiche\/psicologia-trauma\/\"> <b>trauma<\/b><\/a><b> infantile<\/b><span style=\"font-weight: 400;\">. Come si manifesta questo disturbo? Quali sono i criteri diagnostici? Esistono dei trattamenti terapeutici?<\/span><\/p>\n<p><span style=\"font-weight: 400;\">Risponde <\/span><b>Raffaele Avico, Psicologo Clinico specialista in Psicologia Cognitivo Comportamentale<\/b><span style=\"font-weight: 400;\">, collaboratore di Santagostino Psiche.<\/span><\/p>\n<p><a class=\"content-cta\" href=\"https:\/\/www.santagostino.it\/it\/psiche\/?utm_source=Psiche&amp;utm_medium=direct&amp;utm_campaign=CTA_Psiche_disturbo_dissociativo_identita\"><img decoding=\"async\" class=\"visible-md\" src=\"\/wp-content\/uploads\/2024\/06\/Rev_04_SanAgostino_banner_desktop_low.gif\" \/><img decoding=\"async\" class=\"hidden-md\" src=\"\/wp-content\/uploads\/2024\/06\/Rev_04_SanAgostino_banner_mobile_low.gif\" \/><\/a><\/p>\n<h2><b>Che cos&#8217;\u00e8<\/b> il disturbo dissociativo dell\u2019identit\u00e0?<\/h2>\n<p><span style=\"font-weight: 400;\">Con <\/span><b>disturbo dissociativo dell\u2019identit\u00e0<\/b><span style=\"font-weight: 400;\"> si indica ci\u00f2 che un tempo veniva chiamato <\/span><b>disturbo da personalit\u00e0 multipla. <\/b><span style=\"font-weight: 400;\">Definito per la prima volta nel 1994 dal DSM 4, \u00e8 classificato come uno specifico tipo di disturbo dissociativo.<\/span><\/p>\n<p><span style=\"font-weight: 400;\">Secondo il <a href=\"https:\/\/www.santagostino.it\/magazine-psiche\/dsm5\"><strong>DSM-5<\/strong><\/a> si tratta di un disturbo relativo allo <\/span><b>stato della coscienza e alla personalit\u00e0 di un individuo. <\/b><span style=\"font-weight: 400;\">Le persone con disturbo dissociativo dell&#8217;identit\u00e0 presentano diverse personalit\u00e0, che si distinguono per <\/span><b>modalit\u00e0 di percezione, di relazione e di pensiero<\/b><span style=\"font-weight: 400;\"> rispetto a s\u00e9 e all\u2019ambiente circostante.\u00a0<\/span><\/p>\n<p><span style=\"font-weight: 400;\">Nei casi in cui gli stati di personalit\u00e0 sono pi\u00f9 di tre, almeno due di esse tendono ad assumere il controllo sul comportamento. Inoltre, <\/span><b>quando uno stato di personalit\u00e0 si sta manifestando non ha alcuna coscienza delle altre identit\u00e0<\/b><span style=\"font-weight: 400;\">.<\/span><\/p>\n<p><span style=\"font-weight: 400;\">Altra caratteristica distintiva di questo disturbo \u00e8 l\u2019<\/span><a href=\"https:\/\/www.santagostino.it\/it\/santagostinopedia\/l-amnesia-globale-transitoria\"><b>amnesia dissociativa<\/b><\/a><span style=\"font-weight: 400;\">, ovvero la perdita di memoria. La persona affetta pu\u00f2 dimenticare cose normali della vita quotidiana, informazioni significative su di s\u00e9 (come il proprio nome o da dove proviene), cos\u00ec come eventi traumatici.<\/span><\/p>\n<h2>Come capire se si ha il disturbo dissociativo dell\u2019identit\u00e0?<\/h2>\n<p><span style=\"font-weight: 400;\">Il disturbo dissociativo dell\u2019identit\u00e0 e<\/span><a href=\"https:\/\/www.santagostino.it\/magazine-psiche\/dissociazione-fenomeni-dissociativi\/\"> <span style=\"font-weight: 400;\">dissociazione<\/span><\/a><span style=\"font-weight: 400;\"> sono due cose diverse.<\/span> <b><br \/>\n<\/b><b>La dissociazione \u00e8 il processo attraverso cui il disturbo si forma<\/b><span style=\"font-weight: 400;\">: ad oggi conosciamo due tipologie di dissociazione:<\/span><b> una dissociazione di stato e una di tratto<\/b><span style=\"font-weight: 400;\">.<\/span><\/p>\n<p><span style=\"font-weight: 400;\">La <\/span><b>dissociazione di stato<\/b><span style=\"font-weight: 400;\"> \u00e8 una condizione di alterazione della coscienza che avviene per scopi di <\/span><b>difesa dell\u2019apparato psichico<\/b><span style=\"font-weight: 400;\">, per esempio quando emerge un <\/span><a href=\"https:\/\/www.santagostino.it\/magazine-psiche\/dossier\/il-trauma-ptsd-emdr-dossier\/\"><b>ricordo traumatico<\/b><\/a><span style=\"font-weight: 400;\">. In questo stato mentale l\u2019individuo si trova in uno stato alterato di coscienza, \u201cdistaccato\u201d dalla realt\u00e0.\u00a0<\/span><\/p>\n<p><span style=\"font-weight: 400;\">In questo caso <\/span><b>la dissociazione prende il nome di detachment<\/b><span style=\"font-weight: 400;\">: uno scollamento dal mondo reale, uno stato mentale transitorio.\u00a0<\/span><\/p>\n<p><span style=\"font-weight: 400;\">Nella <\/span><b>dissociazione di tratto<\/b><span style=\"font-weight: 400;\">, invece,<\/span><b> \u00e8 l\u2019intera personalit\u00e0 a spaccarsi<\/b><span style=\"font-weight: 400;\">, e in tale circostanza pu\u00f2 formarsi un disturbo dissociativo dell\u2019identit\u00e0.<\/span><\/p>\n<h3><b>Test d\u2019inquadramento diagnostico<\/b><\/h3>\n<p><span style=\"font-weight: 400;\">Per<\/span><b> diagnosticare il disturbo <\/b><span style=\"font-weight: 400;\">dissociativo dell&#8217;identit\u00e0, i dottori usano diversi test, tra cui la<\/span><b> Dissociative Experience Scale.<\/b><span style=\"font-weight: 400;\"> \u00c8 importante per\u00f2 ricordare che la diagnosi definitiva avviene solo dopo una valutazione clinica diretta con un professionista.<\/span><\/p>\n<p><span style=\"font-weight: 400;\">Questi test permettono di capire se una persona ha sintomi dissociativi, sia quelli normali (come sognare ad occhi aperti), sia quelli pi\u00f9 seri che possono causare problemi.<\/span><\/p>\n<p><span style=\"font-weight: 400;\">La DES,\u00a0 ad esempio, presenta<\/span><b> 28 domande relative ad altrettante esperienze di tipo dissociativo<\/b><span style=\"font-weight: 400;\">. Nel rispondere a queste domande, il paziente ha modo di stabilire quante delle esperienze indicate si sono verificate, ed eventualmente con quale frequenza.<\/span><\/p>\n<h2><b>Quali sono i sintomi della dissociazione?<\/b><\/h2>\n<p><span style=\"font-weight: 400;\">I sintomi della dissociazione sono vari e vanno distinti <\/span><b>a seconda che si parli di dissociazione di stato o di tratto<\/b><span style=\"font-weight: 400;\">.\u00a0<\/span><\/p>\n<p><span style=\"font-weight: 400;\">Spesso si ha a che fare con un <\/span><b>senso di discontinuit\u00e0 della propria coscienza<\/b><span style=\"font-weight: 400;\">, con <\/span><a href=\"https:\/\/magazine.santagostino.it\/sbalzi-umore\/\"><b>sbalzi d\u2019umore forti<\/b><\/a><span style=\"font-weight: 400;\">, o con momenti di assenza, fino alla manifestazione di amnesia o fuga dissociativa.<\/span><\/p>\n<p><span style=\"font-weight: 400;\">Parliamo di <\/span><b>amnesia dissociativa<\/b><span style=\"font-weight: 400;\"> quando si manifestano dei veri e propri <\/span><b>vuoti di memoria<\/b><span style=\"font-weight: 400;\">. Questa forma di amnesia si differenzia dall\u2019 <\/span><a href=\"https:\/\/www.santagostino.it\/it\/santagostinopedia\/l-amnesia-globale-transitoria\"><b>amnesia globale transitoria<\/b><\/a><span style=\"font-weight: 400;\"> o dai <\/span><a href=\"https:\/\/www.santagostino.it\/it\/santagostinopedia\/i-disturbi-della-memoria-e-la-depressione\"><b>disturbi della memoria associati alla depressione<\/b><\/a><span style=\"font-weight: 400;\">.<\/span><\/p>\n<p><span style=\"font-weight: 400;\">Tra gli altri sintomi distintivi, possono verificarsi <\/span><b>discontinuit\u00e0 intrusive<\/b><span style=\"font-weight: 400;\"> nel linguaggio, nelle emozioni e nel comportamento. Discontinuit\u00e0 che porta la persona a cambiare improvvisamente il modo in cui parla, si comporta e reagisce alle emozioni.<\/span><\/p>\n<h2>Come si comporta una persona dissociata?<\/h2>\n<p><span style=\"font-weight: 400;\">Il soggetto ha una <\/span><b>sensazione di mancata integrazione<\/b><span style=\"font-weight: 400;\">, e vive<\/span><a href=\"https:\/\/www.santagostino.it\/magazine-psiche\/emozioni\/\"> <span style=\"font-weight: 400;\">emozioni<\/span><\/a><span style=\"font-weight: 400;\">, pensieri, ricordi e comportamenti come se non fossero propri. Solitamente ci sono <\/span><b>due tipologie di identit\u00e0:<\/b><\/p>\n<ul>\n<li><b>\u00a0la prima, <\/b><span style=\"font-weight: 400;\">un&#8217;<\/span><b>identit\u00e0 &#8220;normale&#8221;,<\/b><span style=\"font-weight: 400;\"> che si occupa della vita quotidiana e cerca di <\/span><a href=\"https:\/\/www.santagostino.it\/magazine-psiche\/disturbo-evitante\/\"><span style=\"font-weight: 400;\">evitare di pensare ai traumi<\/span><\/a><\/li>\n<li>la <b>seconda<\/b> (o le altre personalit\u00e0) che \u00e8 bloccata nel passato e rivive i traumi come se stessero accadendo adesso.<\/li>\n<\/ul>\n<p><span style=\"font-weight: 400;\">L\u2019<\/span><b>identit\u00e0 ferma nel passato<\/b><span style=\"font-weight: 400;\"> pensa, sente e agisce come se il trauma stesse ancora accadendo. \u00c8 molto emotiva e ha difficolt\u00e0 a pensare con chiarezza. Pu\u00f2 avere inoltre comportamenti ripetitivi che cerca di usare per proteggersi dal trauma.<\/span><\/p>\n<h2>Quali sono le cause della dissociazione?<\/h2>\n<p><span style=\"font-weight: 400;\">La dissociazione pu\u00f2 essere spiegata seguendo la <\/span><b>Teoria della dissociazione strutturale della personalit\u00e0<\/b><span style=\"font-weight: 400;\"> che ipotizza che un trauma grave possa dividere la personalit\u00e0 in due o pi\u00f9 parti, provocando una <\/span><b>spaccatura verticale<\/b><span style=\"font-weight: 400;\">. Si parla in questo caso anche di <\/span><b>compartimentalizzazione<\/b><span style=\"font-weight: 400;\">.<\/span><\/p>\n<p><span style=\"font-weight: 400;\">Una parte della personalit\u00e0, chiamata <\/span><b>parte apparentemente normale (ANP)<\/b><span style=\"font-weight: 400;\">, continua ad adattarsi alla vita quotidiana, mentre l&#8217;altra parte, la <\/span><b>parte emozionale (EP)<\/b><span style=\"font-weight: 400;\">, rimane bloccata al momento del trauma, immobile e nascosta.<\/span><\/p>\n<p><span style=\"font-weight: 400;\">A elaborare questa teoria \u00e8 <\/span><b>Onno Van Der Hart<\/b><span style=\"font-weight: 400;\">, esperto psicologo e psicoterapeuta dell\u2019Universit\u00e0 di Utrecht. Ne parla nel suo volume \u201c<\/span><b><i>Fantasmi del S\u00e9\u201d<\/i><\/b><span style=\"font-weight: 400;\">, pubblicato in Italia da Raffaello Cortina Editore. Ne parla anche <\/span><a href=\"https:\/\/www.youtube.com\/watch?v=ZfxAWuOAouE\"><b>Benedetto Farina<\/b><\/a><span style=\"font-weight: 400;\">, psichiatra e psicoterapeuta dell\u2019Universit\u00e0 Europea di Roma.<\/span><\/p>\n<h3>Qual \u00e8 il disturbo di personalit\u00e0 pi\u00f9 grave?<\/h3>\n<p><span style=\"font-weight: 400;\">Il<\/span><a href=\"https:\/\/www.santagostino.it\/magazine-psiche\/disturbo-borderline\/\"> <b>disturbo borderline di personalit\u00e0<\/b><\/a><span style=\"font-weight: 400;\"> pu\u00f2 essere considerato il pi\u00f9 grave. Tra le sue caratteristiche si possono indicare:<\/span><\/p>\n<ul>\n<li style=\"font-weight: 400;\" aria-level=\"1\"><span style=\"font-weight: 400;\">conflittualit\u00e0 e instabilit\u00e0 intense, in un contesto di relazioni interpersonali<\/span><\/li>\n<li style=\"font-weight: 400;\" aria-level=\"1\"><a href=\"https:\/\/www.santagostino.it\/magazine-psiche\/disregolazione-emotiva\/\"><span style=\"font-weight: 400;\">disregolazione emotiva<\/span><\/a><\/li>\n<li style=\"font-weight: 400;\" aria-level=\"1\"><a href=\"https:\/\/www.santagostino.it\/magazine-psiche\/paura-abbandono\/\"><span style=\"font-weight: 400;\">paura dell\u2019abbandono<\/span><\/a><\/li>\n<li style=\"font-weight: 400;\" aria-level=\"1\"><span style=\"font-weight: 400;\">sensazione di vuoto, che tende ad essere cronica<\/span><\/li>\n<li style=\"font-weight: 400;\" aria-level=\"1\"><a href=\"https:\/\/www.santagostino.it\/magazine-psiche\/impulsivita-psicologia\/\"><span style=\"font-weight: 400;\">impulsivit\u00e0<\/span><\/a><span style=\"font-weight: 400;\"> e<\/span><a href=\"https:\/\/www.santagostino.it\/magazine-psiche\/autolesionismo\/\"> <span style=\"font-weight: 400;\">autolesionismo<\/span><\/a><span style=\"font-weight: 400;\">.<\/span><\/li>\n<\/ul>\n<h3>Quanto dura il disturbo dissociativo?<\/h3>\n<p><b>In assenza di terapia, il disturbo dissociativo d\u2019identit\u00e0 tende a ripresentarsi<\/b><span style=\"font-weight: 400;\">, non si risolve da solo. I sintomi che lo caratterizzano possono andare e venire nel tempo e alternarsi nei tempi e nelle modalit\u00e0 del loro manifestarsi.<\/span><\/p>\n<p><span style=\"font-weight: 400;\">Fasi di acuzie possono essere seguite da momenti, anche lunghi nel tempo, di remissione.<\/span><\/p>\n<p><a class=\"content-cta\" href=\"https:\/\/www.santagostino.it\/it\/psiche\/?utm_source=Psiche&amp;utm_medium=direct&amp;utm_campaign=CTA_Psiche_disturbo_dissociativo_identita\"><img decoding=\"async\" class=\"visible-md\" src=\"\/wp-content\/uploads\/2024\/06\/Rev_04_SanAgostino_banner_desktop_low.gif\" \/><img decoding=\"async\" class=\"hidden-md\" src=\"\/wp-content\/uploads\/2024\/06\/Rev_04_SanAgostino_banner_mobile_low.gif\" \/><\/a><\/p>\n<h2>Come si cura?<\/h2>\n<p><span style=\"font-weight: 400;\">La <\/span><b>terapia psicologica<\/b><span style=\"font-weight: 400;\"> \u00e8 il principale approccio utilizzato per trattare questo disturbo, considerata estremamente impegnativa sia per il paziente che per il terapeuta.\u00a0<\/span><\/p>\n<p><span style=\"font-weight: 400;\">Ecco alcuni aspetti chiave del trattamento del disturbo dissociativo dell&#8217;identit\u00e0:<\/span><\/p>\n<ul>\n<li style=\"font-weight: 400;\" aria-level=\"1\"><b>stabilizzazione emotiva:<\/b><span style=\"font-weight: 400;\"> il terapeuta insegna al paziente tecniche per gestire lo stress, come la <\/span><a href=\"https:\/\/www.santagostino.it\/magazine-psiche\/meditazione-mindfulness\/\"><span style=\"font-weight: 400;\">mindfulness<\/span><\/a><span style=\"font-weight: 400;\">, e altre strategie per affrontare emozioni quali <\/span><a href=\"https:\/\/www.santagostino.it\/magazine-psiche\/ansia\/\"><span style=\"font-weight: 400;\">ansia<\/span><\/a><span style=\"font-weight: 400;\">, <\/span><a href=\"https:\/\/www.santagostino.it\/magazine-psiche\/come-sfogare-rabbia\/\"><span style=\"font-weight: 400;\">rabbia<\/span><\/a><span style=\"font-weight: 400;\"> o<\/span><a href=\"https:\/\/www.santagostino.it\/it\/santagostinopedia\/la-depressione\"> <span style=\"font-weight: 400;\">depressione<\/span><\/a><\/li>\n<li style=\"font-weight: 400;\" aria-level=\"1\"><b>negoziazione dei rapporti tra le identit\u00e0<\/b><span style=\"font-weight: 400;\">: il terapeuta lavora con il paziente per aiutarlo a comprendere e a negoziare i rapporti tra le diverse identit\u00e0, e per costruire una cooperazione armoniosa<\/span><\/li>\n<li style=\"font-weight: 400;\" aria-level=\"1\"><b>elaborazione dei ricordi traumatici<\/b><span style=\"font-weight: 400;\">: la terapia mira a elaborare i ricordi traumatici in modo sicuro e controllato. Tecniche come l\u2019ipnosi, quando utilizzate da terapisti esperti, possono aiutare il paziente a esplorare i ricordi dolorosi in un ambiente supportivo<\/span><\/li>\n<li style=\"font-weight: 400;\" aria-level=\"1\"><b>protezione contro la persecuzione interna<\/b><span style=\"font-weight: 400;\">: molte persone con questo disturbo si sentono perseguitate da parte di alcune delle loro identit\u00e0. La terapia aiuta a creare un ambiente protetto in cui il paziente impara a gestire questi sentimenti negativi<\/span><\/li>\n<li style=\"font-weight: 400;\" aria-level=\"1\"><b>costruzione di un rapporto terapeutico sicuro<\/b><span style=\"font-weight: 400;\">, fondamentale per la riuscita della terapia.<\/span><\/li>\n<\/ul>\n<p><span style=\"font-weight: 400;\">Il trattamento, che pu\u00f2 essere accompagnato da farmaci per eventuali sintomi associati, richiede una terapia a lungo termine.<\/span><\/p>\n<p><span style=\"font-weight: 400;\">Il processo pu\u00f2 essere doloroso e difficile per il paziente: <\/span><b>fiducia, sostegno e guida da parte di un terapeuta esperto <\/b><span style=\"font-weight: 400;\">risultano quindi fondamentali per la riuscita del trattamento.<\/span><\/p>\n","protected":false},"excerpt":{"rendered":"<p>Nel disturbo dissociativo d&#8217;identit\u00e0 il soggetto \u00e8 scisso in due o pi\u00f9 personalit\u00e0. Spesso questa condizione deriva da profondi traumi infantili, che hanno inciso nella psiche della persona. Con la terapia \u00e8 possibile tentare una ricomposizione.<\/p>\n","protected":false},"author":15,"featured_media":15321,"comment_status":"closed","ping_status":"closed","sticky":false,"template":"","format":"standard","meta":{"footnotes":""},"categories":[1],"tags":[],"temi":[1103,1110],"typology":[3],"class_list":["post-15317","post","type-post","status-publish","format-standard","has-post-thumbnail","hentry","category-psichiatria","temi-mente","temi-patologie-e-disturbi","typology-text"],"yoast_head":"<!-- This site is optimized with the Yoast SEO Premium plugin v25.3.1 (Yoast SEO v25.3.1) - https:\/\/yoast.com\/wordpress\/plugins\/seo\/ -->\n<title>Il disturbo dissociativo di identit\u00e0 - Santagostino Psiche<\/title>\n<meta name=\"description\" content=\"Il disturbo dissociativo di identit\u00e0 divide il soggetto in pi\u00f9 personalit\u00e0. Lo psicologo ne spiega sintomi, cause, diagnosi e trattamenti.\" \/>\n<meta name=\"robots\" content=\"index, follow, max-snippet:-1, max-image-preview:large, max-video-preview:-1\" \/>\n<link rel=\"canonical\" href=\"https:\/\/psiche.santagostino.it\/disturbo-dissociativo-identita\/\" \/>\n<meta name=\"twitter:label1\" content=\"Scritto da\" \/>\n\t<meta name=\"twitter:data1\" content=\"giuseppe.martella\" \/>\n\t<meta name=\"twitter:label2\" content=\"Tempo di lettura stimato\" \/>\n\t<meta name=\"twitter:data2\" content=\"8 minuti\" \/>\n<script type=\"application\/ld+json\" class=\"yoast-schema-graph\">{\"@context\":\"https:\/\/schema.org\",\"@graph\":[{\"@type\":\"Article\",\"@id\":\"https:\/\/psiche.santagostino.it\/disturbo-dissociativo-identita\/#article\",\"isPartOf\":{\"@id\":\"https:\/\/psiche.santagostino.it\/disturbo-dissociativo-identita\/\"},\"author\":{\"name\":\"giuseppe.martella\",\"@id\":\"https:\/\/psiche.santagostino.it\/#\/schema\/person\/2799df3a3271317df0314f939d27a43c\"},\"headline\":\"Il disturbo dissociativo di identit\u00e0\",\"datePublished\":\"2024-06-25T09:25:36+00:00\",\"dateModified\":\"2024-06-27T17:23:46+00:00\",\"mainEntityOfPage\":{\"@id\":\"https:\/\/psiche.santagostino.it\/disturbo-dissociativo-identita\/\"},\"wordCount\":1183,\"publisher\":{\"@id\":\"https:\/\/psiche.santagostino.it\/#organization\"},\"image\":{\"@id\":\"https:\/\/psiche.santagostino.it\/disturbo-dissociativo-identita\/#primaryimage\"},\"thumbnailUrl\":\"https:\/\/www.santagostino.it\/magazine-psiche\/wp-content\/uploads\/2022\/04\/disturbo-dissociativo-dellidentita.jpeg\",\"articleSection\":[\"Psichiatria\"],\"inLanguage\":\"it-IT\"},{\"@type\":\"WebPage\",\"@id\":\"https:\/\/psiche.santagostino.it\/disturbo-dissociativo-identita\/\",\"url\":\"https:\/\/psiche.santagostino.it\/disturbo-dissociativo-identita\/\",\"name\":\"Il disturbo dissociativo di identit\u00e0 - Santagostino Psiche\",\"isPartOf\":{\"@id\":\"https:\/\/psiche.santagostino.it\/#website\"},\"primaryImageOfPage\":{\"@id\":\"https:\/\/psiche.santagostino.it\/disturbo-dissociativo-identita\/#primaryimage\"},\"image\":{\"@id\":\"https:\/\/psiche.santagostino.it\/disturbo-dissociativo-identita\/#primaryimage\"},\"thumbnailUrl\":\"https:\/\/www.santagostino.it\/magazine-psiche\/wp-content\/uploads\/2022\/04\/disturbo-dissociativo-dellidentita.jpeg\",\"datePublished\":\"2024-06-25T09:25:36+00:00\",\"dateModified\":\"2024-06-27T17:23:46+00:00\",\"description\":\"Il disturbo dissociativo di identit\u00e0 divide il soggetto in pi\u00f9 personalit\u00e0. Lo psicologo ne spiega sintomi, cause, diagnosi e trattamenti.\",\"breadcrumb\":{\"@id\":\"https:\/\/psiche.santagostino.it\/disturbo-dissociativo-identita\/#breadcrumb\"},\"inLanguage\":\"it-IT\",\"potentialAction\":[{\"@type\":\"ReadAction\",\"target\":[\"https:\/\/psiche.santagostino.it\/disturbo-dissociativo-identita\/\"]}]},{\"@type\":\"ImageObject\",\"inLanguage\":\"it-IT\",\"@id\":\"https:\/\/psiche.santagostino.it\/disturbo-dissociativo-identita\/#primaryimage\",\"url\":\"https:\/\/www.santagostino.it\/magazine-psiche\/wp-content\/uploads\/2022\/04\/disturbo-dissociativo-dellidentita.jpeg\",\"contentUrl\":\"https:\/\/www.santagostino.it\/magazine-psiche\/wp-content\/uploads\/2022\/04\/disturbo-dissociativo-dellidentita.jpeg\",\"width\":1200,\"height\":580,\"caption\":\"disturbo dissociativo identit\u00e0 cosa \u00e8 come curarlo\"},{\"@type\":\"BreadcrumbList\",\"@id\":\"https:\/\/psiche.santagostino.it\/disturbo-dissociativo-identita\/#breadcrumb\",\"itemListElement\":[{\"@type\":\"ListItem\",\"position\":1,\"name\":\"Home\",\"item\":\"https:\/\/psiche.santagostino.it\/\"},{\"@type\":\"ListItem\",\"position\":2,\"name\":\"Il disturbo dissociativo di identit\u00e0\"}]},{\"@type\":\"WebSite\",\"@id\":\"https:\/\/psiche.santagostino.it\/#website\",\"url\":\"https:\/\/psiche.santagostino.it\/\",\"name\":\"https:\/\/www.santagostino.it\/magazine-psiche\",\"description\":\"La finestra sulla mente\",\"publisher\":{\"@id\":\"https:\/\/psiche.santagostino.it\/#organization\"},\"alternateName\":\"Psiche Santagostino\",\"potentialAction\":[{\"@type\":\"SearchAction\",\"target\":{\"@type\":\"EntryPoint\",\"urlTemplate\":\"https:\/\/psiche.santagostino.it\/?s={search_term_string}\"},\"query-input\":{\"@type\":\"PropertyValueSpecification\",\"valueRequired\":true,\"valueName\":\"search_term_string\"}}],\"inLanguage\":\"it-IT\"},{\"@type\":\"Organization\",\"@id\":\"https:\/\/psiche.santagostino.it\/#organization\",\"name\":\"https:\/\/www.santagostino.it\/magazine-psiche\",\"url\":\"https:\/\/psiche.santagostino.it\/\",\"logo\":{\"@type\":\"ImageObject\",\"inLanguage\":\"it-IT\",\"@id\":\"https:\/\/psiche.santagostino.it\/#\/schema\/logo\/image\/\",\"url\":\"https:\/\/www.santagostino.it\/magazine-psiche\/wp-content\/uploads\/2023\/07\/Santagostino-psiche-logo.png\",\"contentUrl\":\"https:\/\/www.santagostino.it\/magazine-psiche\/wp-content\/uploads\/2023\/07\/Santagostino-psiche-logo.png\",\"width\":430,\"height\":71,\"caption\":\"https:\/\/www.santagostino.it\/magazine-psiche\"},\"image\":{\"@id\":\"https:\/\/psiche.santagostino.it\/#\/schema\/logo\/image\/\"},\"sameAs\":[\"https:\/\/www.facebook.com\/santagostinopsiche\/\"]},{\"@type\":\"Person\",\"@id\":\"https:\/\/psiche.santagostino.it\/#\/schema\/person\/2799df3a3271317df0314f939d27a43c\",\"name\":\"giuseppe.martella\",\"image\":{\"@type\":\"ImageObject\",\"inLanguage\":\"it-IT\",\"@id\":\"https:\/\/psiche.santagostino.it\/#\/schema\/person\/image\/\",\"url\":\"https:\/\/secure.gravatar.com\/avatar\/837c5edb4d59ef07ec81cde06f3d3019?s=96&d=mm&r=g\",\"contentUrl\":\"https:\/\/secure.gravatar.com\/avatar\/837c5edb4d59ef07ec81cde06f3d3019?s=96&d=mm&r=g\",\"caption\":\"giuseppe.martella\"},\"url\":\"https:\/\/www.santagostino.it\/magazine-psiche\/author\/giuseppe-martella\/\"}]}<\/script>\n<!-- \/ Yoast SEO Premium plugin. -->","yoast_head_json":{"title":"Il disturbo dissociativo di identit\u00e0 - Santagostino Psiche","description":"Il disturbo dissociativo di identit\u00e0 divide il soggetto in pi\u00f9 personalit\u00e0. Lo psicologo ne spiega sintomi, cause, diagnosi e trattamenti.","robots":{"index":"index","follow":"follow","max-snippet":"max-snippet:-1","max-image-preview":"max-image-preview:large","max-video-preview":"max-video-preview:-1"},"canonical":"https:\/\/psiche.santagostino.it\/disturbo-dissociativo-identita\/","twitter_misc":{"Scritto da":"giuseppe.martella","Tempo di lettura stimato":"8 minuti"},"schema":{"@context":"https:\/\/schema.org","@graph":[{"@type":"Article","@id":"https:\/\/psiche.santagostino.it\/disturbo-dissociativo-identita\/#article","isPartOf":{"@id":"https:\/\/psiche.santagostino.it\/disturbo-dissociativo-identita\/"},"author":{"name":"giuseppe.martella","@id":"https:\/\/psiche.santagostino.it\/#\/schema\/person\/2799df3a3271317df0314f939d27a43c"},"headline":"Il disturbo dissociativo di identit\u00e0","datePublished":"2024-06-25T09:25:36+00:00","dateModified":"2024-06-27T17:23:46+00:00","mainEntityOfPage":{"@id":"https:\/\/psiche.santagostino.it\/disturbo-dissociativo-identita\/"},"wordCount":1183,"publisher":{"@id":"https:\/\/psiche.santagostino.it\/#organization"},"image":{"@id":"https:\/\/psiche.santagostino.it\/disturbo-dissociativo-identita\/#primaryimage"},"thumbnailUrl":"https:\/\/www.santagostino.it\/magazine-psiche\/wp-content\/uploads\/2022\/04\/disturbo-dissociativo-dellidentita.jpeg","articleSection":["Psichiatria"],"inLanguage":"it-IT"},{"@type":"WebPage","@id":"https:\/\/psiche.santagostino.it\/disturbo-dissociativo-identita\/","url":"https:\/\/psiche.santagostino.it\/disturbo-dissociativo-identita\/","name":"Il disturbo dissociativo di identit\u00e0 - Santagostino Psiche","isPartOf":{"@id":"https:\/\/psiche.santagostino.it\/#website"},"primaryImageOfPage":{"@id":"https:\/\/psiche.santagostino.it\/disturbo-dissociativo-identita\/#primaryimage"},"image":{"@id":"https:\/\/psiche.santagostino.it\/disturbo-dissociativo-identita\/#primaryimage"},"thumbnailUrl":"https:\/\/www.santagostino.it\/magazine-psiche\/wp-content\/uploads\/2022\/04\/disturbo-dissociativo-dellidentita.jpeg","datePublished":"2024-06-25T09:25:36+00:00","dateModified":"2024-06-27T17:23:46+00:00","description":"Il disturbo dissociativo di identit\u00e0 divide il soggetto in pi\u00f9 personalit\u00e0. Lo psicologo ne spiega sintomi, cause, diagnosi e trattamenti.","breadcrumb":{"@id":"https:\/\/psiche.santagostino.it\/disturbo-dissociativo-identita\/#breadcrumb"},"inLanguage":"it-IT","potentialAction":[{"@type":"ReadAction","target":["https:\/\/psiche.santagostino.it\/disturbo-dissociativo-identita\/"]}]},{"@type":"ImageObject","inLanguage":"it-IT","@id":"https:\/\/psiche.santagostino.it\/disturbo-dissociativo-identita\/#primaryimage","url":"https:\/\/www.santagostino.it\/magazine-psiche\/wp-content\/uploads\/2022\/04\/disturbo-dissociativo-dellidentita.jpeg","contentUrl":"https:\/\/www.santagostino.it\/magazine-psiche\/wp-content\/uploads\/2022\/04\/disturbo-dissociativo-dellidentita.jpeg","width":1200,"height":580,"caption":"disturbo dissociativo identit\u00e0 cosa \u00e8 come curarlo"},{"@type":"BreadcrumbList","@id":"https:\/\/psiche.santagostino.it\/disturbo-dissociativo-identita\/#breadcrumb","itemListElement":[{"@type":"ListItem","position":1,"name":"Home","item":"https:\/\/psiche.santagostino.it\/"},{"@type":"ListItem","position":2,"name":"Il disturbo dissociativo di identit\u00e0"}]},{"@type":"WebSite","@id":"https:\/\/psiche.santagostino.it\/#website","url":"https:\/\/psiche.santagostino.it\/","name":"https:\/\/www.santagostino.it\/magazine-psiche","description":"La finestra sulla mente","publisher":{"@id":"https:\/\/psiche.santagostino.it\/#organization"},"alternateName":"Psiche Santagostino","potentialAction":[{"@type":"SearchAction","target":{"@type":"EntryPoint","urlTemplate":"https:\/\/psiche.santagostino.it\/?s={search_term_string}"},"query-input":{"@type":"PropertyValueSpecification","valueRequired":true,"valueName":"search_term_string"}}],"inLanguage":"it-IT"},{"@type":"Organization","@id":"https:\/\/psiche.santagostino.it\/#organization","name":"https:\/\/www.santagostino.it\/magazine-psiche","url":"https:\/\/psiche.santagostino.it\/","logo":{"@type":"ImageObject","inLanguage":"it-IT","@id":"https:\/\/psiche.santagostino.it\/#\/schema\/logo\/image\/","url":"https:\/\/www.santagostino.it\/magazine-psiche\/wp-content\/uploads\/2023\/07\/Santagostino-psiche-logo.png","contentUrl":"https:\/\/www.santagostino.it\/magazine-psiche\/wp-content\/uploads\/2023\/07\/Santagostino-psiche-logo.png","width":430,"height":71,"caption":"https:\/\/www.santagostino.it\/magazine-psiche"},"image":{"@id":"https:\/\/psiche.santagostino.it\/#\/schema\/logo\/image\/"},"sameAs":["https:\/\/www.facebook.com\/santagostinopsiche\/"]},{"@type":"Person","@id":"https:\/\/psiche.santagostino.it\/#\/schema\/person\/2799df3a3271317df0314f939d27a43c","name":"giuseppe.martella","image":{"@type":"ImageObject","inLanguage":"it-IT","@id":"https:\/\/psiche.santagostino.it\/#\/schema\/person\/image\/","url":"https:\/\/secure.gravatar.com\/avatar\/837c5edb4d59ef07ec81cde06f3d3019?s=96&d=mm&r=g","contentUrl":"https:\/\/secure.gravatar.com\/avatar\/837c5edb4d59ef07ec81cde06f3d3019?s=96&d=mm&r=g","caption":"giuseppe.martella"},"url":"https:\/\/www.santagostino.it\/magazine-psiche\/author\/giuseppe-martella\/"}]}},"_links":{"self":[{"href":"https:\/\/www.santagostino.it\/magazine-psiche\/wp-json\/wp\/v2\/posts\/15317","targetHints":{"allow":["GET"]}}],"collection":[{"href":"https:\/\/www.santagostino.it\/magazine-psiche\/wp-json\/wp\/v2\/posts"}],"about":[{"href":"https:\/\/www.santagostino.it\/magazine-psiche\/wp-json\/wp\/v2\/types\/post"}],"author":[{"embeddable":true,"href":"https:\/\/www.santagostino.it\/magazine-psiche\/wp-json\/wp\/v2\/users\/15"}],"replies":[{"embeddable":true,"href":"https:\/\/www.santagostino.it\/magazine-psiche\/wp-json\/wp\/v2\/comments?post=15317"}],"version-history":[{"count":27,"href":"https:\/\/www.santagostino.it\/magazine-psiche\/wp-json\/wp\/v2\/posts\/15317\/revisions"}],"predecessor-version":[{"id":24601,"href":"https:\/\/www.santagostino.it\/magazine-psiche\/wp-json\/wp\/v2\/posts\/15317\/revisions\/24601"}],"wp:featuredmedia":[{"embeddable":true,"href":"https:\/\/www.santagostino.it\/magazine-psiche\/wp-json\/wp\/v2\/media\/15321"}],"wp:attachment":[{"href":"https:\/\/www.santagostino.it\/magazine-psiche\/wp-json\/wp\/v2\/media?parent=15317"}],"wp:term":[{"taxonomy":"category","embeddable":true,"href":"https:\/\/www.santagostino.it\/magazine-psiche\/wp-json\/wp\/v2\/categories?post=15317"},{"taxonomy":"post_tag","embeddable":true,"href":"https:\/\/www.santagostino.it\/magazine-psiche\/wp-json\/wp\/v2\/tags?post=15317"},{"taxonomy":"temi","embeddable":true,"href":"https:\/\/www.santagostino.it\/magazine-psiche\/wp-json\/wp\/v2\/temi?post=15317"},{"taxonomy":"typology","embeddable":true,"href":"https:\/\/www.santagostino.it\/magazine-psiche\/wp-json\/wp\/v2\/typology?post=15317"}],"curies":[{"name":"wp","href":"https:\/\/api.w.org\/{rel}","templated":true}]}}