{"id":15212,"date":"2024-03-06T10:33:11","date_gmt":"2024-03-06T10:33:11","guid":{"rendered":"https:\/\/www.santagostino.it\/magazine-psiche\/?p=15212"},"modified":"2024-05-24T17:39:32","modified_gmt":"2024-05-24T17:39:32","slug":"ansia-da-separazione","status":"publish","type":"post","link":"https:\/\/www.santagostino.it\/magazine-psiche\/ansia-da-separazione\/","title":{"rendered":"Come superare l&#8217;ansia da separazione"},"content":{"rendered":"<p><span style=\"font-weight: 400;\">L&#8217;ansia da separazione \u00e8 un disturbo psicologico che si manifesta con un&#8217;intensa preoccupazione legata all&#8217;idea di essere separati da persone care o ambienti familiari.\u00a0<\/span><\/p>\n<p><span style=\"font-weight: 400;\">\u00c9 comune nei<strong> bambini sotto i 12 anni,<\/strong> ma pu\u00f2 manifestarsi anche in et\u00e0 adulta ad esempio in seguito a una <strong>separazione traumatica<\/strong>.<\/span> Si tratta, in generale, del disturbo d\u2019ansia maggiormente diffuso al di sotto dei 12 anni di et\u00e0, e se non viene<strong> adeguatamente diagnosticato<\/strong> rischia di invalidare la vita del bambino.<\/p>\n<p>In questo articolo, vediamo cos&#8217;\u00e8 l&#8217;ansia da separazione e come superarla.<\/p>\n<p><a class=\"content-cta\" href=\"https:\/\/www.santagostino.it\/it\/psiche\/?utm_source=Psiche&amp;utm_medium=direct&amp;utm_campaign=CTA_Psiche_ansia_da_separazione\"> <img decoding=\"async\" class=\"visible-md\" src=\"\/wp-content\/uploads\/2024\/06\/Rev_04_SanAgostino_banner_desktop_low.gif\" \/><img decoding=\"async\" class=\"hidden-md\" src=\"\/wp-content\/uploads\/2024\/06\/Rev_04_SanAgostino_banner_mobile_low.gif\" \/><\/a><\/p>\n<h2>Cos&#8217;\u00e8 l&#8217;ansia da separazione?<\/h2>\n<p>L&#8217;<strong>ansia da separazione<\/strong> \u00e8 un <a href=\"https:\/\/www.santagostino.it\/magazine-psiche\/ansia\/\"><strong>disturbo d&#8217;ansia<\/strong><\/a> che si verifica quando una persona, solitamente un bambino, <strong>prova disagio o <a href=\"https:\/\/www.santagostino.it\/magazine-psiche\/paura-abbandono\/\">paura<\/a> nel momento di separarsi da una figura di attaccamento primaria,<\/strong> come ad esempio la madre.<\/p>\n<p>L\u2019<strong>ansia da separazione<\/strong> \u00e8 un vissuto perfettamente normale quando parliamo di<strong> bambini<\/strong> di un\u2019et\u00e0 compresa <strong>tra gli 8 mesi e i primi 2 anni di vita<\/strong>. Pu\u00f2 manifestarsi attraverso comportamenti come <strong>pianto, urla, rifiuto di andare a scuola <\/strong>o di <strong>dormire da soli<\/strong>. In questo arco di tempo, infatti, i bambini non hanno ancora sviluppato quello che potremmo definire un senso di permanenza verso le persone e le cose (come ha scritto Selma H. Freiberg nel suo libro sull\u2019et\u00e0 evolutiva intitolato <em>Gli anni magici<\/em>).<\/p>\n<p>Quando, invece,<strong> dopo i 2 anni di vita,<\/strong> il bambino dimostra di avere una<strong><a href=\"https:\/\/www.santagostino.it\/magazine-psiche\/paura\/\"> paura<\/a> intensa, persistente nel tempo, nel perdere la principale figura di riferimento<\/strong>, allora \u00e8 possibile parlare di disturbo d\u2019ansia da separazione.<\/p>\n<h3><strong>Un disturbo che riguarda anche gli adulti<\/strong><\/h3>\n<p>Anche <strong>gli adulti possono essere sopraffatti in modo invalidante dall&#8217;ansia da separazione<\/strong>. Nell\u2019et\u00e0 adulta la morte di una persona cara quale il partner, la perdita di uno dei genitori, cos\u00ec come un trasloco o, in sintesi, un evento che ci allontana da figure di riferimento, tutti questi eventi funzionano da trigger.<\/p>\n<p>In questa circostanza si parla specificatamente di <strong>DASA<\/strong>, ovvero di <strong>ansia da separazione specifica dell\u2019adulto<\/strong>. Si manifesta a qualsiasi et\u00e0 e non \u00e8 necessariamente correlata a un disturbo d\u2019ansia da separazione vissuto durante l\u2019et\u00e0 evolutiva. Non \u00e8 cos\u00ec scontato, purtroppo, riuscire a <a href=\"https:\/\/www.santagostino.it\/magazine-psiche\/2018\/02\/05\/un-lutto-ben-elaborato\/\">elaborare bene un lutto<\/a>.<\/p>\n<h2><b>Come si manifesta l&#8217;ansia da separazione?<\/b><\/h2>\n<p>I <strong>sintomi di un disturbo d\u2019ansia da separazione<\/strong> <strong>nel bambino<\/strong> includono:<\/p>\n<ul>\n<li>persistente <strong>difficolt\u00e0 a separarsi dai genitori<\/strong>\u00a0o dalla propria abitazione<\/li>\n<li>paura ingiustificata e persistente che <strong>qualcosa di grave possa accadere ai propri genitori,<\/strong> o ai caregiver<\/li>\n<li>timore non giustificato per la morte di un parente<\/li>\n<li><strong><a href=\"https:\/\/www.santagostino.it\/magazine-psiche\/incubi\/\">incubi<\/a> ricorrenti,<\/strong> in cui viene vissuta una separazione con il genitore o il caregiver<\/li>\n<li>un <strong>comportamento invadente e \u201cappiccicoso\u201d,<\/strong> una richiesta continua di attenzione.<\/li>\n<\/ul>\n<p>Un bambino che soffre di quest<strong>o <\/strong>disturbo<strong> piange non appena vede allontanarsi la figura di riferimento<\/strong>. \u00c8 possibile assistere a scene intensamente drammatiche, che spesso portano il bambino ad avere <strong>difficolt\u00e0 anche nell\u2019andare a scuola<\/strong>. Non sono esclusi <strong>sintomi fisici<\/strong> come <a href=\"https:\/\/www.santagostino.it\/it\/santagostinopedia\/il-mal-di-testa\">mal di testa<\/a>, oppure <a href=\"https:\/\/www.santagostino.it\/it\/santagostinopedia\/mal-di-pancia-ricorrente-nel-bambino\">mal di pancia<\/a>. Di natura anche <a href=\"https:\/\/www.santagostino.it\/it\/santagostinopedia\/le-malattie-psicosomatiche\">psicosomatica<\/a>.<\/p>\n<p>Nell\u2019<strong>adulto<\/strong> possono manifestarsi <strong>sintomi riconducibili a uno stato d\u2019ansia,<\/strong> quali:<\/p>\n<ul>\n<li><a href=\"https:\/\/www.santagostino.it\/it\/santagostinopedia\/palpitazione\"> palpitazione<\/a><\/li>\n<li><a href=\"https:\/\/www.santagostino.it\/it\/santagostinopedia\/la-chirurgia-per-l-iperidrosi-sudorazione-eccessiva\">sudorazione eccessiva<\/a><\/li>\n<li><a href=\"https:\/\/www.santagostino.it\/it\/santagostinopedia\/tachicardia\">tachicardia<\/a><\/li>\n<li><a href=\"https:\/\/www.santagostino.it\/it\/santagostinopedia\/vomito\">vomito<\/a><\/li>\n<li>mal di testa.<\/li>\n<\/ul>\n<p>Sono contemplati peggioramenti della sintomatologia, che potrebbero determinare anche <a href=\"https:\/\/www.santagostino.it\/magazine-psiche\/2020\/03\/10\/come-gestire-attacco-di-panico\/\"><strong>attacchi di panico<\/strong><\/a>.<\/p>\n<h2>Come si diagnostica?<\/h2>\n<p>I disturbi che abbiamo passato in rassegna non devono essere trascurati. Lo psicologo dell\u2019et\u00e0 evolutiva, nello specifico, insieme all\u2019<strong>anamnesi<\/strong> basa la propria diagnosi proprio sulla <strong>osservazione diretta delle scene di separazione<\/strong>. I comportamenti e i sintomi indicati devono essersi verificati <strong>per almeno 4 settimane<\/strong>, determinando difficolt\u00e0 psichiche e sociali nella vita del bambino.<\/p>\n<p>Esistono, quindi, test che permettono di effettuare una <strong>misura dell\u2019<a href=\"https:\/\/www.santagostino.it\/magazine-psiche\/teoria-attaccamento\/\">attaccamento<\/a><\/strong>. Nel caso di bambini da 1 anno a 5 anni, viene per esempio impiegato il test denominato <strong>Attachment Q-sort<\/strong>. Possiamo indicare anche il <strong>SAT<\/strong>, <strong>Separation Anxiety Test<\/strong>, per valutare il legame tra bambino e figura di attaccamento.<\/p>\n<h2>Quali sono le cause dell&#8217;ansia da separazione?<\/h2>\n<p>Nell\u2019<strong>adulto<\/strong>, gli eventi che pi\u00f9 spesso scatenano l&#8217;ansia da separazione includono:<\/p>\n<ul>\n<li><a href=\"https:\/\/www.santagostino.it\/magazine-psiche\/fasi-del-lutto\/\">lutto<\/a> improvviso o scomparsa di una figura valoriale o di riferimento<\/li>\n<li><a href=\"https:\/\/www.santagostino.it\/magazine-psiche\/cambiare-lavoro\/\">cambio di lavoro<\/a><\/li>\n<li><a href=\"https:\/\/www.santagostino.it\/magazine-psiche\/come-gestire-ansia-trasloco\/\">trasloco<\/a><\/li>\n<li><a href=\"https:\/\/www.santagostino.it\/magazine-psiche\/superare-divorzio\/\">divorzio<\/a>.<\/li>\n<\/ul>\n<p>Nei<strong> bambini<\/strong>, aldil\u00e0 degli eventi traumatici su indicati e compatibili con l\u2019et\u00e0 (perdita di un genitore o di un caregiver, un trasloco patito e non voluto), <strong>non ci sono delle cause note e definitive<\/strong>. Si possono comunque indicare dei <strong>fattori di rischio<\/strong>:<\/p>\n<ul>\n<li>un <strong>temperamento ansioso<\/strong>\u00a0da parte del bambino<\/li>\n<li>uno <strong>stile di attaccamento dipendente<\/strong>, \u201cesaltato\u201d da una forma di <a href=\"https:\/\/www.santagostino.it\/magazine-psiche\/genitori-elicottero\/\">accudimento iperprotettivo<\/a> da parte della figura genitoriale<\/li>\n<li><strong><a href=\"https:\/\/www.santagostino.it\/magazine-psiche\/psicologia-trauma\/\">traumi<\/a> e perdite sub\u00ecte<\/strong> in et\u00e0 infantile.<\/li>\n<\/ul>\n<h2><strong>Quanto dura l&#8217;ansia da separazione?<\/strong><\/h2>\n<p><span style=\"font-weight: 400;\">La <strong>durata dell&#8217;ansia da separazione<\/strong> pu\u00f2 variare e dipende da diversi fattori, tra cui l&#8217;et\u00e0, la personalit\u00e0, le esperienze passate e il sostegno delle persone che si hanno intorno. <\/span><\/p>\n<p><span style=\"font-weight: 400;\">Nei <strong>bambini<\/strong>, come abbiamo detto, l&#8217;ansia da separazione \u00e8 considerata normale tra gli 8 mesi e i 2 anni di et\u00e0. Dopo questo periodo, se persiste per 4 settimane consecutive o<\/span> <b>interferisce significativamente con la vita quotidiana del bambino, <\/b><span style=\"font-weight: 400;\">deve essere considerata un disturbo vero e proprio e non semplicemente una fase di crescita. A questo proposito, \u00e8 bene discuterne con un pediatra o uno <strong><a href=\"https:\/\/www.santagostino.it\/it\/santagostinopedia\/quando-andare-dallo-psicologo-infantile\">psicologo infantile<\/a>.<\/strong> Negli <\/span><b>adulti, <\/b><span style=\"font-weight: 400;\">l&#8217;ansia da separazione tende a durare intorno ai <\/span><b>6 mesi.<\/b><strong><br style=\"font-weight: 400;\" \/><\/strong><\/p>\n<h2><b>Come far passare l&#8217;ansia da separazione?<\/b><\/h2>\n<p>Le opzioni di trattamento per l&#8217;ansia da separazione possono includere una combinazione di interventi terapeutici e farmacologici, nonch\u00e9 l&#8217;adozione di alcune strategie per la gestione dell&#8217;ansia.<\/p>\n<p>La <a href=\"https:\/\/www.santagostino.it\/it\/specialita\/psicologia-psicoterapia-e-psichiatria\"><strong>terapia cognitivo-comportamentale (CBT)<\/strong><\/a> \u00e8 uno dei trattamenti pi\u00f9 efficaci, poich\u00e9 mira a identificare i pensieri negativi e a <strong>modificare le risposte comportamentali associate all&#8217;ansia<\/strong>. La terapia pu\u00f2 essere somministrata individualmente o in gruppo, e pu\u00f2 prevedere la partecipazione dei <strong>genitori<\/strong> o di <strong>altre figure di supporto<\/strong> per aiutare a gestire il problema.<\/p>\n<p>Parte del percorso terapeutico prevede delle <strong>separazioni programmate<\/strong>, cos\u00ec da aiutare il bambino a vivere sia il momento del distacco che l\u2019assenza. \u00c8 raro il ricorso a farmaci, come ad esempio gli <a href=\"https:\/\/www.santagostino.it\/magazine-psiche\/ansiolitici\/\"><strong>ansiolitici<\/strong><\/a>.<\/p>\n<p><a class=\"content-cta\" href=\"https:\/\/www.santagostino.it\/it\/psiche\/?utm_source=Psiche&amp;utm_medium=direct&amp;utm_campaign=CTA_Psiche_ansia_da_separazione\"> <img decoding=\"async\" class=\"visible-md\" src=\"\/wp-content\/uploads\/2024\/06\/Rev_04_SanAgostino_banner_desktop_low.gif\" \/><img decoding=\"async\" class=\"hidden-md\" src=\"\/wp-content\/uploads\/2024\/06\/Rev_04_SanAgostino_banner_mobile_low.gif\" \/><\/a><\/p>\n<h2><strong>Cosa possono fare i genitori?<\/strong><\/h2>\n<p><span style=\"font-weight: 400;\">I genitori dovrebbero <\/span><b>evitare di sacrificare le proprie attivit\u00e0 <\/b><span style=\"font-weight: 400;\">a causa dell&#8217;ansia da separazione del bambino, dal momento che questo potrebbe ostacolare il suo sviluppo e la sua crescita.<\/span><\/p>\n<p><span style=\"font-weight: 400;\">Quando i genitori sono pronti a uscire o a lasciare il bambino presso una ludoteca, possono prendere in considerazione <\/span><b>diverse strategie:<\/b><\/p>\n<ul>\n<li><span style=\"font-weight: 400;\">assicurarsi che chi si prende temporaneamente cura del bambino <strong>sia una <\/strong><\/span><b>figura familiare <\/b>per lui<\/li>\n<li><span style=\"font-weight: 400;\">incoraggiare la persona che si occupa del bambino a<\/span><b> distrarlo con giocattoli, giochi o altre attivit\u00e0 <\/b><span style=\"font-weight: 400;\">quando i genitori si allontanano<\/span><\/li>\n<li><b>limitare la reazione al <a href=\"https:\/\/www.santagostino.it\/magazine-psiche\/perche-piangiamo\/\">pianto<\/a><\/b><span style=\"font-weight: 400;\"> del bambino prima di partire<\/span><\/li>\n<li><b>rimanere tranquilli e rassicuranti<\/b><\/li>\n<li><b>stabilire routine durante le separazioni<\/b><span style=\"font-weight: 400;\"> per aiutare il bambino a sentirsi pi\u00f9 sicuro<\/span><\/li>\n<li><span style=\"font-weight: 400;\">assicurarsi che il bambino abbia <\/span><b>mangiato e riposato<\/b><span style=\"font-weight: 400;\"> prima della separazione, poich\u00e9 l&#8217;ansia da separazione pu\u00f2 aumentare se il bambino \u00e8 affamato o stanco<\/span><\/li>\n<li><span style=\"font-weight: 400;\">se il bambino piange quando un genitore si allontana in un&#8217;altra stanza della casa, <\/span><b>chiamarlo anzich\u00e9 tornare immediatamente per consolarlo. <\/b><span style=\"font-weight: 400;\">In questo modo, il bambino si rende conto della presenza del genitore, anche se non lo vede.<\/span><\/li>\n<\/ul>\n","protected":false},"excerpt":{"rendered":"<p>L\u2019ansia da separazione si manifesta nel momento in cui ci si allontana da una figura di riferimento. \u00c8 normale nei bambini piccoli, e, in alcune situazioni, anche negli adulti. Tuttavia quando persiste oltre una certa et\u00e0 pu\u00f2 diventare un problema pi\u00f9 serio. Vediamo cosa fare.<\/p>\n","protected":false},"author":15,"featured_media":15213,"comment_status":"closed","ping_status":"closed","sticky":false,"template":"","format":"standard","meta":{"footnotes":""},"categories":[1],"tags":[],"temi":[1113,1107],"typology":[3],"class_list":["post-15212","post","type-post","status-publish","format-standard","has-post-thumbnail","hentry","category-psichiatria","temi-bambini","temi-relazioni","typology-text"],"yoast_head":"<!-- This site is optimized with the Yoast SEO Premium plugin v25.3.1 (Yoast SEO v25.3.1) - https:\/\/yoast.com\/wordpress\/plugins\/seo\/ -->\n<title>Come superare l&#039;ansia da separazione - Santagostino Psiche<\/title>\n<meta name=\"description\" content=\"L&#039;ansia da separazione sorge durante l&#039;et\u00e0 evolutiva, ma pu\u00f2 interessare anche gli adulti. Vediamo quali sono le cause e come intervenire?\" \/>\n<meta name=\"robots\" content=\"index, follow, max-snippet:-1, max-image-preview:large, max-video-preview:-1\" \/>\n<link rel=\"canonical\" href=\"https:\/\/psiche.santagostino.it\/ansia-da-separazione\/\" \/>\n<meta name=\"twitter:label1\" content=\"Scritto da\" \/>\n\t<meta name=\"twitter:data1\" content=\"giuseppe.martella\" \/>\n\t<meta name=\"twitter:label2\" content=\"Tempo di lettura stimato\" \/>\n\t<meta name=\"twitter:data2\" content=\"8 minuti\" \/>\n<script type=\"application\/ld+json\" class=\"yoast-schema-graph\">{\"@context\":\"https:\/\/schema.org\",\"@graph\":[{\"@type\":\"Article\",\"@id\":\"https:\/\/psiche.santagostino.it\/ansia-da-separazione\/#article\",\"isPartOf\":{\"@id\":\"https:\/\/psiche.santagostino.it\/ansia-da-separazione\/\"},\"author\":{\"name\":\"giuseppe.martella\",\"@id\":\"https:\/\/psiche.santagostino.it\/#\/schema\/person\/2799df3a3271317df0314f939d27a43c\"},\"headline\":\"Come superare l&#8217;ansia da separazione\",\"datePublished\":\"2024-03-06T10:33:11+00:00\",\"dateModified\":\"2024-05-24T17:39:32+00:00\",\"mainEntityOfPage\":{\"@id\":\"https:\/\/psiche.santagostino.it\/ansia-da-separazione\/\"},\"wordCount\":1153,\"publisher\":{\"@id\":\"https:\/\/psiche.santagostino.it\/#organization\"},\"image\":{\"@id\":\"https:\/\/psiche.santagostino.it\/ansia-da-separazione\/#primaryimage\"},\"thumbnailUrl\":\"https:\/\/www.santagostino.it\/magazine-psiche\/wp-content\/uploads\/2022\/03\/ansia-da-separazione.jpeg\",\"articleSection\":[\"Psichiatria\"],\"inLanguage\":\"it-IT\"},{\"@type\":\"WebPage\",\"@id\":\"https:\/\/psiche.santagostino.it\/ansia-da-separazione\/\",\"url\":\"https:\/\/psiche.santagostino.it\/ansia-da-separazione\/\",\"name\":\"Come superare l'ansia da separazione - Santagostino Psiche\",\"isPartOf\":{\"@id\":\"https:\/\/psiche.santagostino.it\/#website\"},\"primaryImageOfPage\":{\"@id\":\"https:\/\/psiche.santagostino.it\/ansia-da-separazione\/#primaryimage\"},\"image\":{\"@id\":\"https:\/\/psiche.santagostino.it\/ansia-da-separazione\/#primaryimage\"},\"thumbnailUrl\":\"https:\/\/www.santagostino.it\/magazine-psiche\/wp-content\/uploads\/2022\/03\/ansia-da-separazione.jpeg\",\"datePublished\":\"2024-03-06T10:33:11+00:00\",\"dateModified\":\"2024-05-24T17:39:32+00:00\",\"description\":\"L'ansia da separazione sorge durante l'et\u00e0 evolutiva, ma pu\u00f2 interessare anche gli adulti. Vediamo quali sono le cause e come intervenire?\",\"breadcrumb\":{\"@id\":\"https:\/\/psiche.santagostino.it\/ansia-da-separazione\/#breadcrumb\"},\"inLanguage\":\"it-IT\",\"potentialAction\":[{\"@type\":\"ReadAction\",\"target\":[\"https:\/\/psiche.santagostino.it\/ansia-da-separazione\/\"]}]},{\"@type\":\"ImageObject\",\"inLanguage\":\"it-IT\",\"@id\":\"https:\/\/psiche.santagostino.it\/ansia-da-separazione\/#primaryimage\",\"url\":\"https:\/\/www.santagostino.it\/magazine-psiche\/wp-content\/uploads\/2022\/03\/ansia-da-separazione.jpeg\",\"contentUrl\":\"https:\/\/www.santagostino.it\/magazine-psiche\/wp-content\/uploads\/2022\/03\/ansia-da-separazione.jpeg\",\"width\":1200,\"height\":580,\"caption\":\"ansia da separazione cause e terapie\"},{\"@type\":\"BreadcrumbList\",\"@id\":\"https:\/\/psiche.santagostino.it\/ansia-da-separazione\/#breadcrumb\",\"itemListElement\":[{\"@type\":\"ListItem\",\"position\":1,\"name\":\"Home\",\"item\":\"https:\/\/psiche.santagostino.it\/\"},{\"@type\":\"ListItem\",\"position\":2,\"name\":\"Come superare l&#8217;ansia da separazione\"}]},{\"@type\":\"WebSite\",\"@id\":\"https:\/\/psiche.santagostino.it\/#website\",\"url\":\"https:\/\/psiche.santagostino.it\/\",\"name\":\"https:\/\/www.santagostino.it\/magazine-psiche\",\"description\":\"La finestra sulla mente\",\"publisher\":{\"@id\":\"https:\/\/psiche.santagostino.it\/#organization\"},\"alternateName\":\"Psiche Santagostino\",\"potentialAction\":[{\"@type\":\"SearchAction\",\"target\":{\"@type\":\"EntryPoint\",\"urlTemplate\":\"https:\/\/psiche.santagostino.it\/?s={search_term_string}\"},\"query-input\":{\"@type\":\"PropertyValueSpecification\",\"valueRequired\":true,\"valueName\":\"search_term_string\"}}],\"inLanguage\":\"it-IT\"},{\"@type\":\"Organization\",\"@id\":\"https:\/\/psiche.santagostino.it\/#organization\",\"name\":\"https:\/\/www.santagostino.it\/magazine-psiche\",\"url\":\"https:\/\/psiche.santagostino.it\/\",\"logo\":{\"@type\":\"ImageObject\",\"inLanguage\":\"it-IT\",\"@id\":\"https:\/\/psiche.santagostino.it\/#\/schema\/logo\/image\/\",\"url\":\"https:\/\/www.santagostino.it\/magazine-psiche\/wp-content\/uploads\/2023\/07\/Santagostino-psiche-logo.png\",\"contentUrl\":\"https:\/\/www.santagostino.it\/magazine-psiche\/wp-content\/uploads\/2023\/07\/Santagostino-psiche-logo.png\",\"width\":430,\"height\":71,\"caption\":\"https:\/\/www.santagostino.it\/magazine-psiche\"},\"image\":{\"@id\":\"https:\/\/psiche.santagostino.it\/#\/schema\/logo\/image\/\"},\"sameAs\":[\"https:\/\/www.facebook.com\/santagostinopsiche\/\"]},{\"@type\":\"Person\",\"@id\":\"https:\/\/psiche.santagostino.it\/#\/schema\/person\/2799df3a3271317df0314f939d27a43c\",\"name\":\"giuseppe.martella\",\"image\":{\"@type\":\"ImageObject\",\"inLanguage\":\"it-IT\",\"@id\":\"https:\/\/psiche.santagostino.it\/#\/schema\/person\/image\/\",\"url\":\"https:\/\/secure.gravatar.com\/avatar\/837c5edb4d59ef07ec81cde06f3d3019?s=96&d=mm&r=g\",\"contentUrl\":\"https:\/\/secure.gravatar.com\/avatar\/837c5edb4d59ef07ec81cde06f3d3019?s=96&d=mm&r=g\",\"caption\":\"giuseppe.martella\"},\"url\":\"https:\/\/www.santagostino.it\/magazine-psiche\/author\/giuseppe-martella\/\"}]}<\/script>\n<!-- \/ Yoast SEO Premium plugin. -->","yoast_head_json":{"title":"Come superare l'ansia da separazione - Santagostino Psiche","description":"L'ansia da separazione sorge durante l'et\u00e0 evolutiva, ma pu\u00f2 interessare anche gli adulti. Vediamo quali sono le cause e come intervenire?","robots":{"index":"index","follow":"follow","max-snippet":"max-snippet:-1","max-image-preview":"max-image-preview:large","max-video-preview":"max-video-preview:-1"},"canonical":"https:\/\/psiche.santagostino.it\/ansia-da-separazione\/","twitter_misc":{"Scritto da":"giuseppe.martella","Tempo di lettura stimato":"8 minuti"},"schema":{"@context":"https:\/\/schema.org","@graph":[{"@type":"Article","@id":"https:\/\/psiche.santagostino.it\/ansia-da-separazione\/#article","isPartOf":{"@id":"https:\/\/psiche.santagostino.it\/ansia-da-separazione\/"},"author":{"name":"giuseppe.martella","@id":"https:\/\/psiche.santagostino.it\/#\/schema\/person\/2799df3a3271317df0314f939d27a43c"},"headline":"Come superare l&#8217;ansia da separazione","datePublished":"2024-03-06T10:33:11+00:00","dateModified":"2024-05-24T17:39:32+00:00","mainEntityOfPage":{"@id":"https:\/\/psiche.santagostino.it\/ansia-da-separazione\/"},"wordCount":1153,"publisher":{"@id":"https:\/\/psiche.santagostino.it\/#organization"},"image":{"@id":"https:\/\/psiche.santagostino.it\/ansia-da-separazione\/#primaryimage"},"thumbnailUrl":"https:\/\/www.santagostino.it\/magazine-psiche\/wp-content\/uploads\/2022\/03\/ansia-da-separazione.jpeg","articleSection":["Psichiatria"],"inLanguage":"it-IT"},{"@type":"WebPage","@id":"https:\/\/psiche.santagostino.it\/ansia-da-separazione\/","url":"https:\/\/psiche.santagostino.it\/ansia-da-separazione\/","name":"Come superare l'ansia da separazione - Santagostino Psiche","isPartOf":{"@id":"https:\/\/psiche.santagostino.it\/#website"},"primaryImageOfPage":{"@id":"https:\/\/psiche.santagostino.it\/ansia-da-separazione\/#primaryimage"},"image":{"@id":"https:\/\/psiche.santagostino.it\/ansia-da-separazione\/#primaryimage"},"thumbnailUrl":"https:\/\/www.santagostino.it\/magazine-psiche\/wp-content\/uploads\/2022\/03\/ansia-da-separazione.jpeg","datePublished":"2024-03-06T10:33:11+00:00","dateModified":"2024-05-24T17:39:32+00:00","description":"L'ansia da separazione sorge durante l'et\u00e0 evolutiva, ma pu\u00f2 interessare anche gli adulti. Vediamo quali sono le cause e come intervenire?","breadcrumb":{"@id":"https:\/\/psiche.santagostino.it\/ansia-da-separazione\/#breadcrumb"},"inLanguage":"it-IT","potentialAction":[{"@type":"ReadAction","target":["https:\/\/psiche.santagostino.it\/ansia-da-separazione\/"]}]},{"@type":"ImageObject","inLanguage":"it-IT","@id":"https:\/\/psiche.santagostino.it\/ansia-da-separazione\/#primaryimage","url":"https:\/\/www.santagostino.it\/magazine-psiche\/wp-content\/uploads\/2022\/03\/ansia-da-separazione.jpeg","contentUrl":"https:\/\/www.santagostino.it\/magazine-psiche\/wp-content\/uploads\/2022\/03\/ansia-da-separazione.jpeg","width":1200,"height":580,"caption":"ansia da separazione cause e terapie"},{"@type":"BreadcrumbList","@id":"https:\/\/psiche.santagostino.it\/ansia-da-separazione\/#breadcrumb","itemListElement":[{"@type":"ListItem","position":1,"name":"Home","item":"https:\/\/psiche.santagostino.it\/"},{"@type":"ListItem","position":2,"name":"Come superare l&#8217;ansia da separazione"}]},{"@type":"WebSite","@id":"https:\/\/psiche.santagostino.it\/#website","url":"https:\/\/psiche.santagostino.it\/","name":"https:\/\/www.santagostino.it\/magazine-psiche","description":"La finestra sulla mente","publisher":{"@id":"https:\/\/psiche.santagostino.it\/#organization"},"alternateName":"Psiche Santagostino","potentialAction":[{"@type":"SearchAction","target":{"@type":"EntryPoint","urlTemplate":"https:\/\/psiche.santagostino.it\/?s={search_term_string}"},"query-input":{"@type":"PropertyValueSpecification","valueRequired":true,"valueName":"search_term_string"}}],"inLanguage":"it-IT"},{"@type":"Organization","@id":"https:\/\/psiche.santagostino.it\/#organization","name":"https:\/\/www.santagostino.it\/magazine-psiche","url":"https:\/\/psiche.santagostino.it\/","logo":{"@type":"ImageObject","inLanguage":"it-IT","@id":"https:\/\/psiche.santagostino.it\/#\/schema\/logo\/image\/","url":"https:\/\/www.santagostino.it\/magazine-psiche\/wp-content\/uploads\/2023\/07\/Santagostino-psiche-logo.png","contentUrl":"https:\/\/www.santagostino.it\/magazine-psiche\/wp-content\/uploads\/2023\/07\/Santagostino-psiche-logo.png","width":430,"height":71,"caption":"https:\/\/www.santagostino.it\/magazine-psiche"},"image":{"@id":"https:\/\/psiche.santagostino.it\/#\/schema\/logo\/image\/"},"sameAs":["https:\/\/www.facebook.com\/santagostinopsiche\/"]},{"@type":"Person","@id":"https:\/\/psiche.santagostino.it\/#\/schema\/person\/2799df3a3271317df0314f939d27a43c","name":"giuseppe.martella","image":{"@type":"ImageObject","inLanguage":"it-IT","@id":"https:\/\/psiche.santagostino.it\/#\/schema\/person\/image\/","url":"https:\/\/secure.gravatar.com\/avatar\/837c5edb4d59ef07ec81cde06f3d3019?s=96&d=mm&r=g","contentUrl":"https:\/\/secure.gravatar.com\/avatar\/837c5edb4d59ef07ec81cde06f3d3019?s=96&d=mm&r=g","caption":"giuseppe.martella"},"url":"https:\/\/www.santagostino.it\/magazine-psiche\/author\/giuseppe-martella\/"}]}},"_links":{"self":[{"href":"https:\/\/www.santagostino.it\/magazine-psiche\/wp-json\/wp\/v2\/posts\/15212","targetHints":{"allow":["GET"]}}],"collection":[{"href":"https:\/\/www.santagostino.it\/magazine-psiche\/wp-json\/wp\/v2\/posts"}],"about":[{"href":"https:\/\/www.santagostino.it\/magazine-psiche\/wp-json\/wp\/v2\/types\/post"}],"author":[{"embeddable":true,"href":"https:\/\/www.santagostino.it\/magazine-psiche\/wp-json\/wp\/v2\/users\/15"}],"replies":[{"embeddable":true,"href":"https:\/\/www.santagostino.it\/magazine-psiche\/wp-json\/wp\/v2\/comments?post=15212"}],"version-history":[{"count":18,"href":"https:\/\/www.santagostino.it\/magazine-psiche\/wp-json\/wp\/v2\/posts\/15212\/revisions"}],"predecessor-version":[{"id":23055,"href":"https:\/\/www.santagostino.it\/magazine-psiche\/wp-json\/wp\/v2\/posts\/15212\/revisions\/23055"}],"wp:featuredmedia":[{"embeddable":true,"href":"https:\/\/www.santagostino.it\/magazine-psiche\/wp-json\/wp\/v2\/media\/15213"}],"wp:attachment":[{"href":"https:\/\/www.santagostino.it\/magazine-psiche\/wp-json\/wp\/v2\/media?parent=15212"}],"wp:term":[{"taxonomy":"category","embeddable":true,"href":"https:\/\/www.santagostino.it\/magazine-psiche\/wp-json\/wp\/v2\/categories?post=15212"},{"taxonomy":"post_tag","embeddable":true,"href":"https:\/\/www.santagostino.it\/magazine-psiche\/wp-json\/wp\/v2\/tags?post=15212"},{"taxonomy":"temi","embeddable":true,"href":"https:\/\/www.santagostino.it\/magazine-psiche\/wp-json\/wp\/v2\/temi?post=15212"},{"taxonomy":"typology","embeddable":true,"href":"https:\/\/www.santagostino.it\/magazine-psiche\/wp-json\/wp\/v2\/typology?post=15212"}],"curies":[{"name":"wp","href":"https:\/\/api.w.org\/{rel}","templated":true}]}}