{"id":15127,"date":"2025-10-14T09:37:34","date_gmt":"2025-10-14T09:37:34","guid":{"rendered":"https:\/\/www.santagostino.it\/magazine-psiche\/?p=15127"},"modified":"2026-01-14T11:43:29","modified_gmt":"2026-01-14T11:43:29","slug":"bulimia","status":"publish","type":"post","link":"https:\/\/www.santagostino.it\/magazine-psiche\/bulimia\/","title":{"rendered":"Bulimia"},"content":{"rendered":"<p><span style=\"font-weight: 400;\">La bulimia \u00e8 un oscuro demone che<\/span><span style=\"font-weight: 400;\">\u00a0costringe coloro che ne soffrono a un <\/span>circolo vizioso<span style=\"font-weight: 400;\"> di abbuffate e comportamenti compensatori dannosi, con devastanti conseguenze sulla salute mentale e fisica.<\/span><\/p>\n<p><span style=\"font-weight: 400;\">Quali sono le sfide che affrontano le persone che vivono con questo <a href=\"https:\/\/www.santagostino.it\/magazine-psiche\/2020\/08\/03\/disturbi-alimentari-dca\/\">disturbo dell\u2019alimentazione<\/a>?<\/span><\/p>\n<p><span style=\"font-weight: 400;\">In questo articolo, esploreremo la <\/span><b>bulimia<\/b><span style=\"font-weight: 400;\"> in tutta la sua complessit\u00e0, analizzandone le <\/span><b>cause psicologiche e ambientali,<\/b><span style=\"font-weight: 400;\"> le <strong>diverse manifestazioni e gli effetti sul benessere psicofisico<\/strong>, per poi approfondire gli <\/span><b>interventi terapeutici pi\u00f9 efficaci<\/b><span style=\"font-weight: 400;\"> per affrontarla al meglio e costruire una relazione sana e positiva con il cibo e con s\u00e9 stessi.\u00a0<\/span><\/p>\n<p><span style=\"font-weight: 400;\"><style> .psiche-banner-desktop, .psiche-banner-mobile{ width:100%; height:auto; } .psiche-banner-mobile{ display:none; } @media (max-width: 720px) { .psiche-banner-desktop{ display:none; } .psiche-banner-mobile{ display:block; } } <\/style><a class=\"psiche-banner\" data-banner-id=\"25611\" href=\"https:\/\/www.santagostino.it\/it\/psico\/percorso-disturbi-alimentari?utm_source=blog&#038;utm_medium=banner&#038;utm_campaign=Psiche_blog_banner_percorso_dca\"><img width=\"1512\" height=\"578\" src=\"https:\/\/www.santagostino.it\/magazine-psiche\/wp-content\/uploads\/2024\/09\/dca_desktop.png\" class=\"psiche-banner-desktop\" alt=\"percorso disturbi alimentari\" loading=\"lazy\" decoding=\"async\" style=\"width:100%;height:auto;\" \/><img width=\"700\" height=\"1000\" src=\"https:\/\/www.santagostino.it\/magazine-psiche\/wp-content\/uploads\/2024\/09\/dca_mobile.jpg\" class=\"psiche-banner-mobile\" alt=\"percorso disturbi alimentari\" loading=\"lazy\" decoding=\"async\" style=\"width:100%;height:auto;\" \/><\/a><\/span><\/p>\n<h2><b>Che cos&#8217;\u00e8 la bulimia in parole semplici?<\/b><\/h2>\n<p><span style=\"font-weight: 400;\">Il termine &#8220;bulimia&#8221; viene dal greco antico ed \u00e8 composto dalle parole <\/span><i><span style=\"font-weight: 400;\">b\u00f4us<\/span><\/i><span style=\"font-weight: 400;\"> e <\/span><i><span style=\"font-weight: 400;\">lim\u00f3s<\/span><\/i><span style=\"font-weight: 400;\">, &#8216;bue&#8217; e &#8216;fame&#8217;; indica quindi, alla lettera, una fame da bue. Nel concreto, denota una <\/span><b>condotta alimentare in cui grandi abbuffate di cibo si alternano a episodi di<\/b><a href=\"https:\/\/www.santagostino.it\/it\/santagostinopedia\/vomito\"> <b>vomito<\/b><\/a><b> autoindotto<\/b><span style=\"font-weight: 400;\"> o <\/span><b>periodi di depurazione<\/b><span style=\"font-weight: 400;\">. Questi episodi, caratterizzati da<\/span><a href=\"https:\/\/www.santagostino.it\/magazine-psiche\/2022\/11\/09\/senso-di-colpa\/\"> <span style=\"font-weight: 400;\">senso di colpa<\/span><\/a><span style=\"font-weight: 400;\"> ed emozioni negative, servono a \u201cpareggiare\u201d l\u2019eccessiva quantit\u00e0 di cibo ingerito.<\/span><\/p>\n<p><span style=\"font-weight: 400;\">La bulimia, insieme all\u2019<\/span><a href=\"https:\/\/www.santagostino.it\/magazine-psiche\/2022\/03\/24\/anoressia\/\"><span style=\"font-weight: 400;\">anoressia<\/span><\/a><span style=\"font-weight: 400;\">, \u00e8 <\/span><b>tra i disturbi alimentari pi\u00f9 diffusi<\/b><span style=\"font-weight: 400;\">. <\/span><b>L\u2019esordio del disturbo si assesta tra i 15 e i 18 anni<\/b><span style=\"font-weight: 400;\">, due date estremamente delicate e simboliche, che indicano la pubert\u00e0 e l\u2019ingresso nel mondo degli adulti, con tutto il carico di responsabilit\u00e0 e insicurezze che il passaggio comporta.<\/span><\/p>\n<h3><b>L\u2019incidenza in Italia<\/b><\/h3>\n<p>Secondo gli <a href=\"https:\/\/www.infodata.ilsole24ore.com\/2023\/04\/04\/in-tre-anni-i-disturbi-alimentari-sono-piu-che-raddoppiati-specie-fra-i-giovanissimi\/\" target=\"_blank\" rel=\"noopener\">ultimi dati del Ministero della Salute<\/a>, <strong>i disordini alimentari, non solo quindi bulimia, ma anche anoressia e binge eating, hanno raggiunto un numero di diagnosi pari a 1.450.567 unit\u00e0<\/strong>. Un numero pi\u00f9 che raddoppiato rispetto al 2019.<\/p>\n<p>Le persone attualmente in trattamento per un disordine alimentare sono in Italia circa 3.000.000. A essere maggiormente colpite sono persone al di sotto dei 25 anni, con un interessamento delle fasce di et\u00e0 comprese tra i 12 e i 14 anni, nell\u2019ultimo periodo.<\/p>\n<h3>Tipi di bulimia<\/h3>\n<p>I due principali tipi di <strong>bulimia nervosa<\/strong> sono la <strong>forma con condotte di eliminazione<\/strong> e quella <strong>senza condotte di eliminazione<\/strong>.<\/p>\n<div style=\"width: 100%; margin: 20px auto; text-align: center; overflow-x: auto;\">\n<table style=\"width: 100%; max-width: 900px; border-collapse: collapse; margin: 0 auto; background-color: white; border-radius: 8px; overflow: hidden; box-shadow: 0 2px 8px rgba(0,0,0,0.1); display: inline-table; text-align: left; font-family: Arial, sans-serif; font-size: 15px;\">\n<thead>\n<tr style=\"background-color: #0879ab; color: white;\">\n<th style=\"padding: 15px 12px; border: 1px solid #ccc; text-align: left; font-weight: bold;\">Tipo di bulimia<\/th>\n<th style=\"padding: 15px 12px; border: 1px solid #ccc; text-align: left; font-weight: bold;\">Descrizione<\/th>\n<\/tr>\n<\/thead>\n<tbody>\n<tr>\n<td style=\"padding: 12px; border-bottom: 1px solid #e0e0e0;\"><strong>Bulimia purgativa<\/strong><\/td>\n<td style=\"padding: 12px; border-bottom: 1px solid #e0e0e0;\">La persona affetta mette in atto condotte di eliminazione, come vomito, uso di clisteri, lassativi, diuretici o altri farmaci simili per liberarsi del cibo ingerito.<\/td>\n<\/tr>\n<tr style=\"background-color: #f9f9f9;\">\n<td style=\"padding: 12px;\"><strong>Bulimia non purgativa<\/strong><\/td>\n<td style=\"padding: 12px;\">La compensazione avviene attraverso comportamenti non eliminatori, come un\u2019<a href=\"https:\/\/www.santagostino.it\/magazine\/allenarsi-troppo\/\">eccessiva attivit\u00e0 fisica<\/a> o periodi di <a href=\"https:\/\/www.santagostino.it\/magazine\/digiuno\/\">digiuno<\/a> prolungato dopo le abbuffate.<\/td>\n<\/tr>\n<\/tbody>\n<\/table>\n<\/div>\n<p><span style=\"font-weight: 400;\">La <\/span><b>gravit\u00e0 della bulimia <\/b><span style=\"font-weight: 400;\">pu\u00f2 essere<\/span><b> distinta in quattro fasi<\/b><span style=\"font-weight: 400;\">, a seconda del <\/span><b>numero di attivit\u00e0 compensatorie disfunzionali su base settimanale<\/b><span style=\"font-weight: 400;\">:<\/span><\/p>\n<ul>\n<li style=\"font-weight: 400;\" aria-level=\"1\"><b>lieve<\/b><span style=\"font-weight: 400;\">, ovvero fino a 3 episodi<\/span><\/li>\n<li style=\"font-weight: 400;\" aria-level=\"1\"><b>moderata<\/b><span style=\"font-weight: 400;\">, tra i 4 e i 7 episodi<\/span><\/li>\n<li style=\"font-weight: 400;\" aria-level=\"1\"><b>grave<\/b><span style=\"font-weight: 400;\">, fino ai 13 episodi<\/span><\/li>\n<li style=\"font-weight: 400;\" aria-level=\"1\"><b>estrema<\/b><span style=\"font-weight: 400;\">, dai 14 a pi\u00f9 episodi.<\/span><\/li>\n<\/ul>\n<h2><b>Perch\u00e9 si soffre di bulimia?<\/b><\/h2>\n<p><span style=\"font-weight: 400;\">I fattori che concorrono allo sviluppo della bulimia appartengono a sfere diverse della vita, interiore e sociale, di un individuo. Per certo, <\/span><b>la persona che soffre di bulimia ha una percezione distorta dell\u2019immagine del proprio corpo<\/b><span style=\"font-weight: 400;\">, oltre che del proprio peso.<\/span><\/p>\n<p><span style=\"font-weight: 400;\">A questa si associano diversi <\/span><b>fattori di rischio di ordine psicologico<\/b><span style=\"font-weight: 400;\">:<\/span><\/p>\n<ul>\n<li style=\"font-weight: 400;\" aria-level=\"1\"><b>ansia<\/b><span style=\"font-weight: 400;\"> e <\/span><b>depressione<\/b><\/li>\n<li style=\"font-weight: 400;\" aria-level=\"1\"><b>difficolt\u00e0 nella gestione dello stress<\/b><\/li>\n<li style=\"font-weight: 400;\" aria-level=\"1\"><b>scarsa<\/b><a href=\"https:\/\/www.santagostino.it\/magazine-psiche\/2021\/10\/14\/autostima\/\"> <b>autostima<\/b><\/a><\/li>\n<li style=\"font-weight: 400;\" aria-level=\"1\"><span style=\"font-weight: 400;\">inclinazione a soffrire di<\/span><a href=\"https:\/\/www.santagostino.it\/it\/santagostinopedia\/ossessione\"> <span style=\"font-weight: 400;\">ossessioni<\/span><\/a><span style=\"font-weight: 400;\"> o<\/span><a href=\"https:\/\/www.santagostino.it\/it\/santagostinopedia\/le-compulsioni\"> <span style=\"font-weight: 400;\">compulsioni<\/span><\/a><span style=\"font-weight: 400;\">, se non di un vero e proprio<\/span><a href=\"https:\/\/www.santagostino.it\/magazine-psiche\/2019\/05\/09\/disturbo-ossessivo-compulsivo\/\"> <b>disturbo ossessivo compulsivo<\/b><\/a><span style=\"font-weight: 400;\">.<\/span><\/li>\n<\/ul>\n<p><span style=\"font-weight: 400;\">Possono concorrere inoltre<\/span><b> fattori di ordine ambientale<\/b><span style=\"font-weight: 400;\">, ovvero fatti, circostanze o eventi che potrebbero determinare condizionamenti nel vissuto di un individuo:<\/span><\/p>\n<ul>\n<li style=\"font-weight: 400;\" aria-level=\"1\"><span style=\"font-weight: 400;\">l\u2019importanza e il valore dati alla <\/span><b>magrezza<\/b><span style=\"font-weight: 400;\">, equiparata in modo del tutto arbitrario alla <\/span><b>bellezza<\/b><span style=\"font-weight: 400;\"> \u00e8, a detta degli esperti, uno dei fattori ambientali che maggiormente hanno causato il diffondersi dei disturbi alimentari<\/span><\/li>\n<li style=\"font-weight: 400;\" aria-level=\"1\"><b>lavori e attivit\u00e0 sportive<\/b><span style=\"font-weight: 400;\"> che richiedono un fisico notevolmente magro<\/span><\/li>\n<li style=\"font-weight: 400;\" aria-level=\"1\"><span style=\"font-weight: 400;\">lo<\/span><a href=\"https:\/\/www.santagostino.it\/it\/santagostinopedia\/lo-stress\"> <b>stress emotivo<\/b><\/a><span style=\"font-weight: 400;\">, che pu\u00f2 essere causato da molteplici eventi: la perdita di una persona cara o del lavoro, un trasferimento, la<\/span><a href=\"https:\/\/www.santagostino.it\/magazine-psiche\/2023\/03\/30\/fine-relazione\/\"> <span style=\"font-weight: 400;\">fine di una relazione<\/span><\/a><\/li>\n<li style=\"font-weight: 400;\" aria-level=\"1\"><span style=\"font-weight: 400;\">la <\/span><b>pubert\u00e0 e i suoi cambiamenti<\/b><span style=\"font-weight: 400;\"> possono rappresentare per l\u2019<\/span><a href=\"https:\/\/www.santagostino.it\/magazine-psiche\/2019\/06\/03\/adolescenza-linee-guida\/\"><span style=\"font-weight: 400;\">adolescente<\/span><\/a><span style=\"font-weight: 400;\"> una fonte di disagio molto potente<\/span><\/li>\n<li style=\"font-weight: 400;\" aria-level=\"1\"><span style=\"font-weight: 400;\">le <\/span><b>vittime di abusi sessuali e di violenze fisiche<\/b><span style=\"font-weight: 400;\"> sembrano avere maggiori possibilit\u00e0 di sviluppare questa patologia.<\/span><\/li>\n<\/ul>\n<h2><b>Come si comporta una persona bulimica?<\/b><\/h2>\n<p><b>Le abbuffate<\/b><span style=\"font-weight: 400;\"> a cui si abbandona una persona bulimica vengono di solito svolte <\/span><b>in completa solitudine<\/b><span style=\"font-weight: 400;\">. E, al netto di questa estrema e disfunzionale oscillazione tra grande ingestione di cibo e attivit\u00e0 compensatoria, <\/span><b>la persona bulimica tende ad essere normopeso<\/b><span style=\"font-weight: 400;\">, perch\u00e9 spesso \u201csi corregge\u201d seguendo una dieta ferrea.<\/span><\/p>\n<p><span style=\"font-weight: 400;\">Sul piano emotivo, <\/span><b>stati di<\/b><a href=\"https:\/\/www.santagostino.it\/it\/santagostinopedia\/l-ansia\"> <b>ansia<\/b><\/a><span style=\"font-weight: 400;\"> si alternano a <\/span><b>sensazione di vuoto<\/b><span style=\"font-weight: 400;\">, la persona tende ad <\/span><b>autocolpevolizzarsi<\/b><span style=\"font-weight: 400;\"> e il senso di<\/span><a href=\"https:\/\/www.santagostino.it\/magazine-psiche\/2019\/03\/20\/paura-solitudine\/\"> <span style=\"font-weight: 400;\">solitudine<\/span><\/a><span style=\"font-weight: 400;\"> la allontana dal nucleo familiare e dalla cerchia degli affetti. Anche per questa ragione purtroppo a volte \u00e8 difficile, per chi ha a che fare con una persona bulimica, accorgersi di cosa stia realmente accadendo.<\/span><\/p>\n<p><span style=\"font-weight: 400;\">Il cibo, assunto in quantit\u00e0 consistenti, viene utilizzato come strumento per riempire il senso di vuoto e di solitudine. <\/span><b>Si innesta un circolo vizioso<\/b><span style=\"font-weight: 400;\"> per il quale il troppo mangiare determina <a href=\"https:\/\/www.santagostino.it\/magazine-psiche\/vergogna-psicologia\/\">vergogna<\/a>, la vergogna fa chiudere in s\u00e9 la persona, e la solitudine viene colmata con il troppo mangiare.<\/span><\/p>\n<p><span style=\"font-weight: 400;\">Accanto all\u2019ansia, quindi, si corre il rischio di sviluppare forme di<\/span> <b>depressione<\/b><span style=\"font-weight: 400;\">.<\/span><\/p>\n<h3>Cosa mangiano i bulimici?<\/h3>\n<p>Durante le abbuffate, le persone che soffrono di bulimia scelgono spesso <strong>alimenti ricchi di zuccheri e grassi<\/strong>, come dolci, gelati, biscotti, pane, pasta, pizze, patatine, cibo acquistato in fast food o creme spalmabili.<\/p>\n<p>Si tratta di <strong>cibi facilmente reperibili, che possono essere consumati rapidamente e in grande quantit\u00e0<\/strong>. Gli episodi avvengono in un tempo molto breve e sono caratterizzati, come detto, da una perdita totale di controllo: la persona mangia anche quando non ha fame, fino a provare dolore o <a href=\"https:\/\/www.santagostino.it\/magazine\/nausea\/\">nausea<\/a>.<\/p>\n<h2><b>Cosa pu\u00f2 provocare il vomito autoindotto?<\/b><\/h2>\n<p><span style=\"font-weight: 400;\">La persona che ha un comportamento di tipo bulimico soffre di <\/span><b>sintomi e ripercussioni che interessano il suo corpo e che riguardano pi\u00f9 aspetti. <\/b><span style=\"font-weight: 400;\">Il ricorso frequente al vomito autoindotto pu\u00f2 provocare una serie di gravi conseguenze che interessano diverse parti del corpo:<\/span><\/p>\n<ul>\n<li style=\"font-weight: 400;\" aria-level=\"1\"><b>l&#8217;azione logorante dei succhi gastrici sullo smalto dei denti e sulla mucosa della bocca.<\/b><span style=\"font-weight: 400;\"> Questo processo di logoramento pu\u00f2 portare a una perdita permanente dello smalto dentale, in particolare al livello dei denti incisivi, oltre a un aumento della suscettibilit\u00e0 alle<\/span><a href=\"https:\/\/www.santagostino.it\/it\/santagostinopedia\/carie\"> <span style=\"font-weight: 400;\">carie<\/span><\/a><span style=\"font-weight: 400;\">. Possono presentarsi<\/span><b> lacerazioni delle labbra e degli angoli della bocca,<\/b><span style=\"font-weight: 400;\"> risultanti dall&#8217;azione aggressiva dei succhi gastrici<\/span><\/li>\n<li style=\"font-weight: 400;\" aria-level=\"1\"><a href=\"https:\/\/magazine.santagostino.it\/alitosi-cause-rimedi\/\"><b>l&#8217;alito cattivo,<\/b><\/a><span style=\"font-weight: 400;\"> con <\/span><b>ghiandole gonfie<\/b><span style=\"font-weight: 400;\">, compare di frequente a causa delle ripetute<\/span><a href=\"https:\/\/www.santagostino.it\/it\/santagostinopedia\/infiammazione\"> <span style=\"font-weight: 400;\">infiammazioni<\/span><\/a><\/li>\n<li style=\"font-weight: 400;\" aria-level=\"1\"><span style=\"font-weight: 400;\">le condotte di eliminazione associate alla bulimia possono provocare significativi <\/span><b>squilibri elettrolitici, <\/b><span style=\"font-weight: 400;\">in particolare ipopotassiemia,<\/span><a href=\"https:\/\/www.santagostino.it\/it\/santagostinopedia\/iponatriemia\"> <span style=\"font-weight: 400;\">iponatriemia<\/span><\/a><span style=\"font-weight: 400;\"> e ipocloremia (carenza di potassio, sodio, cloro), da cui possono derivare numerosi disturbi.<\/span><a href=\"https:\/\/www.santagostino.it\/it\/santagostinopedia\/febbre\"><span style=\"font-weight: 400;\"> Febbre<\/span><\/a><span style=\"font-weight: 400;\">, disturbi della digestione, alterazioni della pressione sanguigna,<\/span><a href=\"https:\/\/www.santagostino.it\/it\/santagostinopedia\/sincope\"> <span style=\"font-weight: 400;\">svenimenti<\/span><\/a><span style=\"font-weight: 400;\">,<\/span><a href=\"https:\/\/www.santagostino.it\/magazine-psiche\/confusione-mentale\/\"> <span style=\"font-weight: 400;\">confusione<\/span><\/a><span style=\"font-weight: 400;\">,<\/span><a href=\"https:\/\/www.santagostino.it\/it\/santagostinopedia\/palpitazione\"> <span style=\"font-weight: 400;\">palpitazioni<\/span><\/a><span style=\"font-weight: 400;\">,<\/span><a href=\"https:\/\/www.santagostino.it\/it\/santagostinopedia\/convulsioni\"> <span style=\"font-weight: 400;\">convulsioni<\/span><\/a><span style=\"font-weight: 400;\">,<\/span><a href=\"https:\/\/www.santagostino.it\/it\/santagostinopedia\/aritmia\"> <span style=\"font-weight: 400;\">aritmie<\/span><\/a><span style=\"font-weight: 400;\"> fino all&#8217;<\/span><a href=\"https:\/\/www.santagostino.it\/it\/santagostinopedia\/arresto-cardiaco\"><span style=\"font-weight: 400;\">arresto cardiaco<\/span><\/a><\/li>\n<li style=\"font-weight: 400;\" aria-level=\"1\"><span style=\"font-weight: 400;\">la perdita di fluidi corporei pu\u00f2 rendere la<\/span><a href=\"https:\/\/www.santagostino.it\/it\/santagostinopedia\/disidratazione\"> <b>disidratazione<\/b><\/a><span style=\"font-weight: 400;\"> una condizione cronica<\/span><\/li>\n<li style=\"font-weight: 400;\" aria-level=\"1\"><span style=\"font-weight: 400;\">la perdita di acido gastrico attraverso il vomito pu\u00f2 persino causare <\/span><b>alcalosi metabolica <\/b><span style=\"font-weight: 400;\">(eccessiva alcalinit\u00e0 del sangue), prodotta da un aumento del bicarbonato sierico.<\/span><\/li>\n<\/ul>\n<p><span style=\"font-weight: 400;\">Sono altrettante le conseguenze indotte da altri aspetti della bulimia:<\/span><\/p>\n<ul>\n<li style=\"font-weight: 400;\" aria-level=\"1\"><span style=\"font-weight: 400;\">l\u2019intestino pu\u00f2 manifestare <\/span><b>costipazione<\/b><span style=\"font-weight: 400;\"> o<\/span><a href=\"https:\/\/magazine.santagostino.it\/stitichezza-cause-rimedi-e-falsi-miti\/\"> <span style=\"font-weight: 400;\">stitichezza<\/span><\/a><span style=\"font-weight: 400;\">,<\/span><\/li>\n<li style=\"font-weight: 400;\" aria-level=\"1\"><span style=\"font-weight: 400;\">pu\u00f2 verificarsi un&#8217;<\/span><b>acidosi metabolica<\/b><span style=\"font-weight: 400;\"> (aumento dei livelli di acidi nell&#8217;organismo)<\/span><\/li>\n<li style=\"font-weight: 400;\" aria-level=\"1\"><span style=\"font-weight: 400;\">possono insorgere problemi<\/span><b> nella sfera e nel benessere sessuale<\/b><span style=\"font-weight: 400;\">:<\/span><a href=\"https:\/\/www.santagostino.it\/it\/santagostinopedia\/la-disfunzione-erettile-impotenza\"> <span style=\"font-weight: 400;\">disfunzione erettile<\/span><\/a><span style=\"font-weight: 400;\"> per l\u2019uomo e anomalie del<\/span><a href=\"https:\/\/www.santagostino.it\/it\/santagostinopedia\/mestruazioni\"> <span style=\"font-weight: 400;\">ciclo mestruale<\/span><\/a><span style=\"font-weight: 400;\"> nella donna<\/span><\/li>\n<li style=\"font-weight: 400;\" aria-level=\"1\"><span style=\"font-weight: 400;\">la <\/span><b>pelle<\/b><span style=\"font-weight: 400;\"> assume un colore che tende al giallo, oltre ad apparire pi\u00f9 secca<\/span><\/li>\n<li style=\"font-weight: 400;\" aria-level=\"1\"><span style=\"font-weight: 400;\">i <\/span><b>capelli <\/b><span style=\"font-weight: 400;\">tendono ad essere pi\u00f9 fragili.<\/span><\/li>\n<\/ul>\n<p><span style=\"font-weight: 400;\">La severit\u00e0 delle conseguenze \u00e8 direttamente correlata alla <\/span><b>gravit\u00e0 della bulimia.<\/b><\/p>\n<h3><b>Bulimia e iperfagia<\/b><\/h3>\n<p><span style=\"font-weight: 400;\">\u00c8 importante tuttavia distinguere la bulimia da un altro disturbo molto simile ma differente: <\/span><b>l&#8217;iperfagia o<\/b><a href=\"https:\/\/www.santagostino.it\/magazine-psiche\/2018\/05\/02\/binge-eating-disorder-abbuffate-significato\/\"> <b>binge-eating desorder<\/b><\/a><b>.<\/b><span style=\"font-weight: 400;\"> Come i pazienti bulimici, le persone affette da iperfagia vivono momenti in cui perdono il controllo sulla quantit\u00e0 di cibo che ingeriscono e riescono a consumarne grandi quantit\u00e0 anche in brevissimi periodi di tempo, spesso in <\/span><b>modo frenetico<\/b><span style=\"font-weight: 400;\"> e senza provare una vera e propria soddisfazione. Durante gli episodi di abbuffata, possono provare una sensazione di <\/span><b>sfogo temporaneo<\/b><span style=\"font-weight: 400;\"> o di <\/span><b>comfort emotivo<\/b>.<\/p>\n<p><span style=\"font-weight: 400;\">A differenza della bulimia nervosa, per\u00f2, nel<\/span><b> binge eating non vi \u00e8 il ricorso a comportamenti compensatori<\/b><span style=\"font-weight: 400;\"> per cercare di eliminare le calorie assunte durante le abbuffate. L<strong>&#8216;iperfagia non \u00e8 associata infatti a una preoccupazione eccessiva per il peso corporeo e la forma fisica<\/strong>, e comporta dunque un aumento di peso.<\/span><\/p>\n<p><span style=\"font-weight: 400;\">Come la bulimia, anche l&#8217;iperfagia pu\u00f2 avere gravi conseguenze sulla salute fisica e<\/span><a href=\"https:\/\/www.santagostino.it\/magazine-psiche\/salute-mentale\/\"> <span style=\"font-weight: 400;\">mentale<\/span><\/a><span style=\"font-weight: 400;\"> delle persone coinvolte. Pu\u00f2 portare a <\/span><b>problemi di peso e<\/b><a href=\"https:\/\/www.santagostino.it\/it\/santagostinopedia\/obesita-cause-e-cure\"> <b>obesit\u00e0<\/b><\/a><b>,<\/b><span style=\"font-weight: 400;\"> con tutte le patologie correlate, ma anche a problemi psicologici come<\/span> <a href=\"https:\/\/www.santagostino.it\/it\/santagostinopedia\/la-depressione\"><b>depressione<\/b><\/a><b>, <a href=\"https:\/\/www.santagostino.it\/magazine-psiche\/ansia\/\">ansia<\/a> e<\/b><a href=\"https:\/\/www.santagostino.it\/magazine-psiche\/2020\/06\/03\/ritiro-sociale\/\"> <b>isolamento sociale<\/b><\/a><b>.<\/b><\/p>\n<h3>Differenza tra bulimia e anoressia<\/h3>\n<p>La <strong>bulimia nervosa<\/strong> e l\u2019<strong>anoressia nervosa<\/strong> sono entrambe patologie del comportamento alimentare, ma si manifestano in modo opposto. Nella bulimia, come si sta vedendo, la persona vive <strong>episodi ricorrenti di abbuffate<\/strong>, seguiti da condotte compensatorie per evitare l\u2019aumento di peso, come vomito, uso di lassativi o esercizio fisico eccessivo.<\/p>\n<p>Nell\u2019anoressia, invece, prevale un <strong>controllo estremo sull\u2019alimentazione<\/strong>, con una restrizione calorica severa dovuta alla paura intensa di ingrassare e ad una <a href=\"https:\/\/www.santagostino.it\/magazine-psiche\/dismorfofobia\/\">percezione distorta della propria immagine corporea<\/a>. Mentre nella bulimia il peso corporeo pu\u00f2 rimanere nella norma, nell\u2019anoressia si verifica un <strong>calo ponderale significativo<\/strong> che mette a rischio la salute fisica e psicologica. Entrambe richiedono un trattamento multidisciplinare che includa <strong>supporto medico, nutrizionale e psicoterapeutico<\/strong>.<\/p>\n<h2><b>Come capire se si soffre di bulimia?<\/b><\/h2>\n<p><span style=\"font-weight: 400;\">Il<\/span><a href=\"https:\/\/www.santagostino.it\/magazine-psiche\/dsm5\"> <b>DSM-5<\/b><\/a><span style=\"font-weight: 400;\"> (Manuale diagnostico e statistico dei disturbi mentali, giunto alla quinta edizione rivisitata) fornisce dei <\/span><b>criteri clinici<\/b> <b>per una<\/b> <b>diagnosi di bulimia nervosa<\/b><span style=\"font-weight: 400;\">:<\/span><\/p>\n<ul>\n<li style=\"font-weight: 400;\" aria-level=\"1\"><span style=\"font-weight: 400;\">il soggetto, per tre mesi e per almeno una volta alla settimana, deve avere <\/span><b>episodi in cui indulge ad abbuffate di cibo<\/b><span style=\"font-weight: 400;\">. Questi episodi si caratterizzano per la sensazione di perdere il controllo sulla propria alimentazione<\/span><\/li>\n<li style=\"font-weight: 400;\" aria-level=\"1\"><span style=\"font-weight: 400;\">come per compensazione, il soggetto ricorre a <\/span><b>comportamenti del tutto inadeguati<\/b><span style=\"font-weight: 400;\"> per rimediare alle abbuffate di cibo. Questa compensazione viene definita <\/span><b>spurgo bulimico<\/b><\/li>\n<li style=\"font-weight: 400;\" aria-level=\"1\"><span style=\"font-weight: 400;\">il soggetto, infine, valuta s\u00e9 stesso in modo improprio solo per il proprio peso e le forme, esprimendo <\/span><b>eccessive preoccupazioni per il peso<\/b><span style=\"font-weight: 400;\">.<\/span><\/li>\n<\/ul>\n<p><span style=\"font-weight: 400;\">Una <\/span><b>diagnosi spetta comunque a un professionista<\/b><span style=\"font-weight: 400;\">: uno <a href=\"https:\/\/www.santagostino.it\/magazine-psiche\/psicologo-cosa-fa\/\">psicologo<\/a>, uno psichiatra, senza escludere figure quali <\/span><b>medici esperti nei disturbi del comportamento alimentare<\/b><span style=\"font-weight: 400;\"> e <\/span><b>dietologi<\/b><span style=\"font-weight: 400;\">.<\/span><\/p>\n<p><span style=\"font-weight: 400;\">Il professionista parte da un <\/span><b>esame obiettivo<\/b><span style=\"font-weight: 400;\">, nel quale ha modo di calcolare l\u2019<\/span><b>indice di massa corporea<\/b><span style=\"font-weight: 400;\">, osserva l\u2019<\/span><b>aspetto di capelli e pelle<\/b><span style=\"font-weight: 400;\">, valuta il <\/span><b>ritmo cardiaco<\/b><span style=\"font-weight: 400;\">, il <\/span><b>tono muscolare<\/b><span style=\"font-weight: 400;\">. Per poi dedicarsi a una indagine sulle <\/span><b>condizioni della dentatura e del cavo orale<\/b><span style=\"font-weight: 400;\">.<\/span><\/p>\n<p><span style=\"font-weight: 400;\">Completano la diagnosi le <\/span><a href=\"https:\/\/www.santagostino.it\/it\/specialita\/esami-laboratorio\"><b>analisi di laboratorio<\/b><\/a><span style=\"font-weight: 400;\">, un<\/span><a href=\"https:\/\/www.santagostino.it\/it\/santagostinopedia\/emocromo\"> <b>emocromo<\/b><\/a><span style=\"font-weight: 400;\"> e il livello degli <\/span><b>elettroliti<\/b><span style=\"font-weight: 400;\">.<\/span><\/p>\n<h2><b>Quale approccio terapeutico adottare?<\/b><\/h2>\n<p><span style=\"font-weight: 400;\">Indipendentemente dall\u2019approccio terapeutico scelto, l\u2019obiettivo per il paziente consiste nel <\/span><b>recuperare un rapporto sano e funzionale con il cibo<\/b><span style=\"font-weight: 400;\">, <\/span><b>lavorando sulle cause e sui fattori <\/b><span style=\"font-weight: 400;\">a monte del disturbo alimentare.<\/span><\/p>\n<p><span style=\"font-weight: 400;\">Uno strumento essenziale \u00e8 la<\/span><a href=\"https:\/\/www.santagostino.it\/magazine-psiche\/psicoterapia\/\"> <b>psicoterapia<\/b><\/a><span style=\"font-weight: 400;\">, che pu\u00f2 seguire diversi indirizzi.<\/span><\/p>\n<div style=\"width: 100%; margin: 20px auto; text-align: center; overflow-x: auto;\">\n<table style=\"width: 100%; max-width: 900px; border-collapse: collapse; margin: 0 auto; background-color: white; border-radius: 8px; overflow: hidden; box-shadow: 0 2px 8px rgba(0,0,0,0.1); display: inline-table; text-align: left; font-family: Arial, sans-serif; font-size: 15px;\">\n<thead>\n<tr style=\"background-color: #0879ab; color: white;\">\n<th style=\"padding: 15px 12px; border: 1px solid #ccc; text-align: left; font-weight: bold;\">Tipo di terapia<\/th>\n<th style=\"padding: 15px 12px; border: 1px solid #ccc; text-align: left; font-weight: bold;\">Descrizione<\/th>\n<\/tr>\n<\/thead>\n<tbody>\n<tr>\n<td style=\"padding: 12px; border-bottom: 1px solid #e0e0e0;\"><a href=\"https:\/\/www.santagostino.it\/magazine-psiche\/terapia-cognitivo-comportamentale\/\"><strong>Terapia cognitivo-comportamentale<\/strong><\/a><\/td>\n<td style=\"padding: 12px; border-bottom: 1px solid #e0e0e0;\">Aiuta il paziente a riconoscere e lavorare sui propri pensieri distorti, sviluppando tecniche per disinnescarli e gestire in modo pi\u00f9 equilibrato emozioni e comportamenti legati al cibo.<\/td>\n<\/tr>\n<tr style=\"background-color: #f9f9f9;\">\n<td style=\"padding: 12px; border-bottom: 1px solid #e0e0e0;\"><a href=\"https:\/\/www.santagostino.it\/magazine-psiche\/terapia-familiare\/\"><strong>Terapia familiare<\/strong><\/a><\/td>\n<td style=\"padding: 12px; border-bottom: 1px solid #e0e0e0;\">Indicata per i pazienti pi\u00f9 giovani, coinvolge il nucleo familiare nel percorso terapeutico, migliorando la comunicazione e riducendo le dinamiche disfunzionali che possono alimentare il disturbo.<\/td>\n<\/tr>\n<tr>\n<td style=\"padding: 12px; border-bottom: 1px solid #e0e0e0;\"><a href=\"https:\/\/www.santagostino.it\/magazine-psiche\/terapia-metacognitiva\/\"><strong>Terapia interpersonale<\/strong><\/a><\/td>\n<td style=\"padding: 12px; border-bottom: 1px solid #e0e0e0;\">Estende la sfera terapeutica all\u2019ambiente relazionale del paziente, analizzando come le relazioni interpersonali abbiano inciso sull\u2019esordio o sul mantenimento della patologia.<\/td>\n<\/tr>\n<tr style=\"background-color: #f9f9f9;\">\n<td style=\"padding: 12px;\"><a href=\"https:\/\/www.santagostino.it\/magazine-psiche\/psicodinamica\/\"><strong>Terapia psicodinamica<\/strong><\/a><\/td>\n<td style=\"padding: 12px;\">Analizza le esperienze dolorose dell\u2019infanzia e interpreta le emozioni del paziente, individuando i meccanismi di difesa come scissione e proiezione. Il paziente tende a dividere i cibi in \u201cnutritivi\u201d (buoni, trattenuti) e \u201cnon sani\u201d (cattivi, espulsi). Il vomito diventa cos\u00ec simbolo dell\u2019espulsione delle parti percepite come negative, generando un temporaneo senso di sollievo seguito da malessere e colpa.<\/td>\n<\/tr>\n<\/tbody>\n<\/table>\n<\/div>\n<p><span style=\"font-weight: 400;\">Il secondo strumento terapeutico \u00e8 dato dagli<\/span><a href=\"https:\/\/www.santagostino.it\/magazine-psiche\/antidepressivi\/\"> <b>antidepressivi<\/b><\/a><span style=\"font-weight: 400;\">. Gli <\/span><b>inibitori selettivi della ricaptazione della<\/b><a href=\"https:\/\/www.santagostino.it\/magazine-psiche\/2023\/07\/24\/serotonina\/\"> <b>serotonina<\/b><\/a><span style=\"font-weight: 400;\"> (<\/span><a href=\"https:\/\/www.santagostino.it\/magazine-psiche\/ssri\/\"><b>SSRI<\/b><\/a><span style=\"font-weight: 400;\">) sembrano dare un valido contributo per tornare alla normalit\u00e0. Bisogna considerare che i loro effetti arrivano dopo giorni, se non settimane, dalla prima assunzione, e che il <\/span><b>dosaggio \u00e8 un fattore fondamentale<\/b><span style=\"font-weight: 400;\"> per la loro efficacia.<\/span><\/p>\n<p><span style=\"font-weight: 400;\">Un terzo importante momento del percorso di ripresa \u00e8 rappresentato dalla <\/span><b>riabilitazione alimentare<\/b><span style=\"font-weight: 400;\">, che permette di <\/span><b>ritrovare un<\/b><a href=\"https:\/\/www.santagostino.it\/it\/santagostinopedia\/alimentazione-consapevole\"> <b>rapporto sano con l\u2019alimentazione<\/b><\/a><span style=\"font-weight: 400;\">.<\/span><\/p>\n<h2><b>Cosa non dire a chi soffre di bulimia<\/b><\/h2>\n<p><span style=\"font-weight: 400;\">Quando si parla con qualcuno che soffre di bulimia, \u00e8 importante essere <\/span><b>sensibili, comprensivi<\/b><span style=\"font-weight: 400;\"> e consapevoli delle parole che si usano. Ecco quindi una lista di commenti o <\/span><b>affermazioni da non dire<\/b><span style=\"font-weight: 400;\"> a chi soffre di bulimia per creare un ambiente di supporto e comprensione:<\/span><\/p>\n<ul>\n<li style=\"font-weight: 400;\" aria-level=\"1\"><b>&#8220;mangia di pi\u00f9&#8221; o &#8220;mangia meno&#8221;:<\/b><span style=\"font-weight: 400;\"> dare consigli sulla quantit\u00e0 di cibo che la persona dovrebbe consumare pu\u00f2 essere molto dannoso e alimentare il senso di colpa o di vergogna<\/span><\/li>\n<li style=\"font-weight: 400;\" aria-level=\"1\"><b>&#8220;perch\u00e9 non provi una dieta?&#8221;<\/b><span style=\"font-weight: 400;\"> o <\/span><b>&#8220;dovresti perdere peso&#8221;<\/b><span style=\"font-weight: 400;\">: incoraggiare una persona con bulimia a seguire una dieta pu\u00f2 peggiorare il suo rapporto con il cibo, creando ulteriori danni per la sua salute<\/span><\/li>\n<li style=\"font-weight: 400;\" aria-level=\"1\"><b>&#8220;basta smettere di vomitare&#8221;<\/b><span style=\"font-weight: 400;\">: la bulimia \u00e8 un disturbo complesso e smettere di vomitare non \u00e8 semplice come prendere una decisione. La bulimia \u00e8 spesso legata a questioni psicologiche profonde<\/span><\/li>\n<li style=\"font-weight: 400;\" aria-level=\"1\"><b>&#8220;sei egoista&#8221;<\/b><span style=\"font-weight: 400;\"> o <\/span><b>&#8220;non vuoi guarire&#8221;<\/b><span style=\"font-weight: 400;\">: la bulimia \u00e8 una malattia seria e invalidante, e la persona che ne soffre sta affrontando una lotta interna. Mostrare<\/span><a href=\"https:\/\/www.santagostino.it\/magazine-psiche\/2018\/05\/24\/empatia\/\"> <span style=\"font-weight: 400;\">empatia<\/span><\/a><span style=\"font-weight: 400;\"> e sostegno invece che accusarla aiuter\u00e0 il processo di guarigione<\/span><\/li>\n<li style=\"font-weight: 400;\" aria-level=\"1\"><b>&#8220;lo fai solo per attirare l&#8217;attenzione&#8221;<\/b><span style=\"font-weight: 400;\">: non bisogna sottovalutare la gravit\u00e0 della bulimia attribuendola a un desiderio di attenzione<\/span><\/li>\n<li style=\"font-weight: 400;\" aria-level=\"1\"><b>&#8220;smetti di pensare al cibo&#8221;<\/b><span style=\"font-weight: 400;\">: semplici affermazioni come questa possono essere inutili e frustranti per chi lotta con la bulimia. Incoraggiare la persona a cercare aiuto professionale per affrontare le cause sottostanti del disturbo \u00e8 molto pi\u00f9 utile<\/span><\/li>\n<li style=\"font-weight: 400;\" aria-level=\"1\"><b>&#8220;devi solo essere pi\u00f9 forte&#8221;<\/b><span style=\"font-weight: 400;\">: la bulimia non \u00e8 una questione di mancanza di forza o volont\u00e0, \u00e8 una malattia complessa che richiede un trattamento adeguato e un sostegno emotivo.<\/span><\/li>\n<\/ul>\n<p><span style=\"font-weight: 400;\"><style> .psiche-banner-desktop, .psiche-banner-mobile{ width:100%; height:auto; } .psiche-banner-mobile{ display:none; } @media (max-width: 720px) { .psiche-banner-desktop{ display:none; } .psiche-banner-mobile{ display:block; } } <\/style><a class=\"psiche-banner\" data-banner-id=\"25611\" href=\"https:\/\/www.santagostino.it\/it\/psico\/percorso-disturbi-alimentari?utm_source=blog&#038;utm_medium=banner&#038;utm_campaign=Psiche_blog_banner_percorso_dca\"><img width=\"1512\" height=\"578\" src=\"https:\/\/www.santagostino.it\/magazine-psiche\/wp-content\/uploads\/2024\/09\/dca_desktop.png\" class=\"psiche-banner-desktop\" alt=\"percorso disturbi alimentari\" loading=\"lazy\" decoding=\"async\" style=\"width:100%;height:auto;\" \/><img width=\"700\" height=\"1000\" src=\"https:\/\/www.santagostino.it\/magazine-psiche\/wp-content\/uploads\/2024\/09\/dca_mobile.jpg\" class=\"psiche-banner-mobile\" alt=\"percorso disturbi alimentari\" loading=\"lazy\" decoding=\"async\" style=\"width:100%;height:auto;\" \/><\/a><\/span><\/p>\n<h2><b>Prognosi<\/b><\/h2>\n<p><span style=\"font-weight: 400;\">Il percorso di ripresa, nei casi di patologie come la bulimia, non \u00e8 semplice n\u00e9 lineare. Con questa consapevolezza, in ogni caso <\/span><b>la bulimia pu\u00f2 avere una prognosi favorevole e positiva<\/b><span style=\"font-weight: 400;\">. Tendenzialmente, <\/span><b>il periodo dei 10 anni<\/b><span style=\"font-weight: 400;\"> dalla diagnosi \u00e8 <\/span><b>una data discriminante<\/b><span style=\"font-weight: 400;\">.<\/span><\/p>\n<p><span style=\"font-weight: 400;\">Entro questo arco di tempo infatti, precisamente <\/span><b>fino ai 9 anni<\/b><span style=\"font-weight: 400;\">, il <\/span><b>tasso di guarigione si assesta intorno al 68%<\/b><span style=\"font-weight: 400;\">. Si tratta di una percentuale estremamente incoraggiante, ma ci\u00f2 vuol dire anche che circa un terzo delle persone che soffrono di bulimia tende ad avere delle ricadute.<\/span><\/p>\n<p>&nbsp;<\/p>\n<p><span style=\"font-weight: 400;\">Sfondo foto creata da<\/span><a href=\"https:\/\/it.freepik.com\/foto\/sfondo\"> <span style=\"font-weight: 400;\">rawpixel.com<\/span><\/a><\/p>\n","protected":false},"excerpt":{"rendered":"<p>Si tratta di una condizione che interessa un numero elevato di individui, non solo giovani, attualmente pu\u00f2 essere contrastata e sconfitta, con la giusta diagnosi e i trattamenti opportuni.<\/p>\n","protected":false},"author":15,"featured_media":15128,"comment_status":"closed","ping_status":"closed","sticky":false,"template":"","format":"standard","meta":{"footnotes":""},"categories":[1],"tags":[],"temi":[1114,1110],"typology":[3],"class_list":["post-15127","post","type-post","status-publish","format-standard","has-post-thumbnail","hentry","category-psichiatria","percorsi-dca","temi-adolescenti","temi-patologie-e-disturbi","typology-text"],"yoast_head":"<!-- This site is optimized with the Yoast SEO Premium plugin v26.5 (Yoast SEO v26.5) - https:\/\/yoast.com\/wordpress\/plugins\/seo\/ -->\n<title>Bulimia - Santagostino Psiche<\/title>\n<meta name=\"description\" content=\"La bulimia \u00e8 un disturbo alimentare diffuso. Ecco quali sono le possibili cause, le terapie a disposizione e la prognosi, ora favorevole.\" \/>\n<meta name=\"robots\" content=\"index, follow, max-snippet:-1, max-image-preview:large, max-video-preview:-1\" \/>\n<link rel=\"canonical\" href=\"https:\/\/www.santagostino.it\/magazine-psiche\/bulimia\/\" \/>\n<meta name=\"twitter:label1\" content=\"Scritto da\" \/>\n\t<meta name=\"twitter:data1\" content=\"giuseppe.martella\" \/>\n\t<meta name=\"twitter:label2\" content=\"Tempo di lettura stimato\" \/>\n\t<meta name=\"twitter:data2\" content=\"13 minuti\" \/>\n<script type=\"application\/ld+json\" class=\"yoast-schema-graph\">{\"@context\":\"https:\/\/schema.org\",\"@graph\":[{\"@type\":\"Article\",\"@id\":\"https:\/\/www.santagostino.it\/magazine-psiche\/bulimia\/#article\",\"isPartOf\":{\"@id\":\"https:\/\/www.santagostino.it\/magazine-psiche\/bulimia\/\"},\"author\":{\"name\":\"giuseppe.martella\",\"@id\":\"https:\/\/psiche.santagostino.it\/#\/schema\/person\/2799df3a3271317df0314f939d27a43c\"},\"headline\":\"Bulimia\",\"datePublished\":\"2025-10-14T09:37:34+00:00\",\"dateModified\":\"2026-01-14T11:43:29+00:00\",\"mainEntityOfPage\":{\"@id\":\"https:\/\/www.santagostino.it\/magazine-psiche\/bulimia\/\"},\"wordCount\":2295,\"publisher\":{\"@id\":\"https:\/\/psiche.santagostino.it\/#organization\"},\"image\":{\"@id\":\"https:\/\/www.santagostino.it\/magazine-psiche\/bulimia\/#primaryimage\"},\"thumbnailUrl\":\"https:\/\/www.santagostino.it\/magazine-psiche\/wp-content\/uploads\/2022\/03\/bulimia-come-intervenire-per-sconfiggerla.jpeg\",\"articleSection\":[\"Psichiatria\"],\"inLanguage\":\"it-IT\"},{\"@type\":\"WebPage\",\"@id\":\"https:\/\/www.santagostino.it\/magazine-psiche\/bulimia\/\",\"url\":\"https:\/\/www.santagostino.it\/magazine-psiche\/bulimia\/\",\"name\":\"Bulimia - Santagostino Psiche\",\"isPartOf\":{\"@id\":\"https:\/\/psiche.santagostino.it\/#website\"},\"primaryImageOfPage\":{\"@id\":\"https:\/\/www.santagostino.it\/magazine-psiche\/bulimia\/#primaryimage\"},\"image\":{\"@id\":\"https:\/\/www.santagostino.it\/magazine-psiche\/bulimia\/#primaryimage\"},\"thumbnailUrl\":\"https:\/\/www.santagostino.it\/magazine-psiche\/wp-content\/uploads\/2022\/03\/bulimia-come-intervenire-per-sconfiggerla.jpeg\",\"datePublished\":\"2025-10-14T09:37:34+00:00\",\"dateModified\":\"2026-01-14T11:43:29+00:00\",\"description\":\"La bulimia \u00e8 un disturbo alimentare diffuso. Ecco quali sono le possibili cause, le terapie a disposizione e la prognosi, ora favorevole.\",\"breadcrumb\":{\"@id\":\"https:\/\/www.santagostino.it\/magazine-psiche\/bulimia\/#breadcrumb\"},\"inLanguage\":\"it-IT\",\"potentialAction\":[{\"@type\":\"ReadAction\",\"target\":[\"https:\/\/www.santagostino.it\/magazine-psiche\/bulimia\/\"]}]},{\"@type\":\"ImageObject\",\"inLanguage\":\"it-IT\",\"@id\":\"https:\/\/www.santagostino.it\/magazine-psiche\/bulimia\/#primaryimage\",\"url\":\"https:\/\/www.santagostino.it\/magazine-psiche\/wp-content\/uploads\/2022\/03\/bulimia-come-intervenire-per-sconfiggerla.jpeg\",\"contentUrl\":\"https:\/\/www.santagostino.it\/magazine-psiche\/wp-content\/uploads\/2022\/03\/bulimia-come-intervenire-per-sconfiggerla.jpeg\",\"width\":1200,\"height\":580,\"caption\":\"bulimia cause e terapie\"},{\"@type\":\"BreadcrumbList\",\"@id\":\"https:\/\/www.santagostino.it\/magazine-psiche\/bulimia\/#breadcrumb\",\"itemListElement\":[{\"@type\":\"ListItem\",\"position\":1,\"name\":\"Home\",\"item\":\"https:\/\/psiche.santagostino.it\/\"},{\"@type\":\"ListItem\",\"position\":2,\"name\":\"Bulimia\"}]},{\"@type\":\"WebSite\",\"@id\":\"https:\/\/psiche.santagostino.it\/#website\",\"url\":\"https:\/\/psiche.santagostino.it\/\",\"name\":\"https:\/\/www.santagostino.it\/magazine-psiche\",\"description\":\"La finestra sulla mente\",\"publisher\":{\"@id\":\"https:\/\/psiche.santagostino.it\/#organization\"},\"alternateName\":\"Psiche Santagostino\",\"potentialAction\":[{\"@type\":\"SearchAction\",\"target\":{\"@type\":\"EntryPoint\",\"urlTemplate\":\"https:\/\/psiche.santagostino.it\/?s={search_term_string}\"},\"query-input\":{\"@type\":\"PropertyValueSpecification\",\"valueRequired\":true,\"valueName\":\"search_term_string\"}}],\"inLanguage\":\"it-IT\"},{\"@type\":\"Organization\",\"@id\":\"https:\/\/psiche.santagostino.it\/#organization\",\"name\":\"https:\/\/www.santagostino.it\/magazine-psiche\",\"url\":\"https:\/\/psiche.santagostino.it\/\",\"logo\":{\"@type\":\"ImageObject\",\"inLanguage\":\"it-IT\",\"@id\":\"https:\/\/psiche.santagostino.it\/#\/schema\/logo\/image\/\",\"url\":\"https:\/\/www.santagostino.it\/magazine-psiche\/wp-content\/uploads\/2023\/07\/Santagostino-psiche-logo.png\",\"contentUrl\":\"https:\/\/www.santagostino.it\/magazine-psiche\/wp-content\/uploads\/2023\/07\/Santagostino-psiche-logo.png\",\"width\":430,\"height\":71,\"caption\":\"https:\/\/www.santagostino.it\/magazine-psiche\"},\"image\":{\"@id\":\"https:\/\/psiche.santagostino.it\/#\/schema\/logo\/image\/\"},\"sameAs\":[\"https:\/\/www.facebook.com\/santagostinopsiche\/\"]},{\"@type\":\"Person\",\"@id\":\"https:\/\/psiche.santagostino.it\/#\/schema\/person\/2799df3a3271317df0314f939d27a43c\",\"name\":\"giuseppe.martella\",\"image\":{\"@type\":\"ImageObject\",\"inLanguage\":\"it-IT\",\"@id\":\"https:\/\/psiche.santagostino.it\/#\/schema\/person\/image\/\",\"url\":\"https:\/\/secure.gravatar.com\/avatar\/66bdcb0b34e04a9aa6077851ec39818dac06909e8d643e5887b70db8c006ada4?s=96&d=mm&r=g\",\"contentUrl\":\"https:\/\/secure.gravatar.com\/avatar\/66bdcb0b34e04a9aa6077851ec39818dac06909e8d643e5887b70db8c006ada4?s=96&d=mm&r=g\",\"caption\":\"giuseppe.martella\"},\"url\":\"https:\/\/www.santagostino.it\/magazine-psiche\/author\/giuseppe-martella\/\"}]}<\/script>\n<!-- \/ Yoast SEO Premium plugin. -->","yoast_head_json":{"title":"Bulimia - Santagostino Psiche","description":"La bulimia \u00e8 un disturbo alimentare diffuso. Ecco quali sono le possibili cause, le terapie a disposizione e la prognosi, ora favorevole.","robots":{"index":"index","follow":"follow","max-snippet":"max-snippet:-1","max-image-preview":"max-image-preview:large","max-video-preview":"max-video-preview:-1"},"canonical":"https:\/\/www.santagostino.it\/magazine-psiche\/bulimia\/","twitter_misc":{"Scritto da":"giuseppe.martella","Tempo di lettura stimato":"13 minuti"},"schema":{"@context":"https:\/\/schema.org","@graph":[{"@type":"Article","@id":"https:\/\/www.santagostino.it\/magazine-psiche\/bulimia\/#article","isPartOf":{"@id":"https:\/\/www.santagostino.it\/magazine-psiche\/bulimia\/"},"author":{"name":"giuseppe.martella","@id":"https:\/\/psiche.santagostino.it\/#\/schema\/person\/2799df3a3271317df0314f939d27a43c"},"headline":"Bulimia","datePublished":"2025-10-14T09:37:34+00:00","dateModified":"2026-01-14T11:43:29+00:00","mainEntityOfPage":{"@id":"https:\/\/www.santagostino.it\/magazine-psiche\/bulimia\/"},"wordCount":2295,"publisher":{"@id":"https:\/\/psiche.santagostino.it\/#organization"},"image":{"@id":"https:\/\/www.santagostino.it\/magazine-psiche\/bulimia\/#primaryimage"},"thumbnailUrl":"https:\/\/www.santagostino.it\/magazine-psiche\/wp-content\/uploads\/2022\/03\/bulimia-come-intervenire-per-sconfiggerla.jpeg","articleSection":["Psichiatria"],"inLanguage":"it-IT"},{"@type":"WebPage","@id":"https:\/\/www.santagostino.it\/magazine-psiche\/bulimia\/","url":"https:\/\/www.santagostino.it\/magazine-psiche\/bulimia\/","name":"Bulimia - Santagostino Psiche","isPartOf":{"@id":"https:\/\/psiche.santagostino.it\/#website"},"primaryImageOfPage":{"@id":"https:\/\/www.santagostino.it\/magazine-psiche\/bulimia\/#primaryimage"},"image":{"@id":"https:\/\/www.santagostino.it\/magazine-psiche\/bulimia\/#primaryimage"},"thumbnailUrl":"https:\/\/www.santagostino.it\/magazine-psiche\/wp-content\/uploads\/2022\/03\/bulimia-come-intervenire-per-sconfiggerla.jpeg","datePublished":"2025-10-14T09:37:34+00:00","dateModified":"2026-01-14T11:43:29+00:00","description":"La bulimia \u00e8 un disturbo alimentare diffuso. Ecco quali sono le possibili cause, le terapie a disposizione e la prognosi, ora favorevole.","breadcrumb":{"@id":"https:\/\/www.santagostino.it\/magazine-psiche\/bulimia\/#breadcrumb"},"inLanguage":"it-IT","potentialAction":[{"@type":"ReadAction","target":["https:\/\/www.santagostino.it\/magazine-psiche\/bulimia\/"]}]},{"@type":"ImageObject","inLanguage":"it-IT","@id":"https:\/\/www.santagostino.it\/magazine-psiche\/bulimia\/#primaryimage","url":"https:\/\/www.santagostino.it\/magazine-psiche\/wp-content\/uploads\/2022\/03\/bulimia-come-intervenire-per-sconfiggerla.jpeg","contentUrl":"https:\/\/www.santagostino.it\/magazine-psiche\/wp-content\/uploads\/2022\/03\/bulimia-come-intervenire-per-sconfiggerla.jpeg","width":1200,"height":580,"caption":"bulimia cause e terapie"},{"@type":"BreadcrumbList","@id":"https:\/\/www.santagostino.it\/magazine-psiche\/bulimia\/#breadcrumb","itemListElement":[{"@type":"ListItem","position":1,"name":"Home","item":"https:\/\/psiche.santagostino.it\/"},{"@type":"ListItem","position":2,"name":"Bulimia"}]},{"@type":"WebSite","@id":"https:\/\/psiche.santagostino.it\/#website","url":"https:\/\/psiche.santagostino.it\/","name":"https:\/\/www.santagostino.it\/magazine-psiche","description":"La finestra sulla mente","publisher":{"@id":"https:\/\/psiche.santagostino.it\/#organization"},"alternateName":"Psiche Santagostino","potentialAction":[{"@type":"SearchAction","target":{"@type":"EntryPoint","urlTemplate":"https:\/\/psiche.santagostino.it\/?s={search_term_string}"},"query-input":{"@type":"PropertyValueSpecification","valueRequired":true,"valueName":"search_term_string"}}],"inLanguage":"it-IT"},{"@type":"Organization","@id":"https:\/\/psiche.santagostino.it\/#organization","name":"https:\/\/www.santagostino.it\/magazine-psiche","url":"https:\/\/psiche.santagostino.it\/","logo":{"@type":"ImageObject","inLanguage":"it-IT","@id":"https:\/\/psiche.santagostino.it\/#\/schema\/logo\/image\/","url":"https:\/\/www.santagostino.it\/magazine-psiche\/wp-content\/uploads\/2023\/07\/Santagostino-psiche-logo.png","contentUrl":"https:\/\/www.santagostino.it\/magazine-psiche\/wp-content\/uploads\/2023\/07\/Santagostino-psiche-logo.png","width":430,"height":71,"caption":"https:\/\/www.santagostino.it\/magazine-psiche"},"image":{"@id":"https:\/\/psiche.santagostino.it\/#\/schema\/logo\/image\/"},"sameAs":["https:\/\/www.facebook.com\/santagostinopsiche\/"]},{"@type":"Person","@id":"https:\/\/psiche.santagostino.it\/#\/schema\/person\/2799df3a3271317df0314f939d27a43c","name":"giuseppe.martella","image":{"@type":"ImageObject","inLanguage":"it-IT","@id":"https:\/\/psiche.santagostino.it\/#\/schema\/person\/image\/","url":"https:\/\/secure.gravatar.com\/avatar\/66bdcb0b34e04a9aa6077851ec39818dac06909e8d643e5887b70db8c006ada4?s=96&d=mm&r=g","contentUrl":"https:\/\/secure.gravatar.com\/avatar\/66bdcb0b34e04a9aa6077851ec39818dac06909e8d643e5887b70db8c006ada4?s=96&d=mm&r=g","caption":"giuseppe.martella"},"url":"https:\/\/www.santagostino.it\/magazine-psiche\/author\/giuseppe-martella\/"}]}},"_links":{"self":[{"href":"https:\/\/www.santagostino.it\/magazine-psiche\/wp-json\/wp\/v2\/posts\/15127","targetHints":{"allow":["GET"]}}],"collection":[{"href":"https:\/\/www.santagostino.it\/magazine-psiche\/wp-json\/wp\/v2\/posts"}],"about":[{"href":"https:\/\/www.santagostino.it\/magazine-psiche\/wp-json\/wp\/v2\/types\/post"}],"author":[{"embeddable":true,"href":"https:\/\/www.santagostino.it\/magazine-psiche\/wp-json\/wp\/v2\/users\/15"}],"replies":[{"embeddable":true,"href":"https:\/\/www.santagostino.it\/magazine-psiche\/wp-json\/wp\/v2\/comments?post=15127"}],"version-history":[{"count":31,"href":"https:\/\/www.santagostino.it\/magazine-psiche\/wp-json\/wp\/v2\/posts\/15127\/revisions"}],"predecessor-version":[{"id":29017,"href":"https:\/\/www.santagostino.it\/magazine-psiche\/wp-json\/wp\/v2\/posts\/15127\/revisions\/29017"}],"wp:featuredmedia":[{"embeddable":true,"href":"https:\/\/www.santagostino.it\/magazine-psiche\/wp-json\/wp\/v2\/media\/15128"}],"wp:attachment":[{"href":"https:\/\/www.santagostino.it\/magazine-psiche\/wp-json\/wp\/v2\/media?parent=15127"}],"wp:term":[{"taxonomy":"category","embeddable":true,"href":"https:\/\/www.santagostino.it\/magazine-psiche\/wp-json\/wp\/v2\/categories?post=15127"},{"taxonomy":"post_tag","embeddable":true,"href":"https:\/\/www.santagostino.it\/magazine-psiche\/wp-json\/wp\/v2\/tags?post=15127"},{"taxonomy":"temi","embeddable":true,"href":"https:\/\/www.santagostino.it\/magazine-psiche\/wp-json\/wp\/v2\/temi?post=15127"},{"taxonomy":"typology","embeddable":true,"href":"https:\/\/www.santagostino.it\/magazine-psiche\/wp-json\/wp\/v2\/typology?post=15127"}],"curies":[{"name":"wp","href":"https:\/\/api.w.org\/{rel}","templated":true}]}}