{"id":13870,"date":"2021-10-04T09:57:39","date_gmt":"2021-10-04T09:57:39","guid":{"rendered":"https:\/\/www.santagostino.it\/magazine-psiche\/?p=13870"},"modified":"2026-02-12T09:05:31","modified_gmt":"2026-02-12T09:05:31","slug":"suicidio-adolescenti-emergenza","status":"publish","type":"post","link":"https:\/\/www.santagostino.it\/magazine-psiche\/suicidio-adolescenti-emergenza\/","title":{"rendered":"Adolescenti e disagio psicologico: un\u2019emergenza sociale su cui non stiamo facendo abbastanza"},"content":{"rendered":"<p><span style=\"font-weight: 400;\">Durante la pandemia si sono verificati diversi casi di tentato suicidio adolescenziale. Cosa sta succedendo? Ne parla la coordinatrice dell\u2019\u00e9quipe adolescenti del Santagostino Alessia Bajoni.\u00a0<\/span><\/p>\n<h3><b> Tre tentativi di suicidio di cui due riusciti, nel primo giorno di riapertura delle scuole a Milano a settembre 2021. Che cosa sta succedendo?<\/b><\/h3>\n<p><span style=\"font-weight: 400;\">Due suicidi riusciti e uno non portato a termine \u00e8 un grido di allarme. Ragazzi e ragazze alla ripresa scolastica lanciano a genitori, insegnanti e operatori sanitari una richiesta di aiuto. I due anni trascorsi bloccati dal Covid e dalla pandemia hanno messo a dura prova i giovani e la loro salute mentale. Si sono ritrovati in mezzo all\u2019adolescenza bloccati dentro stanze, dietro a schermi, senza la possibilit\u00e0 di sperimentare s\u00e9 e il proprio corpo nella realt\u00e0 e nelle relazioni con gli altri. Si sono confrontati con la paura della morte e della malattia, in molti casi per la prima volta. L\u2019angoscia che la \u2018malattia\u2019 non riguarda solo se stessi ma la collettivit\u00e0. Per molti giovani <\/span><b>si \u00e8 bloccato un processo evolutivo<\/b><span style=\"font-weight: 400;\">, per altri i lockdown hanno esaltato una tendenza al ritiro sociale gi\u00e0 presente prima del Covid. La pandemia ha amplificato i conflitti intrafamiliari senza dare la possibilit\u00e0 a molti adolescenti di avere altri interlocutori, come amici, allenatori, insegnanti e altri punti di riferimento. Di qui giovani sempre pi\u00f9 chiusi in casa, con la paura di affrontare i propri coetanei senza la possibilit\u00e0 di trovare parole per esprimersi anche tra le mura di casa.<\/span><\/p>\n<p><a class=\"content-cta\" href=\"https:\/\/www.santagostino.it\/it\/psico\/percorso-psicoterapia-adolescenti?utm_source=Psiche&amp;utm_medium=direct&amp;utm_campaign=CTA_Psiche_suicidio_adolescenti_emergenza\">Prenota una seduta<\/a><\/p>\n<p><span style=\"font-weight: 400;\">Tra la fine del 2020 e il 2021 abbiamo visto come Servizio Specialistico Adolescenti del Santagostino (di cui sono Responsabile) un aumento del 30 per cento delle richieste di aiuto, un <\/span><b>aggravamento delle domande dei giovani<\/b><span style=\"font-weight: 400;\">, che spesso arrivavano con la richiesta che fosse proprio lo psicoterapeuta a fermarli prima di togliersi la vita. Nessuno aveva visto la sofferenza e il rischio reale nei loro occhi. Tante volte ci siamo trovati a chiamare noi professioniste l\u2019ambulanza prima che il giovane si togliesse la vita dopo il colloquio. Porre un limite, chiedendo un aiuto veloce e tempestivo fa sentire finalmente visti quei ragazzi che sembrano ormai invisibili agli occhi altrui.<\/span><\/p>\n<p><span style=\"font-weight: 400;\"><strong>La pandemia ha reso deboli le reti sociali<\/strong>, a volte persino annullandole. Queste reti sono fondamentali, perch\u00e9 spesso aiutano il giovane a contenere emozioni negative grazie al confronto con gli altri. Ragazzi chiusi nelle stanze si sono ritrovati con le proprie paure amplificate, sentendosi inadeguati alla vita. I pensieri di morte, l&#8217;umore depresso e le ideazioni suicidarie sono stati molto presenti nella maggior parte dei giovani che hanno chiesto una consulenza psicologica presso il nostro Servizio al Santagostino.<\/span><\/p>\n<p><iframe loading=\"lazy\" title=\"Ho deciso di ABBANDONARE TUTTO e ANDARE VIA dall&#039;ITALIA - Perch\u00e8 l&#039;ho fatto?\" width=\"500\" height=\"281\" src=\"https:\/\/www.youtube.com\/embed\/0kXaHpsPByk?feature=oembed\" frameborder=\"0\" allow=\"accelerometer; autoplay; clipboard-write; encrypted-media; gyroscope; picture-in-picture; web-share\" referrerpolicy=\"strict-origin-when-cross-origin\" allowfullscreen><\/iframe><\/p>\n<h3><b> Ci sono dati che testimoniano un peggioramento della salute mentale degli adolescenti durante la pandemia?<\/b><\/h3>\n<p><span style=\"font-weight: 400;\">La pandemia, i periodi di lockdown e l\u2019utilizzo della DAD hanno amplificato il malessere dei giovani. Nel corso del 2020 e nel 2021 i servizi territoriali della Regione Lombardia di neuropsichiatria hanno tutti denunciato la difficolt\u00e0 a seguirei giovani che necessitavano una presa in carico. Inoltre, si \u00e8 registrato un aumento degli accessi in Pronto Soccorso di giovani utenti con comportamenti di autolesionismo e tentato suicidio in et\u00e0 pediatrica.<\/span><\/p>\n<p><span style=\"font-weight: 400;\">I dati dell&#8217;Ospedale Pediatrico Bambino Ges\u00f9 di Roma evidenziano come le consulenze neuropsichiatriche, che hanno riguardato fenomeni di ideazione suicidaria e tentativi di <\/span><b>suicidio,<\/b><span style=\"font-weight: 400;\"> siano passate dal 36 per cento dell&#8217;aprile 2019, al 61 per cento dell&#8217;aprile 2020 fino al 63 per cento di gennaio 2021.<\/span><\/p>\n<p><span style=\"font-weight: 400;\">Secondo uno studio pubblicato dall\u2019ANSA, da inizio 2021 al 31 agosto di quest\u2019anno si registrano 413 suicidi e 348 tentativi. Secondo un altro studio pubblicato sempre dall\u2019ANSA a inizio giugno si parla di un <a href=\"https:\/\/www.ansa.it\/lombardia\/notizie\/2021\/06\/11\/covid-cmpin-1-anno-tentati-suicidi-giovani-lombardia-50_3b42f4cb-61d6-4542-90aa-1e20733a8b3e.html\" target=\"_blank\" rel=\"noopener noreferrer\">aumento del 50 per cento<\/a> di tentati suicidi soltanto in Lombardia. Presso Il Servizio adolescenti siamo passati da 129 adolescenti che hanno avuto accesso nel 2020 a 142 nel 2021 (dati aggiornati a fine settembre 2021). Di questi, pi\u00f9 del 60 per cento hanno presentato una domanda legata a uno stato depressivo, a difficolt\u00e0 relazionali e a tendenze al ritiro. <\/span><b>I numeri sono purtroppo in crescita, cos\u00ec come il dato che riguarda la gravit\u00e0. <\/b><span style=\"font-weight: 400;\">Molti di questi giovani arrivano a una consulenza psicologica o psichiatrica quando la situazione \u00e8 davvero delicata e il bisogno di interventi multidisciplinari sempre pi\u00f9 necessario. In questa emergenza i servizi pubblici territoriali si ritrovano sempre pi\u00f9 in difficolt\u00e0 nel rispondere a bisogni di salute mentale complessi.<\/span><\/p>\n<p><strong>-Ti potrebbe interessare anche:<\/strong> <a href=\"https:\/\/www.santagostino.it\/magazine-psiche\/2019\/06\/03\/adolescenza-linee-guida\/\">Adolescenza, cos&#8217;\u00e8 davvero, quando inizia e quando finisce<\/a><\/p>\n<h3><b> Quali sono le cause pi\u00f9 frequenti che portano un adolescente a considerare il suicidio?<\/b><\/h3>\n<p><span style=\"font-weight: 400;\">L\u2019adolescenza \u00e8 un periodo molto complesso e fragile, in cui la gestione dei nuovi impulsi libidici, delle emozioni forti e intense legate al cambiamento del corpo, dei rapporti con i coetanei e con i familiari, irrompono nella mente del giovane con pensieri nuovi, incontrollati. Secondo la WHO (World Health Organization), ogni anno muoiono di suicidio 100.000 adolescenti. L\u2019incidenza del suicidio come causa di morte \u00e8 inferiore al 1 per cento nella popolazione generale, ma cresce al 25 per cento solo nella popolazione giovanile con et\u00e0 inferiore ai 25 anni.<\/span><\/p>\n<p><span style=\"font-weight: 400;\">I pensieri legati alla morte sono spesso presenti nella mente negli adolescenti come segnale sia di <strong>un\u2019elaborazione del lutto dell\u2019infanzia<\/strong>, del corpo infantile, del pensiero magico-onnipotente, sia come segnale di un pensiero pi\u00f9 adulto e maturo che inizia a pensare il limite della vita e la malattia. Il confronto con emozioni negative e conflittuali in giovani dalla struttura psichica pi\u00f9 fragile, possono prendere la forma dell\u2019agito autolesivo e autodistruttivo (tagli, bruciature sul corpo\u2026). Nelle forme pi\u00f9 gravi il pensiero di morte diventa un concreto metodo e progetto suicidario, alle volte messo in atto come un vero e proprio tentato suicidio. Sono da considerarsi segnali di un rischio elevato suicidario:<\/span><\/p>\n<ol>\n<li><span style=\"font-weight: 400;\">la presenza in un giovane di umore depresso,<\/span><\/li>\n<li><span style=\"font-weight: 400;\">il sentirsi \u2018intrappolato e senza via d\u2019uscita\u2019,<\/span><\/li>\n<li><span style=\"font-weight: 400;\">il senso di disperazione,<\/span><\/li>\n<li><span style=\"font-weight: 400;\">la perdita di piacere per molteplici attivit\u00e0,<\/span><\/li>\n<li><span style=\"font-weight: 400;\">il sentirsi inadeguato alla propria vita e quotidianit\u00e0,<\/span><\/li>\n<li><span style=\"font-weight: 400;\">episodi ripetuti di autolesionismo,<\/span><\/li>\n<li><span style=\"font-weight: 400;\">episodi di eccessivo dimagrimento.<\/span><\/li>\n<\/ol>\n<p><span style=\"font-weight: 400;\">\u00c8 difficile individuare una singola causa: spesso \u00e8 proprio il <strong>sovrapporsi di eventi stressanti<\/strong> come cambiamenti personali o relazionali, traumi psicologici, violenze subite, conflitti famigliari a innescare una \u2018bomba silenziosa\u2019 chiamato <\/span><i><span style=\"font-weight: 400;\">progetto segreto suicidale<\/span><\/i><span style=\"font-weight: 400;\">. Un adolescente arriva a mettere in atto un progetto suicidale quando sente che la<\/span><span style=\"font-weight: 400;\"> sua mente non riesce pi\u00f9 a contenere i pensieri e le emozioni associate a tali eventi. In pratica &#8211; tragicamente &#8211; annulla i pensieri negativi annullandosi egli stesso.<\/span><\/p>\n<h3><b> Quali sono i fattori predisponenti al suicidio? E quelli protettivi?<\/b><\/h3>\n<p><span style=\"font-weight: 400;\">Sono da considerare fattori predisponenti al suicidio:<\/span><\/p>\n<ul>\n<li style=\"font-weight: 400;\" aria-level=\"1\"><span style=\"font-weight: 400;\">La presenza nella storia del paziente e della famiglia del giovane paziente di disturbi mentali, in particolare disturbi dell\u2019umore (depressione, disturbo bipolare\u2026) e di familiari che hanno tentato o portato a compimento un atto suicidale;<\/span><\/li>\n<li style=\"font-weight: 400;\" aria-level=\"1\"><span style=\"font-weight: 400;\">La presenza di tentati suicidi aumentano la probabilit\u00e0 che venga ripetuto il gesto. i tentativi di cura (ospedalieri o ambulatoriali) falliti aumentano il senso di disperazione e impotenza dei giovani.<\/span><\/li>\n<li style=\"font-weight: 400;\" aria-level=\"1\"><span style=\"font-weight: 400;\">Indicano un alto rischio suicidario la presenza di umore depresso, autolesionismo, ritiro sociale, senso di intrappolamento, disturbi del sonno e sintomi psicotici.<\/span><\/li>\n<\/ul>\n<p><span style=\"font-weight: 400;\">Il rischio suicidario nell\u2019adolescente \u00e8 ridotto (fattori di protezione) quando c\u2019\u00e8 una <\/span><b>rete sociale<\/b><span style=\"font-weight: 400;\"> e una <\/span><b>buona relazione di supporto e protettiva<\/b><span style=\"font-weight: 400;\">, che consente al giovane di aprirsi, condividere pensieri negativi e rivederli. Essere coinvolti in una buona relazione psicoterapica protegge il giovane dalle \u2018messe in atto\u2019. Si \u00e8 infine visto come risultano protettivi anche pensieri e <\/span><b>valori <\/b><span style=\"font-weight: 400;\">(religione, <a href=\"https:\/\/www.santagostino.it\/magazine-psiche\/2020\/10\/19\/paura\/\">paura<\/a> della morte e dolore\u2026), che svolgono una sorta di barriera protettiva contro il suicidio.<\/span><\/p>\n<h3><b>Quali trattamenti sono pi\u00f9 utili per aiutare un adolescente con tendenze suicidarie o autolesionistiche?<\/b><\/h3>\n<p><span style=\"font-weight: 400;\">\u00c8 fondamentale che quando un adolescente ha idee suicidarie o mette in atto comportamenti di autolesionismo, chieda aiuto rivolgendosi ai genitori, ad amici, direttamente al Pronto Soccorso o una Struttura territoriale o privata che lo possa prendere in cura da un punto di vista psichiatrico e neuropsichiatrico .\u00a0<\/span><\/p>\n<p><span style=\"font-weight: 400;\">Essendo la richiesta grave e urgente \u00e8 fondamentale che venga aiutato non solo il giovane, ma anche i genitori o la famiglia, in un processo di supporto e cambiamento che veda tutti coinvolti.<\/span><\/p>\n<p><span style=\"font-weight: 400;\">Presso il Servizio Specialistico per adolescenti del Santagostino, il processo di consultazione include un\u2019accurata diagnosi delle problematiche del giovane. Nello stesso tempo, per\u00f2, vengono svolti colloqui con i genitori per comprendere al meglio tutti gli eventi stressanti e le dinamiche familiari. Alla fine viene formulato un piano di trattamento individualizzato e specifico per quel ragazzo in quel momento e in quel contesto familiare. Adolescenti con ideazioni suicidarie richiedono spesso interventi di psicoterapia individuali settimanali, integrati con terapie farmacologiche (antidepressive&#8230;), accompagnati da interventi mirati sulla famiglia e i genitori, al fine di aiutare gli stessi genitori a individuare le situazioni in cui il giovane possa star male. I genitori vanno aiutati a capire come agire in situazioni in cui il giovane pu\u00f2 mettere in atto ideazioni suicidarie. Comprendere le motivazioni del figlio aiuta a ridurre tensioni e conflitti che possano aggravarne la fragilit\u00e0.\u00a0<\/span><\/p>\n<p><span style=\"font-weight: 400;\">La psicoterapia individuale aiuter\u00e0 invece il ragazzo o la ragazza a comprendere al meglio pensieri ed emozioni legati agli eventi stressanti. Lo scopo \u00e8 quello di aiutare la persona a far fronte allo stress e a non farsi soverchiare da esso.<\/span><\/p>\n<h3><b> Cosa fare se mio figlio parla di suicidio?<\/b><\/h3>\n<p><span style=\"font-weight: 400;\">Se un figlio parla di idee di morte o di suicidio, \u00e8 importante ed essenziale che i genitori e i famigliari non sottovalutino il problema. Di fronte a questi pensieri non si dovrebbe pensare che \u2018tanto \u00e8 uno scherzo da adolescenti\u2019! Quando un figlio in et\u00e0 adolescenziale parla di suicidio \u00e8 fondamentale che venga preso sul serio, instaurando un dialogo in cui cercare di capire le motivazioni, le emozioni che sta provando, i pensieri associati alla morte ed eventualmente valutando la presenza di un progetto suicidale.<\/span><\/p>\n<p><span style=\"font-weight: 400;\">Se le ideazioni di morte sono presenti e ricorrenti e il ragazzo si mostra sempre gi\u00f9, di umore depresso e con scarsa voglia di farsi coinvolgere in attivit\u00e0 e relazioni con gli altri, \u00e8 importante non perdere tempo, rivolgendosi anche al Pronto Soccorso di riferimento per una risposta urgente al malessere del giovane.<\/span><\/p>\n<p><span style=\"font-weight: 400;\">Se l\u2019ideazione di suicidio \u00e8 presente ma rara e non concreta (non associata a un piano o metodo di suicidio), \u00e8 comunque importante chiedere aiuto a dei professionisti (psichiatra e psicoterapeuta) che possano valutare la situazione e intervenire nel modo pi\u00f9 adeguato.<\/span><\/p>\n<p><span style=\"font-weight: 400;\">\u00c8 importante infine, e questo \u00e8 un mio consiglio personale, essendo una professionista esperta di adolescenza e responsabile di un Centro specialistico, rivolgersi a Centri in cui vi sia un gruppo di professionisti con una competenza specifica in questa fase evolutiva e che lavorino in maniera integrata. Penso che sia protettivo nei confronti del giovane e sintomo di una buona competenza ed esperienza pratica e professionale.<\/span><\/p>\n<h3><b> Come parlare a mio figlio\/a se vedo che sta male ma non vuole parlare, o dice che \u201c\u00e8 tutto a posto\u201d, magari per non farmi preoccupare?<\/b><\/h3>\n<p><span style=\"font-weight: 400;\">\u00c8 importante cercare di dare voce al proprio vissuto emotivo ed empatico anche quando il figlio non vuole parlare, ma mostra tutti i segni e i sintomi che qualcosa non va, come ritiro sociale, umore depresso, non dormire bene, sensazione che nulla lo emozioni\u2026. Si pu\u00f2 cercare di nominare le emozioni che pu\u00f2 sentire, provare a fare delle domande o esempi di eventi vissuti dai genitori in prima persona che possano essere \u2018simili\u2019 o aver provocato risposte emotive in passato identiche a quelle che il figlio, si pensa, stia attraversando.<\/span><\/p>\n<p><span style=\"font-weight: 400;\">Nel caso in cui i vari tentativi da parte di tutti i famigliari di dialogo e di comprensione, risultano evitati, negati o fallimentari, \u00e8 utile comunque provare a portare il giovane da un professionista come uno psicoterapeuta (con esperienza con adolescenti), spiegando al giovane la propria preoccupazione e proponendo la visita come \u2018un&#8217;occasione\u2019 per parlare con qualcuno di esterno alla famiglia, che ha gli strumenti adatti per aiutarlo al meglio e che non lo giudicher\u00e0.<\/span><\/p>\n<p>&nbsp;<\/p>\n","protected":false},"excerpt":{"rendered":"<p>Una guida con domande e risposte sul fenomeno del suicidio in adolescenza<\/p>\n","protected":false},"author":7,"featured_media":13871,"comment_status":"closed","ping_status":"closed","sticky":false,"template":"","format":"standard","meta":{"_se_main_payload":"","_se_review":"","_se_options":"","_se_confidence_fields":"","_se_evidence":"","_se_backfill_skipped":"","_se_main_type":"","_se_template_id":"","_se_main_name":"","_se_main_code":"","_se_confidence_global":"","_se_review_enabled":"0","_gst_type":"","_gst_payload":"","_gst_conditions":"","footnotes":""},"categories":[304],"tags":[],"temi":[1114,1111],"typology":[3],"class_list":["post-13870","post","type-post","status-publish","format-standard","has-post-thumbnail","hentry","category-minori","percorsi-psicoterapia-adolescenti","temi-adolescenti","temi-attualita","typology-text"],"yoast_head":"<!-- This site is optimized with the Yoast SEO Premium plugin v26.5 (Yoast SEO v26.5) - https:\/\/yoast.com\/wordpress\/plugins\/seo\/ -->\n<title>Suicidio nell&#039;Adolescenza: Un&#039;Emergenza che Non Possiamo Pi\u00f9 Ignorare | Santagostino Psiche<\/title>\n<meta name=\"description\" content=\"Il numero di tentati suicidi e di adolescenti che sperimentano un grave disagio \u00e8 cresciuto durante la pandemia. Cosa sta succedendo?\" \/>\n<meta name=\"robots\" content=\"index, follow, max-snippet:-1, max-image-preview:large, max-video-preview:-1\" \/>\n<link rel=\"canonical\" href=\"https:\/\/www.santagostino.it\/magazine-psiche\/suicidio-adolescenti-emergenza\/\" \/>\n<meta name=\"twitter:label1\" content=\"Scritto da\" \/>\n\t<meta name=\"twitter:data1\" content=\"Riccardo Germani\" \/>\n\t<meta name=\"twitter:label2\" content=\"Tempo di lettura stimato\" \/>\n\t<meta name=\"twitter:data2\" content=\"11 minuti\" \/>\n<script type=\"application\/ld+json\" class=\"yoast-schema-graph\">{\"@context\":\"https:\/\/schema.org\",\"@graph\":[{\"@type\":\"Article\",\"@id\":\"https:\/\/www.santagostino.it\/magazine-psiche\/suicidio-adolescenti-emergenza\/#article\",\"isPartOf\":{\"@id\":\"https:\/\/www.santagostino.it\/magazine-psiche\/suicidio-adolescenti-emergenza\/\"},\"author\":{\"name\":\"Riccardo Germani\",\"@id\":\"https:\/\/psiche.santagostino.it\/#\/schema\/person\/11d0e21d4a44a741e53f1208e0ae3d15\"},\"headline\":\"Adolescenti e disagio psicologico: un\u2019emergenza sociale su cui non stiamo facendo abbastanza\",\"datePublished\":\"2021-10-04T09:57:39+00:00\",\"dateModified\":\"2026-02-12T09:05:31+00:00\",\"mainEntityOfPage\":{\"@id\":\"https:\/\/www.santagostino.it\/magazine-psiche\/suicidio-adolescenti-emergenza\/\"},\"wordCount\":1956,\"publisher\":{\"@id\":\"https:\/\/psiche.santagostino.it\/#organization\"},\"image\":{\"@id\":\"https:\/\/www.santagostino.it\/magazine-psiche\/suicidio-adolescenti-emergenza\/#primaryimage\"},\"thumbnailUrl\":\"https:\/\/www.santagostino.it\/magazine-psiche\/wp-content\/uploads\/2021\/10\/Adolescenti-e-suicidio.png\",\"articleSection\":[\"Minori\"],\"inLanguage\":\"it-IT\"},{\"@type\":\"WebPage\",\"@id\":\"https:\/\/www.santagostino.it\/magazine-psiche\/suicidio-adolescenti-emergenza\/\",\"url\":\"https:\/\/www.santagostino.it\/magazine-psiche\/suicidio-adolescenti-emergenza\/\",\"name\":\"Suicidio nell'Adolescenza: Un'Emergenza che Non Possiamo Pi\u00f9 Ignorare | Santagostino Psiche\",\"isPartOf\":{\"@id\":\"https:\/\/psiche.santagostino.it\/#website\"},\"primaryImageOfPage\":{\"@id\":\"https:\/\/www.santagostino.it\/magazine-psiche\/suicidio-adolescenti-emergenza\/#primaryimage\"},\"image\":{\"@id\":\"https:\/\/www.santagostino.it\/magazine-psiche\/suicidio-adolescenti-emergenza\/#primaryimage\"},\"thumbnailUrl\":\"https:\/\/www.santagostino.it\/magazine-psiche\/wp-content\/uploads\/2021\/10\/Adolescenti-e-suicidio.png\",\"datePublished\":\"2021-10-04T09:57:39+00:00\",\"dateModified\":\"2026-02-12T09:05:31+00:00\",\"description\":\"Il numero di tentati suicidi e di adolescenti che sperimentano un grave disagio \u00e8 cresciuto durante la pandemia. Cosa sta succedendo?\",\"breadcrumb\":{\"@id\":\"https:\/\/www.santagostino.it\/magazine-psiche\/suicidio-adolescenti-emergenza\/#breadcrumb\"},\"inLanguage\":\"it-IT\",\"potentialAction\":[{\"@type\":\"ReadAction\",\"target\":[\"https:\/\/www.santagostino.it\/magazine-psiche\/suicidio-adolescenti-emergenza\/\"]}]},{\"@type\":\"ImageObject\",\"inLanguage\":\"it-IT\",\"@id\":\"https:\/\/www.santagostino.it\/magazine-psiche\/suicidio-adolescenti-emergenza\/#primaryimage\",\"url\":\"https:\/\/www.santagostino.it\/magazine-psiche\/wp-content\/uploads\/2021\/10\/Adolescenti-e-suicidio.png\",\"contentUrl\":\"https:\/\/www.santagostino.it\/magazine-psiche\/wp-content\/uploads\/2021\/10\/Adolescenti-e-suicidio.png\",\"width\":600,\"height\":300,\"caption\":\"Il suicidio in adolescenza\"},{\"@type\":\"BreadcrumbList\",\"@id\":\"https:\/\/www.santagostino.it\/magazine-psiche\/suicidio-adolescenti-emergenza\/#breadcrumb\",\"itemListElement\":[{\"@type\":\"ListItem\",\"position\":1,\"name\":\"Home\",\"item\":\"https:\/\/psiche.santagostino.it\/\"},{\"@type\":\"ListItem\",\"position\":2,\"name\":\"Adolescenti e disagio psicologico: un\u2019emergenza sociale su cui non stiamo facendo abbastanza\"}]},{\"@type\":\"WebSite\",\"@id\":\"https:\/\/psiche.santagostino.it\/#website\",\"url\":\"https:\/\/psiche.santagostino.it\/\",\"name\":\"https:\/\/www.santagostino.it\/magazine-psiche\",\"description\":\"La finestra sulla mente\",\"publisher\":{\"@id\":\"https:\/\/psiche.santagostino.it\/#organization\"},\"alternateName\":\"Psiche Santagostino\",\"potentialAction\":[{\"@type\":\"SearchAction\",\"target\":{\"@type\":\"EntryPoint\",\"urlTemplate\":\"https:\/\/psiche.santagostino.it\/?s={search_term_string}\"},\"query-input\":{\"@type\":\"PropertyValueSpecification\",\"valueRequired\":true,\"valueName\":\"search_term_string\"}}],\"inLanguage\":\"it-IT\"},{\"@type\":\"Organization\",\"@id\":\"https:\/\/psiche.santagostino.it\/#organization\",\"name\":\"https:\/\/www.santagostino.it\/magazine-psiche\",\"url\":\"https:\/\/psiche.santagostino.it\/\",\"logo\":{\"@type\":\"ImageObject\",\"inLanguage\":\"it-IT\",\"@id\":\"https:\/\/psiche.santagostino.it\/#\/schema\/logo\/image\/\",\"url\":\"https:\/\/www.santagostino.it\/magazine-psiche\/wp-content\/uploads\/2023\/07\/Santagostino-psiche-logo.png\",\"contentUrl\":\"https:\/\/www.santagostino.it\/magazine-psiche\/wp-content\/uploads\/2023\/07\/Santagostino-psiche-logo.png\",\"width\":430,\"height\":71,\"caption\":\"https:\/\/www.santagostino.it\/magazine-psiche\"},\"image\":{\"@id\":\"https:\/\/psiche.santagostino.it\/#\/schema\/logo\/image\/\"},\"sameAs\":[\"https:\/\/www.facebook.com\/santagostinopsiche\/\"]},{\"@type\":\"Person\",\"@id\":\"https:\/\/psiche.santagostino.it\/#\/schema\/person\/11d0e21d4a44a741e53f1208e0ae3d15\",\"name\":\"Riccardo Germani\",\"image\":{\"@type\":\"ImageObject\",\"inLanguage\":\"it-IT\",\"@id\":\"https:\/\/psiche.santagostino.it\/#\/schema\/person\/image\/\",\"url\":\"https:\/\/secure.gravatar.com\/avatar\/fe5d7b7197b695b4b9138a29bb54bfaded3ca3085f9acffdf59cf0c1df283eb0?s=96&d=mm&r=g\",\"contentUrl\":\"https:\/\/secure.gravatar.com\/avatar\/fe5d7b7197b695b4b9138a29bb54bfaded3ca3085f9acffdf59cf0c1df283eb0?s=96&d=mm&r=g\",\"caption\":\"Riccardo Germani\"},\"url\":\"https:\/\/www.santagostino.it\/magazine-psiche\/author\/riccardogermani\/\"}]}<\/script>\n<!-- \/ Yoast SEO Premium plugin. -->","yoast_head_json":{"title":"Suicidio nell'Adolescenza: Un'Emergenza che Non Possiamo Pi\u00f9 Ignorare | Santagostino Psiche","description":"Il numero di tentati suicidi e di adolescenti che sperimentano un grave disagio \u00e8 cresciuto durante la pandemia. Cosa sta succedendo?","robots":{"index":"index","follow":"follow","max-snippet":"max-snippet:-1","max-image-preview":"max-image-preview:large","max-video-preview":"max-video-preview:-1"},"canonical":"https:\/\/www.santagostino.it\/magazine-psiche\/suicidio-adolescenti-emergenza\/","twitter_misc":{"Scritto da":"Riccardo Germani","Tempo di lettura stimato":"11 minuti"},"schema":{"@context":"https:\/\/schema.org","@graph":[{"@type":"Article","@id":"https:\/\/www.santagostino.it\/magazine-psiche\/suicidio-adolescenti-emergenza\/#article","isPartOf":{"@id":"https:\/\/www.santagostino.it\/magazine-psiche\/suicidio-adolescenti-emergenza\/"},"author":{"name":"Riccardo Germani","@id":"https:\/\/psiche.santagostino.it\/#\/schema\/person\/11d0e21d4a44a741e53f1208e0ae3d15"},"headline":"Adolescenti e disagio psicologico: un\u2019emergenza sociale su cui non stiamo facendo abbastanza","datePublished":"2021-10-04T09:57:39+00:00","dateModified":"2026-02-12T09:05:31+00:00","mainEntityOfPage":{"@id":"https:\/\/www.santagostino.it\/magazine-psiche\/suicidio-adolescenti-emergenza\/"},"wordCount":1956,"publisher":{"@id":"https:\/\/psiche.santagostino.it\/#organization"},"image":{"@id":"https:\/\/www.santagostino.it\/magazine-psiche\/suicidio-adolescenti-emergenza\/#primaryimage"},"thumbnailUrl":"https:\/\/www.santagostino.it\/magazine-psiche\/wp-content\/uploads\/2021\/10\/Adolescenti-e-suicidio.png","articleSection":["Minori"],"inLanguage":"it-IT"},{"@type":"WebPage","@id":"https:\/\/www.santagostino.it\/magazine-psiche\/suicidio-adolescenti-emergenza\/","url":"https:\/\/www.santagostino.it\/magazine-psiche\/suicidio-adolescenti-emergenza\/","name":"Suicidio nell'Adolescenza: Un'Emergenza che Non Possiamo Pi\u00f9 Ignorare | Santagostino Psiche","isPartOf":{"@id":"https:\/\/psiche.santagostino.it\/#website"},"primaryImageOfPage":{"@id":"https:\/\/www.santagostino.it\/magazine-psiche\/suicidio-adolescenti-emergenza\/#primaryimage"},"image":{"@id":"https:\/\/www.santagostino.it\/magazine-psiche\/suicidio-adolescenti-emergenza\/#primaryimage"},"thumbnailUrl":"https:\/\/www.santagostino.it\/magazine-psiche\/wp-content\/uploads\/2021\/10\/Adolescenti-e-suicidio.png","datePublished":"2021-10-04T09:57:39+00:00","dateModified":"2026-02-12T09:05:31+00:00","description":"Il numero di tentati suicidi e di adolescenti che sperimentano un grave disagio \u00e8 cresciuto durante la pandemia. Cosa sta succedendo?","breadcrumb":{"@id":"https:\/\/www.santagostino.it\/magazine-psiche\/suicidio-adolescenti-emergenza\/#breadcrumb"},"inLanguage":"it-IT","potentialAction":[{"@type":"ReadAction","target":["https:\/\/www.santagostino.it\/magazine-psiche\/suicidio-adolescenti-emergenza\/"]}]},{"@type":"ImageObject","inLanguage":"it-IT","@id":"https:\/\/www.santagostino.it\/magazine-psiche\/suicidio-adolescenti-emergenza\/#primaryimage","url":"https:\/\/www.santagostino.it\/magazine-psiche\/wp-content\/uploads\/2021\/10\/Adolescenti-e-suicidio.png","contentUrl":"https:\/\/www.santagostino.it\/magazine-psiche\/wp-content\/uploads\/2021\/10\/Adolescenti-e-suicidio.png","width":600,"height":300,"caption":"Il suicidio in adolescenza"},{"@type":"BreadcrumbList","@id":"https:\/\/www.santagostino.it\/magazine-psiche\/suicidio-adolescenti-emergenza\/#breadcrumb","itemListElement":[{"@type":"ListItem","position":1,"name":"Home","item":"https:\/\/psiche.santagostino.it\/"},{"@type":"ListItem","position":2,"name":"Adolescenti e disagio psicologico: un\u2019emergenza sociale su cui non stiamo facendo abbastanza"}]},{"@type":"WebSite","@id":"https:\/\/psiche.santagostino.it\/#website","url":"https:\/\/psiche.santagostino.it\/","name":"https:\/\/www.santagostino.it\/magazine-psiche","description":"La finestra sulla mente","publisher":{"@id":"https:\/\/psiche.santagostino.it\/#organization"},"alternateName":"Psiche Santagostino","potentialAction":[{"@type":"SearchAction","target":{"@type":"EntryPoint","urlTemplate":"https:\/\/psiche.santagostino.it\/?s={search_term_string}"},"query-input":{"@type":"PropertyValueSpecification","valueRequired":true,"valueName":"search_term_string"}}],"inLanguage":"it-IT"},{"@type":"Organization","@id":"https:\/\/psiche.santagostino.it\/#organization","name":"https:\/\/www.santagostino.it\/magazine-psiche","url":"https:\/\/psiche.santagostino.it\/","logo":{"@type":"ImageObject","inLanguage":"it-IT","@id":"https:\/\/psiche.santagostino.it\/#\/schema\/logo\/image\/","url":"https:\/\/www.santagostino.it\/magazine-psiche\/wp-content\/uploads\/2023\/07\/Santagostino-psiche-logo.png","contentUrl":"https:\/\/www.santagostino.it\/magazine-psiche\/wp-content\/uploads\/2023\/07\/Santagostino-psiche-logo.png","width":430,"height":71,"caption":"https:\/\/www.santagostino.it\/magazine-psiche"},"image":{"@id":"https:\/\/psiche.santagostino.it\/#\/schema\/logo\/image\/"},"sameAs":["https:\/\/www.facebook.com\/santagostinopsiche\/"]},{"@type":"Person","@id":"https:\/\/psiche.santagostino.it\/#\/schema\/person\/11d0e21d4a44a741e53f1208e0ae3d15","name":"Riccardo Germani","image":{"@type":"ImageObject","inLanguage":"it-IT","@id":"https:\/\/psiche.santagostino.it\/#\/schema\/person\/image\/","url":"https:\/\/secure.gravatar.com\/avatar\/fe5d7b7197b695b4b9138a29bb54bfaded3ca3085f9acffdf59cf0c1df283eb0?s=96&d=mm&r=g","contentUrl":"https:\/\/secure.gravatar.com\/avatar\/fe5d7b7197b695b4b9138a29bb54bfaded3ca3085f9acffdf59cf0c1df283eb0?s=96&d=mm&r=g","caption":"Riccardo Germani"},"url":"https:\/\/www.santagostino.it\/magazine-psiche\/author\/riccardogermani\/"}]}},"_links":{"self":[{"href":"https:\/\/www.santagostino.it\/magazine-psiche\/wp-json\/wp\/v2\/posts\/13870","targetHints":{"allow":["GET"]}}],"collection":[{"href":"https:\/\/www.santagostino.it\/magazine-psiche\/wp-json\/wp\/v2\/posts"}],"about":[{"href":"https:\/\/www.santagostino.it\/magazine-psiche\/wp-json\/wp\/v2\/types\/post"}],"author":[{"embeddable":true,"href":"https:\/\/www.santagostino.it\/magazine-psiche\/wp-json\/wp\/v2\/users\/7"}],"replies":[{"embeddable":true,"href":"https:\/\/www.santagostino.it\/magazine-psiche\/wp-json\/wp\/v2\/comments?post=13870"}],"version-history":[{"count":8,"href":"https:\/\/www.santagostino.it\/magazine-psiche\/wp-json\/wp\/v2\/posts\/13870\/revisions"}],"predecessor-version":[{"id":28850,"href":"https:\/\/www.santagostino.it\/magazine-psiche\/wp-json\/wp\/v2\/posts\/13870\/revisions\/28850"}],"wp:featuredmedia":[{"embeddable":true,"href":"https:\/\/www.santagostino.it\/magazine-psiche\/wp-json\/wp\/v2\/media\/13871"}],"wp:attachment":[{"href":"https:\/\/www.santagostino.it\/magazine-psiche\/wp-json\/wp\/v2\/media?parent=13870"}],"wp:term":[{"taxonomy":"category","embeddable":true,"href":"https:\/\/www.santagostino.it\/magazine-psiche\/wp-json\/wp\/v2\/categories?post=13870"},{"taxonomy":"post_tag","embeddable":true,"href":"https:\/\/www.santagostino.it\/magazine-psiche\/wp-json\/wp\/v2\/tags?post=13870"},{"taxonomy":"temi","embeddable":true,"href":"https:\/\/www.santagostino.it\/magazine-psiche\/wp-json\/wp\/v2\/temi?post=13870"},{"taxonomy":"typology","embeddable":true,"href":"https:\/\/www.santagostino.it\/magazine-psiche\/wp-json\/wp\/v2\/typology?post=13870"}],"curies":[{"name":"wp","href":"https:\/\/api.w.org\/{rel}","templated":true}]}}