{"id":13637,"date":"2024-05-28T10:46:22","date_gmt":"2024-05-28T10:46:22","guid":{"rendered":"https:\/\/www.santagostino.it\/magazine-psiche\/?p=13637"},"modified":"2024-06-26T15:04:19","modified_gmt":"2024-06-26T15:04:19","slug":"anaffettivita","status":"publish","type":"post","link":"https:\/\/www.santagostino.it\/magazine-psiche\/anaffettivita\/","title":{"rendered":"Anaffettivit\u00e0, cos&#8217;\u00e8 e come condiziona le relazioni"},"content":{"rendered":"<p>Essere incapaci di provare emozioni o di esprimerle, questo si intende con il termine anaffettivit\u00e0.<\/p>\n<p>La persona definita anaffettiva, <strong>se prova delle emozioni, fa in modo che rimangano inespresse<\/strong>. Le ragioni di questa incapacit\u00e0 nel provare o nell\u2019esprimere la parte emotiva del proprio essere si ritrovano nell\u2019et\u00e0 infantile o nell\u2019avvio dell\u2019adolescenza.<\/p>\n<p>In queste due epoche fondamentali per la costruzione della propria identit\u00e0, <strong>pu\u00f2 accadere che le figure di accudimento non si accorgano dei bisogni del bambino o dell\u2019adolescente<\/strong>, o non siano in grado di soddisfarli in modo pieno e funzionale. Nel corso degli anni, il bambino e l\u2019adolescente crescono nella falsa e distorta cognizione <strong>di non meritare affetto n\u00e9 di essere capace di darne<\/strong>, ed ecco che l\u2019anaffettivit\u00e0 agisce come difesa, sotto forma di distacco, del tutto disfunzionale.<\/p>\n<p>L\u2019affettivit\u00e0 non \u00e8 comunque, di per s\u00e9, una condizione patologica. Ma pu\u00f2 produrre delle ripercussioni negative nei rapporti interpersonali.<\/p>\n<p><a class=\"content-cta\" href=\"https:\/\/www.santagostino.it\/it\/psiche\/?utm_source=Psiche&amp;utm_medium=direct&amp;utm_campaign=CTA_Psiche_focus_keyword\"> <img decoding=\"async\" class=\"visible-md\" src=\"\/wp-content\/uploads\/2024\/06\/Rev_04_SanAgostino_banner_desktop_low.gif\" \/><img decoding=\"async\" class=\"hidden-md\" src=\"\/wp-content\/uploads\/2024\/06\/Rev_04_SanAgostino_banner_mobile_low.gif\" \/><\/a><\/p>\n<h2>Anaffettivit\u00e0, significato di una condizione non clinica<\/h2>\n<p><span style=\"font-weight: 400;\">La parola anaffettivit\u00e0 (<\/span><i><span style=\"font-weight: 400;\">an<\/span><\/i><span style=\"font-weight: 400;\">\u2013 privativo, affettivit\u00e0 dal latino <\/span><i><span style=\"font-weight: 400;\">adfectus<\/span><\/i><span style=\"font-weight: 400;\"> a sua volta composto dal prefisso <\/span><i><span style=\"font-weight: 400;\">ad<\/span><\/i><span style=\"font-weight: 400;\">-, verso, e dal verbo <\/span><i><span style=\"font-weight: 400;\">facere<\/span><\/i><span style=\"font-weight: 400;\">, fare), si riferisce alla <strong>difficolt\u00e0 a provare ed esprimere sentimenti nei confronti di altri<\/strong>.<\/span><\/p>\n<p><span style=\"font-weight: 400;\"><strong>L\u2019anaffettivit\u00e0 non \u00e8 di per s\u00e9 una caratteristica che richiede attenzione clinica<\/strong>. Non indica cio\u00e8, in assenza di altri fenomeni che facciano da corollario, una patologia. Come per altre caratteristiche che contraddistinguono il funzionamento umano, non \u00e8 semplicemente presente o assente, ma pu\u00f2 svilupparsi ed esprimersi in modo pi\u00f9 o meno intenso in ciascuno di noi nel corso della vita.<\/span><\/p>\n<h2><b>Cosa influenza lo sviluppo di uno stile relazionale pi\u00f9 o meno \u201caffettivo\u201d<\/b><\/h2>\n<p><span style=\"font-weight: 400;\">La maggiore o minore propensione a provare ed esprimere sentimenti rivolti a qualcuno ha le sue radici nell\u2019interazione tra:<\/span><\/p>\n<ul>\n<li style=\"font-weight: 400;\" aria-level=\"1\"><span style=\"font-weight: 400;\">fattori di <strong>predisposizione biologica<\/strong><\/span><\/li>\n<li style=\"font-weight: 400;\" aria-level=\"1\"><span style=\"font-weight: 400;\"><strong>qualit\u00e0 e tipologia degli scambi relazionali precoci<\/strong> con le principali figure di accudimento<\/span><\/li>\n<li style=\"font-weight: 400;\" aria-level=\"1\"><span style=\"font-weight: 400;\"><strong>esperienze relazionali significative<\/strong> successive.<\/span><\/li>\n<\/ul>\n<p><span style=\"font-weight: 400;\">Chi si prende cura di noi ci garantisce protezione, cibo, calore, contatto fisico, scambi emotivi. Garantisce la nostra sopravvivenza quando non possiamo farlo da soli e, in genere, ci aiuta a dare un significato agli stati che il nostro organismo sperimenta. Riconosce sufficientemente bene quando abbiamo fame, sete, sonno. Sa quando siamo spaventati o proviamo dolore, e attraverso le sue espressioni corporee e i suoi comportamenti ci d\u00e0 indicazioni su cosa ci sta capitando.\u00a0<\/span><\/p>\n<p><span style=\"font-weight: 400;\">Nel prendersi cura di noi, l<strong>a figura di accudimento ci comunica il suo interesse per i nostri bisogni e la possibilit\u00e0 di capire di quali si tratta<\/strong>.<\/span><\/p>\n<p><span style=\"font-weight: 400;\"><strong>Un bambino che mediamente vede riconosciuti i propri bisogni e trova una risposta che li soddisfi, inizier\u00e0 a sviluppare una rappresentazione di s\u00e9 come di una persona degna di amore e interesse<\/strong> da parte di un mondo, separato da lui, che \u00e8 capace di capirlo e fornire ci\u00f2 di cui necessita.<\/span><\/p>\n<p><span style=\"font-weight: 400;\">In un mondo con queste caratteristiche si sentir\u00e0 sufficientemente al sicuro nell\u2019esprimere i propri stati interni. Se penso che i miei sentimenti hanno un valore e che agli altri interessano, comunicarli diventa il modo migliore per stabilire legami significativi con le persone.<\/span><\/p>\n<h3>Nuove esperienze e nuove versioni della realt\u00e0<\/h3>\n<p><span style=\"font-weight: 400;\">Questo punto di vista sul mondo, e le capacit\u00e0 su cui poggia, possono evolvere e cambiare nel corso della vita di una persona. Due fattori sono particolarmente importanti perch\u00e9 questo avvenga:<\/span><\/p>\n<ul>\n<li style=\"font-weight: 400;\" aria-level=\"1\"><span style=\"font-weight: 400;\">la <strong>ripetizione di nuove esperienze<\/strong> che possano fornire informazioni differenti da quelle che si sono apprese in periodi precedenti<\/span><\/li>\n<li style=\"font-weight: 400;\" aria-level=\"1\"><span style=\"font-weight: 400;\">la <strong>disponibilit\u00e0 della persona a considerare possibili altre versioni della realt\u00e0<\/strong>, quella che tecnicamente viene definita flessibilit\u00e0 cognitivo-emotiva.<\/span><\/li>\n<\/ul>\n<h2><b>Quando una persona diventa anaffettiva?<\/b><\/h2>\n<p><span style=\"font-weight: 400;\">Immaginiamo ora la storia di qualcuno che fin da piccolo si relaziona con persone che hanno una capacit\u00e0 ridotta di accorgersi, riconoscere, prestare attenzione a ci\u00f2 che gli succede. Anche quando intervengono, <strong>i suoi <\/strong><\/span><strong><i>caregiver<\/i><\/strong><span style=\"font-weight: 400;\"><strong> si comportano in modo poco congruo con i suoi bisogni o tendono a pensare principalmente ai propri<\/strong>. Un esempio di un\u2019interazione di questo tipo \u00e8: <strong>hai fame ma cerco di metterti a letto, cerchi calore fisico ma ti do distrattamente da mangiare<\/strong>. Questi fraintendimenti non avvengono con intenzione malevola: <strong>probabilmente anche i <\/strong><\/span><strong><i>caregiver,<\/i><\/strong><span style=\"font-weight: 400;\"><strong> a loro volta, hanno potuto allenare poco queste capacit\u00e0 nel corso della loro vita<\/strong>.<\/span><\/p>\n<p><span style=\"font-weight: 400;\">Immaginiamo che quel bambino sistematicamente riceva questi tipi di risposte dall\u2019ambiente. E che magari abbia ereditato una predisposizione biologica a cercare poco il contatto con gli altri (ad esempio a causa di un tratto temperamentale che predisponga a essere poco esplorativi).<\/span><\/p>\n<p><span style=\"font-weight: 400;\"><strong>\u00c8 facile intuire la possibilit\u00e0 che questa persona, nel tempo, faccia fatica a capire quali stati interni sta vivendo<\/strong>, quali <\/span><a href=\"https:\/\/www.santagostino.it\/magazine-psiche\/2021\/02\/23\/a-che-cosa-servono-le-emozioni\/\"><b>emozioni<\/b><\/a><span style=\"font-weight: 400;\"> sta provando. Inoltre, \u00e8 probabile che si aspetti dagli altri poco interesse e scarsa comprensione nei suoi confronti. Se queste sono le sue aspettative, per quale motivo dovrebbe sforzarsi di capire cosa sta sentendo e comunicarlo all\u2019esterno? Rischierebbe solo di vivere nuovamente uno stato frustrante o doloroso.\u00a0<\/span><\/p>\n<p><span style=\"font-weight: 400;\"><strong>\u00c8 facile che si instauri una sorta di circolo vizioso<\/strong>, in cui meno mi espongo e pi\u00f9 confermo le mie buone ragioni a non farlo.<\/span><\/p>\n<h2>Come si comporta la persona anaffettiva?<\/h2>\n<p>Nel suo relazionarsi con l\u2019ambiente esterno, e le persone che lo abitano, l\u2019anaffettivo pu\u00f2 dare <strong>l\u2019impressione di essere indifferente, freddo se non un vero e proprio cinico<\/strong>.<\/p>\n<p>Ci sono in ogni caso diversi comportamenti e atteggiamenti che concorrono a definire affettiva una persona. Queste persone tendono ad avere <strong>particolare attenzione, anche esagerata, nei confronti di s\u00e9 stesse<\/strong>, e non accolgono di buon grado le critiche.<\/p>\n<p>Il distacco affettivo viene compensato con <strong>l\u2019eccessiva dedizione al lavoro<\/strong>, che in ogni caso non riesce a colmare il <strong>senso di vuoto interiore che viene percepito<\/strong>. E il senso di vuoto non viene mitigato dalle relazioni, di cui l\u2019anaffettivo \u00e8 incapace di godere. Un\u2019altra spia, per cos\u00ec dire, di affettivit\u00e0 risiede nel <strong>rifiuto delle esperienze passate contraddistinte dal dolore<\/strong> o, anche, <strong>il totale rifiuto della propria infanzia<\/strong>.<\/p>\n<h3>Cosa prova l&#8217;anaffettivo?<\/h3>\n<p>Rispetto alla definizione data a questo stile relazione, posso specificare come <strong>l\u2019anaffettivo tende a non provare emozioni<\/strong> e sicuramente, quando le prova, non \u00e8 desideroso n\u00e9 di esprimerle n\u00e9 di condividerle.<\/p>\n<p>In questo senso, <strong>l\u2019anaffettivit\u00e0 va distinta dall\u2019<\/strong><a href=\"https:\/\/www.santagostino.it\/magazine-psiche\/alessitimia\/\"><strong>alessitimia<\/strong><\/a>. In questa seconda condizione, infatti, la persona prova delle emozioni, ma allo stesso tempo esperisce l\u2019impossibilit\u00e0 di tirarle fuori, per cos\u00ec dire. L\u2019anaffettivo, \u00e8 bene ripetere, tende a non avere affatto emozioni. Semplicemente le ha scalzate via.<\/p>\n<h3>Anaffettivit\u00e0 e disturbi sessuali<\/h3>\n<p>L\u2019affettivit\u00e0 pu\u00f2 incidere sulla sfera sessuale, dal momento che pu\u00f2 determinare disfunzioni di diverso tipo. <strong>Riduzione o <\/strong><a href=\"https:\/\/www.santagostino.it\/magazine-psiche\/asessualita\/\"><strong>mancanza di desiderio<\/strong><\/a>, ad esempio.<\/p>\n<p>Per una persona anaffettiva pu\u00f2 essere inoltre <strong>particolarmente complesso, se non impossibile, eccitarsi o <\/strong><a href=\"https:\/\/www.santagostino.it\/magazine-psiche\/anorgasmia\/\"><strong>raggiungere l\u2019orgasmo<\/strong><\/a>. E quando \u00e8 in intimit\u00e0 con il proprio partner, o la propria partner, fatica ad avere un legame di tipo emotivo.<\/p>\n<h2>Come interagire con un anaffettivo?<\/h2>\n<p>L\u2019interazione con una persona anaffettivo, sia in ambito di amicizia che in una relazione d\u2019amore, pu\u00f2 essere <strong>una condizione particolarmente sfidante<\/strong>.<\/p>\n<p>Dal momento che le persone anaffettive hanno difficolt\u00e0 ad esercitare ascolto e a comprendere appieno le emozioni degli altri, risulta inevitabile <strong>comunicare in modo chiaro e non ambiguo<\/strong> qualsiasi proprio vissuto interiore, opinione o una semplice proposta di svolgere attivit\u00e0 insieme.<\/p>\n<p>In una relazione d\u2019amore, <strong>il partner o la partner di una persona anaffettiva ha particolare bisogno di esprimere le proprie emozioni e i propri bisogni in modo diretto e rispettoso di s\u00e9<\/strong>, tenendo sempre a mente l\u2019eventualit\u00e0 che la persona anaffettiva potrebbe avere difficolt\u00e0 a rispondere in modo empatico.<\/p>\n<p><strong>Anche nei rapporti di amicizia risulta utile stabilire confini chiari e comunicare apertamente le aspettative<\/strong>, mettendo comunque al primo posto i propri bisogni, e i propri desideri, sapendo che una persona anaffettiva potr\u00e0 non rispondere alle richieste, bench\u00e9 espresse in modo diretto e assertivo.<\/p>\n<p><a class=\"content-cta\" href=\"https:\/\/www.santagostino.it\/it\/psiche\/?utm_source=Psiche&amp;utm_medium=direct&amp;utm_campaign=CTA_Psiche_focus_keyword\"> <img decoding=\"async\" class=\"visible-md\" src=\"\/wp-content\/uploads\/2024\/06\/Rev_04_SanAgostino_banner_desktop_low.gif\" \/><img decoding=\"async\" class=\"hidden-md\" src=\"\/wp-content\/uploads\/2024\/06\/Rev_04_SanAgostino_banner_mobile_low.gif\" \/><\/a><\/p>\n<h2><b>Quando l\u2019anaffettivit\u00e0 diventa un problema e come si pu\u00f2 affrontare<\/b><\/h2>\n<p><span style=\"font-weight: 400;\">In genere uno stile anaffettivo diventa un problema quando assume le caratteristiche di un <\/span><b>ostacolo all\u2019appagamento di bisogni relazionali<\/b><span style=\"font-weight: 400;\"> cui la persona d\u00e0 valore e importanza. Talvolta \u00e8 la persona anaffettiva stessa che ne coglie i limiti,<\/span><b> talvolta \u00e8 il partner che esplicita la presenza di qualcosa che non va<\/b><span style=\"font-weight: 400;\"> e che pu\u00f2 minare la tenuta del legame.<\/span><\/p>\n<p><span style=\"font-weight: 400;\">La psicoterapia pu\u00f2 aiutare una persona a scoprire e dare valore al suo mondo interno, rendendolo pi\u00f9 facilmente comunicabile. Ci\u00f2 \u00e8 particolarmente vero per le terapie pi\u00f9 orientate all\u2019attenzione sulla metacognizione, la mentalizzazione e le dinamiche relazionali (approcci psicodinamici relazionali, cognitivo costruttivisti o metacognitivo-interpersonali).<\/span><\/p>\n<p><span style=\"font-weight: 400;\">L\u2019obiettivo di un lavoro psicoterapeutico di questo tipo non \u00e8 mai uno stravolgimento del modo di funzionare di una persona. Si tratta, piuttosto, di un delicato e progressivo accompagnamento a esplorare scenari alternativi che non si sono potuti esplorare in altri modi.\u00a0<\/span><\/p>\n<p><b>Il livello di anaffettivit\u00e0 di una persona non \u00e8 immutabile<\/b><span style=\"font-weight: 400;\">, e con la <a href=\"https:\/\/www.santagostino.it\/magazine-psiche\/psicoterapia\/\"><strong>psicoterapia<\/strong><\/a> si cerca di avvicinarsi al minimo cambiamento necessario perch\u00e9 quella caratteristica non costituisca pi\u00f9, per quella persona, un problema.<\/span><\/p>\n<p><span style=\"font-weight: 400;\">Per concludere, credo sia utile ricordare che quella modalit\u00e0 anaffettiva ha richiesto molti anni per costruirsi. <strong>Chi sceglie di iniziare un percorso di psicoterapia per lavorarci deve mettere in conto una tempistica che difficilmente pu\u00f2 ridursi a pochi mesi<\/strong>. La psicoterapia \u00e8 un lavoro che richiede fatica e impegno. Tuttavia, \u00e8 un tipo di lavoro che apre la possibilit\u00e0 di guardare se stessi, il mondo e gli altri con occhi diversi.<\/span><\/p>\n","protected":false},"excerpt":{"rendered":"<p>Che caratteristiche ha una persona anaffettiva, quando diventa un problema e cosa si pu\u00f2 fare.<\/p>\n","protected":false},"author":7,"featured_media":13639,"comment_status":"closed","ping_status":"closed","sticky":false,"template":"","format":"standard","meta":{"footnotes":""},"categories":[279],"tags":[],"temi":[1106,1107],"typology":[3],"class_list":["post-13637","post","type-post","status-publish","format-standard","has-post-thumbnail","hentry","category-adulti","temi-emozioni","temi-relazioni","typology-text"],"yoast_head":"<!-- This site is optimized with the Yoast SEO Premium plugin v25.3.1 (Yoast SEO v25.3.1) - https:\/\/yoast.com\/wordpress\/plugins\/seo\/ -->\n<title>Anaffettivit\u00e0: cosa significa e come vivono le persone anaffettive?<\/title>\n<meta name=\"description\" content=\"L&#039;anaffettivit\u00e0 \u00e8 la difficolt\u00e0 a esprimere sentimenti verso gli altri. Scopriamo le sue origini e come vivono le persone anaffettive.\" \/>\n<meta name=\"robots\" content=\"index, follow, max-snippet:-1, max-image-preview:large, max-video-preview:-1\" \/>\n<link rel=\"canonical\" href=\"https:\/\/psiche.santagostino.it\/anaffettivita\/\" \/>\n<meta name=\"twitter:label1\" content=\"Scritto da\" \/>\n\t<meta name=\"twitter:data1\" content=\"Riccardo Germani\" \/>\n\t<meta name=\"twitter:label2\" content=\"Tempo di lettura stimato\" \/>\n\t<meta name=\"twitter:data2\" content=\"10 minuti\" \/>\n<script type=\"application\/ld+json\" class=\"yoast-schema-graph\">{\"@context\":\"https:\/\/schema.org\",\"@graph\":[{\"@type\":\"Article\",\"@id\":\"https:\/\/psiche.santagostino.it\/anaffettivita\/#article\",\"isPartOf\":{\"@id\":\"https:\/\/psiche.santagostino.it\/anaffettivita\/\"},\"author\":{\"name\":\"Riccardo Germani\",\"@id\":\"https:\/\/psiche.santagostino.it\/#\/schema\/person\/11d0e21d4a44a741e53f1208e0ae3d15\"},\"headline\":\"Anaffettivit\u00e0, cos&#8217;\u00e8 e come condiziona le relazioni\",\"datePublished\":\"2024-05-28T10:46:22+00:00\",\"dateModified\":\"2024-06-26T15:04:19+00:00\",\"mainEntityOfPage\":{\"@id\":\"https:\/\/psiche.santagostino.it\/anaffettivita\/\"},\"wordCount\":1533,\"publisher\":{\"@id\":\"https:\/\/psiche.santagostino.it\/#organization\"},\"image\":{\"@id\":\"https:\/\/psiche.santagostino.it\/anaffettivita\/#primaryimage\"},\"thumbnailUrl\":\"https:\/\/www.santagostino.it\/magazine-psiche\/wp-content\/uploads\/2021\/09\/Anaffettivit\u00e0-Copertina.png\",\"articleSection\":[\"Adulti\"],\"inLanguage\":\"it-IT\"},{\"@type\":\"WebPage\",\"@id\":\"https:\/\/psiche.santagostino.it\/anaffettivita\/\",\"url\":\"https:\/\/psiche.santagostino.it\/anaffettivita\/\",\"name\":\"Anaffettivit\u00e0: cosa significa e come vivono le persone anaffettive?\",\"isPartOf\":{\"@id\":\"https:\/\/psiche.santagostino.it\/#website\"},\"primaryImageOfPage\":{\"@id\":\"https:\/\/psiche.santagostino.it\/anaffettivita\/#primaryimage\"},\"image\":{\"@id\":\"https:\/\/psiche.santagostino.it\/anaffettivita\/#primaryimage\"},\"thumbnailUrl\":\"https:\/\/www.santagostino.it\/magazine-psiche\/wp-content\/uploads\/2021\/09\/Anaffettivit\u00e0-Copertina.png\",\"datePublished\":\"2024-05-28T10:46:22+00:00\",\"dateModified\":\"2024-06-26T15:04:19+00:00\",\"description\":\"L'anaffettivit\u00e0 \u00e8 la difficolt\u00e0 a esprimere sentimenti verso gli altri. Scopriamo le sue origini e come vivono le persone anaffettive.\",\"breadcrumb\":{\"@id\":\"https:\/\/psiche.santagostino.it\/anaffettivita\/#breadcrumb\"},\"inLanguage\":\"it-IT\",\"potentialAction\":[{\"@type\":\"ReadAction\",\"target\":[\"https:\/\/psiche.santagostino.it\/anaffettivita\/\"]}]},{\"@type\":\"ImageObject\",\"inLanguage\":\"it-IT\",\"@id\":\"https:\/\/psiche.santagostino.it\/anaffettivita\/#primaryimage\",\"url\":\"https:\/\/www.santagostino.it\/magazine-psiche\/wp-content\/uploads\/2021\/09\/Anaffettivit\u00e0-Copertina.png\",\"contentUrl\":\"https:\/\/www.santagostino.it\/magazine-psiche\/wp-content\/uploads\/2021\/09\/Anaffettivit\u00e0-Copertina.png\",\"width\":600,\"height\":300,\"caption\":\"L'anaffettivit\u00e0: come condiziona la vita delle persone\"},{\"@type\":\"BreadcrumbList\",\"@id\":\"https:\/\/psiche.santagostino.it\/anaffettivita\/#breadcrumb\",\"itemListElement\":[{\"@type\":\"ListItem\",\"position\":1,\"name\":\"Home\",\"item\":\"https:\/\/psiche.santagostino.it\/\"},{\"@type\":\"ListItem\",\"position\":2,\"name\":\"Anaffettivit\u00e0, cos&#8217;\u00e8 e come condiziona le relazioni\"}]},{\"@type\":\"WebSite\",\"@id\":\"https:\/\/psiche.santagostino.it\/#website\",\"url\":\"https:\/\/psiche.santagostino.it\/\",\"name\":\"https:\/\/www.santagostino.it\/magazine-psiche\",\"description\":\"La finestra sulla mente\",\"publisher\":{\"@id\":\"https:\/\/psiche.santagostino.it\/#organization\"},\"alternateName\":\"Psiche Santagostino\",\"potentialAction\":[{\"@type\":\"SearchAction\",\"target\":{\"@type\":\"EntryPoint\",\"urlTemplate\":\"https:\/\/psiche.santagostino.it\/?s={search_term_string}\"},\"query-input\":{\"@type\":\"PropertyValueSpecification\",\"valueRequired\":true,\"valueName\":\"search_term_string\"}}],\"inLanguage\":\"it-IT\"},{\"@type\":\"Organization\",\"@id\":\"https:\/\/psiche.santagostino.it\/#organization\",\"name\":\"https:\/\/www.santagostino.it\/magazine-psiche\",\"url\":\"https:\/\/psiche.santagostino.it\/\",\"logo\":{\"@type\":\"ImageObject\",\"inLanguage\":\"it-IT\",\"@id\":\"https:\/\/psiche.santagostino.it\/#\/schema\/logo\/image\/\",\"url\":\"https:\/\/www.santagostino.it\/magazine-psiche\/wp-content\/uploads\/2023\/07\/Santagostino-psiche-logo.png\",\"contentUrl\":\"https:\/\/www.santagostino.it\/magazine-psiche\/wp-content\/uploads\/2023\/07\/Santagostino-psiche-logo.png\",\"width\":430,\"height\":71,\"caption\":\"https:\/\/www.santagostino.it\/magazine-psiche\"},\"image\":{\"@id\":\"https:\/\/psiche.santagostino.it\/#\/schema\/logo\/image\/\"},\"sameAs\":[\"https:\/\/www.facebook.com\/santagostinopsiche\/\"]},{\"@type\":\"Person\",\"@id\":\"https:\/\/psiche.santagostino.it\/#\/schema\/person\/11d0e21d4a44a741e53f1208e0ae3d15\",\"name\":\"Riccardo Germani\",\"image\":{\"@type\":\"ImageObject\",\"inLanguage\":\"it-IT\",\"@id\":\"https:\/\/psiche.santagostino.it\/#\/schema\/person\/image\/\",\"url\":\"https:\/\/secure.gravatar.com\/avatar\/4c781152ccb660bc20684d6183ab2af5?s=96&d=mm&r=g\",\"contentUrl\":\"https:\/\/secure.gravatar.com\/avatar\/4c781152ccb660bc20684d6183ab2af5?s=96&d=mm&r=g\",\"caption\":\"Riccardo Germani\"},\"url\":\"https:\/\/www.santagostino.it\/magazine-psiche\/author\/riccardogermani\/\"}]}<\/script>\n<!-- \/ Yoast SEO Premium plugin. -->","yoast_head_json":{"title":"Anaffettivit\u00e0: cosa significa e come vivono le persone anaffettive?","description":"L'anaffettivit\u00e0 \u00e8 la difficolt\u00e0 a esprimere sentimenti verso gli altri. Scopriamo le sue origini e come vivono le persone anaffettive.","robots":{"index":"index","follow":"follow","max-snippet":"max-snippet:-1","max-image-preview":"max-image-preview:large","max-video-preview":"max-video-preview:-1"},"canonical":"https:\/\/psiche.santagostino.it\/anaffettivita\/","twitter_misc":{"Scritto da":"Riccardo Germani","Tempo di lettura stimato":"10 minuti"},"schema":{"@context":"https:\/\/schema.org","@graph":[{"@type":"Article","@id":"https:\/\/psiche.santagostino.it\/anaffettivita\/#article","isPartOf":{"@id":"https:\/\/psiche.santagostino.it\/anaffettivita\/"},"author":{"name":"Riccardo Germani","@id":"https:\/\/psiche.santagostino.it\/#\/schema\/person\/11d0e21d4a44a741e53f1208e0ae3d15"},"headline":"Anaffettivit\u00e0, cos&#8217;\u00e8 e come condiziona le relazioni","datePublished":"2024-05-28T10:46:22+00:00","dateModified":"2024-06-26T15:04:19+00:00","mainEntityOfPage":{"@id":"https:\/\/psiche.santagostino.it\/anaffettivita\/"},"wordCount":1533,"publisher":{"@id":"https:\/\/psiche.santagostino.it\/#organization"},"image":{"@id":"https:\/\/psiche.santagostino.it\/anaffettivita\/#primaryimage"},"thumbnailUrl":"https:\/\/www.santagostino.it\/magazine-psiche\/wp-content\/uploads\/2021\/09\/Anaffettivit\u00e0-Copertina.png","articleSection":["Adulti"],"inLanguage":"it-IT"},{"@type":"WebPage","@id":"https:\/\/psiche.santagostino.it\/anaffettivita\/","url":"https:\/\/psiche.santagostino.it\/anaffettivita\/","name":"Anaffettivit\u00e0: cosa significa e come vivono le persone anaffettive?","isPartOf":{"@id":"https:\/\/psiche.santagostino.it\/#website"},"primaryImageOfPage":{"@id":"https:\/\/psiche.santagostino.it\/anaffettivita\/#primaryimage"},"image":{"@id":"https:\/\/psiche.santagostino.it\/anaffettivita\/#primaryimage"},"thumbnailUrl":"https:\/\/www.santagostino.it\/magazine-psiche\/wp-content\/uploads\/2021\/09\/Anaffettivit\u00e0-Copertina.png","datePublished":"2024-05-28T10:46:22+00:00","dateModified":"2024-06-26T15:04:19+00:00","description":"L'anaffettivit\u00e0 \u00e8 la difficolt\u00e0 a esprimere sentimenti verso gli altri. Scopriamo le sue origini e come vivono le persone anaffettive.","breadcrumb":{"@id":"https:\/\/psiche.santagostino.it\/anaffettivita\/#breadcrumb"},"inLanguage":"it-IT","potentialAction":[{"@type":"ReadAction","target":["https:\/\/psiche.santagostino.it\/anaffettivita\/"]}]},{"@type":"ImageObject","inLanguage":"it-IT","@id":"https:\/\/psiche.santagostino.it\/anaffettivita\/#primaryimage","url":"https:\/\/www.santagostino.it\/magazine-psiche\/wp-content\/uploads\/2021\/09\/Anaffettivit\u00e0-Copertina.png","contentUrl":"https:\/\/www.santagostino.it\/magazine-psiche\/wp-content\/uploads\/2021\/09\/Anaffettivit\u00e0-Copertina.png","width":600,"height":300,"caption":"L'anaffettivit\u00e0: come condiziona la vita delle persone"},{"@type":"BreadcrumbList","@id":"https:\/\/psiche.santagostino.it\/anaffettivita\/#breadcrumb","itemListElement":[{"@type":"ListItem","position":1,"name":"Home","item":"https:\/\/psiche.santagostino.it\/"},{"@type":"ListItem","position":2,"name":"Anaffettivit\u00e0, cos&#8217;\u00e8 e come condiziona le relazioni"}]},{"@type":"WebSite","@id":"https:\/\/psiche.santagostino.it\/#website","url":"https:\/\/psiche.santagostino.it\/","name":"https:\/\/www.santagostino.it\/magazine-psiche","description":"La finestra sulla mente","publisher":{"@id":"https:\/\/psiche.santagostino.it\/#organization"},"alternateName":"Psiche Santagostino","potentialAction":[{"@type":"SearchAction","target":{"@type":"EntryPoint","urlTemplate":"https:\/\/psiche.santagostino.it\/?s={search_term_string}"},"query-input":{"@type":"PropertyValueSpecification","valueRequired":true,"valueName":"search_term_string"}}],"inLanguage":"it-IT"},{"@type":"Organization","@id":"https:\/\/psiche.santagostino.it\/#organization","name":"https:\/\/www.santagostino.it\/magazine-psiche","url":"https:\/\/psiche.santagostino.it\/","logo":{"@type":"ImageObject","inLanguage":"it-IT","@id":"https:\/\/psiche.santagostino.it\/#\/schema\/logo\/image\/","url":"https:\/\/www.santagostino.it\/magazine-psiche\/wp-content\/uploads\/2023\/07\/Santagostino-psiche-logo.png","contentUrl":"https:\/\/www.santagostino.it\/magazine-psiche\/wp-content\/uploads\/2023\/07\/Santagostino-psiche-logo.png","width":430,"height":71,"caption":"https:\/\/www.santagostino.it\/magazine-psiche"},"image":{"@id":"https:\/\/psiche.santagostino.it\/#\/schema\/logo\/image\/"},"sameAs":["https:\/\/www.facebook.com\/santagostinopsiche\/"]},{"@type":"Person","@id":"https:\/\/psiche.santagostino.it\/#\/schema\/person\/11d0e21d4a44a741e53f1208e0ae3d15","name":"Riccardo Germani","image":{"@type":"ImageObject","inLanguage":"it-IT","@id":"https:\/\/psiche.santagostino.it\/#\/schema\/person\/image\/","url":"https:\/\/secure.gravatar.com\/avatar\/4c781152ccb660bc20684d6183ab2af5?s=96&d=mm&r=g","contentUrl":"https:\/\/secure.gravatar.com\/avatar\/4c781152ccb660bc20684d6183ab2af5?s=96&d=mm&r=g","caption":"Riccardo Germani"},"url":"https:\/\/www.santagostino.it\/magazine-psiche\/author\/riccardogermani\/"}]}},"_links":{"self":[{"href":"https:\/\/www.santagostino.it\/magazine-psiche\/wp-json\/wp\/v2\/posts\/13637","targetHints":{"allow":["GET"]}}],"collection":[{"href":"https:\/\/www.santagostino.it\/magazine-psiche\/wp-json\/wp\/v2\/posts"}],"about":[{"href":"https:\/\/www.santagostino.it\/magazine-psiche\/wp-json\/wp\/v2\/types\/post"}],"author":[{"embeddable":true,"href":"https:\/\/www.santagostino.it\/magazine-psiche\/wp-json\/wp\/v2\/users\/7"}],"replies":[{"embeddable":true,"href":"https:\/\/www.santagostino.it\/magazine-psiche\/wp-json\/wp\/v2\/comments?post=13637"}],"version-history":[{"count":10,"href":"https:\/\/www.santagostino.it\/magazine-psiche\/wp-json\/wp\/v2\/posts\/13637\/revisions"}],"predecessor-version":[{"id":24304,"href":"https:\/\/www.santagostino.it\/magazine-psiche\/wp-json\/wp\/v2\/posts\/13637\/revisions\/24304"}],"wp:featuredmedia":[{"embeddable":true,"href":"https:\/\/www.santagostino.it\/magazine-psiche\/wp-json\/wp\/v2\/media\/13639"}],"wp:attachment":[{"href":"https:\/\/www.santagostino.it\/magazine-psiche\/wp-json\/wp\/v2\/media?parent=13637"}],"wp:term":[{"taxonomy":"category","embeddable":true,"href":"https:\/\/www.santagostino.it\/magazine-psiche\/wp-json\/wp\/v2\/categories?post=13637"},{"taxonomy":"post_tag","embeddable":true,"href":"https:\/\/www.santagostino.it\/magazine-psiche\/wp-json\/wp\/v2\/tags?post=13637"},{"taxonomy":"temi","embeddable":true,"href":"https:\/\/www.santagostino.it\/magazine-psiche\/wp-json\/wp\/v2\/temi?post=13637"},{"taxonomy":"typology","embeddable":true,"href":"https:\/\/www.santagostino.it\/magazine-psiche\/wp-json\/wp\/v2\/typology?post=13637"}],"curies":[{"name":"wp","href":"https:\/\/api.w.org\/{rel}","templated":true}]}}