{"id":11266,"date":"2020-11-12T15:06:37","date_gmt":"2020-11-12T15:06:37","guid":{"rendered":"https:\/\/www.santagostino.it\/magazine-psiche\/?p=11266"},"modified":"2025-10-23T13:00:29","modified_gmt":"2025-10-23T13:00:29","slug":"body-shaming-e-fat-talk","status":"publish","type":"post","link":"https:\/\/www.santagostino.it\/magazine-psiche\/body-shaming-e-fat-talk\/","title":{"rendered":"Gli effetti di Body Shaming e Fat Talk in adolescenza"},"content":{"rendered":"<p><span style=\"font-weight: 400;\">Body Shaming e Fat Talk sono atti di bullismo che prendono di mira il corpo. Le vittime di questi atti denigratori sviluppano un senso di inadeguatezza che mina seriamente l\u2019autostima e predispone a <a href=\"https:\/\/www.santagostino.it\/magazine-psiche\/2020\/08\/03\/disturbi-alimentari-dca\/\">disturbi alimentari<\/a>. Standard eccessivi proposti dai social e dai mass media peggiorano ulteriormente il quadro. Ecco come comportarsi.<\/span><\/p>\n<p><a class=\"content-cta\" href=\"https:\/\/www.santagostino.it\/it\/psico\/percorso-psicoterapia-adolescenti?utm_source=Psiche&amp;utm_medium=direct&amp;utm_campaign=CTA_Psiche_body_shaming_e_fat_talk\">Prenota una seduta<\/a><\/p>\n<p><span style=\"font-weight: 400;\">\u201c<\/span><i><span style=\"font-weight: 400;\">Non riesco pi\u00f9 ad andare su Instagram, sto malissimo perch\u00e9 mi sento tagliata fuori dal mondo. Se apro la posta e guardo i commenti sotto le mie foto leggo solo parole che equivalgono a coltellate, mi sento ferita<\/span><\/i><span style=\"font-weight: 400;\">\u201d.<\/span><\/p>\n<p><span style=\"font-weight: 400;\">Ogni cultura adotta e persegue determinati canoni di\u00a0<\/span>bellezza<span style=\"font-weight: 400;\">. <\/span><span style=\"font-weight: 400;\">In Occidente, ad esempio, soprattutto a seguito delle mode dettate dagli \u201cinfluencers\u201d, si sta sviluppando una vera <\/span><b>corsa alla perfezione<\/b><span style=\"font-weight: 400;\">, dimenticando che i modelli a cui si aspira sono spesso frutto di uno <\/span><b>stereotipo<\/b> <strong>irrealistico<\/strong><span style=\"font-weight: 400;\">.<\/span><\/p>\n<p><span style=\"font-weight: 400;\">I modelli proposti dalle\u00a0<\/span><b>pubblicit\u00e0<\/b><span style=\"font-weight: 400;\"> e dai social media con cui ci confrontiamo sollecitano il tentativo da parte della maggioranza di adeguarsi agli standard presentati, mettendo in mostra un\u2019immagine di s\u00e9 che risulti quanto pi\u00f9 possibile appetibile. L\u2019altra faccia della medaglia per\u00f2 \u00e8 la vergogna per le proprie imperfezioni e l\u2019essere bersagliati da commenti negativi nel caso in cui non si corrisponda a standard \u201ccanonici\u201d.<\/span><\/p>\n<p><span style=\"font-weight: 400;\">Per questo motivo negli ultimi anni si \u00e8 sentito parlare sempre pi\u00f9 spesso di <\/span><b>body shaming<\/b><span style=\"font-weight: 400;\">, di cui numerose persone, soprattutto adolescenti, cadono vittima.<\/span><\/p>\n<h2><b>Cos\u2019\u00e8 il body shaming<\/b><\/h2>\n<p><span style=\"font-weight: 400;\">Il body shaming \u00e8 a tutti gli effetti una forma di <\/span><b>bullismo<\/b><span style=\"font-weight: 400;\">\u00a0in cui l\u2019individuo viene giudicato e preso di mira (spesso attraverso il web) per la propria forma fisica.<\/span><\/p>\n<p><span style=\"font-weight: 400;\">Le parti del corpo pi\u00f9 bersagliate sono gambe, pancia, fondoschiena e fianchi. Oltre all\u2019avere qualche chilo di troppo (<\/span><b><i>fat shaming<\/i><\/b><span style=\"font-weight: 400;\">), anche l\u2019eccessiva magrezza pu\u00f2 dare adito a giudizi denigratori (<\/span><b><i>thin shaming<\/i><\/b><span style=\"font-weight: 400;\">).<\/span><\/p>\n<p><span style=\"font-weight: 400;\">Le statistiche indicano che il 94 per cento delle\u00a0<\/span><b>adolescenti<\/b><span style=\"font-weight: 400;\">\u00a0\u00e8 stato vittima di body shaming e quasi il 65 per cento dei ragazzi adolescenti ha riferito di essere stato oggetto di critiche e commenti umilianti sul proprio aspetto fisico.<\/span><\/p>\n<p><span style=\"font-weight: 400;\">Il body shaming costituisce senza dubbio una tendenza inaccettabile, alimentata dalla noncuranza con cui si pu\u00f2 agire comodamente da dietro uno schermo. Le persone percepite lontane da noi, infatti, sono pi\u00f9 facili da <\/span><b>oggettificare<\/b>, <strong>offendere<\/strong> e <b>mercificare<\/b> ed \u00e8 pe<span style=\"font-weight: 400;\">r questo che spesso vengono prese di mira celebrit\u00e0 o persone che il bullo non conosce, anche il fenomeno \u00e8 particolarmente diffuso tra adolescenti che si conoscono.<\/span><\/p>\n<h2><b>Cos\u2019\u00e8 il fat talk<\/b><\/h2>\n<p><span style=\"font-weight: 400;\">L\u2019altra faccia della medaglia rispetto al body shaming \u00e8 il\u00a0<\/span><b>Fat Talk<\/b><span style=\"font-weight: 400;\">: letteralmente significa \u201cparlare del grasso\u201d ed \u00e8 un\u2019abitudine contagiosa che spinge ad autodenigrarsi davanti ad altri, condividendo sentimenti negativi sul proprio corpo.<\/span><\/p>\n<ul>\n<li style=\"font-weight: 400;\"><span style=\"font-weight: 400;\">\u201c<\/span><i><span style=\"font-weight: 400;\">Con queste gambe grosse non mi posso permettere dei pantaloncini corti<\/span><\/i><span style=\"font-weight: 400;\">, <\/span><i><span style=\"font-weight: 400;\">ho una pancia talmente gonfia che sembra una mongolfiera\u2026\u201d<\/span><\/i><\/li>\n<li style=\"font-weight: 400;\"><i><span style=\"font-weight: 400;\">\u201cAnch\u2019io sono messa cos\u00ec male che l\u2019altro giorno non mi riconoscevo pi\u00f9 allo specchio\u201d<\/span><\/i><\/li>\n<\/ul>\n<p><span style=\"font-weight: 400;\">Queste conversazioni sono spesso incentrate su critiche, problemi, difetti e aspetti negativi di s\u00e9. Il<\/span><i><span style=\"font-weight: 400;\">\u00a0trait d\u2019union<\/span><\/i><span style=\"font-weight: 400;\"> fra body shaming e fat talk \u00e8 un <strong>senso<\/strong> <\/span><b>di inadeguatezza<\/b><span style=\"font-weight: 400;\">, <\/span><b>frustrazione<\/b><span style=\"font-weight: 400;\">, <\/span><b>insicurezza<\/b><span style=\"font-weight: 400;\"> che mina l\u2019autostima e che preparano il terreno per i disturbi del comportamento alimentare: il cibo rischia di diventare una consolazione per contrastare stati d\u2019animo difficili da gestire oppure il nemico contro cui combattere. In entrambi i casi, un\u2019ossessione da cui \u00e8 importante imparare a difendersi.<\/span><\/p>\n<p><iframe loading=\"lazy\" title=\"I disturbi del comportamento alimentare - Cosa sono e come si trattano\" width=\"500\" height=\"281\" src=\"https:\/\/www.youtube.com\/embed\/7zAV2Be5r1E?feature=oembed\" frameborder=\"0\" allow=\"accelerometer; autoplay; clipboard-write; encrypted-media; gyroscope; picture-in-picture; web-share\" referrerpolicy=\"strict-origin-when-cross-origin\" allowfullscreen><\/iframe><\/p>\n<h2><b>L\u2019effetto dei social sull\u2019autostima<\/b><\/h2>\n<p><span style=\"font-weight: 400;\">Le foto o i video postati sui social, cos\u00ec come l\u2019immagine di chi appare in tv, potrebbero essere equiparati ad una \u201cvetrina in esposizione\u201d, in cui chi guarda diventa lo spettatore e il giudice delle \u201copere\u201d di una galleria d\u2019arte, sentendosi legittimato ad avanzare rimproveri qualora queste non risultino di comune gradimento.<\/span><\/p>\n<p><span style=\"font-weight: 400;\">In questo modo ci si dimentica per\u00f2 come potrebbe\u00a0<\/span>reagire<span style=\"font-weight: 400;\">\u00a0emotivamente la persona che le riceve, soprattutto se si tratta di giovani con una personalit\u00e0 ancora non del tutto strutturata.<\/span><\/p>\n<p><span style=\"font-weight: 400;\">Ci\u00f2 che molti sembrano sottovalutare riguarda l\u2019importanza dell\u2019immagine corporea come aspetto cruciale dell\u2019<\/span><a href=\"https:\/\/www.santagostino.it\/magazine-psiche\/2021\/10\/14\/autostima\/\">autostima<\/a><span style=\"font-weight: 400;\"> della persona, e lo diviene ancora di pi\u00f9 nel rapporto che si appresta a instaurare con gli altri, significativi e non.<\/span><\/p>\n<p><strong>-Leggi anche:<\/strong> <a href=\"https:\/\/www.santagostino.it\/magazine-psiche\/2019\/06\/03\/adolescente-linee-guida\/\" target=\"_blank\" rel=\"noopener noreferrer\">Adolescenti, tra il &#8220;non pi\u00f9&#8221; e il &#8220;non ancora&#8221;. Linee guida per non perdersi<\/a><\/p>\n<h2><b>Autostima e sessualit\u00e0<\/b><\/h2>\n<p><span style=\"font-weight: 400;\">Il livello di autostima di una persona influenza anche la sua sfera intima e sessuale e conduce all\u2019instaurarsi di un\u2019immagine di s\u00e9 come individuo\u00a0<\/span><b>non degno<\/b><span style=\"font-weight: 400;\">\u00a0di essere guardato, toccato, amato. Tale rappresentazione contiene distorsioni che si radicano gradualmente e che possono\u00a0<\/span><b>irrigidire<\/b><span style=\"font-weight: 400;\"> la modalit\u00e0 di approccio e di avvicinamento agli altri, creando convinzioni errate e deleterie su se stessi.<\/span><\/p>\n<p><span style=\"font-weight: 400;\">\u00c8 fondamentale dunque lo sviluppo di un\u2019attitudine a prendersi cura del proprio corpo e del proprio benessere psicologico, che rischiano di essere danneggiati dagli attacchi dei bulli.<\/span><\/p>\n<h2><b>Il body shaming \u00e8 reato<\/b><\/h2>\n<p><span style=\"font-weight: 400;\">Il body shaming costituisce un<\/span><b>\u00a0reato perseguibile penalmente<\/b><span style=\"font-weight: 400;\">\u00a0attivando una denuncia presso la polizia postale e i carabinieri. A gennaio 2020 la Camera ha infatti <\/span><a href=\"https:\/\/www.camera.it\/leg18\/410?idSeduta=0269&amp;tipo=documenti_seduta\" target=\"_blank\" rel=\"noopener noreferrer\"><span style=\"font-weight: 400;\">accettato la proposta di legge<\/span><\/a><span style=\"font-weight: 400;\"> contro body shaming e fat shaming, la quale prevede 8 articoli che rappresentano un\u2019estensione della legge sul\u00a0<\/span><b>cyberbullismo<\/b><span style=\"font-weight: 400;\">\u00a0approvata nel 2017. Di recente \u00e8 stato inoltre attivato un numero telefonico di assistenza gratuita attivo 24 ore su 24 (il 114) e resa disponibile un\u2019app anti-violenza.<\/span><\/p>\n<h2><b>Alcuni consigli<\/b><\/h2>\n<ol>\n<li style=\"font-weight: 400;\"><i><span style=\"font-weight: 400;\">Ridimensiona il valore dei social<\/span><\/i><span style=\"font-weight: 400;\"><br \/>\n<\/span><span style=\"font-weight: 400;\">La vita reale \u00e8 fatta di relazioni vere e tangibili e tu sei molto pi\u00f9 di ci\u00f2 che dice la tua bilancia. Ricorda, il peggior giudice di te stessa\/o sei tu.<\/span><\/li>\n<li style=\"font-weight: 400;\"><i><span style=\"font-weight: 400;\">Pratica sport<\/span><\/i><span style=\"font-weight: 400;\"><br \/>\n<\/span><span style=\"font-weight: 400;\">Puoi provare a riprendere confidenza con il tuo corpo scoprendolo gradualmente.<\/span><span style=\"font-weight: 400;\"><br \/>\n<\/span><span style=\"font-weight: 400;\">Ad esempio se in estate non te la senti di metterti in costume, condividi la tua preoccupazione con i tuoi familiari e sentiti libera di proporre una scelta diversa.<\/span><\/li>\n<li style=\"font-weight: 400;\"><i><span style=\"font-weight: 400;\">Considera l\u2019effetto che il tuo umore ha sulla percezione della tua immagine alla specchio<\/span><\/i><span style=\"font-weight: 400;\"><br \/>\n<\/span><span style=\"font-weight: 400;\">La percezione del tuo corpo spesso dipende dal tuo umore. Quando siamo tristi o arrabbiati ad esempio ci percepiamo pi\u00f9 brutti o pi\u00f9 grassi. Non temere di condividere le tue <\/span><a href=\"https:\/\/www.santagostino.it\/magazine-psiche\/2018\/09\/03\/a-che-cosa-servono-le-emozioni\/\" target=\"_blank\" rel=\"noopener noreferrer\"><span style=\"font-weight: 400;\">emozioni<\/span><\/a><span style=\"font-weight: 400;\"> con amici o familiari.<\/span><\/li>\n<li style=\"font-weight: 400;\"><i><span style=\"font-weight: 400;\">La tua forma fisica indica la tua salute, non il valore personale<\/span><\/i><span style=\"font-weight: 400;\"><br \/>\n<\/span><span style=\"font-weight: 400;\">Un corpo sano \u00e8 un corpo che si alimenta in modo corretto, che fa attivit\u00e0 fisica in quantit\u00e0 adeguate e che viene curato con costanza. Un apporto nutrizionale non in linea con il proprio stile di vita, inadeguato rispetto all&#8217;et\u00e0 e alla propria altezza rappresenta una minaccia per il benessere. Peso e la forma fisica comunque non dovrebbero essere collegati al senso di valore personale, ma usati come indici di salute.<\/span><\/li>\n<li style=\"font-weight: 400;\"><i><span style=\"font-weight: 400;\">Riconosci le tue difficolt\u00e0<\/span><\/i><span style=\"font-weight: 400;\"><br \/>\n<\/span><span style=\"font-weight: 400;\">Se ti senti a disagio con il tuo corpo e questo occupa molto spazio nei tuoi pensieri fino a limitare la libert\u00e0 di goderti la vita, ricordati che ci sono professionisti che possono aiutarti a ritrovare un rapporto sano ed equilibrato con il tuo corpo. Chiedere aiuto a uno psicologo \u00e8 un primo passo importante verso un maggiore benessere.<\/span><\/li>\n<\/ol>\n","protected":false},"excerpt":{"rendered":"<p>Quando il corpo diventa un bersaglio \u00e8 importante intervenire subito<\/p>\n","protected":false},"author":7,"featured_media":11267,"comment_status":"closed","ping_status":"closed","sticky":false,"template":"","format":"standard","meta":{"_se_main_payload":"","_se_review":"","_se_options":"","_se_confidence_fields":"","_se_evidence":"","_se_main_type":"","_se_template_id":"","_se_main_name":"","_se_main_code":"","_se_confidence_global":"","_se_review_enabled":"0","_gst_type":"","_gst_payload":"","_gst_conditions":"","footnotes":""},"categories":[304],"tags":[],"temi":[],"typology":[3],"class_list":["post-11266","post","type-post","status-publish","format-standard","has-post-thumbnail","hentry","category-minori","percorsi-psicoterapia-adolescenti","typology-text"],"yoast_head":"<!-- This site is optimized with the Yoast SEO Premium plugin v25.9 (Yoast SEO v25.9) - https:\/\/yoast.com\/wordpress\/plugins\/seo\/ -->\n<title>Body Shaming e Fat Talk: gli effetti sull&#039;autostima | Santagostino Psiche<\/title>\n<meta name=\"description\" content=\"Body Shaming e Fat Talk sono atti di bullismo penalmente perseguibili che possono avere effetti molto deleteri sull&#039;autostima di chi li subisce. Scopriamo quali.\" \/>\n<meta name=\"robots\" content=\"index, follow, max-snippet:-1, max-image-preview:large, max-video-preview:-1\" \/>\n<link rel=\"canonical\" href=\"https:\/\/www.santagostino.it\/magazine-psiche\/body-shaming-e-fat-talk\/\" \/>\n<meta name=\"twitter:label1\" content=\"Scritto da\" \/>\n\t<meta name=\"twitter:data1\" content=\"Riccardo Germani\" \/>\n\t<meta name=\"twitter:label2\" content=\"Tempo di lettura stimato\" \/>\n\t<meta name=\"twitter:data2\" content=\"7 minuti\" \/>\n<script type=\"application\/ld+json\" class=\"yoast-schema-graph\">{\"@context\":\"https:\/\/schema.org\",\"@graph\":[{\"@type\":\"Article\",\"@id\":\"https:\/\/www.santagostino.it\/magazine-psiche\/body-shaming-e-fat-talk\/#article\",\"isPartOf\":{\"@id\":\"https:\/\/www.santagostino.it\/magazine-psiche\/body-shaming-e-fat-talk\/\"},\"author\":{\"name\":\"Riccardo Germani\",\"@id\":\"https:\/\/psiche.santagostino.it\/#\/schema\/person\/11d0e21d4a44a741e53f1208e0ae3d15\"},\"headline\":\"Gli effetti di Body Shaming e Fat Talk in adolescenza\",\"datePublished\":\"2020-11-12T15:06:37+00:00\",\"dateModified\":\"2025-10-23T13:00:29+00:00\",\"mainEntityOfPage\":{\"@id\":\"https:\/\/www.santagostino.it\/magazine-psiche\/body-shaming-e-fat-talk\/\"},\"wordCount\":1148,\"publisher\":{\"@id\":\"https:\/\/psiche.santagostino.it\/#organization\"},\"image\":{\"@id\":\"https:\/\/www.santagostino.it\/magazine-psiche\/body-shaming-e-fat-talk\/#primaryimage\"},\"thumbnailUrl\":\"https:\/\/www.santagostino.it\/magazine-psiche\/wp-content\/uploads\/2020\/11\/Progetto-senza-titolo-6.png\",\"articleSection\":[\"Minori\"],\"inLanguage\":\"it-IT\"},{\"@type\":\"WebPage\",\"@id\":\"https:\/\/www.santagostino.it\/magazine-psiche\/body-shaming-e-fat-talk\/\",\"url\":\"https:\/\/www.santagostino.it\/magazine-psiche\/body-shaming-e-fat-talk\/\",\"name\":\"Body Shaming e Fat Talk: gli effetti sull'autostima | Santagostino Psiche\",\"isPartOf\":{\"@id\":\"https:\/\/psiche.santagostino.it\/#website\"},\"primaryImageOfPage\":{\"@id\":\"https:\/\/www.santagostino.it\/magazine-psiche\/body-shaming-e-fat-talk\/#primaryimage\"},\"image\":{\"@id\":\"https:\/\/www.santagostino.it\/magazine-psiche\/body-shaming-e-fat-talk\/#primaryimage\"},\"thumbnailUrl\":\"https:\/\/www.santagostino.it\/magazine-psiche\/wp-content\/uploads\/2020\/11\/Progetto-senza-titolo-6.png\",\"datePublished\":\"2020-11-12T15:06:37+00:00\",\"dateModified\":\"2025-10-23T13:00:29+00:00\",\"description\":\"Body Shaming e Fat Talk sono atti di bullismo penalmente perseguibili che possono avere effetti molto deleteri sull'autostima di chi li subisce. Scopriamo quali.\",\"breadcrumb\":{\"@id\":\"https:\/\/www.santagostino.it\/magazine-psiche\/body-shaming-e-fat-talk\/#breadcrumb\"},\"inLanguage\":\"it-IT\",\"potentialAction\":[{\"@type\":\"ReadAction\",\"target\":[\"https:\/\/www.santagostino.it\/magazine-psiche\/body-shaming-e-fat-talk\/\"]}]},{\"@type\":\"ImageObject\",\"inLanguage\":\"it-IT\",\"@id\":\"https:\/\/www.santagostino.it\/magazine-psiche\/body-shaming-e-fat-talk\/#primaryimage\",\"url\":\"https:\/\/www.santagostino.it\/magazine-psiche\/wp-content\/uploads\/2020\/11\/Progetto-senza-titolo-6.png\",\"contentUrl\":\"https:\/\/www.santagostino.it\/magazine-psiche\/wp-content\/uploads\/2020\/11\/Progetto-senza-titolo-6.png\",\"width\":700,\"height\":467,\"caption\":\"Body shaming e fat talk sono atti di bullismo che possono avere effetti deleteri sull'autostima\"},{\"@type\":\"BreadcrumbList\",\"@id\":\"https:\/\/www.santagostino.it\/magazine-psiche\/body-shaming-e-fat-talk\/#breadcrumb\",\"itemListElement\":[{\"@type\":\"ListItem\",\"position\":1,\"name\":\"Home\",\"item\":\"https:\/\/psiche.santagostino.it\/\"},{\"@type\":\"ListItem\",\"position\":2,\"name\":\"Gli effetti di Body Shaming e Fat Talk in adolescenza\"}]},{\"@type\":\"WebSite\",\"@id\":\"https:\/\/psiche.santagostino.it\/#website\",\"url\":\"https:\/\/psiche.santagostino.it\/\",\"name\":\"https:\/\/www.santagostino.it\/magazine-psiche\",\"description\":\"La finestra sulla mente\",\"publisher\":{\"@id\":\"https:\/\/psiche.santagostino.it\/#organization\"},\"alternateName\":\"Psiche Santagostino\",\"potentialAction\":[{\"@type\":\"SearchAction\",\"target\":{\"@type\":\"EntryPoint\",\"urlTemplate\":\"https:\/\/psiche.santagostino.it\/?s={search_term_string}\"},\"query-input\":{\"@type\":\"PropertyValueSpecification\",\"valueRequired\":true,\"valueName\":\"search_term_string\"}}],\"inLanguage\":\"it-IT\"},{\"@type\":\"Organization\",\"@id\":\"https:\/\/psiche.santagostino.it\/#organization\",\"name\":\"https:\/\/www.santagostino.it\/magazine-psiche\",\"url\":\"https:\/\/psiche.santagostino.it\/\",\"logo\":{\"@type\":\"ImageObject\",\"inLanguage\":\"it-IT\",\"@id\":\"https:\/\/psiche.santagostino.it\/#\/schema\/logo\/image\/\",\"url\":\"https:\/\/www.santagostino.it\/magazine-psiche\/wp-content\/uploads\/2023\/07\/Santagostino-psiche-logo.png\",\"contentUrl\":\"https:\/\/www.santagostino.it\/magazine-psiche\/wp-content\/uploads\/2023\/07\/Santagostino-psiche-logo.png\",\"width\":430,\"height\":71,\"caption\":\"https:\/\/www.santagostino.it\/magazine-psiche\"},\"image\":{\"@id\":\"https:\/\/psiche.santagostino.it\/#\/schema\/logo\/image\/\"},\"sameAs\":[\"https:\/\/www.facebook.com\/santagostinopsiche\/\"]},{\"@type\":\"Person\",\"@id\":\"https:\/\/psiche.santagostino.it\/#\/schema\/person\/11d0e21d4a44a741e53f1208e0ae3d15\",\"name\":\"Riccardo Germani\",\"image\":{\"@type\":\"ImageObject\",\"inLanguage\":\"it-IT\",\"@id\":\"https:\/\/psiche.santagostino.it\/#\/schema\/person\/image\/\",\"url\":\"https:\/\/secure.gravatar.com\/avatar\/4c781152ccb660bc20684d6183ab2af5?s=96&d=mm&r=g\",\"contentUrl\":\"https:\/\/secure.gravatar.com\/avatar\/4c781152ccb660bc20684d6183ab2af5?s=96&d=mm&r=g\",\"caption\":\"Riccardo Germani\"},\"url\":\"https:\/\/www.santagostino.it\/magazine-psiche\/author\/riccardogermani\/\"}]}<\/script>\n<!-- \/ Yoast SEO Premium plugin. -->","yoast_head_json":{"title":"Body Shaming e Fat Talk: gli effetti sull'autostima | Santagostino Psiche","description":"Body Shaming e Fat Talk sono atti di bullismo penalmente perseguibili che possono avere effetti molto deleteri sull'autostima di chi li subisce. Scopriamo quali.","robots":{"index":"index","follow":"follow","max-snippet":"max-snippet:-1","max-image-preview":"max-image-preview:large","max-video-preview":"max-video-preview:-1"},"canonical":"https:\/\/www.santagostino.it\/magazine-psiche\/body-shaming-e-fat-talk\/","twitter_misc":{"Scritto da":"Riccardo Germani","Tempo di lettura stimato":"7 minuti"},"schema":{"@context":"https:\/\/schema.org","@graph":[{"@type":"Article","@id":"https:\/\/www.santagostino.it\/magazine-psiche\/body-shaming-e-fat-talk\/#article","isPartOf":{"@id":"https:\/\/www.santagostino.it\/magazine-psiche\/body-shaming-e-fat-talk\/"},"author":{"name":"Riccardo Germani","@id":"https:\/\/psiche.santagostino.it\/#\/schema\/person\/11d0e21d4a44a741e53f1208e0ae3d15"},"headline":"Gli effetti di Body Shaming e Fat Talk in adolescenza","datePublished":"2020-11-12T15:06:37+00:00","dateModified":"2025-10-23T13:00:29+00:00","mainEntityOfPage":{"@id":"https:\/\/www.santagostino.it\/magazine-psiche\/body-shaming-e-fat-talk\/"},"wordCount":1148,"publisher":{"@id":"https:\/\/psiche.santagostino.it\/#organization"},"image":{"@id":"https:\/\/www.santagostino.it\/magazine-psiche\/body-shaming-e-fat-talk\/#primaryimage"},"thumbnailUrl":"https:\/\/www.santagostino.it\/magazine-psiche\/wp-content\/uploads\/2020\/11\/Progetto-senza-titolo-6.png","articleSection":["Minori"],"inLanguage":"it-IT"},{"@type":"WebPage","@id":"https:\/\/www.santagostino.it\/magazine-psiche\/body-shaming-e-fat-talk\/","url":"https:\/\/www.santagostino.it\/magazine-psiche\/body-shaming-e-fat-talk\/","name":"Body Shaming e Fat Talk: gli effetti sull'autostima | Santagostino Psiche","isPartOf":{"@id":"https:\/\/psiche.santagostino.it\/#website"},"primaryImageOfPage":{"@id":"https:\/\/www.santagostino.it\/magazine-psiche\/body-shaming-e-fat-talk\/#primaryimage"},"image":{"@id":"https:\/\/www.santagostino.it\/magazine-psiche\/body-shaming-e-fat-talk\/#primaryimage"},"thumbnailUrl":"https:\/\/www.santagostino.it\/magazine-psiche\/wp-content\/uploads\/2020\/11\/Progetto-senza-titolo-6.png","datePublished":"2020-11-12T15:06:37+00:00","dateModified":"2025-10-23T13:00:29+00:00","description":"Body Shaming e Fat Talk sono atti di bullismo penalmente perseguibili che possono avere effetti molto deleteri sull'autostima di chi li subisce. Scopriamo quali.","breadcrumb":{"@id":"https:\/\/www.santagostino.it\/magazine-psiche\/body-shaming-e-fat-talk\/#breadcrumb"},"inLanguage":"it-IT","potentialAction":[{"@type":"ReadAction","target":["https:\/\/www.santagostino.it\/magazine-psiche\/body-shaming-e-fat-talk\/"]}]},{"@type":"ImageObject","inLanguage":"it-IT","@id":"https:\/\/www.santagostino.it\/magazine-psiche\/body-shaming-e-fat-talk\/#primaryimage","url":"https:\/\/www.santagostino.it\/magazine-psiche\/wp-content\/uploads\/2020\/11\/Progetto-senza-titolo-6.png","contentUrl":"https:\/\/www.santagostino.it\/magazine-psiche\/wp-content\/uploads\/2020\/11\/Progetto-senza-titolo-6.png","width":700,"height":467,"caption":"Body shaming e fat talk sono atti di bullismo che possono avere effetti deleteri sull'autostima"},{"@type":"BreadcrumbList","@id":"https:\/\/www.santagostino.it\/magazine-psiche\/body-shaming-e-fat-talk\/#breadcrumb","itemListElement":[{"@type":"ListItem","position":1,"name":"Home","item":"https:\/\/psiche.santagostino.it\/"},{"@type":"ListItem","position":2,"name":"Gli effetti di Body Shaming e Fat Talk in adolescenza"}]},{"@type":"WebSite","@id":"https:\/\/psiche.santagostino.it\/#website","url":"https:\/\/psiche.santagostino.it\/","name":"https:\/\/www.santagostino.it\/magazine-psiche","description":"La finestra sulla mente","publisher":{"@id":"https:\/\/psiche.santagostino.it\/#organization"},"alternateName":"Psiche Santagostino","potentialAction":[{"@type":"SearchAction","target":{"@type":"EntryPoint","urlTemplate":"https:\/\/psiche.santagostino.it\/?s={search_term_string}"},"query-input":{"@type":"PropertyValueSpecification","valueRequired":true,"valueName":"search_term_string"}}],"inLanguage":"it-IT"},{"@type":"Organization","@id":"https:\/\/psiche.santagostino.it\/#organization","name":"https:\/\/www.santagostino.it\/magazine-psiche","url":"https:\/\/psiche.santagostino.it\/","logo":{"@type":"ImageObject","inLanguage":"it-IT","@id":"https:\/\/psiche.santagostino.it\/#\/schema\/logo\/image\/","url":"https:\/\/www.santagostino.it\/magazine-psiche\/wp-content\/uploads\/2023\/07\/Santagostino-psiche-logo.png","contentUrl":"https:\/\/www.santagostino.it\/magazine-psiche\/wp-content\/uploads\/2023\/07\/Santagostino-psiche-logo.png","width":430,"height":71,"caption":"https:\/\/www.santagostino.it\/magazine-psiche"},"image":{"@id":"https:\/\/psiche.santagostino.it\/#\/schema\/logo\/image\/"},"sameAs":["https:\/\/www.facebook.com\/santagostinopsiche\/"]},{"@type":"Person","@id":"https:\/\/psiche.santagostino.it\/#\/schema\/person\/11d0e21d4a44a741e53f1208e0ae3d15","name":"Riccardo Germani","image":{"@type":"ImageObject","inLanguage":"it-IT","@id":"https:\/\/psiche.santagostino.it\/#\/schema\/person\/image\/","url":"https:\/\/secure.gravatar.com\/avatar\/4c781152ccb660bc20684d6183ab2af5?s=96&d=mm&r=g","contentUrl":"https:\/\/secure.gravatar.com\/avatar\/4c781152ccb660bc20684d6183ab2af5?s=96&d=mm&r=g","caption":"Riccardo Germani"},"url":"https:\/\/www.santagostino.it\/magazine-psiche\/author\/riccardogermani\/"}]}},"_links":{"self":[{"href":"https:\/\/www.santagostino.it\/magazine-psiche\/wp-json\/wp\/v2\/posts\/11266","targetHints":{"allow":["GET"]}}],"collection":[{"href":"https:\/\/www.santagostino.it\/magazine-psiche\/wp-json\/wp\/v2\/posts"}],"about":[{"href":"https:\/\/www.santagostino.it\/magazine-psiche\/wp-json\/wp\/v2\/types\/post"}],"author":[{"embeddable":true,"href":"https:\/\/www.santagostino.it\/magazine-psiche\/wp-json\/wp\/v2\/users\/7"}],"replies":[{"embeddable":true,"href":"https:\/\/www.santagostino.it\/magazine-psiche\/wp-json\/wp\/v2\/comments?post=11266"}],"version-history":[{"count":6,"href":"https:\/\/www.santagostino.it\/magazine-psiche\/wp-json\/wp\/v2\/posts\/11266\/revisions"}],"predecessor-version":[{"id":28807,"href":"https:\/\/www.santagostino.it\/magazine-psiche\/wp-json\/wp\/v2\/posts\/11266\/revisions\/28807"}],"wp:featuredmedia":[{"embeddable":true,"href":"https:\/\/www.santagostino.it\/magazine-psiche\/wp-json\/wp\/v2\/media\/11267"}],"wp:attachment":[{"href":"https:\/\/www.santagostino.it\/magazine-psiche\/wp-json\/wp\/v2\/media?parent=11266"}],"wp:term":[{"taxonomy":"category","embeddable":true,"href":"https:\/\/www.santagostino.it\/magazine-psiche\/wp-json\/wp\/v2\/categories?post=11266"},{"taxonomy":"post_tag","embeddable":true,"href":"https:\/\/www.santagostino.it\/magazine-psiche\/wp-json\/wp\/v2\/tags?post=11266"},{"taxonomy":"temi","embeddable":true,"href":"https:\/\/www.santagostino.it\/magazine-psiche\/wp-json\/wp\/v2\/temi?post=11266"},{"taxonomy":"typology","embeddable":true,"href":"https:\/\/www.santagostino.it\/magazine-psiche\/wp-json\/wp\/v2\/typology?post=11266"}],"curies":[{"name":"wp","href":"https:\/\/api.w.org\/{rel}","templated":true}]}}